{"id":24718,"date":"2020-03-16T09:08:35","date_gmt":"2020-03-16T08:08:35","guid":{"rendered":"https:\/\/www.arte.tv\/sites\/olivierpere\/?p=24718"},"modified":"2020-04-01T09:09:54","modified_gmt":"2020-04-01T08:09:54","slug":"sogni-doro-de-nanni-moretti","status":"publish","type":"post","link":"https:\/\/www.arte.tv\/sites\/olivierpere\/2020\/03\/16\/sogni-doro-de-nanni-moretti\/","title":{"rendered":"Sogni d\u2019oro de Nanni Moretti"},"content":{"rendered":"<p><strong>R\u00e9alis\u00e9 en 1981,<em> Sogni d\u2019oro<\/em> est le deuxi\u00e8me film professionnel de Nanni Moretti, apr\u00e8s <em>Ecce Bombo<\/em> (1878). Auparavant, il avait sign\u00e9 en 1976 un premier long m\u00e9trage amateur tourn\u00e9 en super 8 et gonfl\u00e9 en 16mm pour son exploitation, <em>Je suis un autarcique<\/em>, qui lui avait permis d\u2019\u00eatre remarqu\u00e9 par la critique. Producteur, auteur et acteur principal, il y interpr\u00e9tait d\u00e9j\u00e0 Michele Apicella, son alter ego cin\u00e9matographique.<\/strong><\/p>\n<p><strong>Avec <em>Sogni d\u2019oro<\/em>, Nanni Moretti se met une nouvelle fois en sc\u00e8ne dans le r\u00f4le de Michele Apicella, r\u00e9alisateur irascible et seul contre tous. <em>Sogni d\u2019oro<\/em> dresse un tableau apocalyptique de la crise du cin\u00e9ma italien au d\u00e9but des ann\u00e9es 80, en m\u00eame temps que le bilan des d\u00e9sillusions de la gauche r\u00e9volutionnaire. Le film emprunte plusieurs voies et parvient \u00e0 associer \u00e0 une crise intime le mal-\u00eatre de tout un pays. Moretti s\u2019inspire de sa propre exp\u00e9rience et montrant des tristes d\u00e9bats promotionnels o\u00f9 Apicella est interpell\u00e9 par des spectateurs m\u00e9prisants qui lui reprochent de signer des \u0153uvres incompr\u00e9hensibles pour le public populaire. Ce sont des individus issus des classes sociales et des milieux intellectuels dominants, tous interpr\u00e9t\u00e9s par le m\u00eame acteur, ce qui rend ce running gag encore plus savoureux. <em>Sogni d\u2019oro<\/em> est aussi une fiction psychanalytique qui malm\u00e8ne violemment le carcan familial \u2013 Apicella, qui r\u00e9alise sur un film sur Freud, en vient aux mains avec sa m\u00e8re. Enfin, <em>Sogni d\u2019oro<\/em> use de la satire pour d\u00e9noncer la vulgarit\u00e9 de la t\u00e9l\u00e9vision et ses spectacles avilissants. Apicella participe \u00e0 un jeu t\u00e9l\u00e9vis\u00e9 o\u00f9 il doit affronter un cin\u00e9aste rival d\u00e9guis\u00e9 en pingouin. Moretti anticipe de quelques ann\u00e9es la d\u00e9cadence du paysage audiovisuel italien orchestr\u00e9e par Berlusconi. Les sc\u00e8nes de r\u00eaves, les mises en abime ou les all\u00e9gories fantastiques r\u00e9v\u00e8lent en Nanni Moretti, au-del\u00e0 de l\u2019observateur social, un digne h\u00e9ritier de Federico Fellini.<\/strong><\/p>\n<p>&nbsp;<\/p>\n<p><strong>Disponible gratuitement sur ARTE.tv du 1<sup>er<\/sup> avril au 30 septembre 2020.<\/strong><\/p>\n","protected":false},"excerpt":{"rendered":"<p>R\u00e9alis\u00e9 en 1981, Sogni d\u2019oro est le deuxi\u00e8me film professionnel de Nanni Moretti, apr\u00e8s Ecce Bombo (1878). Auparavant, il avait\u2026<\/p>\n","protected":false},"author":116,"featured_media":0,"comment_status":"open","ping_status":"open","sticky":false,"template":"","format":"standard","meta":[],"categories":[8],"tags":[],"yoast_head":"<!-- This site is optimized with the Yoast SEO plugin v20.8 - https:\/\/yoast.com\/wordpress\/plugins\/seo\/ -->\n<title>Sogni d\u2019oro de Nanni Moretti - Olivier P\u00e8re<\/title>\n<meta name=\"robots\" content=\"index, follow, max-snippet:-1, max-image-preview:large, max-video-preview:-1\" \/>\n<link rel=\"canonical\" href=\"https:\/\/www.arte.tv\/sites\/olivierpere\/2020\/03\/16\/sogni-doro-de-nanni-moretti\/\" \/>\n<meta property=\"og:locale\" content=\"fr_FR\" \/>\n<meta property=\"og:type\" content=\"article\" \/>\n<meta property=\"og:title\" content=\"Sogni d\u2019oro de Nanni Moretti - Olivier P\u00e8re\" \/>\n<meta property=\"og:description\" content=\"R\u00e9alis\u00e9 en 1981, Sogni d\u2019oro est le deuxi\u00e8me film professionnel de Nanni Moretti, apr\u00e8s Ecce Bombo (1878). Auparavant, il avait\u2026\" \/>\n<meta property=\"og:url\" content=\"https:\/\/www.arte.tv\/sites\/olivierpere\/2020\/03\/16\/sogni-doro-de-nanni-moretti\/\" \/>\n<meta property=\"og:site_name\" content=\"Olivier P\u00e8re\" \/>\n<meta property=\"article:published_time\" content=\"2020-03-16T08:08:35+00:00\" \/>\n<meta property=\"article:modified_time\" content=\"2020-04-01T08:09:54+00:00\" \/>\n<meta name=\"author\" content=\"Olivier P\u00e8re\" \/>\n<meta name=\"twitter:label1\" content=\"\u00c9crit par\" \/>\n\t<meta name=\"twitter:data1\" content=\"Olivier P\u00e8re\" \/>\n\t<meta name=\"twitter:label2\" content=\"Dur\u00e9e de lecture estim\u00e9e\" \/>\n\t<meta name=\"twitter:data2\" content=\"2 minutes\" \/>\n<script type=\"application\/ld+json\" class=\"yoast-schema-graph\">{\"@context\":\"https:\/\/schema.org\",\"@graph\":[{\"@type\":\"WebPage\",\"@id\":\"https:\/\/www.arte.tv\/sites\/olivierpere\/2020\/03\/16\/sogni-doro-de-nanni-moretti\/\",\"url\":\"https:\/\/www.arte.tv\/sites\/olivierpere\/2020\/03\/16\/sogni-doro-de-nanni-moretti\/\",\"name\":\"Sogni d\u2019oro de Nanni Moretti - Olivier P\u00e8re\",\"isPartOf\":{\"@id\":\"https:\/\/www.arte.tv\/sites\/olivierpere\/#website\"},\"datePublished\":\"2020-03-16T08:08:35+00:00\",\"dateModified\":\"2020-04-01T08:09:54+00:00\",\"author\":{\"@id\":\"https:\/\/www.arte.tv\/sites\/olivierpere\/#\/schema\/person\/dc32cd6c79be95e52d43b97a74182558\"},\"breadcrumb\":{\"@id\":\"https:\/\/www.arte.tv\/sites\/olivierpere\/2020\/03\/16\/sogni-doro-de-nanni-moretti\/#breadcrumb\"},\"inLanguage\":\"fr-FR\",\"potentialAction\":[{\"@type\":\"ReadAction\",\"target\":[\"https:\/\/www.arte.tv\/sites\/olivierpere\/2020\/03\/16\/sogni-doro-de-nanni-moretti\/\"]}]},{\"@type\":\"BreadcrumbList\",\"@id\":\"https:\/\/www.arte.tv\/sites\/olivierpere\/2020\/03\/16\/sogni-doro-de-nanni-moretti\/#breadcrumb\",\"itemListElement\":[{\"@type\":\"ListItem\",\"position\":1,\"name\":\"Home\",\"item\":\"https:\/\/www.arte.tv\/sites\/olivierpere\/\"},{\"@type\":\"ListItem\",\"position\":2,\"name\":\"Sogni d\u2019oro de Nanni Moretti\"}]},{\"@type\":\"WebSite\",\"@id\":\"https:\/\/www.arte.tv\/sites\/olivierpere\/#website\",\"url\":\"https:\/\/www.arte.tv\/sites\/olivierpere\/\",\"name\":\"Olivier P\u00e8re\",\"description\":\"\",\"potentialAction\":[{\"@type\":\"SearchAction\",\"target\":{\"@type\":\"EntryPoint\",\"urlTemplate\":\"https:\/\/www.arte.tv\/sites\/olivierpere\/?s={search_term_string}\"},\"query-input\":\"required name=search_term_string\"}],\"inLanguage\":\"fr-FR\"},{\"@type\":\"Person\",\"@id\":\"https:\/\/www.arte.tv\/sites\/olivierpere\/#\/schema\/person\/dc32cd6c79be95e52d43b97a74182558\",\"name\":\"Olivier P\u00e8re\",\"image\":{\"@type\":\"ImageObject\",\"inLanguage\":\"fr-FR\",\"@id\":\"https:\/\/www.arte.tv\/sites\/olivierpere\/#\/schema\/person\/image\/\",\"url\":\"https:\/\/secure.gravatar.com\/avatar\/bdea7b6a2c195e2c41772429a9694758?s=96&d=mm&r=g\",\"contentUrl\":\"https:\/\/secure.gravatar.com\/avatar\/bdea7b6a2c195e2c41772429a9694758?s=96&d=mm&r=g\",\"caption\":\"Olivier P\u00e8re\"},\"url\":\"https:\/\/www.arte.tv\/sites\/olivierpere\/author\/pereolivier\/\"}]}<\/script>\n<!-- \/ Yoast SEO plugin. -->","yoast_head_json":{"title":"Sogni d\u2019oro de Nanni Moretti - Olivier P\u00e8re","robots":{"index":"index","follow":"follow","max-snippet":"max-snippet:-1","max-image-preview":"max-image-preview:large","max-video-preview":"max-video-preview:-1"},"canonical":"https:\/\/www.arte.tv\/sites\/olivierpere\/2020\/03\/16\/sogni-doro-de-nanni-moretti\/","og_locale":"fr_FR","og_type":"article","og_title":"Sogni d\u2019oro de Nanni Moretti - Olivier P\u00e8re","og_description":"R\u00e9alis\u00e9 en 1981, Sogni d\u2019oro est le deuxi\u00e8me film professionnel de Nanni Moretti, apr\u00e8s Ecce Bombo (1878). Auparavant, il avait\u2026","og_url":"https:\/\/www.arte.tv\/sites\/olivierpere\/2020\/03\/16\/sogni-doro-de-nanni-moretti\/","og_site_name":"Olivier P\u00e8re","article_published_time":"2020-03-16T08:08:35+00:00","article_modified_time":"2020-04-01T08:09:54+00:00","author":"Olivier P\u00e8re","twitter_misc":{"\u00c9crit par":"Olivier P\u00e8re","Dur\u00e9e de lecture estim\u00e9e":"2 minutes"},"schema":{"@context":"https:\/\/schema.org","@graph":[{"@type":"WebPage","@id":"https:\/\/www.arte.tv\/sites\/olivierpere\/2020\/03\/16\/sogni-doro-de-nanni-moretti\/","url":"https:\/\/www.arte.tv\/sites\/olivierpere\/2020\/03\/16\/sogni-doro-de-nanni-moretti\/","name":"Sogni d\u2019oro de Nanni Moretti - Olivier P\u00e8re","isPartOf":{"@id":"https:\/\/www.arte.tv\/sites\/olivierpere\/#website"},"datePublished":"2020-03-16T08:08:35+00:00","dateModified":"2020-04-01T08:09:54+00:00","author":{"@id":"https:\/\/www.arte.tv\/sites\/olivierpere\/#\/schema\/person\/dc32cd6c79be95e52d43b97a74182558"},"breadcrumb":{"@id":"https:\/\/www.arte.tv\/sites\/olivierpere\/2020\/03\/16\/sogni-doro-de-nanni-moretti\/#breadcrumb"},"inLanguage":"fr-FR","potentialAction":[{"@type":"ReadAction","target":["https:\/\/www.arte.tv\/sites\/olivierpere\/2020\/03\/16\/sogni-doro-de-nanni-moretti\/"]}]},{"@type":"BreadcrumbList","@id":"https:\/\/www.arte.tv\/sites\/olivierpere\/2020\/03\/16\/sogni-doro-de-nanni-moretti\/#breadcrumb","itemListElement":[{"@type":"ListItem","position":1,"name":"Home","item":"https:\/\/www.arte.tv\/sites\/olivierpere\/"},{"@type":"ListItem","position":2,"name":"Sogni d\u2019oro de Nanni Moretti"}]},{"@type":"WebSite","@id":"https:\/\/www.arte.tv\/sites\/olivierpere\/#website","url":"https:\/\/www.arte.tv\/sites\/olivierpere\/","name":"Olivier P\u00e8re","description":"","potentialAction":[{"@type":"SearchAction","target":{"@type":"EntryPoint","urlTemplate":"https:\/\/www.arte.tv\/sites\/olivierpere\/?s={search_term_string}"},"query-input":"required name=search_term_string"}],"inLanguage":"fr-FR"},{"@type":"Person","@id":"https:\/\/www.arte.tv\/sites\/olivierpere\/#\/schema\/person\/dc32cd6c79be95e52d43b97a74182558","name":"Olivier P\u00e8re","image":{"@type":"ImageObject","inLanguage":"fr-FR","@id":"https:\/\/www.arte.tv\/sites\/olivierpere\/#\/schema\/person\/image\/","url":"https:\/\/secure.gravatar.com\/avatar\/bdea7b6a2c195e2c41772429a9694758?s=96&d=mm&r=g","contentUrl":"https:\/\/secure.gravatar.com\/avatar\/bdea7b6a2c195e2c41772429a9694758?s=96&d=mm&r=g","caption":"Olivier P\u00e8re"},"url":"https:\/\/www.arte.tv\/sites\/olivierpere\/author\/pereolivier\/"}]}},"_links":{"self":[{"href":"https:\/\/www.arte.tv\/sites\/olivierpere\/wp-json\/wp\/v2\/posts\/24718"}],"collection":[{"href":"https:\/\/www.arte.tv\/sites\/olivierpere\/wp-json\/wp\/v2\/posts"}],"about":[{"href":"https:\/\/www.arte.tv\/sites\/olivierpere\/wp-json\/wp\/v2\/types\/post"}],"author":[{"embeddable":true,"href":"https:\/\/www.arte.tv\/sites\/olivierpere\/wp-json\/wp\/v2\/users\/116"}],"replies":[{"embeddable":true,"href":"https:\/\/www.arte.tv\/sites\/olivierpere\/wp-json\/wp\/v2\/comments?post=24718"}],"version-history":[{"count":1,"href":"https:\/\/www.arte.tv\/sites\/olivierpere\/wp-json\/wp\/v2\/posts\/24718\/revisions"}],"predecessor-version":[{"id":24719,"href":"https:\/\/www.arte.tv\/sites\/olivierpere\/wp-json\/wp\/v2\/posts\/24718\/revisions\/24719"}],"wp:attachment":[{"href":"https:\/\/www.arte.tv\/sites\/olivierpere\/wp-json\/wp\/v2\/media?parent=24718"}],"wp:term":[{"taxonomy":"category","embeddable":true,"href":"https:\/\/www.arte.tv\/sites\/olivierpere\/wp-json\/wp\/v2\/categories?post=24718"},{"taxonomy":"post_tag","embeddable":true,"href":"https:\/\/www.arte.tv\/sites\/olivierpere\/wp-json\/wp\/v2\/tags?post=24718"}],"curies":[{"name":"wp","href":"https:\/\/api.w.org\/{rel}","templated":true}]}}