{"id":24343,"date":"2020-03-10T10:44:54","date_gmt":"2020-03-10T09:44:54","guid":{"rendered":"https:\/\/www.arte.tv\/sites\/olivierpere\/?p=24343"},"modified":"2020-03-24T18:22:55","modified_gmt":"2020-03-24T17:22:55","slug":"le-deuxieme-souffle-de-jean-pierre-melville","status":"publish","type":"post","link":"https:\/\/www.arte.tv\/sites\/olivierpere\/2020\/03\/10\/le-deuxieme-souffle-de-jean-pierre-melville\/","title":{"rendered":"Le Deuxi\u00e8me Souffle de Jean-Pierre Melville"},"content":{"rendered":"<p><strong>ARTE rediffuse dans le cadre de son \u00ab\u00a0Printemps du polar\u00a0\u00bb\u00a0<em>Le Deuxi\u00e8me Souffle<\/em>\u00a0(1966) de Jean-Pierre Melville dimanche 29 mars \u00e0 20h55 en version restaur\u00e9e. Le film sera imm\u00e9diatement suivi d\u2019un documentaire in\u00e9dit sur son auteur, Melville, le dernier samoura\u00ef de Cyril Leuthy (disponible en t\u00e9l\u00e9vision de rattrapage du 22 mars au 27 mai sur ARTE.tv).<\/strong><\/p>\n<p><strong>Gu (Lino Ventura, admirable) s\u2019\u00e9vade de prison et renoue avec ses complices du Milieu parisien. Transform\u00e9 en b\u00eate traqu\u00e9e, accus\u00e9 de trahison par des gangsters rivaux, il accomplit une derni\u00e8re mission : l\u2019attaque d\u2019un convoi d\u2019or dans la r\u00e9gion marseillaise. Tir\u00e9 d\u2019un roman de Jos\u00e9 Giovanni,\u00a0<em>Le Deuxi\u00e8me Souffle<\/em>\u00a0est un des titres majeurs de la filmographie de Jean-Pierre Melville. C\u2019est son dernier film en noir et blanc. Il proc\u00e8de \u00e0 une synth\u00e8se parfaite des \u00e9l\u00e9ments contenus dans ses polars pr\u00e9c\u00e9dents, et annonce l\u2019\u00e9pure stylistique de la trilogie en couleur avec Alain Delon.\u00a0<em>Le Deuxi\u00e8me Souffle<\/em>\u00a0supprime les d\u00e9tails pittoresques attach\u00e9s \u00e0 la description de la p\u00e8gre. Le film r\u00e9cuse l\u2019id\u00e9e de r\u00e9alisme tout en se d\u00e9barrassant d\u2019un certain folklore mythologique. C\u2019est le premier pas vers l\u2019abstraction glac\u00e9e du\u00a0<em>Samoura\u00ef<\/em>. La notion de morale, si importante chez les gangsters, est bafou\u00e9e tout au long du r\u00e9cit, rythm\u00e9 par les mensonges et les doubles jeux. Gu est d\u00e9nu\u00e9 du charme romantique des bandits. Il est essentiellement mu par son instinct de survie et son code de l\u2019honneur, et ne conna\u00eet que le r\u00e8gne de la violence et de la fuite. Melville ne se livre \u00e0 aucune apologie du gangst\u00e9risme, mais il s\u2019identifie \u00e0 des hommes qui vivent hors du monde et de toute contingence sociale. Paul Meurisse interpr\u00e8te le plus beau personnage de flic de toute l\u2019\u0153uvre de Melville. La sc\u00e8ne o\u00f9 il reconstitue en pr\u00e9sence de t\u00e9moins l\u2019\u00e9change de coups de feu survenu dans un bar, tourn\u00e9e en un seul plan, constitue un admirable morceau d\u2019anthologie, tout \u00e0 fait repr\u00e9sentatif de la ma\u00eetrise technique et narrative du cin\u00e9aste.<\/strong><\/p>\n<p><img decoding=\"async\" loading=\"lazy\" class=\"alignnone size-full wp-image-24347\" src=\"https:\/\/www.arte.tv\/sites\/olivierpere\/files\/9487580f655072c312599a376107d82c.jpg\" alt=\"\" width=\"600\" height=\"852\" srcset=\"https:\/\/www.arte.tv\/sites\/olivierpere\/files\/9487580f655072c312599a376107d82c.jpg 600w, https:\/\/www.arte.tv\/sites\/olivierpere\/files\/9487580f655072c312599a376107d82c-197x280.jpg 197w, https:\/\/www.arte.tv\/sites\/olivierpere\/files\/9487580f655072c312599a376107d82c-541x768.jpg 541w, https:\/\/www.arte.tv\/sites\/olivierpere\/files\/9487580f655072c312599a376107d82c-580x824.jpg 580w\" sizes=\"(max-width: 600px) 100vw, 600px\" \/><\/p>\n","protected":false},"excerpt":{"rendered":"<p>ARTE rediffuse dans le cadre de son \u00ab\u00a0Printemps du polar\u00a0\u00bb\u00a0Le Deuxi\u00e8me Souffle\u00a0(1966) de Jean-Pierre Melville dimanche 29 mars \u00e0 20h55\u2026<\/p>\n","protected":false},"author":116,"featured_media":0,"comment_status":"open","ping_status":"open","sticky":false,"template":"","format":"standard","meta":[],"categories":[8],"tags":[],"yoast_head":"<!-- This site is optimized with the Yoast SEO plugin v20.8 - https:\/\/yoast.com\/wordpress\/plugins\/seo\/ -->\n<title>Le Deuxi\u00e8me Souffle de Jean-Pierre Melville - Olivier P\u00e8re<\/title>\n<meta name=\"robots\" content=\"index, follow, max-snippet:-1, max-image-preview:large, max-video-preview:-1\" \/>\n<link rel=\"canonical\" href=\"https:\/\/www.arte.tv\/sites\/olivierpere\/2020\/03\/10\/le-deuxieme-souffle-de-jean-pierre-melville\/\" \/>\n<meta property=\"og:locale\" content=\"fr_FR\" \/>\n<meta property=\"og:type\" content=\"article\" \/>\n<meta property=\"og:title\" content=\"Le Deuxi\u00e8me Souffle de Jean-Pierre Melville - Olivier P\u00e8re\" \/>\n<meta property=\"og:description\" content=\"ARTE rediffuse dans le cadre de son \u00ab\u00a0Printemps du polar\u00a0\u00bb\u00a0Le Deuxi\u00e8me Souffle\u00a0(1966) de Jean-Pierre Melville dimanche 29 mars \u00e0 20h55\u2026\" \/>\n<meta property=\"og:url\" content=\"https:\/\/www.arte.tv\/sites\/olivierpere\/2020\/03\/10\/le-deuxieme-souffle-de-jean-pierre-melville\/\" \/>\n<meta property=\"og:site_name\" content=\"Olivier P\u00e8re\" \/>\n<meta property=\"article:published_time\" content=\"2020-03-10T09:44:54+00:00\" \/>\n<meta property=\"article:modified_time\" content=\"2020-03-24T17:22:55+00:00\" \/>\n<meta property=\"og:image\" content=\"https:\/\/www.arte.tv\/sites\/olivierpere\/files\/9487580f655072c312599a376107d82c.jpg\" \/>\n<meta name=\"author\" content=\"Olivier P\u00e8re\" \/>\n<meta name=\"twitter:label1\" content=\"\u00c9crit par\" \/>\n\t<meta name=\"twitter:data1\" content=\"Olivier P\u00e8re\" \/>\n\t<meta name=\"twitter:label2\" content=\"Dur\u00e9e de lecture estim\u00e9e\" \/>\n\t<meta name=\"twitter:data2\" content=\"2 minutes\" \/>\n<script type=\"application\/ld+json\" class=\"yoast-schema-graph\">{\"@context\":\"https:\/\/schema.org\",\"@graph\":[{\"@type\":\"WebPage\",\"@id\":\"https:\/\/www.arte.tv\/sites\/olivierpere\/2020\/03\/10\/le-deuxieme-souffle-de-jean-pierre-melville\/\",\"url\":\"https:\/\/www.arte.tv\/sites\/olivierpere\/2020\/03\/10\/le-deuxieme-souffle-de-jean-pierre-melville\/\",\"name\":\"Le Deuxi\u00e8me Souffle de Jean-Pierre Melville - Olivier P\u00e8re\",\"isPartOf\":{\"@id\":\"https:\/\/www.arte.tv\/sites\/olivierpere\/#website\"},\"datePublished\":\"2020-03-10T09:44:54+00:00\",\"dateModified\":\"2020-03-24T17:22:55+00:00\",\"author\":{\"@id\":\"https:\/\/www.arte.tv\/sites\/olivierpere\/#\/schema\/person\/dc32cd6c79be95e52d43b97a74182558\"},\"breadcrumb\":{\"@id\":\"https:\/\/www.arte.tv\/sites\/olivierpere\/2020\/03\/10\/le-deuxieme-souffle-de-jean-pierre-melville\/#breadcrumb\"},\"inLanguage\":\"fr-FR\",\"potentialAction\":[{\"@type\":\"ReadAction\",\"target\":[\"https:\/\/www.arte.tv\/sites\/olivierpere\/2020\/03\/10\/le-deuxieme-souffle-de-jean-pierre-melville\/\"]}]},{\"@type\":\"BreadcrumbList\",\"@id\":\"https:\/\/www.arte.tv\/sites\/olivierpere\/2020\/03\/10\/le-deuxieme-souffle-de-jean-pierre-melville\/#breadcrumb\",\"itemListElement\":[{\"@type\":\"ListItem\",\"position\":1,\"name\":\"Home\",\"item\":\"https:\/\/www.arte.tv\/sites\/olivierpere\/\"},{\"@type\":\"ListItem\",\"position\":2,\"name\":\"Le Deuxi\u00e8me Souffle de Jean-Pierre Melville\"}]},{\"@type\":\"WebSite\",\"@id\":\"https:\/\/www.arte.tv\/sites\/olivierpere\/#website\",\"url\":\"https:\/\/www.arte.tv\/sites\/olivierpere\/\",\"name\":\"Olivier P\u00e8re\",\"description\":\"\",\"potentialAction\":[{\"@type\":\"SearchAction\",\"target\":{\"@type\":\"EntryPoint\",\"urlTemplate\":\"https:\/\/www.arte.tv\/sites\/olivierpere\/?s={search_term_string}\"},\"query-input\":\"required name=search_term_string\"}],\"inLanguage\":\"fr-FR\"},{\"@type\":\"Person\",\"@id\":\"https:\/\/www.arte.tv\/sites\/olivierpere\/#\/schema\/person\/dc32cd6c79be95e52d43b97a74182558\",\"name\":\"Olivier P\u00e8re\",\"image\":{\"@type\":\"ImageObject\",\"inLanguage\":\"fr-FR\",\"@id\":\"https:\/\/www.arte.tv\/sites\/olivierpere\/#\/schema\/person\/image\/\",\"url\":\"https:\/\/secure.gravatar.com\/avatar\/bdea7b6a2c195e2c41772429a9694758?s=96&d=mm&r=g\",\"contentUrl\":\"https:\/\/secure.gravatar.com\/avatar\/bdea7b6a2c195e2c41772429a9694758?s=96&d=mm&r=g\",\"caption\":\"Olivier P\u00e8re\"},\"url\":\"https:\/\/www.arte.tv\/sites\/olivierpere\/author\/pereolivier\/\"}]}<\/script>\n<!-- \/ Yoast SEO plugin. -->","yoast_head_json":{"title":"Le Deuxi\u00e8me Souffle de Jean-Pierre Melville - Olivier P\u00e8re","robots":{"index":"index","follow":"follow","max-snippet":"max-snippet:-1","max-image-preview":"max-image-preview:large","max-video-preview":"max-video-preview:-1"},"canonical":"https:\/\/www.arte.tv\/sites\/olivierpere\/2020\/03\/10\/le-deuxieme-souffle-de-jean-pierre-melville\/","og_locale":"fr_FR","og_type":"article","og_title":"Le Deuxi\u00e8me Souffle de Jean-Pierre Melville - Olivier P\u00e8re","og_description":"ARTE rediffuse dans le cadre de son \u00ab\u00a0Printemps du polar\u00a0\u00bb\u00a0Le Deuxi\u00e8me Souffle\u00a0(1966) de Jean-Pierre Melville dimanche 29 mars \u00e0 20h55\u2026","og_url":"https:\/\/www.arte.tv\/sites\/olivierpere\/2020\/03\/10\/le-deuxieme-souffle-de-jean-pierre-melville\/","og_site_name":"Olivier P\u00e8re","article_published_time":"2020-03-10T09:44:54+00:00","article_modified_time":"2020-03-24T17:22:55+00:00","og_image":[{"url":"https:\/\/www.arte.tv\/sites\/olivierpere\/files\/9487580f655072c312599a376107d82c.jpg"}],"author":"Olivier P\u00e8re","twitter_misc":{"\u00c9crit par":"Olivier P\u00e8re","Dur\u00e9e de lecture estim\u00e9e":"2 minutes"},"schema":{"@context":"https:\/\/schema.org","@graph":[{"@type":"WebPage","@id":"https:\/\/www.arte.tv\/sites\/olivierpere\/2020\/03\/10\/le-deuxieme-souffle-de-jean-pierre-melville\/","url":"https:\/\/www.arte.tv\/sites\/olivierpere\/2020\/03\/10\/le-deuxieme-souffle-de-jean-pierre-melville\/","name":"Le Deuxi\u00e8me Souffle de Jean-Pierre Melville - Olivier P\u00e8re","isPartOf":{"@id":"https:\/\/www.arte.tv\/sites\/olivierpere\/#website"},"datePublished":"2020-03-10T09:44:54+00:00","dateModified":"2020-03-24T17:22:55+00:00","author":{"@id":"https:\/\/www.arte.tv\/sites\/olivierpere\/#\/schema\/person\/dc32cd6c79be95e52d43b97a74182558"},"breadcrumb":{"@id":"https:\/\/www.arte.tv\/sites\/olivierpere\/2020\/03\/10\/le-deuxieme-souffle-de-jean-pierre-melville\/#breadcrumb"},"inLanguage":"fr-FR","potentialAction":[{"@type":"ReadAction","target":["https:\/\/www.arte.tv\/sites\/olivierpere\/2020\/03\/10\/le-deuxieme-souffle-de-jean-pierre-melville\/"]}]},{"@type":"BreadcrumbList","@id":"https:\/\/www.arte.tv\/sites\/olivierpere\/2020\/03\/10\/le-deuxieme-souffle-de-jean-pierre-melville\/#breadcrumb","itemListElement":[{"@type":"ListItem","position":1,"name":"Home","item":"https:\/\/www.arte.tv\/sites\/olivierpere\/"},{"@type":"ListItem","position":2,"name":"Le Deuxi\u00e8me Souffle de Jean-Pierre Melville"}]},{"@type":"WebSite","@id":"https:\/\/www.arte.tv\/sites\/olivierpere\/#website","url":"https:\/\/www.arte.tv\/sites\/olivierpere\/","name":"Olivier P\u00e8re","description":"","potentialAction":[{"@type":"SearchAction","target":{"@type":"EntryPoint","urlTemplate":"https:\/\/www.arte.tv\/sites\/olivierpere\/?s={search_term_string}"},"query-input":"required name=search_term_string"}],"inLanguage":"fr-FR"},{"@type":"Person","@id":"https:\/\/www.arte.tv\/sites\/olivierpere\/#\/schema\/person\/dc32cd6c79be95e52d43b97a74182558","name":"Olivier P\u00e8re","image":{"@type":"ImageObject","inLanguage":"fr-FR","@id":"https:\/\/www.arte.tv\/sites\/olivierpere\/#\/schema\/person\/image\/","url":"https:\/\/secure.gravatar.com\/avatar\/bdea7b6a2c195e2c41772429a9694758?s=96&d=mm&r=g","contentUrl":"https:\/\/secure.gravatar.com\/avatar\/bdea7b6a2c195e2c41772429a9694758?s=96&d=mm&r=g","caption":"Olivier P\u00e8re"},"url":"https:\/\/www.arte.tv\/sites\/olivierpere\/author\/pereolivier\/"}]}},"_links":{"self":[{"href":"https:\/\/www.arte.tv\/sites\/olivierpere\/wp-json\/wp\/v2\/posts\/24343"}],"collection":[{"href":"https:\/\/www.arte.tv\/sites\/olivierpere\/wp-json\/wp\/v2\/posts"}],"about":[{"href":"https:\/\/www.arte.tv\/sites\/olivierpere\/wp-json\/wp\/v2\/types\/post"}],"author":[{"embeddable":true,"href":"https:\/\/www.arte.tv\/sites\/olivierpere\/wp-json\/wp\/v2\/users\/116"}],"replies":[{"embeddable":true,"href":"https:\/\/www.arte.tv\/sites\/olivierpere\/wp-json\/wp\/v2\/comments?post=24343"}],"version-history":[{"count":2,"href":"https:\/\/www.arte.tv\/sites\/olivierpere\/wp-json\/wp\/v2\/posts\/24343\/revisions"}],"predecessor-version":[{"id":24348,"href":"https:\/\/www.arte.tv\/sites\/olivierpere\/wp-json\/wp\/v2\/posts\/24343\/revisions\/24348"}],"wp:attachment":[{"href":"https:\/\/www.arte.tv\/sites\/olivierpere\/wp-json\/wp\/v2\/media?parent=24343"}],"wp:term":[{"taxonomy":"category","embeddable":true,"href":"https:\/\/www.arte.tv\/sites\/olivierpere\/wp-json\/wp\/v2\/categories?post=24343"},{"taxonomy":"post_tag","embeddable":true,"href":"https:\/\/www.arte.tv\/sites\/olivierpere\/wp-json\/wp\/v2\/tags?post=24343"}],"curies":[{"name":"wp","href":"https:\/\/api.w.org\/{rel}","templated":true}]}}