{"id":24287,"date":"2020-02-26T10:29:34","date_gmt":"2020-02-26T09:29:34","guid":{"rendered":"https:\/\/www.arte.tv\/sites\/olivierpere\/?p=24287"},"modified":"2020-04-03T08:13:58","modified_gmt":"2020-04-03T07:13:58","slug":"prix-arte-kino-international-au-projet-the-melting-de-veerle-baetens","status":"publish","type":"post","link":"https:\/\/www.arte.tv\/sites\/olivierpere\/2020\/02\/26\/prix-arte-kino-international-au-projet-the-melting-de-veerle-baetens\/","title":{"rendered":"Prix ARTE Kino International au projet The Melting de Veerle Baetens"},"content":{"rendered":"<p><strong>Dans le cadre du march\u00e9 de coproduction de la Berlinale, \u00a0le Prix ARTE Kino International, d\u2019un montant de 6 000 \u20ac, a \u00e9t\u00e9 d\u00e9cern\u00e9 le 24 f\u00e9vrier au projet de long m\u00e9trage<em>\u00a0The Melting <\/em><em>de la com\u00e9dienne et r\u00e9alisatrice belge Veerle Baetens<\/em><em>. <\/em><em><br \/>\n<\/em>\u00a0<\/strong><br \/>\n<strong>Apr\u00e8s des \u00e9tudes de th\u00e9\u00e2tre \u00e0 Bruxelles, Veerle Baetens est devenue com\u00e9dienne et a eu de nombreux r\u00f4les importants pour la t\u00e9l\u00e9vision et pour le cin\u00e9ma. <em>The Melting<\/em> sera son premier long m\u00e9trage. Il s\u2019agira de l\u2019adaptation du livre <em>Het Smelt<\/em> de l\u2019\u00e9crivain flamande Lize Spit. Il raconte l\u2019histoire d\u2019un groupe d\u2019adolescents dont les jeux sexuels d\u00e9rivent dans la violence aux d\u00e9pends de la jeune Eva qui quitte ensuite son village natal. Elle y reviendra des ann\u00e9es plus tard pour se confronter \u00e0 son pass\u00e9. Le projet est produit par Bart Langendonck et Sarah Marks de la soci\u00e9t\u00e9 belge Savage Films.<\/strong><\/p>\n<p><strong>Le\u00a0Prix ARTE Kino International\u00a0est une aide au d\u00e9veloppement pour des projets de longs m\u00e9trages remise dans de nombreux festivals internationaux, dont Cannes, Locarno, Rotterdam, San Sebasti\u00e1n, Les Arcs, Rome, Sarajevo, Buenos Aires et Busan. Cette aide permet de soutenir de jeunes r\u00e9alisateurs et producteurs du monde entier dans le d\u00e9veloppement de leurs projets.<\/strong><\/p>\n","protected":false},"excerpt":{"rendered":"<p>Dans le cadre du march\u00e9 de coproduction de la Berlinale, \u00a0le Prix ARTE Kino International, d\u2019un montant de 6 000\u2026<\/p>\n","protected":false},"author":116,"featured_media":0,"comment_status":"open","ping_status":"open","sticky":false,"template":"","format":"standard","meta":[],"categories":[9],"tags":[],"yoast_head":"<!-- This site is optimized with the Yoast SEO plugin v20.8 - https:\/\/yoast.com\/wordpress\/plugins\/seo\/ -->\n<title>Prix ARTE Kino International au projet The Melting de Veerle Baetens - Olivier P\u00e8re<\/title>\n<meta name=\"robots\" content=\"index, follow, max-snippet:-1, max-image-preview:large, max-video-preview:-1\" \/>\n<link rel=\"canonical\" href=\"https:\/\/www.arte.tv\/sites\/olivierpere\/2020\/02\/26\/prix-arte-kino-international-au-projet-the-melting-de-veerle-baetens\/\" \/>\n<meta property=\"og:locale\" content=\"fr_FR\" \/>\n<meta property=\"og:type\" content=\"article\" \/>\n<meta property=\"og:title\" content=\"Prix ARTE Kino International au projet The Melting de Veerle Baetens - Olivier P\u00e8re\" \/>\n<meta property=\"og:description\" content=\"Dans le cadre du march\u00e9 de coproduction de la Berlinale, \u00a0le Prix ARTE Kino International, d\u2019un montant de 6 000\u2026\" \/>\n<meta property=\"og:url\" content=\"https:\/\/www.arte.tv\/sites\/olivierpere\/2020\/02\/26\/prix-arte-kino-international-au-projet-the-melting-de-veerle-baetens\/\" \/>\n<meta property=\"og:site_name\" content=\"Olivier P\u00e8re\" \/>\n<meta property=\"article:published_time\" content=\"2020-02-26T09:29:34+00:00\" \/>\n<meta property=\"article:modified_time\" content=\"2020-04-03T07:13:58+00:00\" \/>\n<meta name=\"author\" content=\"Olivier P\u00e8re\" \/>\n<meta name=\"twitter:label1\" content=\"\u00c9crit par\" \/>\n\t<meta name=\"twitter:data1\" content=\"Olivier P\u00e8re\" \/>\n\t<meta name=\"twitter:label2\" content=\"Dur\u00e9e de lecture estim\u00e9e\" \/>\n\t<meta name=\"twitter:data2\" content=\"1 minute\" \/>\n<script type=\"application\/ld+json\" class=\"yoast-schema-graph\">{\"@context\":\"https:\/\/schema.org\",\"@graph\":[{\"@type\":\"WebPage\",\"@id\":\"https:\/\/www.arte.tv\/sites\/olivierpere\/2020\/02\/26\/prix-arte-kino-international-au-projet-the-melting-de-veerle-baetens\/\",\"url\":\"https:\/\/www.arte.tv\/sites\/olivierpere\/2020\/02\/26\/prix-arte-kino-international-au-projet-the-melting-de-veerle-baetens\/\",\"name\":\"Prix ARTE Kino International au projet The Melting de Veerle Baetens - Olivier P\u00e8re\",\"isPartOf\":{\"@id\":\"https:\/\/www.arte.tv\/sites\/olivierpere\/#website\"},\"datePublished\":\"2020-02-26T09:29:34+00:00\",\"dateModified\":\"2020-04-03T07:13:58+00:00\",\"author\":{\"@id\":\"https:\/\/www.arte.tv\/sites\/olivierpere\/#\/schema\/person\/dc32cd6c79be95e52d43b97a74182558\"},\"breadcrumb\":{\"@id\":\"https:\/\/www.arte.tv\/sites\/olivierpere\/2020\/02\/26\/prix-arte-kino-international-au-projet-the-melting-de-veerle-baetens\/#breadcrumb\"},\"inLanguage\":\"fr-FR\",\"potentialAction\":[{\"@type\":\"ReadAction\",\"target\":[\"https:\/\/www.arte.tv\/sites\/olivierpere\/2020\/02\/26\/prix-arte-kino-international-au-projet-the-melting-de-veerle-baetens\/\"]}]},{\"@type\":\"BreadcrumbList\",\"@id\":\"https:\/\/www.arte.tv\/sites\/olivierpere\/2020\/02\/26\/prix-arte-kino-international-au-projet-the-melting-de-veerle-baetens\/#breadcrumb\",\"itemListElement\":[{\"@type\":\"ListItem\",\"position\":1,\"name\":\"Home\",\"item\":\"https:\/\/www.arte.tv\/sites\/olivierpere\/\"},{\"@type\":\"ListItem\",\"position\":2,\"name\":\"Prix ARTE Kino International au projet The Melting de Veerle Baetens\"}]},{\"@type\":\"WebSite\",\"@id\":\"https:\/\/www.arte.tv\/sites\/olivierpere\/#website\",\"url\":\"https:\/\/www.arte.tv\/sites\/olivierpere\/\",\"name\":\"Olivier P\u00e8re\",\"description\":\"\",\"potentialAction\":[{\"@type\":\"SearchAction\",\"target\":{\"@type\":\"EntryPoint\",\"urlTemplate\":\"https:\/\/www.arte.tv\/sites\/olivierpere\/?s={search_term_string}\"},\"query-input\":\"required name=search_term_string\"}],\"inLanguage\":\"fr-FR\"},{\"@type\":\"Person\",\"@id\":\"https:\/\/www.arte.tv\/sites\/olivierpere\/#\/schema\/person\/dc32cd6c79be95e52d43b97a74182558\",\"name\":\"Olivier P\u00e8re\",\"image\":{\"@type\":\"ImageObject\",\"inLanguage\":\"fr-FR\",\"@id\":\"https:\/\/www.arte.tv\/sites\/olivierpere\/#\/schema\/person\/image\/\",\"url\":\"https:\/\/secure.gravatar.com\/avatar\/bdea7b6a2c195e2c41772429a9694758?s=96&d=mm&r=g\",\"contentUrl\":\"https:\/\/secure.gravatar.com\/avatar\/bdea7b6a2c195e2c41772429a9694758?s=96&d=mm&r=g\",\"caption\":\"Olivier P\u00e8re\"},\"url\":\"https:\/\/www.arte.tv\/sites\/olivierpere\/author\/pereolivier\/\"}]}<\/script>\n<!-- \/ Yoast SEO plugin. -->","yoast_head_json":{"title":"Prix ARTE Kino International au projet The Melting de Veerle Baetens - Olivier P\u00e8re","robots":{"index":"index","follow":"follow","max-snippet":"max-snippet:-1","max-image-preview":"max-image-preview:large","max-video-preview":"max-video-preview:-1"},"canonical":"https:\/\/www.arte.tv\/sites\/olivierpere\/2020\/02\/26\/prix-arte-kino-international-au-projet-the-melting-de-veerle-baetens\/","og_locale":"fr_FR","og_type":"article","og_title":"Prix ARTE Kino International au projet The Melting de Veerle Baetens - Olivier P\u00e8re","og_description":"Dans le cadre du march\u00e9 de coproduction de la Berlinale, \u00a0le Prix ARTE Kino International, d\u2019un montant de 6 000\u2026","og_url":"https:\/\/www.arte.tv\/sites\/olivierpere\/2020\/02\/26\/prix-arte-kino-international-au-projet-the-melting-de-veerle-baetens\/","og_site_name":"Olivier P\u00e8re","article_published_time":"2020-02-26T09:29:34+00:00","article_modified_time":"2020-04-03T07:13:58+00:00","author":"Olivier P\u00e8re","twitter_misc":{"\u00c9crit par":"Olivier P\u00e8re","Dur\u00e9e de lecture estim\u00e9e":"1 minute"},"schema":{"@context":"https:\/\/schema.org","@graph":[{"@type":"WebPage","@id":"https:\/\/www.arte.tv\/sites\/olivierpere\/2020\/02\/26\/prix-arte-kino-international-au-projet-the-melting-de-veerle-baetens\/","url":"https:\/\/www.arte.tv\/sites\/olivierpere\/2020\/02\/26\/prix-arte-kino-international-au-projet-the-melting-de-veerle-baetens\/","name":"Prix ARTE Kino International au projet The Melting de Veerle Baetens - Olivier P\u00e8re","isPartOf":{"@id":"https:\/\/www.arte.tv\/sites\/olivierpere\/#website"},"datePublished":"2020-02-26T09:29:34+00:00","dateModified":"2020-04-03T07:13:58+00:00","author":{"@id":"https:\/\/www.arte.tv\/sites\/olivierpere\/#\/schema\/person\/dc32cd6c79be95e52d43b97a74182558"},"breadcrumb":{"@id":"https:\/\/www.arte.tv\/sites\/olivierpere\/2020\/02\/26\/prix-arte-kino-international-au-projet-the-melting-de-veerle-baetens\/#breadcrumb"},"inLanguage":"fr-FR","potentialAction":[{"@type":"ReadAction","target":["https:\/\/www.arte.tv\/sites\/olivierpere\/2020\/02\/26\/prix-arte-kino-international-au-projet-the-melting-de-veerle-baetens\/"]}]},{"@type":"BreadcrumbList","@id":"https:\/\/www.arte.tv\/sites\/olivierpere\/2020\/02\/26\/prix-arte-kino-international-au-projet-the-melting-de-veerle-baetens\/#breadcrumb","itemListElement":[{"@type":"ListItem","position":1,"name":"Home","item":"https:\/\/www.arte.tv\/sites\/olivierpere\/"},{"@type":"ListItem","position":2,"name":"Prix ARTE Kino International au projet The Melting de Veerle Baetens"}]},{"@type":"WebSite","@id":"https:\/\/www.arte.tv\/sites\/olivierpere\/#website","url":"https:\/\/www.arte.tv\/sites\/olivierpere\/","name":"Olivier P\u00e8re","description":"","potentialAction":[{"@type":"SearchAction","target":{"@type":"EntryPoint","urlTemplate":"https:\/\/www.arte.tv\/sites\/olivierpere\/?s={search_term_string}"},"query-input":"required name=search_term_string"}],"inLanguage":"fr-FR"},{"@type":"Person","@id":"https:\/\/www.arte.tv\/sites\/olivierpere\/#\/schema\/person\/dc32cd6c79be95e52d43b97a74182558","name":"Olivier P\u00e8re","image":{"@type":"ImageObject","inLanguage":"fr-FR","@id":"https:\/\/www.arte.tv\/sites\/olivierpere\/#\/schema\/person\/image\/","url":"https:\/\/secure.gravatar.com\/avatar\/bdea7b6a2c195e2c41772429a9694758?s=96&d=mm&r=g","contentUrl":"https:\/\/secure.gravatar.com\/avatar\/bdea7b6a2c195e2c41772429a9694758?s=96&d=mm&r=g","caption":"Olivier P\u00e8re"},"url":"https:\/\/www.arte.tv\/sites\/olivierpere\/author\/pereolivier\/"}]}},"_links":{"self":[{"href":"https:\/\/www.arte.tv\/sites\/olivierpere\/wp-json\/wp\/v2\/posts\/24287"}],"collection":[{"href":"https:\/\/www.arte.tv\/sites\/olivierpere\/wp-json\/wp\/v2\/posts"}],"about":[{"href":"https:\/\/www.arte.tv\/sites\/olivierpere\/wp-json\/wp\/v2\/types\/post"}],"author":[{"embeddable":true,"href":"https:\/\/www.arte.tv\/sites\/olivierpere\/wp-json\/wp\/v2\/users\/116"}],"replies":[{"embeddable":true,"href":"https:\/\/www.arte.tv\/sites\/olivierpere\/wp-json\/wp\/v2\/comments?post=24287"}],"version-history":[{"count":3,"href":"https:\/\/www.arte.tv\/sites\/olivierpere\/wp-json\/wp\/v2\/posts\/24287\/revisions"}],"predecessor-version":[{"id":24738,"href":"https:\/\/www.arte.tv\/sites\/olivierpere\/wp-json\/wp\/v2\/posts\/24287\/revisions\/24738"}],"wp:attachment":[{"href":"https:\/\/www.arte.tv\/sites\/olivierpere\/wp-json\/wp\/v2\/media?parent=24287"}],"wp:term":[{"taxonomy":"category","embeddable":true,"href":"https:\/\/www.arte.tv\/sites\/olivierpere\/wp-json\/wp\/v2\/categories?post=24287"},{"taxonomy":"post_tag","embeddable":true,"href":"https:\/\/www.arte.tv\/sites\/olivierpere\/wp-json\/wp\/v2\/tags?post=24287"}],"curies":[{"name":"wp","href":"https:\/\/api.w.org\/{rel}","templated":true}]}}