{"id":24221,"date":"2019-12-29T21:53:19","date_gmt":"2019-12-29T20:53:19","guid":{"rendered":"https:\/\/www.arte.tv\/sites\/olivierpere\/?p=24221"},"modified":"2020-03-24T18:26:41","modified_gmt":"2020-03-24T17:26:41","slug":"melodie-en-sous-sol-de-henri-verneuil","status":"publish","type":"post","link":"https:\/\/www.arte.tv\/sites\/olivierpere\/2019\/12\/29\/melodie-en-sous-sol-de-henri-verneuil\/","title":{"rendered":"M\u00e9lodie en sous-sol de Henri Verneuil"},"content":{"rendered":"<p><strong>ARTE diffuse <em>M\u00e9lodie en sous-sol<\/em> (1963) de Henri Verneuil dimanche 9 f\u00e9vrier \u00e0 20h50.<\/strong><\/p>\n<p><strong><em>M\u00e9lodie en sous-sol<\/em> est l\u2019un des premiers grands succ\u00e8s populaires d\u2019Alain Delon. Le film constitue un chapitre essentiel dans l\u2019histoire de sa rivalit\u00e9 avec Jean-Paul Belmondo, et aussi dans celle de son admiration pour Jean Gabin. Les deux acteurs de deux g\u00e9n\u00e9rations diff\u00e9rentes viennent de remporter un triomphe devant la cam\u00e9ra d\u2019Henri Verneuil avec <em>Un singe en hiver<\/em>. Delon, jaloux de Belmondo, veut lui aussi partager la vedette avec Gabin, et conqu\u00e9rir le c\u0153ur du public fran\u00e7ais gr\u00e2ce \u00e0 ce divertissement policier m\u00ealant action, suspens et bons mots de Michel Audiard. Avec <em>M\u00e9lodie en sous-sol<\/em>, Verneuil, Simonin et Audiard transposent une s\u00e9rie noire am\u00e9ricaine de la banlieue parisienne jusqu\u2019\u00e0 la C\u00f4te d\u2019Azur. Le film d\u00e9bute par des vues de Sarcelles m\u00e9tamorphos\u00e9e par une urbanisation moderne et hideuse et se termine dans le luxe des palaces cannois, ambiances propices \u00e0 plusieurs r\u00e9pliques acerbes d\u2019Audiard sur l\u2019argent, les femmes, l\u2019ambition etc.<\/strong><\/p>\n<p><strong><em>M\u00e9lodie en sous-sol<\/em> raconte la pr\u00e9paration et l\u2019ex\u00e9cution du casse du casino de Cannes par un vieux malfrat tout juste sorti de prison et un jeune loup aux dents longues. L\u2019op\u00e9ration de Delon se r\u00e9v\u00e8le bien plus r\u00e9ussie que celle de son personnage. Apr\u00e8s <em>Plein Soleil<\/em> et <em>Rocco et ses fr\u00e8res<\/em>, l\u2019acteur d\u00e9montre qu\u2019il est \u00e9galement capable de l\u00e9g\u00e8ret\u00e9 et de bagout, sans renoncer \u00e0 son charisme f\u00e9lin. Il s\u2019\u00e9vade du tournage interminable du <em>Gu\u00e9pard<\/em> pour rejoindre les plateaux de Verneuil, cin\u00e9aste qui r\u00eave de cin\u00e9ma hollywoodien et dont le film est en partie financ\u00e9 par la MGM, mais qui demeure bien de chez nous. Heureux de donner la r\u00e9plique \u00e0 Gabin, le futur samoura\u00ef de Melville pr\u00e9f\u00e8re pourtant la solitude et ne peut s\u2019emp\u00eacher de voler la vedette \u00e0 son a\u00een\u00e9, notamment lors d\u2019une s\u00e9quence acrobatique et silencieuse de hold-up.<\/strong><\/p>\n","protected":false},"excerpt":{"rendered":"<p>ARTE diffuse M\u00e9lodie en sous-sol (1963) de Henri Verneuil dimanche 9 f\u00e9vrier \u00e0 20h50. M\u00e9lodie en sous-sol est l\u2019un des\u2026<\/p>\n","protected":false},"author":116,"featured_media":0,"comment_status":"open","ping_status":"open","sticky":false,"template":"","format":"standard","meta":[],"categories":[8],"tags":[],"yoast_head":"<!-- This site is optimized with the Yoast SEO plugin v20.8 - https:\/\/yoast.com\/wordpress\/plugins\/seo\/ -->\n<title>M\u00e9lodie en sous-sol de Henri Verneuil - Olivier P\u00e8re<\/title>\n<meta name=\"robots\" content=\"index, follow, max-snippet:-1, max-image-preview:large, max-video-preview:-1\" \/>\n<link rel=\"canonical\" href=\"https:\/\/www.arte.tv\/sites\/olivierpere\/2019\/12\/29\/melodie-en-sous-sol-de-henri-verneuil\/\" \/>\n<meta property=\"og:locale\" content=\"fr_FR\" \/>\n<meta property=\"og:type\" content=\"article\" \/>\n<meta property=\"og:title\" content=\"M\u00e9lodie en sous-sol de Henri Verneuil - Olivier P\u00e8re\" \/>\n<meta property=\"og:description\" content=\"ARTE diffuse M\u00e9lodie en sous-sol (1963) de Henri Verneuil dimanche 9 f\u00e9vrier \u00e0 20h50. M\u00e9lodie en sous-sol est l\u2019un des\u2026\" \/>\n<meta property=\"og:url\" content=\"https:\/\/www.arte.tv\/sites\/olivierpere\/2019\/12\/29\/melodie-en-sous-sol-de-henri-verneuil\/\" \/>\n<meta property=\"og:site_name\" content=\"Olivier P\u00e8re\" \/>\n<meta property=\"article:published_time\" content=\"2019-12-29T20:53:19+00:00\" \/>\n<meta property=\"article:modified_time\" content=\"2020-03-24T17:26:41+00:00\" \/>\n<meta name=\"author\" content=\"Olivier P\u00e8re\" \/>\n<meta name=\"twitter:label1\" content=\"\u00c9crit par\" \/>\n\t<meta name=\"twitter:data1\" content=\"Olivier P\u00e8re\" \/>\n\t<meta name=\"twitter:label2\" content=\"Dur\u00e9e de lecture estim\u00e9e\" \/>\n\t<meta name=\"twitter:data2\" content=\"2 minutes\" \/>\n<script type=\"application\/ld+json\" class=\"yoast-schema-graph\">{\"@context\":\"https:\/\/schema.org\",\"@graph\":[{\"@type\":\"WebPage\",\"@id\":\"https:\/\/www.arte.tv\/sites\/olivierpere\/2019\/12\/29\/melodie-en-sous-sol-de-henri-verneuil\/\",\"url\":\"https:\/\/www.arte.tv\/sites\/olivierpere\/2019\/12\/29\/melodie-en-sous-sol-de-henri-verneuil\/\",\"name\":\"M\u00e9lodie en sous-sol de Henri Verneuil - Olivier P\u00e8re\",\"isPartOf\":{\"@id\":\"https:\/\/www.arte.tv\/sites\/olivierpere\/#website\"},\"datePublished\":\"2019-12-29T20:53:19+00:00\",\"dateModified\":\"2020-03-24T17:26:41+00:00\",\"author\":{\"@id\":\"https:\/\/www.arte.tv\/sites\/olivierpere\/#\/schema\/person\/dc32cd6c79be95e52d43b97a74182558\"},\"breadcrumb\":{\"@id\":\"https:\/\/www.arte.tv\/sites\/olivierpere\/2019\/12\/29\/melodie-en-sous-sol-de-henri-verneuil\/#breadcrumb\"},\"inLanguage\":\"fr-FR\",\"potentialAction\":[{\"@type\":\"ReadAction\",\"target\":[\"https:\/\/www.arte.tv\/sites\/olivierpere\/2019\/12\/29\/melodie-en-sous-sol-de-henri-verneuil\/\"]}]},{\"@type\":\"BreadcrumbList\",\"@id\":\"https:\/\/www.arte.tv\/sites\/olivierpere\/2019\/12\/29\/melodie-en-sous-sol-de-henri-verneuil\/#breadcrumb\",\"itemListElement\":[{\"@type\":\"ListItem\",\"position\":1,\"name\":\"Home\",\"item\":\"https:\/\/www.arte.tv\/sites\/olivierpere\/\"},{\"@type\":\"ListItem\",\"position\":2,\"name\":\"M\u00e9lodie en sous-sol de Henri Verneuil\"}]},{\"@type\":\"WebSite\",\"@id\":\"https:\/\/www.arte.tv\/sites\/olivierpere\/#website\",\"url\":\"https:\/\/www.arte.tv\/sites\/olivierpere\/\",\"name\":\"Olivier P\u00e8re\",\"description\":\"\",\"potentialAction\":[{\"@type\":\"SearchAction\",\"target\":{\"@type\":\"EntryPoint\",\"urlTemplate\":\"https:\/\/www.arte.tv\/sites\/olivierpere\/?s={search_term_string}\"},\"query-input\":\"required name=search_term_string\"}],\"inLanguage\":\"fr-FR\"},{\"@type\":\"Person\",\"@id\":\"https:\/\/www.arte.tv\/sites\/olivierpere\/#\/schema\/person\/dc32cd6c79be95e52d43b97a74182558\",\"name\":\"Olivier P\u00e8re\",\"image\":{\"@type\":\"ImageObject\",\"inLanguage\":\"fr-FR\",\"@id\":\"https:\/\/www.arte.tv\/sites\/olivierpere\/#\/schema\/person\/image\/\",\"url\":\"https:\/\/secure.gravatar.com\/avatar\/bdea7b6a2c195e2c41772429a9694758?s=96&d=mm&r=g\",\"contentUrl\":\"https:\/\/secure.gravatar.com\/avatar\/bdea7b6a2c195e2c41772429a9694758?s=96&d=mm&r=g\",\"caption\":\"Olivier P\u00e8re\"},\"url\":\"https:\/\/www.arte.tv\/sites\/olivierpere\/author\/pereolivier\/\"}]}<\/script>\n<!-- \/ Yoast SEO plugin. -->","yoast_head_json":{"title":"M\u00e9lodie en sous-sol de Henri Verneuil - Olivier P\u00e8re","robots":{"index":"index","follow":"follow","max-snippet":"max-snippet:-1","max-image-preview":"max-image-preview:large","max-video-preview":"max-video-preview:-1"},"canonical":"https:\/\/www.arte.tv\/sites\/olivierpere\/2019\/12\/29\/melodie-en-sous-sol-de-henri-verneuil\/","og_locale":"fr_FR","og_type":"article","og_title":"M\u00e9lodie en sous-sol de Henri Verneuil - Olivier P\u00e8re","og_description":"ARTE diffuse M\u00e9lodie en sous-sol (1963) de Henri Verneuil dimanche 9 f\u00e9vrier \u00e0 20h50. M\u00e9lodie en sous-sol est l\u2019un des\u2026","og_url":"https:\/\/www.arte.tv\/sites\/olivierpere\/2019\/12\/29\/melodie-en-sous-sol-de-henri-verneuil\/","og_site_name":"Olivier P\u00e8re","article_published_time":"2019-12-29T20:53:19+00:00","article_modified_time":"2020-03-24T17:26:41+00:00","author":"Olivier P\u00e8re","twitter_misc":{"\u00c9crit par":"Olivier P\u00e8re","Dur\u00e9e de lecture estim\u00e9e":"2 minutes"},"schema":{"@context":"https:\/\/schema.org","@graph":[{"@type":"WebPage","@id":"https:\/\/www.arte.tv\/sites\/olivierpere\/2019\/12\/29\/melodie-en-sous-sol-de-henri-verneuil\/","url":"https:\/\/www.arte.tv\/sites\/olivierpere\/2019\/12\/29\/melodie-en-sous-sol-de-henri-verneuil\/","name":"M\u00e9lodie en sous-sol de Henri Verneuil - Olivier P\u00e8re","isPartOf":{"@id":"https:\/\/www.arte.tv\/sites\/olivierpere\/#website"},"datePublished":"2019-12-29T20:53:19+00:00","dateModified":"2020-03-24T17:26:41+00:00","author":{"@id":"https:\/\/www.arte.tv\/sites\/olivierpere\/#\/schema\/person\/dc32cd6c79be95e52d43b97a74182558"},"breadcrumb":{"@id":"https:\/\/www.arte.tv\/sites\/olivierpere\/2019\/12\/29\/melodie-en-sous-sol-de-henri-verneuil\/#breadcrumb"},"inLanguage":"fr-FR","potentialAction":[{"@type":"ReadAction","target":["https:\/\/www.arte.tv\/sites\/olivierpere\/2019\/12\/29\/melodie-en-sous-sol-de-henri-verneuil\/"]}]},{"@type":"BreadcrumbList","@id":"https:\/\/www.arte.tv\/sites\/olivierpere\/2019\/12\/29\/melodie-en-sous-sol-de-henri-verneuil\/#breadcrumb","itemListElement":[{"@type":"ListItem","position":1,"name":"Home","item":"https:\/\/www.arte.tv\/sites\/olivierpere\/"},{"@type":"ListItem","position":2,"name":"M\u00e9lodie en sous-sol de Henri Verneuil"}]},{"@type":"WebSite","@id":"https:\/\/www.arte.tv\/sites\/olivierpere\/#website","url":"https:\/\/www.arte.tv\/sites\/olivierpere\/","name":"Olivier P\u00e8re","description":"","potentialAction":[{"@type":"SearchAction","target":{"@type":"EntryPoint","urlTemplate":"https:\/\/www.arte.tv\/sites\/olivierpere\/?s={search_term_string}"},"query-input":"required name=search_term_string"}],"inLanguage":"fr-FR"},{"@type":"Person","@id":"https:\/\/www.arte.tv\/sites\/olivierpere\/#\/schema\/person\/dc32cd6c79be95e52d43b97a74182558","name":"Olivier P\u00e8re","image":{"@type":"ImageObject","inLanguage":"fr-FR","@id":"https:\/\/www.arte.tv\/sites\/olivierpere\/#\/schema\/person\/image\/","url":"https:\/\/secure.gravatar.com\/avatar\/bdea7b6a2c195e2c41772429a9694758?s=96&d=mm&r=g","contentUrl":"https:\/\/secure.gravatar.com\/avatar\/bdea7b6a2c195e2c41772429a9694758?s=96&d=mm&r=g","caption":"Olivier P\u00e8re"},"url":"https:\/\/www.arte.tv\/sites\/olivierpere\/author\/pereolivier\/"}]}},"_links":{"self":[{"href":"https:\/\/www.arte.tv\/sites\/olivierpere\/wp-json\/wp\/v2\/posts\/24221"}],"collection":[{"href":"https:\/\/www.arte.tv\/sites\/olivierpere\/wp-json\/wp\/v2\/posts"}],"about":[{"href":"https:\/\/www.arte.tv\/sites\/olivierpere\/wp-json\/wp\/v2\/types\/post"}],"author":[{"embeddable":true,"href":"https:\/\/www.arte.tv\/sites\/olivierpere\/wp-json\/wp\/v2\/users\/116"}],"replies":[{"embeddable":true,"href":"https:\/\/www.arte.tv\/sites\/olivierpere\/wp-json\/wp\/v2\/comments?post=24221"}],"version-history":[{"count":2,"href":"https:\/\/www.arte.tv\/sites\/olivierpere\/wp-json\/wp\/v2\/posts\/24221\/revisions"}],"predecessor-version":[{"id":24356,"href":"https:\/\/www.arte.tv\/sites\/olivierpere\/wp-json\/wp\/v2\/posts\/24221\/revisions\/24356"}],"wp:attachment":[{"href":"https:\/\/www.arte.tv\/sites\/olivierpere\/wp-json\/wp\/v2\/media?parent=24221"}],"wp:term":[{"taxonomy":"category","embeddable":true,"href":"https:\/\/www.arte.tv\/sites\/olivierpere\/wp-json\/wp\/v2\/categories?post=24221"},{"taxonomy":"post_tag","embeddable":true,"href":"https:\/\/www.arte.tv\/sites\/olivierpere\/wp-json\/wp\/v2\/tags?post=24221"}],"curies":[{"name":"wp","href":"https:\/\/api.w.org\/{rel}","templated":true}]}}