{"id":23997,"date":"2019-10-06T16:03:18","date_gmt":"2019-10-06T15:03:18","guid":{"rendered":"https:\/\/www.arte.tv\/sites\/olivierpere\/?p=23997"},"modified":"2020-04-03T18:32:19","modified_gmt":"2020-04-03T17:32:19","slug":"new-york-2-heures-du-matin-de-abel-ferrara","status":"publish","type":"post","link":"https:\/\/www.arte.tv\/sites\/olivierpere\/2019\/10\/06\/new-york-2-heures-du-matin-de-abel-ferrara\/","title":{"rendered":"New York, 2 heures du matin de Abel Ferrara\u00a0\u00a0"},"content":{"rendered":"<p><strong>ESC permet de revoir en blu-ray ou en DVD, r\u00e9unies dans un coffret ou \u00e0 l\u2019unit\u00e9, trois des \u0153uvres ma\u00eetresses de la premi\u00e8re partie de la filmographie d\u2019Abel Ferrara : <em>L\u2019Ange de la vengeance<\/em>, <em>New York, 2 heures du matin et China Girl<\/em>. Nous avons d\u00e9j\u00e0 eu l\u2019occasion d\u2019\u00e9voquer <em>L\u2019Ange de la vengeance<\/em> (1981), qui r\u00e9v\u00e9la internationalement le jeune cin\u00e9aste new-yorkais.\u00a0<\/strong><\/p>\n<p><strong><em>New York, 2 heures du matin<\/em> (<em>Fear City<\/em>) r\u00e9alis\u00e9 en 1984 est une nouvelle plong\u00e9e dans les bas-fonds de la ville mais aussi de la psych\u00e9 humaine. Ferrara et son fid\u00e8le sc\u00e9nariste Nicholas St. John adaptent les st\u00e9r\u00e9otypes du film noir hollywoodien \u00e0 la r\u00e9alit\u00e9 de la 42\u00e8me rue. Ils font se croiser dans une narration nerveuse et stylis\u00e9e qui \u00e9vacue tout folklore un karat\u00e9ka sadique, des strip-teaseuses, des patrons de cabaret, un ancien boxeur, des flics et des parrains de la mafia. <em>New York, 2 heures du matin <\/em>est la premi\u00e8re exp\u00e9rience hollywoodienne de Ferrara, qui dirige pour la premi\u00e8re fois des acteurs connus : Tom Berenger, Billy Dee Williams, Melanie Griffith&#8230; Malgr\u00e9 les apparences, la plus grande partie du film a \u00e9t\u00e9 tourn\u00e9e \u00e0 Los Angeles. Seuls quelques plans d\u2019ext\u00e9rieurs furent tourn\u00e9s sur les lieux-m\u00eame de l\u2019action, pour conf\u00e9rer \u00e0 l\u2019ensemble une certaine v\u00e9racit\u00e9. Force est de constater que le spectateur n\u2019y voit que du feu. Ferrara parvient \u00e0 recr\u00e9er l\u2019atmosph\u00e8re sordide et parfois cauchemardesque des quartiers chauds du New York du d\u00e9but des ann\u00e9es 80. Le film est parsem\u00e9 de r\u00e9f\u00e9rences cin\u00e9matographiques, de <em>L\u2019Homme tranquille <\/em>de John Ford \u2013 le personnage incarn\u00e9 par Tom Berenger a tu\u00e9 accidentellement l\u2019un de ses adversaires sur le ring \u2013 \u00e0 <em>M le maudit<\/em> de Fritz Lang et son tueur en s\u00e9rie. Ferrara suit le parcours d\u2019un h\u00e9ros n\u00e9vros\u00e9 qui croise son N\u00e9m\u00e9sis en la personne d\u2019un psychopathe obs\u00e9d\u00e9 par la puret\u00e9. Ce sont deux anges, l\u2019un d\u00e9chu, l\u2019autre exterminateur qui hantent les rues de Manhattan, destin\u00e9s \u00e0 s\u2019affronter dans un combat sans merci. L\u2019ambition de Ferrara et de St. John d\u00e9passe le filon de la violence urbaine et les contingences cin\u00e9ma d\u2019exploitation. La suite de sa carri\u00e8re permettra de v\u00e9rifier que Ferrara, proche de l\u2019underground \u00e0 ses d\u00e9buts, puis ma\u00eetre du n\u00e9o film noir, est avant tout un scrutateur de l\u2019\u00e2me humaine, obs\u00e9d\u00e9 par le Mal et la culpabilit\u00e9.<\/strong><\/p>\n<p><strong>La m\u00e9sentente de Ferrara avec ses (mauvais) producteurs californiens atteindra son paroxysme quand le montage de <em>New York, 2 heures du matin <\/em>sera alt\u00e9r\u00e9 jusqu\u2019\u00e0 l\u2019incoh\u00e9rence afin d\u2019\u00e9viter les foudres de la censure. La Twentieth Century Fox refusera de distribuer le film aux \u00c9tats-Unis, m\u00eame dans sa version mutil\u00e9e. Jug\u00e9 trop choquant pour le studio en raison de sc\u00e8nes de nudit\u00e9, de consommation de drogue et de violence, le film sera revendu \u00e0 un petit distributeur ind\u00e9pendant et conna\u00eetra une carri\u00e8re confidentielle. Cette exp\u00e9rience am\u00e8re \u00e9loignera Ferrara des plateaux de cin\u00e9ma. Pendant trois ans le cin\u00e9aste trouvera refuge \u00e0 la t\u00e9l\u00e9vision, o\u00f9 il travaillera notamment pour Michael Mann sur des \u00e9pisodes de <em>Miami Vice<\/em> et le pilote de <em>Crime Story<\/em>. Revoir aujourd\u2019hui <em>New York, 2 heures du matin <\/em>permet de v\u00e9rifier que le film n\u2019a rien d\u2019un pas de c\u00f4t\u00e9 dans l\u2019\u0153uvre de Ferrara. Malgr\u00e9 ses accidents de production, il demeure un thriller remarquablement mise en sc\u00e8ne et interpr\u00e9t\u00e9, dont chaque plan porte l\u2019empreinte de son auteur.<\/strong><\/p>\n","protected":false},"excerpt":{"rendered":"<p>ESC permet de revoir en blu-ray ou en DVD, r\u00e9unies dans un coffret ou \u00e0 l\u2019unit\u00e9, trois des \u0153uvres ma\u00eetresses\u2026<\/p>\n","protected":false},"author":116,"featured_media":0,"comment_status":"open","ping_status":"open","sticky":false,"template":"","format":"standard","meta":[],"categories":[9],"tags":[],"yoast_head":"<!-- This site is optimized with the Yoast SEO plugin v20.8 - https:\/\/yoast.com\/wordpress\/plugins\/seo\/ -->\n<title>New York, 2 heures du matin de Abel Ferrara\u00a0\u00a0 - Olivier P\u00e8re<\/title>\n<meta name=\"robots\" content=\"index, follow, max-snippet:-1, max-image-preview:large, max-video-preview:-1\" \/>\n<link rel=\"canonical\" href=\"https:\/\/www.arte.tv\/sites\/olivierpere\/2019\/10\/06\/new-york-2-heures-du-matin-de-abel-ferrara\/\" \/>\n<meta property=\"og:locale\" content=\"fr_FR\" \/>\n<meta property=\"og:type\" content=\"article\" \/>\n<meta property=\"og:title\" content=\"New York, 2 heures du matin de Abel Ferrara\u00a0\u00a0 - Olivier P\u00e8re\" \/>\n<meta property=\"og:description\" content=\"ESC permet de revoir en blu-ray ou en DVD, r\u00e9unies dans un coffret ou \u00e0 l\u2019unit\u00e9, trois des \u0153uvres ma\u00eetresses\u2026\" \/>\n<meta property=\"og:url\" content=\"https:\/\/www.arte.tv\/sites\/olivierpere\/2019\/10\/06\/new-york-2-heures-du-matin-de-abel-ferrara\/\" \/>\n<meta property=\"og:site_name\" content=\"Olivier P\u00e8re\" \/>\n<meta property=\"article:published_time\" content=\"2019-10-06T15:03:18+00:00\" \/>\n<meta property=\"article:modified_time\" content=\"2020-04-03T17:32:19+00:00\" \/>\n<meta name=\"author\" content=\"Olivier P\u00e8re\" \/>\n<meta name=\"twitter:label1\" content=\"\u00c9crit par\" \/>\n\t<meta name=\"twitter:data1\" content=\"Olivier P\u00e8re\" \/>\n\t<meta name=\"twitter:label2\" content=\"Dur\u00e9e de lecture estim\u00e9e\" \/>\n\t<meta name=\"twitter:data2\" content=\"3 minutes\" \/>\n<script type=\"application\/ld+json\" class=\"yoast-schema-graph\">{\"@context\":\"https:\/\/schema.org\",\"@graph\":[{\"@type\":\"WebPage\",\"@id\":\"https:\/\/www.arte.tv\/sites\/olivierpere\/2019\/10\/06\/new-york-2-heures-du-matin-de-abel-ferrara\/\",\"url\":\"https:\/\/www.arte.tv\/sites\/olivierpere\/2019\/10\/06\/new-york-2-heures-du-matin-de-abel-ferrara\/\",\"name\":\"New York, 2 heures du matin de Abel Ferrara\u00a0\u00a0 - Olivier P\u00e8re\",\"isPartOf\":{\"@id\":\"https:\/\/www.arte.tv\/sites\/olivierpere\/#website\"},\"datePublished\":\"2019-10-06T15:03:18+00:00\",\"dateModified\":\"2020-04-03T17:32:19+00:00\",\"author\":{\"@id\":\"https:\/\/www.arte.tv\/sites\/olivierpere\/#\/schema\/person\/dc32cd6c79be95e52d43b97a74182558\"},\"breadcrumb\":{\"@id\":\"https:\/\/www.arte.tv\/sites\/olivierpere\/2019\/10\/06\/new-york-2-heures-du-matin-de-abel-ferrara\/#breadcrumb\"},\"inLanguage\":\"fr-FR\",\"potentialAction\":[{\"@type\":\"ReadAction\",\"target\":[\"https:\/\/www.arte.tv\/sites\/olivierpere\/2019\/10\/06\/new-york-2-heures-du-matin-de-abel-ferrara\/\"]}]},{\"@type\":\"BreadcrumbList\",\"@id\":\"https:\/\/www.arte.tv\/sites\/olivierpere\/2019\/10\/06\/new-york-2-heures-du-matin-de-abel-ferrara\/#breadcrumb\",\"itemListElement\":[{\"@type\":\"ListItem\",\"position\":1,\"name\":\"Home\",\"item\":\"https:\/\/www.arte.tv\/sites\/olivierpere\/\"},{\"@type\":\"ListItem\",\"position\":2,\"name\":\"New York, 2 heures du matin de Abel Ferrara\u00a0\u00a0\"}]},{\"@type\":\"WebSite\",\"@id\":\"https:\/\/www.arte.tv\/sites\/olivierpere\/#website\",\"url\":\"https:\/\/www.arte.tv\/sites\/olivierpere\/\",\"name\":\"Olivier P\u00e8re\",\"description\":\"\",\"potentialAction\":[{\"@type\":\"SearchAction\",\"target\":{\"@type\":\"EntryPoint\",\"urlTemplate\":\"https:\/\/www.arte.tv\/sites\/olivierpere\/?s={search_term_string}\"},\"query-input\":\"required name=search_term_string\"}],\"inLanguage\":\"fr-FR\"},{\"@type\":\"Person\",\"@id\":\"https:\/\/www.arte.tv\/sites\/olivierpere\/#\/schema\/person\/dc32cd6c79be95e52d43b97a74182558\",\"name\":\"Olivier P\u00e8re\",\"image\":{\"@type\":\"ImageObject\",\"inLanguage\":\"fr-FR\",\"@id\":\"https:\/\/www.arte.tv\/sites\/olivierpere\/#\/schema\/person\/image\/\",\"url\":\"https:\/\/secure.gravatar.com\/avatar\/bdea7b6a2c195e2c41772429a9694758?s=96&d=mm&r=g\",\"contentUrl\":\"https:\/\/secure.gravatar.com\/avatar\/bdea7b6a2c195e2c41772429a9694758?s=96&d=mm&r=g\",\"caption\":\"Olivier P\u00e8re\"},\"url\":\"https:\/\/www.arte.tv\/sites\/olivierpere\/author\/pereolivier\/\"}]}<\/script>\n<!-- \/ Yoast SEO plugin. -->","yoast_head_json":{"title":"New York, 2 heures du matin de Abel Ferrara\u00a0\u00a0 - Olivier P\u00e8re","robots":{"index":"index","follow":"follow","max-snippet":"max-snippet:-1","max-image-preview":"max-image-preview:large","max-video-preview":"max-video-preview:-1"},"canonical":"https:\/\/www.arte.tv\/sites\/olivierpere\/2019\/10\/06\/new-york-2-heures-du-matin-de-abel-ferrara\/","og_locale":"fr_FR","og_type":"article","og_title":"New York, 2 heures du matin de Abel Ferrara\u00a0\u00a0 - Olivier P\u00e8re","og_description":"ESC permet de revoir en blu-ray ou en DVD, r\u00e9unies dans un coffret ou \u00e0 l\u2019unit\u00e9, trois des \u0153uvres ma\u00eetresses\u2026","og_url":"https:\/\/www.arte.tv\/sites\/olivierpere\/2019\/10\/06\/new-york-2-heures-du-matin-de-abel-ferrara\/","og_site_name":"Olivier P\u00e8re","article_published_time":"2019-10-06T15:03:18+00:00","article_modified_time":"2020-04-03T17:32:19+00:00","author":"Olivier P\u00e8re","twitter_misc":{"\u00c9crit par":"Olivier P\u00e8re","Dur\u00e9e de lecture estim\u00e9e":"3 minutes"},"schema":{"@context":"https:\/\/schema.org","@graph":[{"@type":"WebPage","@id":"https:\/\/www.arte.tv\/sites\/olivierpere\/2019\/10\/06\/new-york-2-heures-du-matin-de-abel-ferrara\/","url":"https:\/\/www.arte.tv\/sites\/olivierpere\/2019\/10\/06\/new-york-2-heures-du-matin-de-abel-ferrara\/","name":"New York, 2 heures du matin de Abel Ferrara\u00a0\u00a0 - Olivier P\u00e8re","isPartOf":{"@id":"https:\/\/www.arte.tv\/sites\/olivierpere\/#website"},"datePublished":"2019-10-06T15:03:18+00:00","dateModified":"2020-04-03T17:32:19+00:00","author":{"@id":"https:\/\/www.arte.tv\/sites\/olivierpere\/#\/schema\/person\/dc32cd6c79be95e52d43b97a74182558"},"breadcrumb":{"@id":"https:\/\/www.arte.tv\/sites\/olivierpere\/2019\/10\/06\/new-york-2-heures-du-matin-de-abel-ferrara\/#breadcrumb"},"inLanguage":"fr-FR","potentialAction":[{"@type":"ReadAction","target":["https:\/\/www.arte.tv\/sites\/olivierpere\/2019\/10\/06\/new-york-2-heures-du-matin-de-abel-ferrara\/"]}]},{"@type":"BreadcrumbList","@id":"https:\/\/www.arte.tv\/sites\/olivierpere\/2019\/10\/06\/new-york-2-heures-du-matin-de-abel-ferrara\/#breadcrumb","itemListElement":[{"@type":"ListItem","position":1,"name":"Home","item":"https:\/\/www.arte.tv\/sites\/olivierpere\/"},{"@type":"ListItem","position":2,"name":"New York, 2 heures du matin de Abel Ferrara\u00a0\u00a0"}]},{"@type":"WebSite","@id":"https:\/\/www.arte.tv\/sites\/olivierpere\/#website","url":"https:\/\/www.arte.tv\/sites\/olivierpere\/","name":"Olivier P\u00e8re","description":"","potentialAction":[{"@type":"SearchAction","target":{"@type":"EntryPoint","urlTemplate":"https:\/\/www.arte.tv\/sites\/olivierpere\/?s={search_term_string}"},"query-input":"required name=search_term_string"}],"inLanguage":"fr-FR"},{"@type":"Person","@id":"https:\/\/www.arte.tv\/sites\/olivierpere\/#\/schema\/person\/dc32cd6c79be95e52d43b97a74182558","name":"Olivier P\u00e8re","image":{"@type":"ImageObject","inLanguage":"fr-FR","@id":"https:\/\/www.arte.tv\/sites\/olivierpere\/#\/schema\/person\/image\/","url":"https:\/\/secure.gravatar.com\/avatar\/bdea7b6a2c195e2c41772429a9694758?s=96&d=mm&r=g","contentUrl":"https:\/\/secure.gravatar.com\/avatar\/bdea7b6a2c195e2c41772429a9694758?s=96&d=mm&r=g","caption":"Olivier P\u00e8re"},"url":"https:\/\/www.arte.tv\/sites\/olivierpere\/author\/pereolivier\/"}]}},"_links":{"self":[{"href":"https:\/\/www.arte.tv\/sites\/olivierpere\/wp-json\/wp\/v2\/posts\/23997"}],"collection":[{"href":"https:\/\/www.arte.tv\/sites\/olivierpere\/wp-json\/wp\/v2\/posts"}],"about":[{"href":"https:\/\/www.arte.tv\/sites\/olivierpere\/wp-json\/wp\/v2\/types\/post"}],"author":[{"embeddable":true,"href":"https:\/\/www.arte.tv\/sites\/olivierpere\/wp-json\/wp\/v2\/users\/116"}],"replies":[{"embeddable":true,"href":"https:\/\/www.arte.tv\/sites\/olivierpere\/wp-json\/wp\/v2\/comments?post=23997"}],"version-history":[{"count":3,"href":"https:\/\/www.arte.tv\/sites\/olivierpere\/wp-json\/wp\/v2\/posts\/23997\/revisions"}],"predecessor-version":[{"id":24865,"href":"https:\/\/www.arte.tv\/sites\/olivierpere\/wp-json\/wp\/v2\/posts\/23997\/revisions\/24865"}],"wp:attachment":[{"href":"https:\/\/www.arte.tv\/sites\/olivierpere\/wp-json\/wp\/v2\/media?parent=23997"}],"wp:term":[{"taxonomy":"category","embeddable":true,"href":"https:\/\/www.arte.tv\/sites\/olivierpere\/wp-json\/wp\/v2\/categories?post=23997"},{"taxonomy":"post_tag","embeddable":true,"href":"https:\/\/www.arte.tv\/sites\/olivierpere\/wp-json\/wp\/v2\/tags?post=23997"}],"curies":[{"name":"wp","href":"https:\/\/api.w.org\/{rel}","templated":true}]}}