{"id":23790,"date":"2019-07-05T10:48:32","date_gmt":"2019-07-05T09:48:32","guid":{"rendered":"https:\/\/www.arte.tv\/sites\/olivierpere\/?p=23790"},"modified":"2020-04-05T16:27:05","modified_gmt":"2020-04-05T15:27:05","slug":"lemmuree-vivante-de-lucio-fulci","status":"publish","type":"post","link":"https:\/\/www.arte.tv\/sites\/olivierpere\/2019\/07\/05\/lemmuree-vivante-de-lucio-fulci\/","title":{"rendered":"L\u2019Emmur\u00e9e vivante\u00a0de Lucio Fulci"},"content":{"rendered":"<p><strong><em>L\u2019Emmur\u00e9e vivante<\/em> (<em>Sette note in nero, <\/em>1977) demeure l\u2019un des meilleurs films de Lucio Fulci. C\u2019est un thriller paranormal qui d\u00e9bute comme un roman-photo, \u00e0 l\u2019instar de nombreuses productions commerciales transalpines de l\u2019\u00e9poque. Le sp\u00e9cialiste de l\u2019horreur \u00e0 l\u2019italienne, pas encore engag\u00e9 dans sa p\u00e9riode \u00ab\u00a0gore\u00a0\u00bb, n\u00e9glige les sc\u00e8nes sanglantes pour construire une intrigue autour des hallucinations d\u2019une jeune femme, t\u00e9moin involontaire d\u2019un meurtre \u00e9nigmatique. \u00c0 la mani\u00e8re de <em>Blow Up<\/em> d\u2019Antonioni, des \u00ab gialli \u00bb de Dario Argento ou <em>Ne vous retournez pas<\/em> de Nicolas Roeg, le film est une enqu\u00eate polici\u00e8re dans laquelle l\u2019h\u00e9ro\u00efne doit trouver le sens des images mentales terrifiantes qu\u2019elle a aper\u00e7ues au volant de sa voiture lors de la travers\u00e9e d\u2019un tunnel de montagne, et qui la conduisent d\u2019abord vers de fausses pistes. Le film illustre la th\u00e9matique fulcienne de la superposition d\u2019univers disjoints, du point de rencontre entre le r\u00eave et la r\u00e9alit\u00e9, le pass\u00e9 et le pr\u00e9sent, le monde des morts et celui des vivants. Il brode aussi autour de la pr\u00e9cognition et du sentiment de \u00ab\u00a0d\u00e9j\u00e0 vu\u00a0\u00bb qui s\u2019empare de l\u2019h\u00e9ro\u00efne, \u00e0 la fois protagoniste et spectatrice d\u2019un r\u00e9cit morcel\u00e9, pr\u00e9sent\u00e9 comme un puzzle. Il s\u2019inscrit \u00e9galement dans une tradition hitchcockienne, celle de <em>Rebecca<\/em> et <em>Soup\u00e7ons<\/em>, dans laquelle l\u2019harmonie conjugale se teinte progressivement d\u2019inqui\u00e9tude. Le titre original, \u00ab\u00a0sept notes en noir\u00a0\u00bb, offre la cl\u00e9 non pas de la r\u00e9solution de l\u2019\u00e9nigme, mais celle de la conclusion du film, tandis que le titre fran\u00e7ais explicite la r\u00e9f\u00e9rence \u00e0 Edgar Allan Poe. Le th\u00e8me musical ent\u00eatant, que l\u2019on doit au duo Bixio e Frizzi, intervient de mani\u00e8re inventive au c\u0153ur de la narration. Bref, c\u2019est beaucoup plus brillant que la plupart des films bis italiens des ann\u00e9es 70. Une fois n\u2019est pas coutume, Fulci b\u00e9n\u00e9ficie de bons acteurs au g\u00e9n\u00e9rique, Jennifer O\u2019Neill et Gabriele Ferzetti, mais aussi Gianni Garko abonn\u00e9 des westerns italiens parodiques et Marc Porel d\u00e9j\u00e0 dans <em>La Longue Nuit de l\u2019exorcisme<\/em>.<\/strong><\/p>\n<p><strong>R\u00e9\u00e9dition de quatre films de Lucio Fulci en versions restaur\u00e9s, distribu\u00e9s par Les Films du Cam\u00e9lia \u00e0 partir du mercredi 17 juillet\u00a0: <em>Perversion Story<\/em>, <em>Le Venin de la peur<\/em>, <em>La Longue Nuit de l\u2019exorcisme<\/em> et <em>L\u2019Emmur\u00e9e vivante<\/em>. Pour <em>Le Venin de la peur<\/em> et <em>La Longue Nuit de l\u2019exorcisme<\/em>, se reporter aux textes \u00e9crits \u00e0 l\u2019occasion de la sortie de ces titres en blu-ray chez Le Chat qui fume.<\/strong><\/p>\n","protected":false},"excerpt":{"rendered":"<p>L\u2019Emmur\u00e9e vivante (Sette note in nero, 1977) demeure l\u2019un des meilleurs films de Lucio Fulci. C\u2019est un thriller paranormal qui\u2026<\/p>\n","protected":false},"author":116,"featured_media":0,"comment_status":"open","ping_status":"open","sticky":false,"template":"","format":"standard","meta":[],"categories":[9],"tags":[],"yoast_head":"<!-- This site is optimized with the Yoast SEO plugin v20.8 - https:\/\/yoast.com\/wordpress\/plugins\/seo\/ -->\n<title>L\u2019Emmur\u00e9e vivante\u00a0de Lucio Fulci - Olivier P\u00e8re<\/title>\n<meta name=\"robots\" content=\"index, follow, max-snippet:-1, max-image-preview:large, max-video-preview:-1\" \/>\n<link rel=\"canonical\" href=\"https:\/\/www.arte.tv\/sites\/olivierpere\/2019\/07\/05\/lemmuree-vivante-de-lucio-fulci\/\" \/>\n<meta property=\"og:locale\" content=\"fr_FR\" \/>\n<meta property=\"og:type\" content=\"article\" \/>\n<meta property=\"og:title\" content=\"L\u2019Emmur\u00e9e vivante\u00a0de Lucio Fulci - Olivier P\u00e8re\" \/>\n<meta property=\"og:description\" content=\"L\u2019Emmur\u00e9e vivante (Sette note in nero, 1977) demeure l\u2019un des meilleurs films de Lucio Fulci. C\u2019est un thriller paranormal qui\u2026\" \/>\n<meta property=\"og:url\" content=\"https:\/\/www.arte.tv\/sites\/olivierpere\/2019\/07\/05\/lemmuree-vivante-de-lucio-fulci\/\" \/>\n<meta property=\"og:site_name\" content=\"Olivier P\u00e8re\" \/>\n<meta property=\"article:published_time\" content=\"2019-07-05T09:48:32+00:00\" \/>\n<meta property=\"article:modified_time\" content=\"2020-04-05T15:27:05+00:00\" \/>\n<meta name=\"author\" content=\"Olivier P\u00e8re\" \/>\n<meta name=\"twitter:label1\" content=\"\u00c9crit par\" \/>\n\t<meta name=\"twitter:data1\" content=\"Olivier P\u00e8re\" \/>\n\t<meta name=\"twitter:label2\" content=\"Dur\u00e9e de lecture estim\u00e9e\" \/>\n\t<meta name=\"twitter:data2\" content=\"2 minutes\" \/>\n<script type=\"application\/ld+json\" class=\"yoast-schema-graph\">{\"@context\":\"https:\/\/schema.org\",\"@graph\":[{\"@type\":\"WebPage\",\"@id\":\"https:\/\/www.arte.tv\/sites\/olivierpere\/2019\/07\/05\/lemmuree-vivante-de-lucio-fulci\/\",\"url\":\"https:\/\/www.arte.tv\/sites\/olivierpere\/2019\/07\/05\/lemmuree-vivante-de-lucio-fulci\/\",\"name\":\"L\u2019Emmur\u00e9e vivante\u00a0de Lucio Fulci - Olivier P\u00e8re\",\"isPartOf\":{\"@id\":\"https:\/\/www.arte.tv\/sites\/olivierpere\/#website\"},\"datePublished\":\"2019-07-05T09:48:32+00:00\",\"dateModified\":\"2020-04-05T15:27:05+00:00\",\"author\":{\"@id\":\"https:\/\/www.arte.tv\/sites\/olivierpere\/#\/schema\/person\/dc32cd6c79be95e52d43b97a74182558\"},\"breadcrumb\":{\"@id\":\"https:\/\/www.arte.tv\/sites\/olivierpere\/2019\/07\/05\/lemmuree-vivante-de-lucio-fulci\/#breadcrumb\"},\"inLanguage\":\"fr-FR\",\"potentialAction\":[{\"@type\":\"ReadAction\",\"target\":[\"https:\/\/www.arte.tv\/sites\/olivierpere\/2019\/07\/05\/lemmuree-vivante-de-lucio-fulci\/\"]}]},{\"@type\":\"BreadcrumbList\",\"@id\":\"https:\/\/www.arte.tv\/sites\/olivierpere\/2019\/07\/05\/lemmuree-vivante-de-lucio-fulci\/#breadcrumb\",\"itemListElement\":[{\"@type\":\"ListItem\",\"position\":1,\"name\":\"Home\",\"item\":\"https:\/\/www.arte.tv\/sites\/olivierpere\/\"},{\"@type\":\"ListItem\",\"position\":2,\"name\":\"L\u2019Emmur\u00e9e vivante\u00a0de Lucio Fulci\"}]},{\"@type\":\"WebSite\",\"@id\":\"https:\/\/www.arte.tv\/sites\/olivierpere\/#website\",\"url\":\"https:\/\/www.arte.tv\/sites\/olivierpere\/\",\"name\":\"Olivier P\u00e8re\",\"description\":\"\",\"potentialAction\":[{\"@type\":\"SearchAction\",\"target\":{\"@type\":\"EntryPoint\",\"urlTemplate\":\"https:\/\/www.arte.tv\/sites\/olivierpere\/?s={search_term_string}\"},\"query-input\":\"required name=search_term_string\"}],\"inLanguage\":\"fr-FR\"},{\"@type\":\"Person\",\"@id\":\"https:\/\/www.arte.tv\/sites\/olivierpere\/#\/schema\/person\/dc32cd6c79be95e52d43b97a74182558\",\"name\":\"Olivier P\u00e8re\",\"image\":{\"@type\":\"ImageObject\",\"inLanguage\":\"fr-FR\",\"@id\":\"https:\/\/www.arte.tv\/sites\/olivierpere\/#\/schema\/person\/image\/\",\"url\":\"https:\/\/secure.gravatar.com\/avatar\/bdea7b6a2c195e2c41772429a9694758?s=96&d=mm&r=g\",\"contentUrl\":\"https:\/\/secure.gravatar.com\/avatar\/bdea7b6a2c195e2c41772429a9694758?s=96&d=mm&r=g\",\"caption\":\"Olivier P\u00e8re\"},\"url\":\"https:\/\/www.arte.tv\/sites\/olivierpere\/author\/pereolivier\/\"}]}<\/script>\n<!-- \/ Yoast SEO plugin. -->","yoast_head_json":{"title":"L\u2019Emmur\u00e9e vivante\u00a0de Lucio Fulci - Olivier P\u00e8re","robots":{"index":"index","follow":"follow","max-snippet":"max-snippet:-1","max-image-preview":"max-image-preview:large","max-video-preview":"max-video-preview:-1"},"canonical":"https:\/\/www.arte.tv\/sites\/olivierpere\/2019\/07\/05\/lemmuree-vivante-de-lucio-fulci\/","og_locale":"fr_FR","og_type":"article","og_title":"L\u2019Emmur\u00e9e vivante\u00a0de Lucio Fulci - Olivier P\u00e8re","og_description":"L\u2019Emmur\u00e9e vivante (Sette note in nero, 1977) demeure l\u2019un des meilleurs films de Lucio Fulci. C\u2019est un thriller paranormal qui\u2026","og_url":"https:\/\/www.arte.tv\/sites\/olivierpere\/2019\/07\/05\/lemmuree-vivante-de-lucio-fulci\/","og_site_name":"Olivier P\u00e8re","article_published_time":"2019-07-05T09:48:32+00:00","article_modified_time":"2020-04-05T15:27:05+00:00","author":"Olivier P\u00e8re","twitter_misc":{"\u00c9crit par":"Olivier P\u00e8re","Dur\u00e9e de lecture estim\u00e9e":"2 minutes"},"schema":{"@context":"https:\/\/schema.org","@graph":[{"@type":"WebPage","@id":"https:\/\/www.arte.tv\/sites\/olivierpere\/2019\/07\/05\/lemmuree-vivante-de-lucio-fulci\/","url":"https:\/\/www.arte.tv\/sites\/olivierpere\/2019\/07\/05\/lemmuree-vivante-de-lucio-fulci\/","name":"L\u2019Emmur\u00e9e vivante\u00a0de Lucio Fulci - Olivier P\u00e8re","isPartOf":{"@id":"https:\/\/www.arte.tv\/sites\/olivierpere\/#website"},"datePublished":"2019-07-05T09:48:32+00:00","dateModified":"2020-04-05T15:27:05+00:00","author":{"@id":"https:\/\/www.arte.tv\/sites\/olivierpere\/#\/schema\/person\/dc32cd6c79be95e52d43b97a74182558"},"breadcrumb":{"@id":"https:\/\/www.arte.tv\/sites\/olivierpere\/2019\/07\/05\/lemmuree-vivante-de-lucio-fulci\/#breadcrumb"},"inLanguage":"fr-FR","potentialAction":[{"@type":"ReadAction","target":["https:\/\/www.arte.tv\/sites\/olivierpere\/2019\/07\/05\/lemmuree-vivante-de-lucio-fulci\/"]}]},{"@type":"BreadcrumbList","@id":"https:\/\/www.arte.tv\/sites\/olivierpere\/2019\/07\/05\/lemmuree-vivante-de-lucio-fulci\/#breadcrumb","itemListElement":[{"@type":"ListItem","position":1,"name":"Home","item":"https:\/\/www.arte.tv\/sites\/olivierpere\/"},{"@type":"ListItem","position":2,"name":"L\u2019Emmur\u00e9e vivante\u00a0de Lucio Fulci"}]},{"@type":"WebSite","@id":"https:\/\/www.arte.tv\/sites\/olivierpere\/#website","url":"https:\/\/www.arte.tv\/sites\/olivierpere\/","name":"Olivier P\u00e8re","description":"","potentialAction":[{"@type":"SearchAction","target":{"@type":"EntryPoint","urlTemplate":"https:\/\/www.arte.tv\/sites\/olivierpere\/?s={search_term_string}"},"query-input":"required name=search_term_string"}],"inLanguage":"fr-FR"},{"@type":"Person","@id":"https:\/\/www.arte.tv\/sites\/olivierpere\/#\/schema\/person\/dc32cd6c79be95e52d43b97a74182558","name":"Olivier P\u00e8re","image":{"@type":"ImageObject","inLanguage":"fr-FR","@id":"https:\/\/www.arte.tv\/sites\/olivierpere\/#\/schema\/person\/image\/","url":"https:\/\/secure.gravatar.com\/avatar\/bdea7b6a2c195e2c41772429a9694758?s=96&d=mm&r=g","contentUrl":"https:\/\/secure.gravatar.com\/avatar\/bdea7b6a2c195e2c41772429a9694758?s=96&d=mm&r=g","caption":"Olivier P\u00e8re"},"url":"https:\/\/www.arte.tv\/sites\/olivierpere\/author\/pereolivier\/"}]}},"_links":{"self":[{"href":"https:\/\/www.arte.tv\/sites\/olivierpere\/wp-json\/wp\/v2\/posts\/23790"}],"collection":[{"href":"https:\/\/www.arte.tv\/sites\/olivierpere\/wp-json\/wp\/v2\/posts"}],"about":[{"href":"https:\/\/www.arte.tv\/sites\/olivierpere\/wp-json\/wp\/v2\/types\/post"}],"author":[{"embeddable":true,"href":"https:\/\/www.arte.tv\/sites\/olivierpere\/wp-json\/wp\/v2\/users\/116"}],"replies":[{"embeddable":true,"href":"https:\/\/www.arte.tv\/sites\/olivierpere\/wp-json\/wp\/v2\/comments?post=23790"}],"version-history":[{"count":2,"href":"https:\/\/www.arte.tv\/sites\/olivierpere\/wp-json\/wp\/v2\/posts\/23790\/revisions"}],"predecessor-version":[{"id":24913,"href":"https:\/\/www.arte.tv\/sites\/olivierpere\/wp-json\/wp\/v2\/posts\/23790\/revisions\/24913"}],"wp:attachment":[{"href":"https:\/\/www.arte.tv\/sites\/olivierpere\/wp-json\/wp\/v2\/media?parent=23790"}],"wp:term":[{"taxonomy":"category","embeddable":true,"href":"https:\/\/www.arte.tv\/sites\/olivierpere\/wp-json\/wp\/v2\/categories?post=23790"},{"taxonomy":"post_tag","embeddable":true,"href":"https:\/\/www.arte.tv\/sites\/olivierpere\/wp-json\/wp\/v2\/tags?post=23790"}],"curies":[{"name":"wp","href":"https:\/\/api.w.org\/{rel}","templated":true}]}}