{"id":23716,"date":"2019-06-17T14:08:48","date_gmt":"2019-06-17T13:08:48","guid":{"rendered":"https:\/\/www.arte.tv\/sites\/olivierpere\/?p=23716"},"modified":"2020-03-27T13:38:40","modified_gmt":"2020-03-27T12:38:40","slug":"le-professeur-de-valerio-zurlini","status":"publish","type":"post","link":"https:\/\/www.arte.tv\/sites\/olivierpere\/2019\/06\/17\/le-professeur-de-valerio-zurlini\/","title":{"rendered":"Le Professeur de Valerio Zurlini"},"content":{"rendered":"<p><strong>Valerio Zurlini (1926-1982) \u00e9tait le grand cin\u00e9aste des passions tristes. Entre chronique et m\u00e9lodrame, ses plus beaux films nous transportent sur les rives du d\u00e9sespoir et de l\u2019\u00e9l\u00e9gie. Cet auteur \u00e9l\u00e9gant, cultiv\u00e9 et d\u00e9pressif, le moins productif des cin\u00e9astes italiens importants de l\u2019apr\u00e8s-guerre \u2013 \u00e0 peine huit longs m\u00e9trages pour le cin\u00e9ma \u2013 a sign\u00e9 en 1972 un chef-d\u2019\u0153uvre maudit, qui pourrait \u00e9galement revendiquer le statut de testament artistique. Il s\u2019agit du <em>Professeur<\/em> (titre fran\u00e7ais indigne de l\u2019italien, <em>La prima notte di quiete<\/em>, \u00ab la premi\u00e8re nuit de tranquillit\u00e9 \u00bb, soit la mort \u2013 selon Goethe). Zurlini, en pleine crise existentielle, s\u2019y livre comme jamais. C\u2019est un film d\u2019une noirceur absolue, nihiliste et bouleversant, une histoire d\u2019amour impossible qui n\u2019a d\u2019autre issue que l\u2019an\u00e9antissement. Dans l\u2019\u0153uvre de Zurlini, <em>Le Professeur<\/em> vient dialoguer avec un titre g\u00e9nial, <em>Journal intime<\/em> (<em>Cronaca familiare<\/em>) r\u00e9alis\u00e9 en 1962. Zurlini ne parle plus des rapports entre deux fr\u00e8res, mais de l\u2019attirance d\u2019un professeur de lettres en pleine d\u00e9confiture conjugale pour une de ses \u00e9tudiantes (la tr\u00e8s belle Sonia Petrovna, la m\u00eame ann\u00e9e que <em>Ludwig<\/em> de Visconti !). Le film se d\u00e9roule dans une Rimini hivernale o\u00f9 nous retrouvons le talent de paysagiste de Zurlini, cette fois-ci \u00e9paul\u00e9 par le directeur de la photographie Dario Di Palma, et le froid lyrisme de sa mise en sc\u00e8ne. Entour\u00e9 d\u2019une bande de \u00ab vittelloni \u00bb assez louches (parmi lesquels Giancarlo Giannini et Renato Salvatori), Daniele Dominici, porteur d\u2019une blessure secr\u00e8te, y fait l\u2019exp\u00e9rience de l\u2019ennui provincial mais aussi de la souillure et d\u2019une certaine d\u00e9cadence morale. Dans le r\u00f4le de Daniele, Alain Delon est admirable. Il livre dans <em>Le Professeur <\/em>une de ses interpr\u00e9tations les plus admirables, et les plus path\u00e9tiques de tout sa carri\u00e8re. \u00c9galement coproducteur, la star fran\u00e7aise se brouillera avec Zurlini, changera le titre et coupera pr\u00e8s de quarante-cinq minutes du film lors de son exploitation fran\u00e7aise. Il a fini r\u00e9cemment par conc\u00e9der son erreur. C\u2019est \u00e9videmment dans sa longue, ext\u00e9nuante et d\u00e9pressive version italienne qu\u2019il faut d\u00e9couvrir, voir et revoir jusqu\u2019au malaise ce monument d\u2019autodestruction et de passion morbide.<\/strong><\/p>\n<p>&nbsp;<\/p>\n<p><strong>Ressortie en salles mercredi 12 juin, pour la premi\u00e8re fois en France en version int\u00e9grale et restaur\u00e9e, distribu\u00e9 par Les Films du Cam\u00e9lia.<\/strong><\/p>\n","protected":false},"excerpt":{"rendered":"<p>Valerio Zurlini (1926-1982) \u00e9tait le grand cin\u00e9aste des passions tristes. Entre chronique et m\u00e9lodrame, ses plus beaux films nous transportent\u2026<\/p>\n","protected":false},"author":116,"featured_media":0,"comment_status":"open","ping_status":"open","sticky":false,"template":"","format":"standard","meta":[],"categories":[9],"tags":[],"yoast_head":"<!-- This site is optimized with the Yoast SEO plugin v20.8 - https:\/\/yoast.com\/wordpress\/plugins\/seo\/ -->\n<title>Le Professeur de Valerio Zurlini - Olivier P\u00e8re<\/title>\n<meta name=\"robots\" content=\"index, follow, max-snippet:-1, max-image-preview:large, max-video-preview:-1\" \/>\n<link rel=\"canonical\" href=\"https:\/\/www.arte.tv\/sites\/olivierpere\/2019\/06\/17\/le-professeur-de-valerio-zurlini\/\" \/>\n<meta property=\"og:locale\" content=\"fr_FR\" \/>\n<meta property=\"og:type\" content=\"article\" \/>\n<meta property=\"og:title\" content=\"Le Professeur de Valerio Zurlini - Olivier P\u00e8re\" \/>\n<meta property=\"og:description\" content=\"Valerio Zurlini (1926-1982) \u00e9tait le grand cin\u00e9aste des passions tristes. Entre chronique et m\u00e9lodrame, ses plus beaux films nous transportent\u2026\" \/>\n<meta property=\"og:url\" content=\"https:\/\/www.arte.tv\/sites\/olivierpere\/2019\/06\/17\/le-professeur-de-valerio-zurlini\/\" \/>\n<meta property=\"og:site_name\" content=\"Olivier P\u00e8re\" \/>\n<meta property=\"article:published_time\" content=\"2019-06-17T13:08:48+00:00\" \/>\n<meta property=\"article:modified_time\" content=\"2020-03-27T12:38:40+00:00\" \/>\n<meta name=\"author\" content=\"Olivier P\u00e8re\" \/>\n<meta name=\"twitter:label1\" content=\"\u00c9crit par\" \/>\n\t<meta name=\"twitter:data1\" content=\"Olivier P\u00e8re\" \/>\n\t<meta name=\"twitter:label2\" content=\"Dur\u00e9e de lecture estim\u00e9e\" \/>\n\t<meta name=\"twitter:data2\" content=\"2 minutes\" \/>\n<script type=\"application\/ld+json\" class=\"yoast-schema-graph\">{\"@context\":\"https:\/\/schema.org\",\"@graph\":[{\"@type\":\"WebPage\",\"@id\":\"https:\/\/www.arte.tv\/sites\/olivierpere\/2019\/06\/17\/le-professeur-de-valerio-zurlini\/\",\"url\":\"https:\/\/www.arte.tv\/sites\/olivierpere\/2019\/06\/17\/le-professeur-de-valerio-zurlini\/\",\"name\":\"Le Professeur de Valerio Zurlini - Olivier P\u00e8re\",\"isPartOf\":{\"@id\":\"https:\/\/www.arte.tv\/sites\/olivierpere\/#website\"},\"datePublished\":\"2019-06-17T13:08:48+00:00\",\"dateModified\":\"2020-03-27T12:38:40+00:00\",\"author\":{\"@id\":\"https:\/\/www.arte.tv\/sites\/olivierpere\/#\/schema\/person\/dc32cd6c79be95e52d43b97a74182558\"},\"breadcrumb\":{\"@id\":\"https:\/\/www.arte.tv\/sites\/olivierpere\/2019\/06\/17\/le-professeur-de-valerio-zurlini\/#breadcrumb\"},\"inLanguage\":\"fr-FR\",\"potentialAction\":[{\"@type\":\"ReadAction\",\"target\":[\"https:\/\/www.arte.tv\/sites\/olivierpere\/2019\/06\/17\/le-professeur-de-valerio-zurlini\/\"]}]},{\"@type\":\"BreadcrumbList\",\"@id\":\"https:\/\/www.arte.tv\/sites\/olivierpere\/2019\/06\/17\/le-professeur-de-valerio-zurlini\/#breadcrumb\",\"itemListElement\":[{\"@type\":\"ListItem\",\"position\":1,\"name\":\"Home\",\"item\":\"https:\/\/www.arte.tv\/sites\/olivierpere\/\"},{\"@type\":\"ListItem\",\"position\":2,\"name\":\"Le Professeur de Valerio Zurlini\"}]},{\"@type\":\"WebSite\",\"@id\":\"https:\/\/www.arte.tv\/sites\/olivierpere\/#website\",\"url\":\"https:\/\/www.arte.tv\/sites\/olivierpere\/\",\"name\":\"Olivier P\u00e8re\",\"description\":\"\",\"potentialAction\":[{\"@type\":\"SearchAction\",\"target\":{\"@type\":\"EntryPoint\",\"urlTemplate\":\"https:\/\/www.arte.tv\/sites\/olivierpere\/?s={search_term_string}\"},\"query-input\":\"required name=search_term_string\"}],\"inLanguage\":\"fr-FR\"},{\"@type\":\"Person\",\"@id\":\"https:\/\/www.arte.tv\/sites\/olivierpere\/#\/schema\/person\/dc32cd6c79be95e52d43b97a74182558\",\"name\":\"Olivier P\u00e8re\",\"image\":{\"@type\":\"ImageObject\",\"inLanguage\":\"fr-FR\",\"@id\":\"https:\/\/www.arte.tv\/sites\/olivierpere\/#\/schema\/person\/image\/\",\"url\":\"https:\/\/secure.gravatar.com\/avatar\/bdea7b6a2c195e2c41772429a9694758?s=96&d=mm&r=g\",\"contentUrl\":\"https:\/\/secure.gravatar.com\/avatar\/bdea7b6a2c195e2c41772429a9694758?s=96&d=mm&r=g\",\"caption\":\"Olivier P\u00e8re\"},\"url\":\"https:\/\/www.arte.tv\/sites\/olivierpere\/author\/pereolivier\/\"}]}<\/script>\n<!-- \/ Yoast SEO plugin. -->","yoast_head_json":{"title":"Le Professeur de Valerio Zurlini - Olivier P\u00e8re","robots":{"index":"index","follow":"follow","max-snippet":"max-snippet:-1","max-image-preview":"max-image-preview:large","max-video-preview":"max-video-preview:-1"},"canonical":"https:\/\/www.arte.tv\/sites\/olivierpere\/2019\/06\/17\/le-professeur-de-valerio-zurlini\/","og_locale":"fr_FR","og_type":"article","og_title":"Le Professeur de Valerio Zurlini - Olivier P\u00e8re","og_description":"Valerio Zurlini (1926-1982) \u00e9tait le grand cin\u00e9aste des passions tristes. Entre chronique et m\u00e9lodrame, ses plus beaux films nous transportent\u2026","og_url":"https:\/\/www.arte.tv\/sites\/olivierpere\/2019\/06\/17\/le-professeur-de-valerio-zurlini\/","og_site_name":"Olivier P\u00e8re","article_published_time":"2019-06-17T13:08:48+00:00","article_modified_time":"2020-03-27T12:38:40+00:00","author":"Olivier P\u00e8re","twitter_misc":{"\u00c9crit par":"Olivier P\u00e8re","Dur\u00e9e de lecture estim\u00e9e":"2 minutes"},"schema":{"@context":"https:\/\/schema.org","@graph":[{"@type":"WebPage","@id":"https:\/\/www.arte.tv\/sites\/olivierpere\/2019\/06\/17\/le-professeur-de-valerio-zurlini\/","url":"https:\/\/www.arte.tv\/sites\/olivierpere\/2019\/06\/17\/le-professeur-de-valerio-zurlini\/","name":"Le Professeur de Valerio Zurlini - Olivier P\u00e8re","isPartOf":{"@id":"https:\/\/www.arte.tv\/sites\/olivierpere\/#website"},"datePublished":"2019-06-17T13:08:48+00:00","dateModified":"2020-03-27T12:38:40+00:00","author":{"@id":"https:\/\/www.arte.tv\/sites\/olivierpere\/#\/schema\/person\/dc32cd6c79be95e52d43b97a74182558"},"breadcrumb":{"@id":"https:\/\/www.arte.tv\/sites\/olivierpere\/2019\/06\/17\/le-professeur-de-valerio-zurlini\/#breadcrumb"},"inLanguage":"fr-FR","potentialAction":[{"@type":"ReadAction","target":["https:\/\/www.arte.tv\/sites\/olivierpere\/2019\/06\/17\/le-professeur-de-valerio-zurlini\/"]}]},{"@type":"BreadcrumbList","@id":"https:\/\/www.arte.tv\/sites\/olivierpere\/2019\/06\/17\/le-professeur-de-valerio-zurlini\/#breadcrumb","itemListElement":[{"@type":"ListItem","position":1,"name":"Home","item":"https:\/\/www.arte.tv\/sites\/olivierpere\/"},{"@type":"ListItem","position":2,"name":"Le Professeur de Valerio Zurlini"}]},{"@type":"WebSite","@id":"https:\/\/www.arte.tv\/sites\/olivierpere\/#website","url":"https:\/\/www.arte.tv\/sites\/olivierpere\/","name":"Olivier P\u00e8re","description":"","potentialAction":[{"@type":"SearchAction","target":{"@type":"EntryPoint","urlTemplate":"https:\/\/www.arte.tv\/sites\/olivierpere\/?s={search_term_string}"},"query-input":"required name=search_term_string"}],"inLanguage":"fr-FR"},{"@type":"Person","@id":"https:\/\/www.arte.tv\/sites\/olivierpere\/#\/schema\/person\/dc32cd6c79be95e52d43b97a74182558","name":"Olivier P\u00e8re","image":{"@type":"ImageObject","inLanguage":"fr-FR","@id":"https:\/\/www.arte.tv\/sites\/olivierpere\/#\/schema\/person\/image\/","url":"https:\/\/secure.gravatar.com\/avatar\/bdea7b6a2c195e2c41772429a9694758?s=96&d=mm&r=g","contentUrl":"https:\/\/secure.gravatar.com\/avatar\/bdea7b6a2c195e2c41772429a9694758?s=96&d=mm&r=g","caption":"Olivier P\u00e8re"},"url":"https:\/\/www.arte.tv\/sites\/olivierpere\/author\/pereolivier\/"}]}},"_links":{"self":[{"href":"https:\/\/www.arte.tv\/sites\/olivierpere\/wp-json\/wp\/v2\/posts\/23716"}],"collection":[{"href":"https:\/\/www.arte.tv\/sites\/olivierpere\/wp-json\/wp\/v2\/posts"}],"about":[{"href":"https:\/\/www.arte.tv\/sites\/olivierpere\/wp-json\/wp\/v2\/types\/post"}],"author":[{"embeddable":true,"href":"https:\/\/www.arte.tv\/sites\/olivierpere\/wp-json\/wp\/v2\/users\/116"}],"replies":[{"embeddable":true,"href":"https:\/\/www.arte.tv\/sites\/olivierpere\/wp-json\/wp\/v2\/comments?post=23716"}],"version-history":[{"count":4,"href":"https:\/\/www.arte.tv\/sites\/olivierpere\/wp-json\/wp\/v2\/posts\/23716\/revisions"}],"predecessor-version":[{"id":24505,"href":"https:\/\/www.arte.tv\/sites\/olivierpere\/wp-json\/wp\/v2\/posts\/23716\/revisions\/24505"}],"wp:attachment":[{"href":"https:\/\/www.arte.tv\/sites\/olivierpere\/wp-json\/wp\/v2\/media?parent=23716"}],"wp:term":[{"taxonomy":"category","embeddable":true,"href":"https:\/\/www.arte.tv\/sites\/olivierpere\/wp-json\/wp\/v2\/categories?post=23716"},{"taxonomy":"post_tag","embeddable":true,"href":"https:\/\/www.arte.tv\/sites\/olivierpere\/wp-json\/wp\/v2\/tags?post=23716"}],"curies":[{"name":"wp","href":"https:\/\/api.w.org\/{rel}","templated":true}]}}