{"id":23622,"date":"2019-05-25T23:23:04","date_gmt":"2019-05-25T22:23:04","guid":{"rendered":"https:\/\/www.arte.tv\/sites\/olivierpere\/?p=23622"},"modified":"2020-04-05T16:37:45","modified_gmt":"2020-04-05T15:37:45","slug":"arte-multi-primee-au-72eme-festival-de-cannes","status":"publish","type":"post","link":"https:\/\/www.arte.tv\/sites\/olivierpere\/2019\/05\/25\/arte-multi-primee-au-72eme-festival-de-cannes\/","title":{"rendered":"ARTE multi-prim\u00e9e au 72\u00e8me Festival de Cannes"},"content":{"rendered":"<p><strong>Au terme d\u2019une \u00e9dition exceptionnelle, le jury du Festival de Cannes a d\u00e9cern\u00e9 \u00e0 l\u2019unanimit\u00e9 la Palme d\u2019or \u00e0 Bong Joon-ho pour son film <em>Parasite<\/em>. Cons\u00e9cration m\u00e9rit\u00e9e pour un cin\u00e9aste virtuose, qui n\u2019a cess\u00e9 de nous \u00e9blouir depuis <em>Memories of Murders<\/em> (2003) et <em>The Host<\/em> (son premier film montr\u00e9 \u00e0 Cannes en 2006, \u00e0 la Quinzaine des r\u00e9alisateurs). La Palme d\u2019or r\u00e9compense enfin la Cor\u00e9e du Sud, un grand pays de cin\u00e9ma remarquable par ses fortes personnalit\u00e9s artistiques mais aussi par la vivacit\u00e9 de ses productions commerciales. Bong Joon-ho r\u00e9unit \u00e0 lui seul ces deux p\u00f4les puisqu\u2019il peut pr\u00e9tendre sans ambigu\u00eft\u00e9 au statut d\u2019auteur complet, et qu\u2019il s\u2019exprime dans le domaine du cin\u00e9ma de genre (thriller, science-fiction, fantastique), domaine qu&rsquo;il ne cesse de subvertir et de d\u00e9passer par son imagination et sa virulence politique. <em>Parasite<\/em> ne d\u00e9roge pas \u00e0 la r\u00e8gle et Bong Joon-ho transforme une com\u00e9die noire en violente diatribe sur les rapports de classes dans la soci\u00e9t\u00e9 cor\u00e9enne.<\/strong><\/p>\n<p><strong>On peut regretter l\u2019absence au palmar\u00e8s de deux films admirables r\u00e9alis\u00e9s par des cin\u00e9astes au sommet de leur art (<em>Il \u00e9tait une fois\u2026 \u00e0 Hollywood<\/em> de Quentin Tarantino, <em>Roubaix, une lumi\u00e8re<\/em> de Arnaud Desplechin) et d&rsquo;un autre engag\u00e9 dans une qu\u00eate de v\u00e9rit\u00e9 \u00e0 la lisi\u00e8re de l\u2019exp\u00e9rimentation la plus radicale (<em>Mektoub My Love\u00a0: intermezzo<\/em> de Abdellatif Kechiche). On peut aussi se r\u00e9jouir que les jurys de la comp\u00e9tition officielle et des diff\u00e9rentes s\u00e9lections aient honor\u00e9 la diversit\u00e9, l\u2019\u00e9lan de jeunesse et la f\u00e9minit\u00e9 du cin\u00e9ma d\u2019auteur contemporain, repr\u00e9sent\u00e9s par de nombreux films co-produits ou soutenus par ARTE.\u00a0<\/strong><\/p>\n<p><strong>Voici la liste des films ARTE prim\u00e9s lors de la 72<sup>\u00e8me<\/sup> \u00e9dition du Festival de Cannes.<\/strong><\/p>\n<h3><strong>S\u00e9lection officielle<\/strong><\/h3>\n<p><strong>GRAND PRIX\u00a0<\/strong><strong><br \/>\n<em>Atlantique<\/em> de Mati Diop<br \/>\nLes Films du Bal, Cinekap, Frakas Productions, Canal + International, ARTE France Cin\u00e9ma, avec la participation d\u2019ARTE Cofinova<br \/>\nDistribution : Ad Vitam \u2013 ventes internationales : MK2 Films<\/strong><\/p>\n<p><strong>Photo en t\u00eate de texte : Mati Diop \u00a9 Bertrand No\u00ebl\u00a0<\/strong><\/p>\n<p><strong>PRIX DU SCENARIO et QUEER PALM<\/strong><strong><br \/>\n<em>Portrait de la jeune fille en feu<\/em><\/strong><strong> de C\u00e9line Sciamma<br \/>\nLilies Films, Hold-Up Films &amp; Productions, ARTE France Cin\u00e9ma<br \/>\nDistribution : Pyramide Distribution \u2013 ventes internationales : MK2 Films<\/strong><\/p>\n<p><strong>\u00a0<\/strong><\/p>\n<p><strong>PRIX DU JURY EX-AEQUO<\/strong><strong><br \/>\n<em>Bacurau<\/em> <\/strong><strong>de Kleber Mendon\u00e7a Filho et Juliano Dornelles<br \/>\nCinemascopio, SBS Productions, Globo Filmes, Simio Filmes, ARTE France Cin\u00e9ma, Telecine, Canal Brasil \u2013 Distribution et ventes internationales : SBS\u00a0<\/strong><\/p>\n<div id=\"attachment_23625\" style=\"width: 811px\" class=\"wp-caption alignnone\"><img aria-describedby=\"caption-attachment-23625\" decoding=\"async\" loading=\"lazy\" class=\"size-full wp-image-23625\" src=\"https:\/\/www.arte.tv\/sites\/olivierpere\/files\/0161751.jpg\" alt=\"Kleber Mendon\u00e7a Filho prix du jury ex-aequo pour son film Bacurau co-r\u00e9alis\u00e9 avec Juliano Dornelles \u00a9 Bertrand No\u00ebl\" width=\"801\" height=\"1200\" srcset=\"https:\/\/www.arte.tv\/sites\/olivierpere\/files\/0161751.jpg 801w, https:\/\/www.arte.tv\/sites\/olivierpere\/files\/0161751-187x280.jpg 187w, https:\/\/www.arte.tv\/sites\/olivierpere\/files\/0161751-768x1151.jpg 768w, https:\/\/www.arte.tv\/sites\/olivierpere\/files\/0161751-513x768.jpg 513w, https:\/\/www.arte.tv\/sites\/olivierpere\/files\/0161751-580x869.jpg 580w\" sizes=\"(max-width: 801px) 100vw, 801px\" \/><p id=\"caption-attachment-23625\" class=\"wp-caption-text\"><strong>Kleber Mendon\u00e7a Filho prix du jury ex-aequo pour son film <em>Bacurau<\/em> co-r\u00e9alis\u00e9 avec Juliano Dornelles \u00a9 Bertrand No\u00ebl<\/strong><\/p><\/div>\n<div id=\"attachment_23626\" style=\"width: 1210px\" class=\"wp-caption alignnone\"><img aria-describedby=\"caption-attachment-23626\" decoding=\"async\" loading=\"lazy\" class=\"size-full wp-image-23626\" src=\"https:\/\/www.arte.tv\/sites\/olivierpere\/files\/20190516_cannes_bertrandnoel_3_bacurau.jpg\" alt=\"Toute l'\u00e9quipe du film Bacurau \u00a9 Bertrand No\u00ebl\" width=\"1200\" height=\"645\" srcset=\"https:\/\/www.arte.tv\/sites\/olivierpere\/files\/20190516_cannes_bertrandnoel_3_bacurau.jpg 1200w, https:\/\/www.arte.tv\/sites\/olivierpere\/files\/20190516_cannes_bertrandnoel_3_bacurau-521x280.jpg 521w, https:\/\/www.arte.tv\/sites\/olivierpere\/files\/20190516_cannes_bertrandnoel_3_bacurau-768x413.jpg 768w, https:\/\/www.arte.tv\/sites\/olivierpere\/files\/20190516_cannes_bertrandnoel_3_bacurau-1024x550.jpg 1024w, https:\/\/www.arte.tv\/sites\/olivierpere\/files\/20190516_cannes_bertrandnoel_3_bacurau-580x312.jpg 580w\" sizes=\"(max-width: 1200px) 100vw, 1200px\" \/><p id=\"caption-attachment-23626\" class=\"wp-caption-text\"><strong>Toute l&rsquo;\u00e9quipe du film <em>Bacurau<\/em> \u00e0 Cannes \u00a9 Bertrand No\u00ebl<\/strong><\/p><\/div>\n<p>&nbsp;<\/p>\n<p><strong>PRIX DU JURY EX-AEQUO<\/strong><strong><br \/>\nPRIX DE LA CITOYENNETE et MENTION AU PRIX DES CINEMAS ART ET ESSAI<br \/>\n<em>Les Mis\u00e9rables<\/em> <\/strong><strong>de Ladj Ly<br \/>\nSRAB Films, Rectangle Productions, en association avec ARTE Cofinova<br \/>\nDistribution : Le Pacte \u2013 ventes internationales : Wild Bunch<\/strong><\/p>\n<p><strong>\u00a0<\/strong><\/p>\n<p><strong>PRIX D\u2019INTERPRETATION FEMININE<\/strong><strong><br \/>\nEmily Beecham pour <em>Little Joe<\/em> de Jessica Hausner<br \/>\nCoop99 Filmproducktion, Essential Filmproduktion, The Bureau, BR\/ARTE<br \/>\nDistribution : Bac Films \u2013 ventes internationales : Coproduction Office<\/strong><\/p>\n<p><strong>\u00a0<\/strong><\/p>\n<p><strong>MENTION SPECIALE et PRIX FIPRESCI<\/strong><strong><br \/>\n<em>It Must Be Heaven<\/em><\/strong><strong> de Elia Suleiman<br \/>\nRectangle Productions, Nazira Films, Pallas Films, Possibles Media, Zeyno Film, Doha Film Institute, ZDF\/ARTE<\/strong><\/p>\n<p><strong>Distribution : Le Pacte \u2013 ventes internationales : Wild Bunch<\/strong><\/p>\n<p><strong>\u00a0<\/strong><\/p>\n<p><strong>OEIL D\u2019OR<\/strong><strong><br \/>\n<em>La Cordill\u00e8re des songes<\/em><\/strong><strong> de Patricio Guzm\u00e0n<br \/>\nAtacama Productions, ARTE France Cin\u00e9ma, avec la participation de l\u2019Unite Soci\u00e9t\u00e9 et Culture d\u2019ARTE France, Sampek Productions, Market Chile \u2013 Distribution et ventes internationales : Pyramide\u00a0<\/strong><\/p>\n<p><strong>\u00a0<\/strong><\/p>\n<p><strong>PRIX SPECIAL DU JURY UN CERTAIN REGARD<\/strong><strong><br \/>\n<em>Libert\u00e9<\/em><\/strong> <strong>de Albert Serra<br \/>\nId\u00e9ale Audience, Rosa Filmes, Andergraun Films, Lupa Film, en association avec ARTE Cofinova<br \/>\nDistribution : Sophie Dulac Distribution \u2013 ventes internationales : Film Boutique<\/strong><\/p>\n<div id=\"attachment_23623\" style=\"width: 811px\" class=\"wp-caption alignnone\"><img aria-describedby=\"caption-attachment-23623\" decoding=\"async\" loading=\"lazy\" class=\"size-full wp-image-23623\" src=\"https:\/\/www.arte.tv\/sites\/olivierpere\/files\/0161615.jpg\" alt=\"Albert Serra, Prix sp\u00e9cial du jury Un Certain Regard pour son film Libert\u00e9 \u00a9 Bertrand No\u00ebl\" width=\"801\" height=\"1200\" srcset=\"https:\/\/www.arte.tv\/sites\/olivierpere\/files\/0161615.jpg 801w, https:\/\/www.arte.tv\/sites\/olivierpere\/files\/0161615-187x280.jpg 187w, https:\/\/www.arte.tv\/sites\/olivierpere\/files\/0161615-768x1151.jpg 768w, https:\/\/www.arte.tv\/sites\/olivierpere\/files\/0161615-513x768.jpg 513w, https:\/\/www.arte.tv\/sites\/olivierpere\/files\/0161615-580x869.jpg 580w\" sizes=\"(max-width: 801px) 100vw, 801px\" \/><p id=\"caption-attachment-23623\" class=\"wp-caption-text\"><strong>Albert Serra, Prix sp\u00e9cial du jury Un Certain Regard pour son film Libert\u00e9 \u00a9 Bertrand No\u00ebl<\/strong><\/p><\/div>\n<p><strong>\u00a0<\/strong><\/p>\n<h3><strong>Quinzaine des R\u00e9alisateurs<\/strong><\/h3>\n<p><strong>LABEL EUROPA CINEMAS<\/strong><strong><br \/>\n<em>Alice et le Maire<\/em> <\/strong><strong>de Nicolas Pariser<br \/>\nBizibi, ARTE France Cin\u00e9ma, Scope Pictures, Les Films du 10, Auvergne Rh\u00f4ne-Alpes Cin\u00e9ma<\/strong><\/p>\n<p><strong>Distribution et ventes internationales : Bac Films<\/strong><\/p>\n<p><strong>\u00a0<\/strong><\/p>\n","protected":false},"excerpt":{"rendered":"<p>Au terme d\u2019une \u00e9dition exceptionnelle, le jury du Festival de Cannes a d\u00e9cern\u00e9 \u00e0 l\u2019unanimit\u00e9 la Palme d\u2019or \u00e0 Bong\u2026<\/p>\n","protected":false},"author":116,"featured_media":23628,"comment_status":"open","ping_status":"open","sticky":false,"template":"","format":"standard","meta":[],"categories":[9,6],"tags":[],"yoast_head":"<!-- This site is optimized with the Yoast SEO plugin v20.8 - https:\/\/yoast.com\/wordpress\/plugins\/seo\/ -->\n<title>ARTE multi-prim\u00e9e au 72\u00e8me Festival de Cannes - Olivier P\u00e8re<\/title>\n<meta name=\"robots\" content=\"index, follow, max-snippet:-1, max-image-preview:large, max-video-preview:-1\" \/>\n<link rel=\"canonical\" href=\"https:\/\/www.arte.tv\/sites\/olivierpere\/2019\/05\/25\/arte-multi-primee-au-72eme-festival-de-cannes\/\" \/>\n<meta property=\"og:locale\" content=\"fr_FR\" \/>\n<meta property=\"og:type\" content=\"article\" \/>\n<meta property=\"og:title\" content=\"ARTE multi-prim\u00e9e au 72\u00e8me Festival de Cannes - Olivier P\u00e8re\" \/>\n<meta property=\"og:description\" content=\"Au terme d\u2019une \u00e9dition exceptionnelle, le jury du Festival de Cannes a d\u00e9cern\u00e9 \u00e0 l\u2019unanimit\u00e9 la Palme d\u2019or \u00e0 Bong\u2026\" \/>\n<meta property=\"og:url\" content=\"https:\/\/www.arte.tv\/sites\/olivierpere\/2019\/05\/25\/arte-multi-primee-au-72eme-festival-de-cannes\/\" \/>\n<meta property=\"og:site_name\" content=\"Olivier P\u00e8re\" \/>\n<meta property=\"article:published_time\" content=\"2019-05-25T22:23:04+00:00\" \/>\n<meta property=\"article:modified_time\" content=\"2020-04-05T15:37:45+00:00\" \/>\n<meta property=\"og:image\" content=\"https:\/\/www.arte.tv\/sites\/olivierpere\/files\/0161987.jpg\" \/>\n\t<meta property=\"og:image:width\" content=\"1200\" \/>\n\t<meta property=\"og:image:height\" content=\"801\" \/>\n\t<meta property=\"og:image:type\" content=\"image\/jpeg\" \/>\n<meta name=\"author\" content=\"Olivier P\u00e8re\" \/>\n<meta name=\"twitter:label1\" content=\"\u00c9crit par\" \/>\n\t<meta name=\"twitter:data1\" content=\"Olivier P\u00e8re\" \/>\n\t<meta name=\"twitter:label2\" content=\"Dur\u00e9e de lecture estim\u00e9e\" \/>\n\t<meta name=\"twitter:data2\" content=\"4 minutes\" \/>\n<script type=\"application\/ld+json\" class=\"yoast-schema-graph\">{\"@context\":\"https:\/\/schema.org\",\"@graph\":[{\"@type\":\"WebPage\",\"@id\":\"https:\/\/www.arte.tv\/sites\/olivierpere\/2019\/05\/25\/arte-multi-primee-au-72eme-festival-de-cannes\/\",\"url\":\"https:\/\/www.arte.tv\/sites\/olivierpere\/2019\/05\/25\/arte-multi-primee-au-72eme-festival-de-cannes\/\",\"name\":\"ARTE multi-prim\u00e9e au 72\u00e8me Festival de Cannes - Olivier P\u00e8re\",\"isPartOf\":{\"@id\":\"https:\/\/www.arte.tv\/sites\/olivierpere\/#website\"},\"datePublished\":\"2019-05-25T22:23:04+00:00\",\"dateModified\":\"2020-04-05T15:37:45+00:00\",\"author\":{\"@id\":\"https:\/\/www.arte.tv\/sites\/olivierpere\/#\/schema\/person\/dc32cd6c79be95e52d43b97a74182558\"},\"breadcrumb\":{\"@id\":\"https:\/\/www.arte.tv\/sites\/olivierpere\/2019\/05\/25\/arte-multi-primee-au-72eme-festival-de-cannes\/#breadcrumb\"},\"inLanguage\":\"fr-FR\",\"potentialAction\":[{\"@type\":\"ReadAction\",\"target\":[\"https:\/\/www.arte.tv\/sites\/olivierpere\/2019\/05\/25\/arte-multi-primee-au-72eme-festival-de-cannes\/\"]}]},{\"@type\":\"BreadcrumbList\",\"@id\":\"https:\/\/www.arte.tv\/sites\/olivierpere\/2019\/05\/25\/arte-multi-primee-au-72eme-festival-de-cannes\/#breadcrumb\",\"itemListElement\":[{\"@type\":\"ListItem\",\"position\":1,\"name\":\"Home\",\"item\":\"https:\/\/www.arte.tv\/sites\/olivierpere\/\"},{\"@type\":\"ListItem\",\"position\":2,\"name\":\"ARTE multi-prim\u00e9e au 72\u00e8me Festival de Cannes\"}]},{\"@type\":\"WebSite\",\"@id\":\"https:\/\/www.arte.tv\/sites\/olivierpere\/#website\",\"url\":\"https:\/\/www.arte.tv\/sites\/olivierpere\/\",\"name\":\"Olivier P\u00e8re\",\"description\":\"\",\"potentialAction\":[{\"@type\":\"SearchAction\",\"target\":{\"@type\":\"EntryPoint\",\"urlTemplate\":\"https:\/\/www.arte.tv\/sites\/olivierpere\/?s={search_term_string}\"},\"query-input\":\"required name=search_term_string\"}],\"inLanguage\":\"fr-FR\"},{\"@type\":\"Person\",\"@id\":\"https:\/\/www.arte.tv\/sites\/olivierpere\/#\/schema\/person\/dc32cd6c79be95e52d43b97a74182558\",\"name\":\"Olivier P\u00e8re\",\"image\":{\"@type\":\"ImageObject\",\"inLanguage\":\"fr-FR\",\"@id\":\"https:\/\/www.arte.tv\/sites\/olivierpere\/#\/schema\/person\/image\/\",\"url\":\"https:\/\/secure.gravatar.com\/avatar\/bdea7b6a2c195e2c41772429a9694758?s=96&d=mm&r=g\",\"contentUrl\":\"https:\/\/secure.gravatar.com\/avatar\/bdea7b6a2c195e2c41772429a9694758?s=96&d=mm&r=g\",\"caption\":\"Olivier P\u00e8re\"},\"url\":\"https:\/\/www.arte.tv\/sites\/olivierpere\/author\/pereolivier\/\"}]}<\/script>\n<!-- \/ Yoast SEO plugin. -->","yoast_head_json":{"title":"ARTE multi-prim\u00e9e au 72\u00e8me Festival de Cannes - Olivier P\u00e8re","robots":{"index":"index","follow":"follow","max-snippet":"max-snippet:-1","max-image-preview":"max-image-preview:large","max-video-preview":"max-video-preview:-1"},"canonical":"https:\/\/www.arte.tv\/sites\/olivierpere\/2019\/05\/25\/arte-multi-primee-au-72eme-festival-de-cannes\/","og_locale":"fr_FR","og_type":"article","og_title":"ARTE multi-prim\u00e9e au 72\u00e8me Festival de Cannes - Olivier P\u00e8re","og_description":"Au terme d\u2019une \u00e9dition exceptionnelle, le jury du Festival de Cannes a d\u00e9cern\u00e9 \u00e0 l\u2019unanimit\u00e9 la Palme d\u2019or \u00e0 Bong\u2026","og_url":"https:\/\/www.arte.tv\/sites\/olivierpere\/2019\/05\/25\/arte-multi-primee-au-72eme-festival-de-cannes\/","og_site_name":"Olivier P\u00e8re","article_published_time":"2019-05-25T22:23:04+00:00","article_modified_time":"2020-04-05T15:37:45+00:00","og_image":[{"width":1200,"height":801,"url":"https:\/\/www.arte.tv\/sites\/olivierpere\/files\/0161987.jpg","type":"image\/jpeg"}],"author":"Olivier P\u00e8re","twitter_misc":{"\u00c9crit par":"Olivier P\u00e8re","Dur\u00e9e de lecture estim\u00e9e":"4 minutes"},"schema":{"@context":"https:\/\/schema.org","@graph":[{"@type":"WebPage","@id":"https:\/\/www.arte.tv\/sites\/olivierpere\/2019\/05\/25\/arte-multi-primee-au-72eme-festival-de-cannes\/","url":"https:\/\/www.arte.tv\/sites\/olivierpere\/2019\/05\/25\/arte-multi-primee-au-72eme-festival-de-cannes\/","name":"ARTE multi-prim\u00e9e au 72\u00e8me Festival de Cannes - Olivier P\u00e8re","isPartOf":{"@id":"https:\/\/www.arte.tv\/sites\/olivierpere\/#website"},"datePublished":"2019-05-25T22:23:04+00:00","dateModified":"2020-04-05T15:37:45+00:00","author":{"@id":"https:\/\/www.arte.tv\/sites\/olivierpere\/#\/schema\/person\/dc32cd6c79be95e52d43b97a74182558"},"breadcrumb":{"@id":"https:\/\/www.arte.tv\/sites\/olivierpere\/2019\/05\/25\/arte-multi-primee-au-72eme-festival-de-cannes\/#breadcrumb"},"inLanguage":"fr-FR","potentialAction":[{"@type":"ReadAction","target":["https:\/\/www.arte.tv\/sites\/olivierpere\/2019\/05\/25\/arte-multi-primee-au-72eme-festival-de-cannes\/"]}]},{"@type":"BreadcrumbList","@id":"https:\/\/www.arte.tv\/sites\/olivierpere\/2019\/05\/25\/arte-multi-primee-au-72eme-festival-de-cannes\/#breadcrumb","itemListElement":[{"@type":"ListItem","position":1,"name":"Home","item":"https:\/\/www.arte.tv\/sites\/olivierpere\/"},{"@type":"ListItem","position":2,"name":"ARTE multi-prim\u00e9e au 72\u00e8me Festival de Cannes"}]},{"@type":"WebSite","@id":"https:\/\/www.arte.tv\/sites\/olivierpere\/#website","url":"https:\/\/www.arte.tv\/sites\/olivierpere\/","name":"Olivier P\u00e8re","description":"","potentialAction":[{"@type":"SearchAction","target":{"@type":"EntryPoint","urlTemplate":"https:\/\/www.arte.tv\/sites\/olivierpere\/?s={search_term_string}"},"query-input":"required name=search_term_string"}],"inLanguage":"fr-FR"},{"@type":"Person","@id":"https:\/\/www.arte.tv\/sites\/olivierpere\/#\/schema\/person\/dc32cd6c79be95e52d43b97a74182558","name":"Olivier P\u00e8re","image":{"@type":"ImageObject","inLanguage":"fr-FR","@id":"https:\/\/www.arte.tv\/sites\/olivierpere\/#\/schema\/person\/image\/","url":"https:\/\/secure.gravatar.com\/avatar\/bdea7b6a2c195e2c41772429a9694758?s=96&d=mm&r=g","contentUrl":"https:\/\/secure.gravatar.com\/avatar\/bdea7b6a2c195e2c41772429a9694758?s=96&d=mm&r=g","caption":"Olivier P\u00e8re"},"url":"https:\/\/www.arte.tv\/sites\/olivierpere\/author\/pereolivier\/"}]}},"_links":{"self":[{"href":"https:\/\/www.arte.tv\/sites\/olivierpere\/wp-json\/wp\/v2\/posts\/23622"}],"collection":[{"href":"https:\/\/www.arte.tv\/sites\/olivierpere\/wp-json\/wp\/v2\/posts"}],"about":[{"href":"https:\/\/www.arte.tv\/sites\/olivierpere\/wp-json\/wp\/v2\/types\/post"}],"author":[{"embeddable":true,"href":"https:\/\/www.arte.tv\/sites\/olivierpere\/wp-json\/wp\/v2\/users\/116"}],"replies":[{"embeddable":true,"href":"https:\/\/www.arte.tv\/sites\/olivierpere\/wp-json\/wp\/v2\/comments?post=23622"}],"version-history":[{"count":3,"href":"https:\/\/www.arte.tv\/sites\/olivierpere\/wp-json\/wp\/v2\/posts\/23622\/revisions"}],"predecessor-version":[{"id":24943,"href":"https:\/\/www.arte.tv\/sites\/olivierpere\/wp-json\/wp\/v2\/posts\/23622\/revisions\/24943"}],"wp:featuredmedia":[{"embeddable":true,"href":"https:\/\/www.arte.tv\/sites\/olivierpere\/wp-json\/wp\/v2\/media\/23628"}],"wp:attachment":[{"href":"https:\/\/www.arte.tv\/sites\/olivierpere\/wp-json\/wp\/v2\/media?parent=23622"}],"wp:term":[{"taxonomy":"category","embeddable":true,"href":"https:\/\/www.arte.tv\/sites\/olivierpere\/wp-json\/wp\/v2\/categories?post=23622"},{"taxonomy":"post_tag","embeddable":true,"href":"https:\/\/www.arte.tv\/sites\/olivierpere\/wp-json\/wp\/v2\/tags?post=23622"}],"curies":[{"name":"wp","href":"https:\/\/api.w.org\/{rel}","templated":true}]}}