{"id":23324,"date":"2019-04-12T02:04:56","date_gmt":"2019-04-12T01:04:56","guid":{"rendered":"https:\/\/www.arte.tv\/sites\/olivierpere\/?p=23324"},"modified":"2020-04-06T12:58:58","modified_gmt":"2020-04-06T11:58:58","slug":"arte-france-cinema-coproduit-les-prochains-films-de-leyla-bouzid-mathieu-amalric-nadav-lapid-et-le-premier-long-metrage-de-just-philippot","status":"publish","type":"post","link":"https:\/\/www.arte.tv\/sites\/olivierpere\/2019\/04\/12\/arte-france-cinema-coproduit-les-prochains-films-de-leyla-bouzid-mathieu-amalric-nadav-lapid-et-le-premier-long-metrage-de-just-philippot\/","title":{"rendered":"ARTE France Cin\u00e9ma coproduit les prochains films de Leyla Bouzid, Mathieu Amalric, Nadav Lapid et le premier long m\u00e9trage de Just Philippot"},"content":{"rendered":"<p><strong>Le comit\u00e9 de s\u00e9lection d\u2019ARTE France Cin\u00e9ma, qui s\u2019est r\u00e9uni le jeudi 4 avril, a choisi de s\u2019engager sur quatre nouveaux projets : un premier film (de genre horrifique), deux films fran\u00e7ais et une coproduction internationale.<\/strong><\/p>\n<p><strong><em>La Nu\u00e9e<\/em> (1<sup>er<\/sup> film)<\/strong><br \/>\n<strong>Sc\u00e9nario\u00a0: J\u00e9r\u00f4me Genevray et Franck Victor<\/strong><br \/>\n<strong>R\u00e9alisation\u00a0: Just Philippot<\/strong><\/p>\n<p><strong>Capricci Production &amp; The Jokers Films (France)<\/strong><\/p>\n<p><strong>Pour sauver sa ferme de la faillite, une m\u00e8re de famille c\u00e9libataire \u00e9l\u00e8ve des sauterelles comestibles et d\u00e9veloppe avec elles un \u00e9trange lien obsessionnel. Elle doit faire face \u00e0 l&rsquo;hostilit\u00e9 des paysans de la r\u00e9gion et de ses enfants qui ne la reconnaissent plus.<\/strong><\/p>\n<p><strong>Tournage en France en ao\u00fbt et septembre 2019.<\/strong><\/p>\n<p>&nbsp;<\/p>\n<p><strong><em>Une histoire d\u2019amour et de d\u00e9sir<\/em><br \/>\nR\u00e9alisation, sc\u00e9nario\u00a0: Leyla Bouzid<\/strong><\/p>\n<p><strong>Blue Monday Productions (France)<\/strong><\/p>\n<p><strong>Apr\u00e8s un premier long m\u00e9trage tr\u00e8s remarqu\u00e9, <em>A peine j\u2019ouvre les yeux<\/em> (2015), la cin\u00e9aste franco-tunisienne Leyla Bouzid fait le portrait d\u2019Ahmed, un jeune fran\u00e7ais d\u2019origine alg\u00e9rienne, au moment crucial de son \u00e9veil \u00e0 la sensualit\u00e9. A travers la rencontre d\u00e9terminante avec Farah, une jeune femme fra\u00eechement d\u00e9barqu\u00e9e de Tunis, et au contact de la litt\u00e9rature arabe \u00e9rotique, il va s\u2019\u00e9manciper et questionner les racines qu\u2019il pense \u00eatre les siennes.\u00a0 <\/strong><\/p>\n<p><strong>Tournage pr\u00e9vu en France \u00e0 partir de fin ao\u00fbt 2019.<\/strong><\/p>\n<p>&nbsp;<\/p>\n<p><strong><em>Serre moi fort<\/em> <\/strong><br \/>\n<strong>R\u00e9alisation, sc\u00e9nario\u00a0: Mathieu Amalric (photo en t\u00eate de texte)<\/strong><\/p>\n<p><strong>Les Films du Poisson, Gaumont (France), Lupa Film (Allemagne)<\/strong><\/p>\n<p><strong>\u00ab \u00c7a semble \u00eatre l\u2019histoire d\u2019une femme qui s\u2019en va \u00bb. Mathieu Amalric adapte la pi\u00e8ce de th\u00e9\u00e2tre <em>Je reviens de loin<\/em>\u00a0de Claudine Galea (\u00c9ditions Espaces 34) avec Vicky Krieps (<em>Le jeune Karl Marx, Phantom Thread<\/em>) et Arieh Worthalter (<em>Girl<\/em>) dans les r\u00f4les principaux. Ce m\u00e9lodrame puissant, qui d\u00e9roule l\u2019absence au fil des ann\u00e9es, sera tourn\u00e9 en mai, novembre 2019 et janvier 2020.<\/strong><\/p>\n<p>&nbsp;<\/p>\n<p><em><strong>Le Genou d\u2019Ahed<\/strong><\/em><br \/>\n<strong>R\u00e9alisation, sc\u00e9nario\u00a0: Nadav Lapid<\/strong><\/p>\n<p><strong>Les Films du Bal (France), Pie Films (Isra\u00ebl).<\/strong><\/p>\n<p><strong>Apr\u00e8s\u00a0<em>L\u2019institutrice<\/em>\u00a0et\u00a0<em>Synonymes<\/em>\u00a0(Ours d\u2019or \u00e0 la Berlinale, actuellement en salles), ARTE France Cin\u00e9ma s\u2019engage sur le nouveau projet du r\u00e9alisateur isra\u00e9lien Nadav Lapid, inspir\u00e9 d\u2019un fait r\u00e9cent. Un cin\u00e9aste seul dans le d\u00e9sert se jette \u00e9perdument dans deux combats vou\u00e9s a\u0300 l\u2019\u00e9chec : l\u2019un contre la mort de la libert\u00e9\u0301 dans son pays, l\u2019autre contre la mort de sa m\u00e8re. <\/strong><\/p>\n<p><strong>Tournage en Isra\u00ebl en d\u00e9cembre 2019.<\/strong><\/p>\n<p>&nbsp;<\/p>\n","protected":false},"excerpt":{"rendered":"<p>Le comit\u00e9 de s\u00e9lection d\u2019ARTE France Cin\u00e9ma, qui s\u2019est r\u00e9uni le jeudi 4 avril, a choisi de s\u2019engager sur quatre\u2026<\/p>\n","protected":false},"author":116,"featured_media":0,"comment_status":"open","ping_status":"open","sticky":false,"template":"","format":"standard","meta":[],"categories":[9,6],"tags":[],"yoast_head":"<!-- This site is optimized with the Yoast SEO plugin v20.8 - https:\/\/yoast.com\/wordpress\/plugins\/seo\/ -->\n<title>ARTE France Cin\u00e9ma coproduit les prochains films de Leyla Bouzid, Mathieu Amalric, Nadav Lapid et le premier long m\u00e9trage de Just Philippot - Olivier P\u00e8re<\/title>\n<meta name=\"robots\" content=\"index, follow, max-snippet:-1, max-image-preview:large, max-video-preview:-1\" \/>\n<link rel=\"canonical\" href=\"https:\/\/www.arte.tv\/sites\/olivierpere\/2019\/04\/12\/arte-france-cinema-coproduit-les-prochains-films-de-leyla-bouzid-mathieu-amalric-nadav-lapid-et-le-premier-long-metrage-de-just-philippot\/\" \/>\n<meta property=\"og:locale\" content=\"fr_FR\" \/>\n<meta property=\"og:type\" content=\"article\" \/>\n<meta property=\"og:title\" content=\"ARTE France Cin\u00e9ma coproduit les prochains films de Leyla Bouzid, Mathieu Amalric, Nadav Lapid et le premier long m\u00e9trage de Just Philippot - Olivier P\u00e8re\" \/>\n<meta property=\"og:description\" content=\"Le comit\u00e9 de s\u00e9lection d\u2019ARTE France Cin\u00e9ma, qui s\u2019est r\u00e9uni le jeudi 4 avril, a choisi de s\u2019engager sur quatre\u2026\" \/>\n<meta property=\"og:url\" content=\"https:\/\/www.arte.tv\/sites\/olivierpere\/2019\/04\/12\/arte-france-cinema-coproduit-les-prochains-films-de-leyla-bouzid-mathieu-amalric-nadav-lapid-et-le-premier-long-metrage-de-just-philippot\/\" \/>\n<meta property=\"og:site_name\" content=\"Olivier P\u00e8re\" \/>\n<meta property=\"article:published_time\" content=\"2019-04-12T01:04:56+00:00\" \/>\n<meta property=\"article:modified_time\" content=\"2020-04-06T11:58:58+00:00\" \/>\n<meta name=\"author\" content=\"Olivier P\u00e8re\" \/>\n<meta name=\"twitter:label1\" content=\"\u00c9crit par\" \/>\n\t<meta name=\"twitter:data1\" content=\"Olivier P\u00e8re\" \/>\n\t<meta name=\"twitter:label2\" content=\"Dur\u00e9e de lecture estim\u00e9e\" \/>\n\t<meta name=\"twitter:data2\" content=\"2 minutes\" \/>\n<script type=\"application\/ld+json\" class=\"yoast-schema-graph\">{\"@context\":\"https:\/\/schema.org\",\"@graph\":[{\"@type\":\"WebPage\",\"@id\":\"https:\/\/www.arte.tv\/sites\/olivierpere\/2019\/04\/12\/arte-france-cinema-coproduit-les-prochains-films-de-leyla-bouzid-mathieu-amalric-nadav-lapid-et-le-premier-long-metrage-de-just-philippot\/\",\"url\":\"https:\/\/www.arte.tv\/sites\/olivierpere\/2019\/04\/12\/arte-france-cinema-coproduit-les-prochains-films-de-leyla-bouzid-mathieu-amalric-nadav-lapid-et-le-premier-long-metrage-de-just-philippot\/\",\"name\":\"ARTE France Cin\u00e9ma coproduit les prochains films de Leyla Bouzid, Mathieu Amalric, Nadav Lapid et le premier long m\u00e9trage de Just Philippot - Olivier P\u00e8re\",\"isPartOf\":{\"@id\":\"https:\/\/www.arte.tv\/sites\/olivierpere\/#website\"},\"datePublished\":\"2019-04-12T01:04:56+00:00\",\"dateModified\":\"2020-04-06T11:58:58+00:00\",\"author\":{\"@id\":\"https:\/\/www.arte.tv\/sites\/olivierpere\/#\/schema\/person\/dc32cd6c79be95e52d43b97a74182558\"},\"breadcrumb\":{\"@id\":\"https:\/\/www.arte.tv\/sites\/olivierpere\/2019\/04\/12\/arte-france-cinema-coproduit-les-prochains-films-de-leyla-bouzid-mathieu-amalric-nadav-lapid-et-le-premier-long-metrage-de-just-philippot\/#breadcrumb\"},\"inLanguage\":\"fr-FR\",\"potentialAction\":[{\"@type\":\"ReadAction\",\"target\":[\"https:\/\/www.arte.tv\/sites\/olivierpere\/2019\/04\/12\/arte-france-cinema-coproduit-les-prochains-films-de-leyla-bouzid-mathieu-amalric-nadav-lapid-et-le-premier-long-metrage-de-just-philippot\/\"]}]},{\"@type\":\"BreadcrumbList\",\"@id\":\"https:\/\/www.arte.tv\/sites\/olivierpere\/2019\/04\/12\/arte-france-cinema-coproduit-les-prochains-films-de-leyla-bouzid-mathieu-amalric-nadav-lapid-et-le-premier-long-metrage-de-just-philippot\/#breadcrumb\",\"itemListElement\":[{\"@type\":\"ListItem\",\"position\":1,\"name\":\"Home\",\"item\":\"https:\/\/www.arte.tv\/sites\/olivierpere\/\"},{\"@type\":\"ListItem\",\"position\":2,\"name\":\"ARTE France Cin\u00e9ma coproduit les prochains films de Leyla Bouzid, Mathieu Amalric, Nadav Lapid et le premier long m\u00e9trage de Just Philippot\"}]},{\"@type\":\"WebSite\",\"@id\":\"https:\/\/www.arte.tv\/sites\/olivierpere\/#website\",\"url\":\"https:\/\/www.arte.tv\/sites\/olivierpere\/\",\"name\":\"Olivier P\u00e8re\",\"description\":\"\",\"potentialAction\":[{\"@type\":\"SearchAction\",\"target\":{\"@type\":\"EntryPoint\",\"urlTemplate\":\"https:\/\/www.arte.tv\/sites\/olivierpere\/?s={search_term_string}\"},\"query-input\":\"required name=search_term_string\"}],\"inLanguage\":\"fr-FR\"},{\"@type\":\"Person\",\"@id\":\"https:\/\/www.arte.tv\/sites\/olivierpere\/#\/schema\/person\/dc32cd6c79be95e52d43b97a74182558\",\"name\":\"Olivier P\u00e8re\",\"image\":{\"@type\":\"ImageObject\",\"inLanguage\":\"fr-FR\",\"@id\":\"https:\/\/www.arte.tv\/sites\/olivierpere\/#\/schema\/person\/image\/\",\"url\":\"https:\/\/secure.gravatar.com\/avatar\/bdea7b6a2c195e2c41772429a9694758?s=96&d=mm&r=g\",\"contentUrl\":\"https:\/\/secure.gravatar.com\/avatar\/bdea7b6a2c195e2c41772429a9694758?s=96&d=mm&r=g\",\"caption\":\"Olivier P\u00e8re\"},\"url\":\"https:\/\/www.arte.tv\/sites\/olivierpere\/author\/pereolivier\/\"}]}<\/script>\n<!-- \/ Yoast SEO plugin. -->","yoast_head_json":{"title":"ARTE France Cin\u00e9ma coproduit les prochains films de Leyla Bouzid, Mathieu Amalric, Nadav Lapid et le premier long m\u00e9trage de Just Philippot - Olivier P\u00e8re","robots":{"index":"index","follow":"follow","max-snippet":"max-snippet:-1","max-image-preview":"max-image-preview:large","max-video-preview":"max-video-preview:-1"},"canonical":"https:\/\/www.arte.tv\/sites\/olivierpere\/2019\/04\/12\/arte-france-cinema-coproduit-les-prochains-films-de-leyla-bouzid-mathieu-amalric-nadav-lapid-et-le-premier-long-metrage-de-just-philippot\/","og_locale":"fr_FR","og_type":"article","og_title":"ARTE France Cin\u00e9ma coproduit les prochains films de Leyla Bouzid, Mathieu Amalric, Nadav Lapid et le premier long m\u00e9trage de Just Philippot - Olivier P\u00e8re","og_description":"Le comit\u00e9 de s\u00e9lection d\u2019ARTE France Cin\u00e9ma, qui s\u2019est r\u00e9uni le jeudi 4 avril, a choisi de s\u2019engager sur quatre\u2026","og_url":"https:\/\/www.arte.tv\/sites\/olivierpere\/2019\/04\/12\/arte-france-cinema-coproduit-les-prochains-films-de-leyla-bouzid-mathieu-amalric-nadav-lapid-et-le-premier-long-metrage-de-just-philippot\/","og_site_name":"Olivier P\u00e8re","article_published_time":"2019-04-12T01:04:56+00:00","article_modified_time":"2020-04-06T11:58:58+00:00","author":"Olivier P\u00e8re","twitter_misc":{"\u00c9crit par":"Olivier P\u00e8re","Dur\u00e9e de lecture estim\u00e9e":"2 minutes"},"schema":{"@context":"https:\/\/schema.org","@graph":[{"@type":"WebPage","@id":"https:\/\/www.arte.tv\/sites\/olivierpere\/2019\/04\/12\/arte-france-cinema-coproduit-les-prochains-films-de-leyla-bouzid-mathieu-amalric-nadav-lapid-et-le-premier-long-metrage-de-just-philippot\/","url":"https:\/\/www.arte.tv\/sites\/olivierpere\/2019\/04\/12\/arte-france-cinema-coproduit-les-prochains-films-de-leyla-bouzid-mathieu-amalric-nadav-lapid-et-le-premier-long-metrage-de-just-philippot\/","name":"ARTE France Cin\u00e9ma coproduit les prochains films de Leyla Bouzid, Mathieu Amalric, Nadav Lapid et le premier long m\u00e9trage de Just Philippot - Olivier P\u00e8re","isPartOf":{"@id":"https:\/\/www.arte.tv\/sites\/olivierpere\/#website"},"datePublished":"2019-04-12T01:04:56+00:00","dateModified":"2020-04-06T11:58:58+00:00","author":{"@id":"https:\/\/www.arte.tv\/sites\/olivierpere\/#\/schema\/person\/dc32cd6c79be95e52d43b97a74182558"},"breadcrumb":{"@id":"https:\/\/www.arte.tv\/sites\/olivierpere\/2019\/04\/12\/arte-france-cinema-coproduit-les-prochains-films-de-leyla-bouzid-mathieu-amalric-nadav-lapid-et-le-premier-long-metrage-de-just-philippot\/#breadcrumb"},"inLanguage":"fr-FR","potentialAction":[{"@type":"ReadAction","target":["https:\/\/www.arte.tv\/sites\/olivierpere\/2019\/04\/12\/arte-france-cinema-coproduit-les-prochains-films-de-leyla-bouzid-mathieu-amalric-nadav-lapid-et-le-premier-long-metrage-de-just-philippot\/"]}]},{"@type":"BreadcrumbList","@id":"https:\/\/www.arte.tv\/sites\/olivierpere\/2019\/04\/12\/arte-france-cinema-coproduit-les-prochains-films-de-leyla-bouzid-mathieu-amalric-nadav-lapid-et-le-premier-long-metrage-de-just-philippot\/#breadcrumb","itemListElement":[{"@type":"ListItem","position":1,"name":"Home","item":"https:\/\/www.arte.tv\/sites\/olivierpere\/"},{"@type":"ListItem","position":2,"name":"ARTE France Cin\u00e9ma coproduit les prochains films de Leyla Bouzid, Mathieu Amalric, Nadav Lapid et le premier long m\u00e9trage de Just Philippot"}]},{"@type":"WebSite","@id":"https:\/\/www.arte.tv\/sites\/olivierpere\/#website","url":"https:\/\/www.arte.tv\/sites\/olivierpere\/","name":"Olivier P\u00e8re","description":"","potentialAction":[{"@type":"SearchAction","target":{"@type":"EntryPoint","urlTemplate":"https:\/\/www.arte.tv\/sites\/olivierpere\/?s={search_term_string}"},"query-input":"required name=search_term_string"}],"inLanguage":"fr-FR"},{"@type":"Person","@id":"https:\/\/www.arte.tv\/sites\/olivierpere\/#\/schema\/person\/dc32cd6c79be95e52d43b97a74182558","name":"Olivier P\u00e8re","image":{"@type":"ImageObject","inLanguage":"fr-FR","@id":"https:\/\/www.arte.tv\/sites\/olivierpere\/#\/schema\/person\/image\/","url":"https:\/\/secure.gravatar.com\/avatar\/bdea7b6a2c195e2c41772429a9694758?s=96&d=mm&r=g","contentUrl":"https:\/\/secure.gravatar.com\/avatar\/bdea7b6a2c195e2c41772429a9694758?s=96&d=mm&r=g","caption":"Olivier P\u00e8re"},"url":"https:\/\/www.arte.tv\/sites\/olivierpere\/author\/pereolivier\/"}]}},"_links":{"self":[{"href":"https:\/\/www.arte.tv\/sites\/olivierpere\/wp-json\/wp\/v2\/posts\/23324"}],"collection":[{"href":"https:\/\/www.arte.tv\/sites\/olivierpere\/wp-json\/wp\/v2\/posts"}],"about":[{"href":"https:\/\/www.arte.tv\/sites\/olivierpere\/wp-json\/wp\/v2\/types\/post"}],"author":[{"embeddable":true,"href":"https:\/\/www.arte.tv\/sites\/olivierpere\/wp-json\/wp\/v2\/users\/116"}],"replies":[{"embeddable":true,"href":"https:\/\/www.arte.tv\/sites\/olivierpere\/wp-json\/wp\/v2\/comments?post=23324"}],"version-history":[{"count":3,"href":"https:\/\/www.arte.tv\/sites\/olivierpere\/wp-json\/wp\/v2\/posts\/23324\/revisions"}],"predecessor-version":[{"id":25005,"href":"https:\/\/www.arte.tv\/sites\/olivierpere\/wp-json\/wp\/v2\/posts\/23324\/revisions\/25005"}],"wp:attachment":[{"href":"https:\/\/www.arte.tv\/sites\/olivierpere\/wp-json\/wp\/v2\/media?parent=23324"}],"wp:term":[{"taxonomy":"category","embeddable":true,"href":"https:\/\/www.arte.tv\/sites\/olivierpere\/wp-json\/wp\/v2\/categories?post=23324"},{"taxonomy":"post_tag","embeddable":true,"href":"https:\/\/www.arte.tv\/sites\/olivierpere\/wp-json\/wp\/v2\/tags?post=23324"}],"curies":[{"name":"wp","href":"https:\/\/api.w.org\/{rel}","templated":true}]}}