{"id":23321,"date":"2019-04-11T02:45:43","date_gmt":"2019-04-11T01:45:43","guid":{"rendered":"https:\/\/www.arte.tv\/sites\/olivierpere\/?p=23321"},"modified":"2020-04-06T12:59:16","modified_gmt":"2020-04-06T11:59:16","slug":"le-livre-dimage-de-jean-luc-godard","status":"publish","type":"post","link":"https:\/\/www.arte.tv\/sites\/olivierpere\/2019\/04\/11\/le-livre-dimage-de-jean-luc-godard\/","title":{"rendered":"Le Livre d\u2019image de Jean-Luc Godard"},"content":{"rendered":"<p><strong>Apr\u00e8s sa pr\u00e9sentation en comp\u00e9tition au Festival de Cannes, o\u00f9 lui fut d\u00e9cern\u00e9 une Palme d\u2019or sp\u00e9ciale, ARTE diffuse <em>Le Livre d\u2019image<\/em> (2018) de Jean-Luc Godard, in\u00e9dit en salles selon la volont\u00e9 de son auteur, mercredi 24 avril \u00e0 22h25. Le film sera \u00e9galement disponible en t\u00e9l\u00e9vision de rattrapage, gratuitement, sur ARTE.tv jusqu\u2019au 22 juin.<\/strong><\/p>\n<p><strong>\u00ab\u00a0La vraie condition de l\u2019homme : penser avec ses mains\u00a0\u00bb nous avertit la voix s\u00e9pulcrale de Godard au d\u00e9but de son film. Godard a toujours pr\u00e9sent\u00e9 la conception d\u2019un film comme un travail manuel, o\u00f9 les mains qui montent les images sont plus importantes que les yeux qui les enregistrent. \u00ab\u00a0Penser avec ses mains\u00a0\u00bb\u00a0: cette citation de Denis de Rougemont \u00e9tait d\u00e9j\u00e0 inscrite au c\u0153ur des monumentales <em>Histoire(s) du cin\u00e9ma<\/em>, dont ce nouveau film apparait tel un post scriptum \u00e9l\u00e9giaque. <em>Le livre d\u2019image<\/em> sera donc une \u0153uvre d\u2019assemblage et de collage, dans laquelle la juxtaposition d\u2019\u00e9l\u00e9ments h\u00e9t\u00e9roclites accouche d\u2019une pens\u00e9e, du moins de pistes de r\u00e9flexion, sur des sujets comme les guerres, les r\u00e9volutions, l\u2019Arabie heureuse\u2026 Du noir des origines jusqu\u2019aux images sans qualit\u00e9 prises sur internet, Godard sculpte une mati\u00e8re hybride et cr\u00e9e un film qui s\u2019\u00e9coute autant qu\u2019il se voit. Cela fait des ann\u00e9es que Godard a renonc\u00e9 \u00e0 tous les trucages du cin\u00e9ma pour revenir \u00e0 l\u2019essence m\u00eame du cin\u00e9ma. Godard fait entrer en collision fragments d\u2019images et de sons, organise rencontres signifiantes et trouvailles fulgurantes, pour d\u00e9livrer ses visions et commentaires sur le monde et le si\u00e8cle. Ainsi ces images de trains fon\u00e7ant dans la nuit, emprunt\u00e9es \u00e0 des films c\u00e9l\u00e8bres rappellent-elles le mouvement de l\u2019histoire, les catastrophes \u00e0 r\u00e9p\u00e9tition qui scandent l\u2019humanit\u00e9, le voyage vers la mort. Toujours aussi seul et courageux, Godard, artiste total, invente un cin\u00e9ma du contrepoint.<\/strong><\/p>\n<p>&nbsp;<\/p>\n","protected":false},"excerpt":{"rendered":"<p>Apr\u00e8s sa pr\u00e9sentation en comp\u00e9tition au Festival de Cannes, o\u00f9 lui fut d\u00e9cern\u00e9 une Palme d\u2019or sp\u00e9ciale, ARTE diffuse Le\u2026<\/p>\n","protected":false},"author":116,"featured_media":0,"comment_status":"open","ping_status":"open","sticky":false,"template":"","format":"standard","meta":[],"categories":[9,6,8],"tags":[],"yoast_head":"<!-- This site is optimized with the Yoast SEO plugin v20.8 - https:\/\/yoast.com\/wordpress\/plugins\/seo\/ -->\n<title>Le Livre d\u2019image de Jean-Luc Godard - Olivier P\u00e8re<\/title>\n<meta name=\"robots\" content=\"index, follow, max-snippet:-1, max-image-preview:large, max-video-preview:-1\" \/>\n<link rel=\"canonical\" href=\"https:\/\/www.arte.tv\/sites\/olivierpere\/2019\/04\/11\/le-livre-dimage-de-jean-luc-godard\/\" \/>\n<meta property=\"og:locale\" content=\"fr_FR\" \/>\n<meta property=\"og:type\" content=\"article\" \/>\n<meta property=\"og:title\" content=\"Le Livre d\u2019image de Jean-Luc Godard - Olivier P\u00e8re\" \/>\n<meta property=\"og:description\" content=\"Apr\u00e8s sa pr\u00e9sentation en comp\u00e9tition au Festival de Cannes, o\u00f9 lui fut d\u00e9cern\u00e9 une Palme d\u2019or sp\u00e9ciale, ARTE diffuse Le\u2026\" \/>\n<meta property=\"og:url\" content=\"https:\/\/www.arte.tv\/sites\/olivierpere\/2019\/04\/11\/le-livre-dimage-de-jean-luc-godard\/\" \/>\n<meta property=\"og:site_name\" content=\"Olivier P\u00e8re\" \/>\n<meta property=\"article:published_time\" content=\"2019-04-11T01:45:43+00:00\" \/>\n<meta property=\"article:modified_time\" content=\"2020-04-06T11:59:16+00:00\" \/>\n<meta name=\"author\" content=\"Olivier P\u00e8re\" \/>\n<meta name=\"twitter:label1\" content=\"\u00c9crit par\" \/>\n\t<meta name=\"twitter:data1\" content=\"Olivier P\u00e8re\" \/>\n\t<meta name=\"twitter:label2\" content=\"Dur\u00e9e de lecture estim\u00e9e\" \/>\n\t<meta name=\"twitter:data2\" content=\"2 minutes\" \/>\n<script type=\"application\/ld+json\" class=\"yoast-schema-graph\">{\"@context\":\"https:\/\/schema.org\",\"@graph\":[{\"@type\":\"WebPage\",\"@id\":\"https:\/\/www.arte.tv\/sites\/olivierpere\/2019\/04\/11\/le-livre-dimage-de-jean-luc-godard\/\",\"url\":\"https:\/\/www.arte.tv\/sites\/olivierpere\/2019\/04\/11\/le-livre-dimage-de-jean-luc-godard\/\",\"name\":\"Le Livre d\u2019image de Jean-Luc Godard - Olivier P\u00e8re\",\"isPartOf\":{\"@id\":\"https:\/\/www.arte.tv\/sites\/olivierpere\/#website\"},\"datePublished\":\"2019-04-11T01:45:43+00:00\",\"dateModified\":\"2020-04-06T11:59:16+00:00\",\"author\":{\"@id\":\"https:\/\/www.arte.tv\/sites\/olivierpere\/#\/schema\/person\/dc32cd6c79be95e52d43b97a74182558\"},\"breadcrumb\":{\"@id\":\"https:\/\/www.arte.tv\/sites\/olivierpere\/2019\/04\/11\/le-livre-dimage-de-jean-luc-godard\/#breadcrumb\"},\"inLanguage\":\"fr-FR\",\"potentialAction\":[{\"@type\":\"ReadAction\",\"target\":[\"https:\/\/www.arte.tv\/sites\/olivierpere\/2019\/04\/11\/le-livre-dimage-de-jean-luc-godard\/\"]}]},{\"@type\":\"BreadcrumbList\",\"@id\":\"https:\/\/www.arte.tv\/sites\/olivierpere\/2019\/04\/11\/le-livre-dimage-de-jean-luc-godard\/#breadcrumb\",\"itemListElement\":[{\"@type\":\"ListItem\",\"position\":1,\"name\":\"Home\",\"item\":\"https:\/\/www.arte.tv\/sites\/olivierpere\/\"},{\"@type\":\"ListItem\",\"position\":2,\"name\":\"Le Livre d\u2019image de Jean-Luc Godard\"}]},{\"@type\":\"WebSite\",\"@id\":\"https:\/\/www.arte.tv\/sites\/olivierpere\/#website\",\"url\":\"https:\/\/www.arte.tv\/sites\/olivierpere\/\",\"name\":\"Olivier P\u00e8re\",\"description\":\"\",\"potentialAction\":[{\"@type\":\"SearchAction\",\"target\":{\"@type\":\"EntryPoint\",\"urlTemplate\":\"https:\/\/www.arte.tv\/sites\/olivierpere\/?s={search_term_string}\"},\"query-input\":\"required name=search_term_string\"}],\"inLanguage\":\"fr-FR\"},{\"@type\":\"Person\",\"@id\":\"https:\/\/www.arte.tv\/sites\/olivierpere\/#\/schema\/person\/dc32cd6c79be95e52d43b97a74182558\",\"name\":\"Olivier P\u00e8re\",\"image\":{\"@type\":\"ImageObject\",\"inLanguage\":\"fr-FR\",\"@id\":\"https:\/\/www.arte.tv\/sites\/olivierpere\/#\/schema\/person\/image\/\",\"url\":\"https:\/\/secure.gravatar.com\/avatar\/bdea7b6a2c195e2c41772429a9694758?s=96&d=mm&r=g\",\"contentUrl\":\"https:\/\/secure.gravatar.com\/avatar\/bdea7b6a2c195e2c41772429a9694758?s=96&d=mm&r=g\",\"caption\":\"Olivier P\u00e8re\"},\"url\":\"https:\/\/www.arte.tv\/sites\/olivierpere\/author\/pereolivier\/\"}]}<\/script>\n<!-- \/ Yoast SEO plugin. -->","yoast_head_json":{"title":"Le Livre d\u2019image de Jean-Luc Godard - Olivier P\u00e8re","robots":{"index":"index","follow":"follow","max-snippet":"max-snippet:-1","max-image-preview":"max-image-preview:large","max-video-preview":"max-video-preview:-1"},"canonical":"https:\/\/www.arte.tv\/sites\/olivierpere\/2019\/04\/11\/le-livre-dimage-de-jean-luc-godard\/","og_locale":"fr_FR","og_type":"article","og_title":"Le Livre d\u2019image de Jean-Luc Godard - Olivier P\u00e8re","og_description":"Apr\u00e8s sa pr\u00e9sentation en comp\u00e9tition au Festival de Cannes, o\u00f9 lui fut d\u00e9cern\u00e9 une Palme d\u2019or sp\u00e9ciale, ARTE diffuse Le\u2026","og_url":"https:\/\/www.arte.tv\/sites\/olivierpere\/2019\/04\/11\/le-livre-dimage-de-jean-luc-godard\/","og_site_name":"Olivier P\u00e8re","article_published_time":"2019-04-11T01:45:43+00:00","article_modified_time":"2020-04-06T11:59:16+00:00","author":"Olivier P\u00e8re","twitter_misc":{"\u00c9crit par":"Olivier P\u00e8re","Dur\u00e9e de lecture estim\u00e9e":"2 minutes"},"schema":{"@context":"https:\/\/schema.org","@graph":[{"@type":"WebPage","@id":"https:\/\/www.arte.tv\/sites\/olivierpere\/2019\/04\/11\/le-livre-dimage-de-jean-luc-godard\/","url":"https:\/\/www.arte.tv\/sites\/olivierpere\/2019\/04\/11\/le-livre-dimage-de-jean-luc-godard\/","name":"Le Livre d\u2019image de Jean-Luc Godard - Olivier P\u00e8re","isPartOf":{"@id":"https:\/\/www.arte.tv\/sites\/olivierpere\/#website"},"datePublished":"2019-04-11T01:45:43+00:00","dateModified":"2020-04-06T11:59:16+00:00","author":{"@id":"https:\/\/www.arte.tv\/sites\/olivierpere\/#\/schema\/person\/dc32cd6c79be95e52d43b97a74182558"},"breadcrumb":{"@id":"https:\/\/www.arte.tv\/sites\/olivierpere\/2019\/04\/11\/le-livre-dimage-de-jean-luc-godard\/#breadcrumb"},"inLanguage":"fr-FR","potentialAction":[{"@type":"ReadAction","target":["https:\/\/www.arte.tv\/sites\/olivierpere\/2019\/04\/11\/le-livre-dimage-de-jean-luc-godard\/"]}]},{"@type":"BreadcrumbList","@id":"https:\/\/www.arte.tv\/sites\/olivierpere\/2019\/04\/11\/le-livre-dimage-de-jean-luc-godard\/#breadcrumb","itemListElement":[{"@type":"ListItem","position":1,"name":"Home","item":"https:\/\/www.arte.tv\/sites\/olivierpere\/"},{"@type":"ListItem","position":2,"name":"Le Livre d\u2019image de Jean-Luc Godard"}]},{"@type":"WebSite","@id":"https:\/\/www.arte.tv\/sites\/olivierpere\/#website","url":"https:\/\/www.arte.tv\/sites\/olivierpere\/","name":"Olivier P\u00e8re","description":"","potentialAction":[{"@type":"SearchAction","target":{"@type":"EntryPoint","urlTemplate":"https:\/\/www.arte.tv\/sites\/olivierpere\/?s={search_term_string}"},"query-input":"required name=search_term_string"}],"inLanguage":"fr-FR"},{"@type":"Person","@id":"https:\/\/www.arte.tv\/sites\/olivierpere\/#\/schema\/person\/dc32cd6c79be95e52d43b97a74182558","name":"Olivier P\u00e8re","image":{"@type":"ImageObject","inLanguage":"fr-FR","@id":"https:\/\/www.arte.tv\/sites\/olivierpere\/#\/schema\/person\/image\/","url":"https:\/\/secure.gravatar.com\/avatar\/bdea7b6a2c195e2c41772429a9694758?s=96&d=mm&r=g","contentUrl":"https:\/\/secure.gravatar.com\/avatar\/bdea7b6a2c195e2c41772429a9694758?s=96&d=mm&r=g","caption":"Olivier P\u00e8re"},"url":"https:\/\/www.arte.tv\/sites\/olivierpere\/author\/pereolivier\/"}]}},"_links":{"self":[{"href":"https:\/\/www.arte.tv\/sites\/olivierpere\/wp-json\/wp\/v2\/posts\/23321"}],"collection":[{"href":"https:\/\/www.arte.tv\/sites\/olivierpere\/wp-json\/wp\/v2\/posts"}],"about":[{"href":"https:\/\/www.arte.tv\/sites\/olivierpere\/wp-json\/wp\/v2\/types\/post"}],"author":[{"embeddable":true,"href":"https:\/\/www.arte.tv\/sites\/olivierpere\/wp-json\/wp\/v2\/users\/116"}],"replies":[{"embeddable":true,"href":"https:\/\/www.arte.tv\/sites\/olivierpere\/wp-json\/wp\/v2\/comments?post=23321"}],"version-history":[{"count":2,"href":"https:\/\/www.arte.tv\/sites\/olivierpere\/wp-json\/wp\/v2\/posts\/23321\/revisions"}],"predecessor-version":[{"id":25006,"href":"https:\/\/www.arte.tv\/sites\/olivierpere\/wp-json\/wp\/v2\/posts\/23321\/revisions\/25006"}],"wp:attachment":[{"href":"https:\/\/www.arte.tv\/sites\/olivierpere\/wp-json\/wp\/v2\/media?parent=23321"}],"wp:term":[{"taxonomy":"category","embeddable":true,"href":"https:\/\/www.arte.tv\/sites\/olivierpere\/wp-json\/wp\/v2\/categories?post=23321"},{"taxonomy":"post_tag","embeddable":true,"href":"https:\/\/www.arte.tv\/sites\/olivierpere\/wp-json\/wp\/v2\/tags?post=23321"}],"curies":[{"name":"wp","href":"https:\/\/api.w.org\/{rel}","templated":true}]}}