{"id":23225,"date":"2019-03-05T11:10:07","date_gmt":"2019-03-05T10:10:07","guid":{"rendered":"https:\/\/www.arte.tv\/sites\/olivierpere\/?p=23225"},"modified":"2020-04-06T13:06:34","modified_gmt":"2020-04-06T12:06:34","slug":"el-topo-de-alejandro-jodorowsky","status":"publish","type":"post","link":"https:\/\/www.arte.tv\/sites\/olivierpere\/2019\/03\/05\/el-topo-de-alejandro-jodorowsky\/","title":{"rendered":"El topo de Alejandro Jodorowsky"},"content":{"rendered":"<p><strong>Du 13 au 17 mars se tiendra \u00e0 la Cin\u00e9math\u00e8que fran\u00e7aise (et dans quelques autres salles parisiennes) la 7<sup>\u00e8me<\/sup> \u00e9dition de \u00ab\u00a0Toute la m\u00e9moire du monde\u00a0\u00bb, festival international du film restaur\u00e9. Dans le cadre d\u2019une programmation toujours aussi riche et vari\u00e9e, la Cin\u00e9math\u00e8que accueillera Jerzy Skolimowski et Garreth Brown (invit\u00e9s d\u2019honneur), tandis que Nicolas Winding Refn sera le parrain du festival. Ce dernier, en plus de ses propres films, viendra pr\u00e9senter plusieurs films choisis pour sa carte blanche\u00a0: <em>Les Pr\u00e9dateurs<\/em>, <em>Fat City<\/em>, <em>Caligula<\/em>, <em>Scorpio Rising<\/em>\u2026 et, sans grande surprise, <em>El topo<\/em>. Refn a en effet r\u00e9guli\u00e8rement clam\u00e9 son admiration pour Jodorowsky, dont le cin\u00e9ma hallucin\u00e9 n\u2019a pas manqu\u00e9 d\u2019influencer des films comme <em>Valhalla Rising<\/em> ou <em>Only God Forgives<\/em>.<\/strong><\/p>\n<p><strong>Alejandro Jodorowsky est un artiste multicarte dont chaque film est la trace d\u2019une aventure, d\u2019une vision ou d\u2019une exp\u00e9rience encore plus folle, effrayante ou dangereuse que le r\u00e9sultat \u00e0 l\u2019\u00e9cran, comparable en cela \u00e0 Dario Argento ou Werner Herzog. Alejandro Jodorowsky, issu d\u2019une famille de juifs russes exil\u00e9s en Am\u00e9rique du Sud, n\u00e9 au Chili en 1929, Fran\u00e7ais d\u2019adoption, cr\u00e9e le mouvement Panique avec Topor et Arrabal et r\u00e9alise ses premiers longs m\u00e9trages au Mexique. D\u2019abord\u00a0<em>Fando et Lis<\/em>\u00a0(<em>Fando y Lis<\/em>, 1968) d\u2019apr\u00e8s une pi\u00e8ce d\u2019Arrabal puis le c\u00e9l\u00e8bre\u00a0<em>El topo<\/em>\u00a0en 1970.\u00a0<em>El topo<\/em>\u00a0est un western baroque et sanglant, mais aussi un trip m\u00e9taphysique qui ne l\u00e9sine pas sur les hommages \u00e0 Bu\u00f1uel, Tod Browning et le th\u00e9\u00e2tre de la cruaut\u00e9 d\u2019Artaud. Un pistolero \u00e9nigmatique interpr\u00e9t\u00e9 par le cin\u00e9aste, flanqu\u00e9 de son fils de huit ans, affronte des bandits et les ma\u00eetres du d\u00e9sert\u00a0avant de conna\u00eetre plusieurs transformations au gr\u00e9 d\u2019une qu\u00eate spirituelle. D\u2019abord justicier v\u00eatu de noir, quelque part entre Zorro, Elvis Presley et un rabbin selon la d\u00e9finition du cin\u00e9aste, El topo (la taupe) s\u00e8me la mort sur son chemin, impliquant son fils dans ses exp\u00e9ditions punitives, comme l\u2019ancien bourreau Itto Ogami et le petit Da\u00efgoro dans la saga japonaise <em>Baby Cart<\/em>.<\/strong><\/p>\n<p><strong>Devenu un demi-Dieu ador\u00e9 par une communaut\u00e9 troglodyte d\u2019infirmes et de nains, il rena\u00eet en moine errant jet\u00e9 dans une ville de pionniers en proie au fascisme et \u00e0 la d\u00e9cadence. Jodorowsky invente un cin\u00e9ma mystique et hallucin\u00e9 dont il d\u00e9clinera ensuite l\u2019esth\u00e9tique sauvage et les outrances graphiques dans des bandes dessin\u00e9es.<\/strong><\/p>\n<p><strong><em>El topo<\/em> va rencontrer un succ\u00e8s monstre aupr\u00e8s des hippies du monde entier, et continue d\u2019enthousiasmer les nouvelles g\u00e9n\u00e9rations de spectateurs.\u00a0<em>El topo<\/em>\u00a0a inaugur\u00e9 aux \u00c9tats-Unis la mode des s\u00e9ances de minuit hebdomadaires o\u00f9 se ruent comme \u00e0 la messe les fanatiques du film, plusieurs ann\u00e9es avant <em>Pink Flamingos<\/em> ou\u00a0<em>Eraserhead<\/em>.\u00a0<\/strong><\/p>\n<p>&nbsp;<\/p>\n<p><strong><em>El Topo<\/em> sera projet\u00e9 samedi 16 mars \u00e0 14h30, salle Henri Langlois, en 35 mm.<\/strong><\/p>\n<p><strong>S\u00e9ance suivie d\u2019une discussion entre Alejandro Jodorowski et Nicolas Winding Refn.<\/strong><\/p>\n<p><strong>Voir le programme complet de \u00ab\u00a0Toute la m\u00e9moire du monde\u00a0\u00bb sur le site de la Cin\u00e9math\u00e8que fran\u00e7aise.<\/strong><\/p>\n","protected":false},"excerpt":{"rendered":"<p>Du 13 au 17 mars se tiendra \u00e0 la Cin\u00e9math\u00e8que fran\u00e7aise (et dans quelques autres salles parisiennes) la 7\u00e8me \u00e9dition\u2026<\/p>\n","protected":false},"author":116,"featured_media":0,"comment_status":"open","ping_status":"open","sticky":false,"template":"","format":"standard","meta":[],"categories":[9],"tags":[],"yoast_head":"<!-- This site is optimized with the Yoast SEO plugin v20.8 - https:\/\/yoast.com\/wordpress\/plugins\/seo\/ -->\n<title>El topo de Alejandro Jodorowsky - Olivier P\u00e8re<\/title>\n<meta name=\"robots\" content=\"index, follow, max-snippet:-1, max-image-preview:large, max-video-preview:-1\" \/>\n<link rel=\"canonical\" href=\"https:\/\/www.arte.tv\/sites\/olivierpere\/2019\/03\/05\/el-topo-de-alejandro-jodorowsky\/\" \/>\n<meta property=\"og:locale\" content=\"fr_FR\" \/>\n<meta property=\"og:type\" content=\"article\" \/>\n<meta property=\"og:title\" content=\"El topo de Alejandro Jodorowsky - Olivier P\u00e8re\" \/>\n<meta property=\"og:description\" content=\"Du 13 au 17 mars se tiendra \u00e0 la Cin\u00e9math\u00e8que fran\u00e7aise (et dans quelques autres salles parisiennes) la 7\u00e8me \u00e9dition\u2026\" \/>\n<meta property=\"og:url\" content=\"https:\/\/www.arte.tv\/sites\/olivierpere\/2019\/03\/05\/el-topo-de-alejandro-jodorowsky\/\" \/>\n<meta property=\"og:site_name\" content=\"Olivier P\u00e8re\" \/>\n<meta property=\"article:published_time\" content=\"2019-03-05T10:10:07+00:00\" \/>\n<meta property=\"article:modified_time\" content=\"2020-04-06T12:06:34+00:00\" \/>\n<meta name=\"author\" content=\"Olivier P\u00e8re\" \/>\n<meta name=\"twitter:label1\" content=\"\u00c9crit par\" \/>\n\t<meta name=\"twitter:data1\" content=\"Olivier P\u00e8re\" \/>\n\t<meta name=\"twitter:label2\" content=\"Dur\u00e9e de lecture estim\u00e9e\" \/>\n\t<meta name=\"twitter:data2\" content=\"3 minutes\" \/>\n<script type=\"application\/ld+json\" class=\"yoast-schema-graph\">{\"@context\":\"https:\/\/schema.org\",\"@graph\":[{\"@type\":\"WebPage\",\"@id\":\"https:\/\/www.arte.tv\/sites\/olivierpere\/2019\/03\/05\/el-topo-de-alejandro-jodorowsky\/\",\"url\":\"https:\/\/www.arte.tv\/sites\/olivierpere\/2019\/03\/05\/el-topo-de-alejandro-jodorowsky\/\",\"name\":\"El topo de Alejandro Jodorowsky - Olivier P\u00e8re\",\"isPartOf\":{\"@id\":\"https:\/\/www.arte.tv\/sites\/olivierpere\/#website\"},\"datePublished\":\"2019-03-05T10:10:07+00:00\",\"dateModified\":\"2020-04-06T12:06:34+00:00\",\"author\":{\"@id\":\"https:\/\/www.arte.tv\/sites\/olivierpere\/#\/schema\/person\/dc32cd6c79be95e52d43b97a74182558\"},\"breadcrumb\":{\"@id\":\"https:\/\/www.arte.tv\/sites\/olivierpere\/2019\/03\/05\/el-topo-de-alejandro-jodorowsky\/#breadcrumb\"},\"inLanguage\":\"fr-FR\",\"potentialAction\":[{\"@type\":\"ReadAction\",\"target\":[\"https:\/\/www.arte.tv\/sites\/olivierpere\/2019\/03\/05\/el-topo-de-alejandro-jodorowsky\/\"]}]},{\"@type\":\"BreadcrumbList\",\"@id\":\"https:\/\/www.arte.tv\/sites\/olivierpere\/2019\/03\/05\/el-topo-de-alejandro-jodorowsky\/#breadcrumb\",\"itemListElement\":[{\"@type\":\"ListItem\",\"position\":1,\"name\":\"Home\",\"item\":\"https:\/\/www.arte.tv\/sites\/olivierpere\/\"},{\"@type\":\"ListItem\",\"position\":2,\"name\":\"El topo de Alejandro Jodorowsky\"}]},{\"@type\":\"WebSite\",\"@id\":\"https:\/\/www.arte.tv\/sites\/olivierpere\/#website\",\"url\":\"https:\/\/www.arte.tv\/sites\/olivierpere\/\",\"name\":\"Olivier P\u00e8re\",\"description\":\"\",\"potentialAction\":[{\"@type\":\"SearchAction\",\"target\":{\"@type\":\"EntryPoint\",\"urlTemplate\":\"https:\/\/www.arte.tv\/sites\/olivierpere\/?s={search_term_string}\"},\"query-input\":\"required name=search_term_string\"}],\"inLanguage\":\"fr-FR\"},{\"@type\":\"Person\",\"@id\":\"https:\/\/www.arte.tv\/sites\/olivierpere\/#\/schema\/person\/dc32cd6c79be95e52d43b97a74182558\",\"name\":\"Olivier P\u00e8re\",\"image\":{\"@type\":\"ImageObject\",\"inLanguage\":\"fr-FR\",\"@id\":\"https:\/\/www.arte.tv\/sites\/olivierpere\/#\/schema\/person\/image\/\",\"url\":\"https:\/\/secure.gravatar.com\/avatar\/bdea7b6a2c195e2c41772429a9694758?s=96&d=mm&r=g\",\"contentUrl\":\"https:\/\/secure.gravatar.com\/avatar\/bdea7b6a2c195e2c41772429a9694758?s=96&d=mm&r=g\",\"caption\":\"Olivier P\u00e8re\"},\"url\":\"https:\/\/www.arte.tv\/sites\/olivierpere\/author\/pereolivier\/\"}]}<\/script>\n<!-- \/ Yoast SEO plugin. -->","yoast_head_json":{"title":"El topo de Alejandro Jodorowsky - Olivier P\u00e8re","robots":{"index":"index","follow":"follow","max-snippet":"max-snippet:-1","max-image-preview":"max-image-preview:large","max-video-preview":"max-video-preview:-1"},"canonical":"https:\/\/www.arte.tv\/sites\/olivierpere\/2019\/03\/05\/el-topo-de-alejandro-jodorowsky\/","og_locale":"fr_FR","og_type":"article","og_title":"El topo de Alejandro Jodorowsky - Olivier P\u00e8re","og_description":"Du 13 au 17 mars se tiendra \u00e0 la Cin\u00e9math\u00e8que fran\u00e7aise (et dans quelques autres salles parisiennes) la 7\u00e8me \u00e9dition\u2026","og_url":"https:\/\/www.arte.tv\/sites\/olivierpere\/2019\/03\/05\/el-topo-de-alejandro-jodorowsky\/","og_site_name":"Olivier P\u00e8re","article_published_time":"2019-03-05T10:10:07+00:00","article_modified_time":"2020-04-06T12:06:34+00:00","author":"Olivier P\u00e8re","twitter_misc":{"\u00c9crit par":"Olivier P\u00e8re","Dur\u00e9e de lecture estim\u00e9e":"3 minutes"},"schema":{"@context":"https:\/\/schema.org","@graph":[{"@type":"WebPage","@id":"https:\/\/www.arte.tv\/sites\/olivierpere\/2019\/03\/05\/el-topo-de-alejandro-jodorowsky\/","url":"https:\/\/www.arte.tv\/sites\/olivierpere\/2019\/03\/05\/el-topo-de-alejandro-jodorowsky\/","name":"El topo de Alejandro Jodorowsky - Olivier P\u00e8re","isPartOf":{"@id":"https:\/\/www.arte.tv\/sites\/olivierpere\/#website"},"datePublished":"2019-03-05T10:10:07+00:00","dateModified":"2020-04-06T12:06:34+00:00","author":{"@id":"https:\/\/www.arte.tv\/sites\/olivierpere\/#\/schema\/person\/dc32cd6c79be95e52d43b97a74182558"},"breadcrumb":{"@id":"https:\/\/www.arte.tv\/sites\/olivierpere\/2019\/03\/05\/el-topo-de-alejandro-jodorowsky\/#breadcrumb"},"inLanguage":"fr-FR","potentialAction":[{"@type":"ReadAction","target":["https:\/\/www.arte.tv\/sites\/olivierpere\/2019\/03\/05\/el-topo-de-alejandro-jodorowsky\/"]}]},{"@type":"BreadcrumbList","@id":"https:\/\/www.arte.tv\/sites\/olivierpere\/2019\/03\/05\/el-topo-de-alejandro-jodorowsky\/#breadcrumb","itemListElement":[{"@type":"ListItem","position":1,"name":"Home","item":"https:\/\/www.arte.tv\/sites\/olivierpere\/"},{"@type":"ListItem","position":2,"name":"El topo de Alejandro Jodorowsky"}]},{"@type":"WebSite","@id":"https:\/\/www.arte.tv\/sites\/olivierpere\/#website","url":"https:\/\/www.arte.tv\/sites\/olivierpere\/","name":"Olivier P\u00e8re","description":"","potentialAction":[{"@type":"SearchAction","target":{"@type":"EntryPoint","urlTemplate":"https:\/\/www.arte.tv\/sites\/olivierpere\/?s={search_term_string}"},"query-input":"required name=search_term_string"}],"inLanguage":"fr-FR"},{"@type":"Person","@id":"https:\/\/www.arte.tv\/sites\/olivierpere\/#\/schema\/person\/dc32cd6c79be95e52d43b97a74182558","name":"Olivier P\u00e8re","image":{"@type":"ImageObject","inLanguage":"fr-FR","@id":"https:\/\/www.arte.tv\/sites\/olivierpere\/#\/schema\/person\/image\/","url":"https:\/\/secure.gravatar.com\/avatar\/bdea7b6a2c195e2c41772429a9694758?s=96&d=mm&r=g","contentUrl":"https:\/\/secure.gravatar.com\/avatar\/bdea7b6a2c195e2c41772429a9694758?s=96&d=mm&r=g","caption":"Olivier P\u00e8re"},"url":"https:\/\/www.arte.tv\/sites\/olivierpere\/author\/pereolivier\/"}]}},"_links":{"self":[{"href":"https:\/\/www.arte.tv\/sites\/olivierpere\/wp-json\/wp\/v2\/posts\/23225"}],"collection":[{"href":"https:\/\/www.arte.tv\/sites\/olivierpere\/wp-json\/wp\/v2\/posts"}],"about":[{"href":"https:\/\/www.arte.tv\/sites\/olivierpere\/wp-json\/wp\/v2\/types\/post"}],"author":[{"embeddable":true,"href":"https:\/\/www.arte.tv\/sites\/olivierpere\/wp-json\/wp\/v2\/users\/116"}],"replies":[{"embeddable":true,"href":"https:\/\/www.arte.tv\/sites\/olivierpere\/wp-json\/wp\/v2\/comments?post=23225"}],"version-history":[{"count":2,"href":"https:\/\/www.arte.tv\/sites\/olivierpere\/wp-json\/wp\/v2\/posts\/23225\/revisions"}],"predecessor-version":[{"id":25029,"href":"https:\/\/www.arte.tv\/sites\/olivierpere\/wp-json\/wp\/v2\/posts\/23225\/revisions\/25029"}],"wp:attachment":[{"href":"https:\/\/www.arte.tv\/sites\/olivierpere\/wp-json\/wp\/v2\/media?parent=23225"}],"wp:term":[{"taxonomy":"category","embeddable":true,"href":"https:\/\/www.arte.tv\/sites\/olivierpere\/wp-json\/wp\/v2\/categories?post=23225"},{"taxonomy":"post_tag","embeddable":true,"href":"https:\/\/www.arte.tv\/sites\/olivierpere\/wp-json\/wp\/v2\/tags?post=23225"}],"curies":[{"name":"wp","href":"https:\/\/api.w.org\/{rel}","templated":true}]}}