{"id":22974,"date":"2018-12-23T17:25:28","date_gmt":"2018-12-23T16:25:28","guid":{"rendered":"https:\/\/www.arte.tv\/sites\/olivierpere\/?p=22974"},"modified":"2020-04-13T15:23:39","modified_gmt":"2020-04-13T14:23:39","slug":"la-femme-sur-la-lune-de-fritz-lang","status":"publish","type":"post","link":"https:\/\/www.arte.tv\/sites\/olivierpere\/2018\/12\/23\/la-femme-sur-la-lune-de-fritz-lang\/","title":{"rendered":"La Femme sur la Lune de Fritz Lang"},"content":{"rendered":"<p><strong>ARTE diffuse <em>La Femme sur la Lune<\/em> (<em>Frau im Mond<\/em>, 1929) dans la nuit du dimanche 13 au 14 janvier \u00e0 0h35, en version restaur\u00e9e. Le film sera \u00e9galement disponible gratuitement en t\u00e9l\u00e9vision de rattrapage sur le site d\u2019ARTE, pendant sept jours. Dans la filmographie de Fritz Lang,\u00a0<em>La Femme sur la Lune<\/em>, comme <em>Les\u00a0Espions,<\/em>\u00a0est une \u0153uvre presque l\u00e9g\u00e8re et optimiste. Adieux de Fritz Lang aux grosses machineries de studio,\u00a0<em>La Femme sur la Lune\u00a0<\/em>est le premier film de science-fiction s\u00e9rieux et r\u00e9aliste. Dans la filmographie de Fritz Lang, il vient clore la p\u00e9riode muette du cin\u00e9aste, au cours de laquelle Lang explora, avec des moyens colossaux, le patrimoine culturel allemand et les mythologies germaniques (<em>Les Nibelungen<\/em>) mais aussi les territoires du r\u00eave, de l\u2019imagination et du futur (<em>Metropolis<\/em>). D\u00e8s ses premiers films parlants (<em>M le maudit\u00a0<\/em>et\u00a0<em>Le Testament du docteur Mabuse<\/em>), Lang s\u2019int\u00e9ressera enfin \u00e0 la soci\u00e9t\u00e9 et au monde moderne.\u00a0<em>La Femme sur la Lune<\/em>\u00a0qui raconte la pr\u00e9paration puis le d\u00e9roulement d\u2019une exp\u00e9dition lunaire, s\u2019\u00e9loigne pourtant du folklore du cin\u00e9ma de science-fiction et des premiers r\u00e9cits de croisi\u00e8res sid\u00e9rales mis en image par M\u00e9li\u00e8s. Ici, point de s\u00e9l\u00e9nites, de fus\u00e9es de fantaisie ou de monstres extra-terrestres. M\u00eame si le film d\u00e9bute par des p\u00e9rip\u00e9ties emprunt\u00e9es au cin\u00e9ma d\u2019espionnage,\u00a0<em>La Femme sur la Lune<\/em>\u00a0s\u2019affranchit dans sa seconde partie des conventions du feuilleton en vogue et des serials de luxe pr\u00e9c\u00e9demment film\u00e9s par Lang.<\/strong><br \/>\n<strong>Le cin\u00e9aste d\u00e9cide de s\u2019entourer de savants et de s\u2019appuyer sur la r\u00e9alit\u00e9 scientifique. Il parviendra m\u00eame \u00e0 anticiper l\u2019histoire de la conqu\u00eate spatiale, notamment en inventant le principe du compte \u00e0 rebours, employ\u00e9 dans un souci de suspens dramatique. \u00c0 l\u2019instar de Jules Verne en litt\u00e9rature, certaines trouvailles de Lang se r\u00e9v\u00e9leront proph\u00e9tiques. Les Nazis interdiront le film et d\u00e9truiront les maquettes du vaisseau spatial, trop proches des v\u00e9ritables V1 et V2 tenus secrets par le r\u00e9gime.<\/strong><\/p>\n","protected":false},"excerpt":{"rendered":"<p>ARTE diffuse La Femme sur la Lune (Frau im Mond, 1929) dans la nuit du dimanche 13 au 14 janvier\u2026<\/p>\n","protected":false},"author":116,"featured_media":0,"comment_status":"open","ping_status":"open","sticky":false,"template":"","format":"standard","meta":[],"categories":[8],"tags":[],"yoast_head":"<!-- This site is optimized with the Yoast SEO plugin v20.8 - https:\/\/yoast.com\/wordpress\/plugins\/seo\/ -->\n<title>La Femme sur la Lune de Fritz Lang - Olivier P\u00e8re<\/title>\n<meta name=\"robots\" content=\"index, follow, max-snippet:-1, max-image-preview:large, max-video-preview:-1\" \/>\n<link rel=\"canonical\" href=\"https:\/\/www.arte.tv\/sites\/olivierpere\/2018\/12\/23\/la-femme-sur-la-lune-de-fritz-lang\/\" \/>\n<meta property=\"og:locale\" content=\"fr_FR\" \/>\n<meta property=\"og:type\" content=\"article\" \/>\n<meta property=\"og:title\" content=\"La Femme sur la Lune de Fritz Lang - Olivier P\u00e8re\" \/>\n<meta property=\"og:description\" content=\"ARTE diffuse La Femme sur la Lune (Frau im Mond, 1929) dans la nuit du dimanche 13 au 14 janvier\u2026\" \/>\n<meta property=\"og:url\" content=\"https:\/\/www.arte.tv\/sites\/olivierpere\/2018\/12\/23\/la-femme-sur-la-lune-de-fritz-lang\/\" \/>\n<meta property=\"og:site_name\" content=\"Olivier P\u00e8re\" \/>\n<meta property=\"article:published_time\" content=\"2018-12-23T16:25:28+00:00\" \/>\n<meta property=\"article:modified_time\" content=\"2020-04-13T14:23:39+00:00\" \/>\n<meta name=\"author\" content=\"Olivier P\u00e8re\" \/>\n<meta name=\"twitter:label1\" content=\"\u00c9crit par\" \/>\n\t<meta name=\"twitter:data1\" content=\"Olivier P\u00e8re\" \/>\n\t<meta name=\"twitter:label2\" content=\"Dur\u00e9e de lecture estim\u00e9e\" \/>\n\t<meta name=\"twitter:data2\" content=\"2 minutes\" \/>\n<script type=\"application\/ld+json\" class=\"yoast-schema-graph\">{\"@context\":\"https:\/\/schema.org\",\"@graph\":[{\"@type\":\"WebPage\",\"@id\":\"https:\/\/www.arte.tv\/sites\/olivierpere\/2018\/12\/23\/la-femme-sur-la-lune-de-fritz-lang\/\",\"url\":\"https:\/\/www.arte.tv\/sites\/olivierpere\/2018\/12\/23\/la-femme-sur-la-lune-de-fritz-lang\/\",\"name\":\"La Femme sur la Lune de Fritz Lang - Olivier P\u00e8re\",\"isPartOf\":{\"@id\":\"https:\/\/www.arte.tv\/sites\/olivierpere\/#website\"},\"datePublished\":\"2018-12-23T16:25:28+00:00\",\"dateModified\":\"2020-04-13T14:23:39+00:00\",\"author\":{\"@id\":\"https:\/\/www.arte.tv\/sites\/olivierpere\/#\/schema\/person\/dc32cd6c79be95e52d43b97a74182558\"},\"breadcrumb\":{\"@id\":\"https:\/\/www.arte.tv\/sites\/olivierpere\/2018\/12\/23\/la-femme-sur-la-lune-de-fritz-lang\/#breadcrumb\"},\"inLanguage\":\"fr-FR\",\"potentialAction\":[{\"@type\":\"ReadAction\",\"target\":[\"https:\/\/www.arte.tv\/sites\/olivierpere\/2018\/12\/23\/la-femme-sur-la-lune-de-fritz-lang\/\"]}]},{\"@type\":\"BreadcrumbList\",\"@id\":\"https:\/\/www.arte.tv\/sites\/olivierpere\/2018\/12\/23\/la-femme-sur-la-lune-de-fritz-lang\/#breadcrumb\",\"itemListElement\":[{\"@type\":\"ListItem\",\"position\":1,\"name\":\"Home\",\"item\":\"https:\/\/www.arte.tv\/sites\/olivierpere\/\"},{\"@type\":\"ListItem\",\"position\":2,\"name\":\"La Femme sur la Lune de Fritz Lang\"}]},{\"@type\":\"WebSite\",\"@id\":\"https:\/\/www.arte.tv\/sites\/olivierpere\/#website\",\"url\":\"https:\/\/www.arte.tv\/sites\/olivierpere\/\",\"name\":\"Olivier P\u00e8re\",\"description\":\"\",\"potentialAction\":[{\"@type\":\"SearchAction\",\"target\":{\"@type\":\"EntryPoint\",\"urlTemplate\":\"https:\/\/www.arte.tv\/sites\/olivierpere\/?s={search_term_string}\"},\"query-input\":\"required name=search_term_string\"}],\"inLanguage\":\"fr-FR\"},{\"@type\":\"Person\",\"@id\":\"https:\/\/www.arte.tv\/sites\/olivierpere\/#\/schema\/person\/dc32cd6c79be95e52d43b97a74182558\",\"name\":\"Olivier P\u00e8re\",\"image\":{\"@type\":\"ImageObject\",\"inLanguage\":\"fr-FR\",\"@id\":\"https:\/\/www.arte.tv\/sites\/olivierpere\/#\/schema\/person\/image\/\",\"url\":\"https:\/\/secure.gravatar.com\/avatar\/bdea7b6a2c195e2c41772429a9694758?s=96&d=mm&r=g\",\"contentUrl\":\"https:\/\/secure.gravatar.com\/avatar\/bdea7b6a2c195e2c41772429a9694758?s=96&d=mm&r=g\",\"caption\":\"Olivier P\u00e8re\"},\"url\":\"https:\/\/www.arte.tv\/sites\/olivierpere\/author\/pereolivier\/\"}]}<\/script>\n<!-- \/ Yoast SEO plugin. -->","yoast_head_json":{"title":"La Femme sur la Lune de Fritz Lang - Olivier P\u00e8re","robots":{"index":"index","follow":"follow","max-snippet":"max-snippet:-1","max-image-preview":"max-image-preview:large","max-video-preview":"max-video-preview:-1"},"canonical":"https:\/\/www.arte.tv\/sites\/olivierpere\/2018\/12\/23\/la-femme-sur-la-lune-de-fritz-lang\/","og_locale":"fr_FR","og_type":"article","og_title":"La Femme sur la Lune de Fritz Lang - Olivier P\u00e8re","og_description":"ARTE diffuse La Femme sur la Lune (Frau im Mond, 1929) dans la nuit du dimanche 13 au 14 janvier\u2026","og_url":"https:\/\/www.arte.tv\/sites\/olivierpere\/2018\/12\/23\/la-femme-sur-la-lune-de-fritz-lang\/","og_site_name":"Olivier P\u00e8re","article_published_time":"2018-12-23T16:25:28+00:00","article_modified_time":"2020-04-13T14:23:39+00:00","author":"Olivier P\u00e8re","twitter_misc":{"\u00c9crit par":"Olivier P\u00e8re","Dur\u00e9e de lecture estim\u00e9e":"2 minutes"},"schema":{"@context":"https:\/\/schema.org","@graph":[{"@type":"WebPage","@id":"https:\/\/www.arte.tv\/sites\/olivierpere\/2018\/12\/23\/la-femme-sur-la-lune-de-fritz-lang\/","url":"https:\/\/www.arte.tv\/sites\/olivierpere\/2018\/12\/23\/la-femme-sur-la-lune-de-fritz-lang\/","name":"La Femme sur la Lune de Fritz Lang - Olivier P\u00e8re","isPartOf":{"@id":"https:\/\/www.arte.tv\/sites\/olivierpere\/#website"},"datePublished":"2018-12-23T16:25:28+00:00","dateModified":"2020-04-13T14:23:39+00:00","author":{"@id":"https:\/\/www.arte.tv\/sites\/olivierpere\/#\/schema\/person\/dc32cd6c79be95e52d43b97a74182558"},"breadcrumb":{"@id":"https:\/\/www.arte.tv\/sites\/olivierpere\/2018\/12\/23\/la-femme-sur-la-lune-de-fritz-lang\/#breadcrumb"},"inLanguage":"fr-FR","potentialAction":[{"@type":"ReadAction","target":["https:\/\/www.arte.tv\/sites\/olivierpere\/2018\/12\/23\/la-femme-sur-la-lune-de-fritz-lang\/"]}]},{"@type":"BreadcrumbList","@id":"https:\/\/www.arte.tv\/sites\/olivierpere\/2018\/12\/23\/la-femme-sur-la-lune-de-fritz-lang\/#breadcrumb","itemListElement":[{"@type":"ListItem","position":1,"name":"Home","item":"https:\/\/www.arte.tv\/sites\/olivierpere\/"},{"@type":"ListItem","position":2,"name":"La Femme sur la Lune de Fritz Lang"}]},{"@type":"WebSite","@id":"https:\/\/www.arte.tv\/sites\/olivierpere\/#website","url":"https:\/\/www.arte.tv\/sites\/olivierpere\/","name":"Olivier P\u00e8re","description":"","potentialAction":[{"@type":"SearchAction","target":{"@type":"EntryPoint","urlTemplate":"https:\/\/www.arte.tv\/sites\/olivierpere\/?s={search_term_string}"},"query-input":"required name=search_term_string"}],"inLanguage":"fr-FR"},{"@type":"Person","@id":"https:\/\/www.arte.tv\/sites\/olivierpere\/#\/schema\/person\/dc32cd6c79be95e52d43b97a74182558","name":"Olivier P\u00e8re","image":{"@type":"ImageObject","inLanguage":"fr-FR","@id":"https:\/\/www.arte.tv\/sites\/olivierpere\/#\/schema\/person\/image\/","url":"https:\/\/secure.gravatar.com\/avatar\/bdea7b6a2c195e2c41772429a9694758?s=96&d=mm&r=g","contentUrl":"https:\/\/secure.gravatar.com\/avatar\/bdea7b6a2c195e2c41772429a9694758?s=96&d=mm&r=g","caption":"Olivier P\u00e8re"},"url":"https:\/\/www.arte.tv\/sites\/olivierpere\/author\/pereolivier\/"}]}},"_links":{"self":[{"href":"https:\/\/www.arte.tv\/sites\/olivierpere\/wp-json\/wp\/v2\/posts\/22974"}],"collection":[{"href":"https:\/\/www.arte.tv\/sites\/olivierpere\/wp-json\/wp\/v2\/posts"}],"about":[{"href":"https:\/\/www.arte.tv\/sites\/olivierpere\/wp-json\/wp\/v2\/types\/post"}],"author":[{"embeddable":true,"href":"https:\/\/www.arte.tv\/sites\/olivierpere\/wp-json\/wp\/v2\/users\/116"}],"replies":[{"embeddable":true,"href":"https:\/\/www.arte.tv\/sites\/olivierpere\/wp-json\/wp\/v2\/comments?post=22974"}],"version-history":[{"count":2,"href":"https:\/\/www.arte.tv\/sites\/olivierpere\/wp-json\/wp\/v2\/posts\/22974\/revisions"}],"predecessor-version":[{"id":25396,"href":"https:\/\/www.arte.tv\/sites\/olivierpere\/wp-json\/wp\/v2\/posts\/22974\/revisions\/25396"}],"wp:attachment":[{"href":"https:\/\/www.arte.tv\/sites\/olivierpere\/wp-json\/wp\/v2\/media?parent=22974"}],"wp:term":[{"taxonomy":"category","embeddable":true,"href":"https:\/\/www.arte.tv\/sites\/olivierpere\/wp-json\/wp\/v2\/categories?post=22974"},{"taxonomy":"post_tag","embeddable":true,"href":"https:\/\/www.arte.tv\/sites\/olivierpere\/wp-json\/wp\/v2\/tags?post=22974"}],"curies":[{"name":"wp","href":"https:\/\/api.w.org\/{rel}","templated":true}]}}