{"id":22662,"date":"2018-10-03T21:41:07","date_gmt":"2018-10-03T20:41:07","guid":{"rendered":"https:\/\/www.arte.tv\/sites\/olivierpere\/?p=22662"},"modified":"2020-04-08T16:23:38","modified_gmt":"2020-04-08T15:23:38","slug":"le-crepuscule-des-aigles-de-john-guillermin","status":"publish","type":"post","link":"https:\/\/www.arte.tv\/sites\/olivierpere\/2018\/10\/03\/le-crepuscule-des-aigles-de-john-guillermin\/","title":{"rendered":"Le Cr\u00e9puscule des aigles de John Guillermin"},"content":{"rendered":"<p><strong>ARTE diffuse <em>Le Cr\u00e9puscule des aigles <\/em>(<em>The Blue Max<\/em>, 1966) lundi 5 novembre \u00e0 23h15. Superproduction sur la Premi\u00e8re Guerre mondiale vue du c\u00f4t\u00e9 allemand, <em>Le Cr\u00e9puscule des aigles<\/em> poss\u00e8de la particularit\u00e9 de ne d\u00e9crire que des personnages n\u00e9gatifs ou ambigus, loin de toute forme de glorification de l\u2019h\u00e9roisme militaire. Le r\u00e9alisateur anglais John Guillermin, qui allait bient\u00f4t poursuivre sa carri\u00e8re \u00e0 Hollywood, propose une approche originale du film de guerre. Il dresse le portrait d\u2019un arriviste sans scrupules pr\u00eat \u00e0 tout pour obtenir une m\u00e9daille &#8211; \u00ab\u00a0pour le m\u00e9rite\u00a0\u00bb surnomm\u00e9e \u00ab\u00a0The Blue Max\u00a0\u00bb en raison de sa couleur &#8211; qui r\u00e9compense un as de l\u2019aviation qui a abattu vingt avions ennemis. D\u2019origines modestes, contrairement \u00e0 la plupart des pilotes appartenant \u00e0 l\u2019aristocratie, l\u2019ambitieux Stachel est m\u00e9pris\u00e9 par les officiers qui le consid\u00e8rent comme un parvenu vulgaire et opportuniste. Cette assertion n\u2019est pas contest\u00e9e par le film qui montre Stachel sous un jour d\u00e9sagr\u00e9able. Croyant profiter du prestige de l\u2019uniforme et s\u2019introduire par sa seule bravoure parmi l\u2019\u00e9lite de l\u2019aviation, Stachel devient \u00e0 son insu un instrument de propagande, manipul\u00e9 par un g\u00e9n\u00e9ral vicieux (James Mason). L\u2019Empire allemand l\u2019utilise pour valoriser l\u2019arm\u00e9e comme ascenseur social tandis que le conflit, dans sa phase ultime, peine \u00e0 mobiliser la population. George Peppard excelle dans le r\u00f4le de ce soldat qui ne respecte pas les codes de la chevalerie et n\u2019h\u00e9site pas \u00e0 tricher ou \u00e0 provoquer la mort d&rsquo;un rival. La beaut\u00e9 physique un peu lisse de Peppard se teinte d\u2019une forme de veulerie qui faisait d\u00e9j\u00e0 merveille dans <em>Diamants sur canap\u00e9<\/em> de Blake Edwards. N\u00e9 trop tard pour jouer les h\u00e9ros, Peppard aura bri\u00e8vement incarn\u00e9 dans les ann\u00e9es 60 une version inqui\u00e8te, immorale et parfois n\u00e9vrotique de l\u2019aventurier-s\u00e9ducteur au cin\u00e9ma. <em>Le Cr\u00e9puscule des aigles<\/em> abonde en sc\u00e8nes de combats a\u00e9riens tr\u00e8s r\u00e9ussies. Ces sc\u00e8nes t\u00e9moignent d\u2019un savoir-faire dans l\u2019action et les effets sp\u00e9ciaux qui allait conduire John Guillermin \u00e0 r\u00e9aliser des films \u00e0 grand spectacle comme <em>La Tour infernale<\/em> ou <em>King Kong<\/em> dans les ann\u00e9es 70. C\u2019est pourtant dans la description gla\u00e7ante du cynisme des officiers et de ce m\u00e9lange de rivalit\u00e9s personnelles et de strat\u00e9gie politique que le film fascine et impressionne le plus.<\/strong><\/p>\n<p>&nbsp;<\/p>\n<p>&nbsp;<\/p>\n","protected":false},"excerpt":{"rendered":"<p>ARTE diffuse Le Cr\u00e9puscule des aigles (The Blue Max, 1966) lundi 5 novembre \u00e0 23h15. Superproduction sur la Premi\u00e8re Guerre\u2026<\/p>\n","protected":false},"author":116,"featured_media":0,"comment_status":"open","ping_status":"open","sticky":false,"template":"","format":"standard","meta":[],"categories":[8],"tags":[],"yoast_head":"<!-- This site is optimized with the Yoast SEO plugin v20.8 - https:\/\/yoast.com\/wordpress\/plugins\/seo\/ -->\n<title>Le Cr\u00e9puscule des aigles de John Guillermin - Olivier P\u00e8re<\/title>\n<meta name=\"robots\" content=\"index, follow, max-snippet:-1, max-image-preview:large, max-video-preview:-1\" \/>\n<link rel=\"canonical\" href=\"https:\/\/www.arte.tv\/sites\/olivierpere\/2018\/10\/03\/le-crepuscule-des-aigles-de-john-guillermin\/\" \/>\n<meta property=\"og:locale\" content=\"fr_FR\" \/>\n<meta property=\"og:type\" content=\"article\" \/>\n<meta property=\"og:title\" content=\"Le Cr\u00e9puscule des aigles de John Guillermin - Olivier P\u00e8re\" \/>\n<meta property=\"og:description\" content=\"ARTE diffuse Le Cr\u00e9puscule des aigles (The Blue Max, 1966) lundi 5 novembre \u00e0 23h15. Superproduction sur la Premi\u00e8re Guerre\u2026\" \/>\n<meta property=\"og:url\" content=\"https:\/\/www.arte.tv\/sites\/olivierpere\/2018\/10\/03\/le-crepuscule-des-aigles-de-john-guillermin\/\" \/>\n<meta property=\"og:site_name\" content=\"Olivier P\u00e8re\" \/>\n<meta property=\"article:published_time\" content=\"2018-10-03T20:41:07+00:00\" \/>\n<meta property=\"article:modified_time\" content=\"2020-04-08T15:23:38+00:00\" \/>\n<meta name=\"author\" content=\"Olivier P\u00e8re\" \/>\n<meta name=\"twitter:label1\" content=\"\u00c9crit par\" \/>\n\t<meta name=\"twitter:data1\" content=\"Olivier P\u00e8re\" \/>\n\t<meta name=\"twitter:label2\" content=\"Dur\u00e9e de lecture estim\u00e9e\" \/>\n\t<meta name=\"twitter:data2\" content=\"2 minutes\" \/>\n<script type=\"application\/ld+json\" class=\"yoast-schema-graph\">{\"@context\":\"https:\/\/schema.org\",\"@graph\":[{\"@type\":\"WebPage\",\"@id\":\"https:\/\/www.arte.tv\/sites\/olivierpere\/2018\/10\/03\/le-crepuscule-des-aigles-de-john-guillermin\/\",\"url\":\"https:\/\/www.arte.tv\/sites\/olivierpere\/2018\/10\/03\/le-crepuscule-des-aigles-de-john-guillermin\/\",\"name\":\"Le Cr\u00e9puscule des aigles de John Guillermin - Olivier P\u00e8re\",\"isPartOf\":{\"@id\":\"https:\/\/www.arte.tv\/sites\/olivierpere\/#website\"},\"datePublished\":\"2018-10-03T20:41:07+00:00\",\"dateModified\":\"2020-04-08T15:23:38+00:00\",\"author\":{\"@id\":\"https:\/\/www.arte.tv\/sites\/olivierpere\/#\/schema\/person\/dc32cd6c79be95e52d43b97a74182558\"},\"breadcrumb\":{\"@id\":\"https:\/\/www.arte.tv\/sites\/olivierpere\/2018\/10\/03\/le-crepuscule-des-aigles-de-john-guillermin\/#breadcrumb\"},\"inLanguage\":\"fr-FR\",\"potentialAction\":[{\"@type\":\"ReadAction\",\"target\":[\"https:\/\/www.arte.tv\/sites\/olivierpere\/2018\/10\/03\/le-crepuscule-des-aigles-de-john-guillermin\/\"]}]},{\"@type\":\"BreadcrumbList\",\"@id\":\"https:\/\/www.arte.tv\/sites\/olivierpere\/2018\/10\/03\/le-crepuscule-des-aigles-de-john-guillermin\/#breadcrumb\",\"itemListElement\":[{\"@type\":\"ListItem\",\"position\":1,\"name\":\"Home\",\"item\":\"https:\/\/www.arte.tv\/sites\/olivierpere\/\"},{\"@type\":\"ListItem\",\"position\":2,\"name\":\"Le Cr\u00e9puscule des aigles de John Guillermin\"}]},{\"@type\":\"WebSite\",\"@id\":\"https:\/\/www.arte.tv\/sites\/olivierpere\/#website\",\"url\":\"https:\/\/www.arte.tv\/sites\/olivierpere\/\",\"name\":\"Olivier P\u00e8re\",\"description\":\"\",\"potentialAction\":[{\"@type\":\"SearchAction\",\"target\":{\"@type\":\"EntryPoint\",\"urlTemplate\":\"https:\/\/www.arte.tv\/sites\/olivierpere\/?s={search_term_string}\"},\"query-input\":\"required name=search_term_string\"}],\"inLanguage\":\"fr-FR\"},{\"@type\":\"Person\",\"@id\":\"https:\/\/www.arte.tv\/sites\/olivierpere\/#\/schema\/person\/dc32cd6c79be95e52d43b97a74182558\",\"name\":\"Olivier P\u00e8re\",\"image\":{\"@type\":\"ImageObject\",\"inLanguage\":\"fr-FR\",\"@id\":\"https:\/\/www.arte.tv\/sites\/olivierpere\/#\/schema\/person\/image\/\",\"url\":\"https:\/\/secure.gravatar.com\/avatar\/bdea7b6a2c195e2c41772429a9694758?s=96&d=mm&r=g\",\"contentUrl\":\"https:\/\/secure.gravatar.com\/avatar\/bdea7b6a2c195e2c41772429a9694758?s=96&d=mm&r=g\",\"caption\":\"Olivier P\u00e8re\"},\"url\":\"https:\/\/www.arte.tv\/sites\/olivierpere\/author\/pereolivier\/\"}]}<\/script>\n<!-- \/ Yoast SEO plugin. -->","yoast_head_json":{"title":"Le Cr\u00e9puscule des aigles de John Guillermin - Olivier P\u00e8re","robots":{"index":"index","follow":"follow","max-snippet":"max-snippet:-1","max-image-preview":"max-image-preview:large","max-video-preview":"max-video-preview:-1"},"canonical":"https:\/\/www.arte.tv\/sites\/olivierpere\/2018\/10\/03\/le-crepuscule-des-aigles-de-john-guillermin\/","og_locale":"fr_FR","og_type":"article","og_title":"Le Cr\u00e9puscule des aigles de John Guillermin - Olivier P\u00e8re","og_description":"ARTE diffuse Le Cr\u00e9puscule des aigles (The Blue Max, 1966) lundi 5 novembre \u00e0 23h15. Superproduction sur la Premi\u00e8re Guerre\u2026","og_url":"https:\/\/www.arte.tv\/sites\/olivierpere\/2018\/10\/03\/le-crepuscule-des-aigles-de-john-guillermin\/","og_site_name":"Olivier P\u00e8re","article_published_time":"2018-10-03T20:41:07+00:00","article_modified_time":"2020-04-08T15:23:38+00:00","author":"Olivier P\u00e8re","twitter_misc":{"\u00c9crit par":"Olivier P\u00e8re","Dur\u00e9e de lecture estim\u00e9e":"2 minutes"},"schema":{"@context":"https:\/\/schema.org","@graph":[{"@type":"WebPage","@id":"https:\/\/www.arte.tv\/sites\/olivierpere\/2018\/10\/03\/le-crepuscule-des-aigles-de-john-guillermin\/","url":"https:\/\/www.arte.tv\/sites\/olivierpere\/2018\/10\/03\/le-crepuscule-des-aigles-de-john-guillermin\/","name":"Le Cr\u00e9puscule des aigles de John Guillermin - Olivier P\u00e8re","isPartOf":{"@id":"https:\/\/www.arte.tv\/sites\/olivierpere\/#website"},"datePublished":"2018-10-03T20:41:07+00:00","dateModified":"2020-04-08T15:23:38+00:00","author":{"@id":"https:\/\/www.arte.tv\/sites\/olivierpere\/#\/schema\/person\/dc32cd6c79be95e52d43b97a74182558"},"breadcrumb":{"@id":"https:\/\/www.arte.tv\/sites\/olivierpere\/2018\/10\/03\/le-crepuscule-des-aigles-de-john-guillermin\/#breadcrumb"},"inLanguage":"fr-FR","potentialAction":[{"@type":"ReadAction","target":["https:\/\/www.arte.tv\/sites\/olivierpere\/2018\/10\/03\/le-crepuscule-des-aigles-de-john-guillermin\/"]}]},{"@type":"BreadcrumbList","@id":"https:\/\/www.arte.tv\/sites\/olivierpere\/2018\/10\/03\/le-crepuscule-des-aigles-de-john-guillermin\/#breadcrumb","itemListElement":[{"@type":"ListItem","position":1,"name":"Home","item":"https:\/\/www.arte.tv\/sites\/olivierpere\/"},{"@type":"ListItem","position":2,"name":"Le Cr\u00e9puscule des aigles de John Guillermin"}]},{"@type":"WebSite","@id":"https:\/\/www.arte.tv\/sites\/olivierpere\/#website","url":"https:\/\/www.arte.tv\/sites\/olivierpere\/","name":"Olivier P\u00e8re","description":"","potentialAction":[{"@type":"SearchAction","target":{"@type":"EntryPoint","urlTemplate":"https:\/\/www.arte.tv\/sites\/olivierpere\/?s={search_term_string}"},"query-input":"required name=search_term_string"}],"inLanguage":"fr-FR"},{"@type":"Person","@id":"https:\/\/www.arte.tv\/sites\/olivierpere\/#\/schema\/person\/dc32cd6c79be95e52d43b97a74182558","name":"Olivier P\u00e8re","image":{"@type":"ImageObject","inLanguage":"fr-FR","@id":"https:\/\/www.arte.tv\/sites\/olivierpere\/#\/schema\/person\/image\/","url":"https:\/\/secure.gravatar.com\/avatar\/bdea7b6a2c195e2c41772429a9694758?s=96&d=mm&r=g","contentUrl":"https:\/\/secure.gravatar.com\/avatar\/bdea7b6a2c195e2c41772429a9694758?s=96&d=mm&r=g","caption":"Olivier P\u00e8re"},"url":"https:\/\/www.arte.tv\/sites\/olivierpere\/author\/pereolivier\/"}]}},"_links":{"self":[{"href":"https:\/\/www.arte.tv\/sites\/olivierpere\/wp-json\/wp\/v2\/posts\/22662"}],"collection":[{"href":"https:\/\/www.arte.tv\/sites\/olivierpere\/wp-json\/wp\/v2\/posts"}],"about":[{"href":"https:\/\/www.arte.tv\/sites\/olivierpere\/wp-json\/wp\/v2\/types\/post"}],"author":[{"embeddable":true,"href":"https:\/\/www.arte.tv\/sites\/olivierpere\/wp-json\/wp\/v2\/users\/116"}],"replies":[{"embeddable":true,"href":"https:\/\/www.arte.tv\/sites\/olivierpere\/wp-json\/wp\/v2\/comments?post=22662"}],"version-history":[{"count":2,"href":"https:\/\/www.arte.tv\/sites\/olivierpere\/wp-json\/wp\/v2\/posts\/22662\/revisions"}],"predecessor-version":[{"id":25138,"href":"https:\/\/www.arte.tv\/sites\/olivierpere\/wp-json\/wp\/v2\/posts\/22662\/revisions\/25138"}],"wp:attachment":[{"href":"https:\/\/www.arte.tv\/sites\/olivierpere\/wp-json\/wp\/v2\/media?parent=22662"}],"wp:term":[{"taxonomy":"category","embeddable":true,"href":"https:\/\/www.arte.tv\/sites\/olivierpere\/wp-json\/wp\/v2\/categories?post=22662"},{"taxonomy":"post_tag","embeddable":true,"href":"https:\/\/www.arte.tv\/sites\/olivierpere\/wp-json\/wp\/v2\/tags?post=22662"}],"curies":[{"name":"wp","href":"https:\/\/api.w.org\/{rel}","templated":true}]}}