{"id":22411,"date":"2018-07-03T04:46:50","date_gmt":"2018-07-03T03:46:50","guid":{"rendered":"https:\/\/www.arte.tv\/sites\/olivierpere\/?p=22411"},"modified":"2020-03-31T07:05:59","modified_gmt":"2020-03-31T06:05:59","slug":"soleil-de-satan-de-maurice-pialat","status":"publish","type":"post","link":"https:\/\/www.arte.tv\/sites\/olivierpere\/2018\/07\/03\/soleil-de-satan-de-maurice-pialat\/","title":{"rendered":"Sous le soleil de Satan de Maurice Pialat"},"content":{"rendered":"<p><strong>ARTE diffuse <em>Sous le soleil de Satan<\/em> (1987) de Maurice Pialat mercredi 11 juillet \u00e0 20h55.<\/strong><\/p>\n<p><strong><em>Sous le soleil de Satan<\/em> est le premier film \u00e0 costumes de Maurice Pialat, si l\u2019on excepte le magnifique feuilleton pour la t\u00e9l\u00e9vision<em> La Maison des bois r\u00e9alis\u00e9 en 1971<\/em>. C\u2019est aussi sa premi\u00e8re adaptation litt\u00e9raire. Pialat d\u00e9cide de porter \u00e0 l\u2019\u00e9cran le roman de Georges Bernanos, apr\u00e8s les succ\u00e8s publics et critiques de <em>\u00c0 nos amours<\/em> et <em>Police<\/em>. Au-del\u00e0 de l\u2019orgueil de l\u2019artiste \u00e0 d\u00e9passer la routine de ses sources d\u2019inspiration (l\u2019autobiographie, le r\u00e9alisme quotidien, le couple), et \u00e0 se confronter pour la premi\u00e8re fois \u00e0 des domaines \u00e9trangers et \u00e0 hauts risques (la reconstitution historique, le sujet religieux, Bernanos), Pialat ne d\u00e9vie pas de sa qu\u00eate de la v\u00e9rit\u00e9 et cherche quelque chose de plus profond que le d\u00e9paysement ou l\u2019anoblissement. Ne s\u2019agit-il pas, pour un cin\u00e9aste qui a souvent film\u00e9 la destruction, la catastrophe et le malheur, sous un angle trivial, de parvenir gr\u00e2ce \u00e0 une \u0153uvre litt\u00e9raire majeure \u00e0 l\u2019origine de ses pr\u00e9occupations ? Malgr\u00e9 son ath\u00e9isme, Pialat rejoint Bernanos dans sa vision tr\u00e8s noire d\u2019une humanit\u00e9 rong\u00e9e par la faute et le Mal. Il a d\u00e9j\u00e0 enregistr\u00e9, dans Police, l\u2019histoire d\u2019une chute et un cheminement vers la Gr\u00e2ce. Cin\u00e9aste du r\u00e9el, Pialat prend ici le risque de se mesurer \u00e0 la transcendance, au sacr\u00e9, au fantastique, mais aussi \u00e0 deux cin\u00e9astes admir\u00e9s (ils ne sont pas l\u00e9gion) : Dreyer et Bresson. <em>Sous le soleil de Satan<\/em> n\u2019emprunte pourtant pas le chemin \u00e9troit trac\u00e9 par Bresson. Pialat \u00e9lague \u00e9norm\u00e9ment au montage, songe \u00e0 ne pas inclure la rencontre de Donissan avec le Diable. Elle est finalement dans le film, sublime, dissonante. Tent\u00e9 par l\u2019\u00e9pure, Pialat ne renonce pas pour autant \u00e0 son com\u00e9dien d\u2019\u00e9lection G\u00e9rard Depardieu, qui parvient \u00e0 \u00eatre cr\u00e9dible, malgr\u00e9 sa personnalit\u00e9 envahissante et ses kilos en trop, en cur\u00e9 de campagne maladif. Comme \u00e0 son habitude, il filme une star et une actrice de son invention, l\u2019incandescente Sandrine Bonnaire, entour\u00e9es de com\u00e9diens non professionnels ou occasionnels (le monteur Yann Dedet), avec des r\u00e9sultats admirables. Il n\u2019y a pas dans <em>Sous le soleil de Satan<\/em> les petits faits vrais, les paroles vaches ou les digressions narratives qui plaisent tant aux amateurs de naturalisme cin\u00e9matographique. Le film est constitu\u00e9 de blocs denses, les dialogues comptent parmi les plus beaux \u2013 et litt\u00e9raires \u2013 du cin\u00e9ma fran\u00e7ais contemporain. Pialat \u00e9vacue l\u2019anecdotique et cis\u00e8le un soleil noir dont le pessimisme radical \u2013 celui de Bernanos, le sien \u2013 \u00e9claire et \u00e9crase les films pr\u00e9c\u00e9dents. Le cin\u00e9aste, dans le r\u00f4le de Menou-Segret, mentor de Donissan, exprime au travers de son personnage des sentiments intimes, sur la peur de la vieillesse, la m\u00e9fiance vis-\u00e0-vis de la sagesse (\u00ab\u00a0un vice de vieillard\u00a0\u00bb), l\u2019attente terrible de la mort enfin. <em>Sous le soleil de Satan<\/em> obtient la Palme d\u2019or au Festival de Cannes en 1987.<\/strong><\/p>\n<p>&nbsp;<\/p>\n","protected":false},"excerpt":{"rendered":"<p>ARTE diffuse Sous le soleil de Satan (1987) de Maurice Pialat mercredi 11 juillet \u00e0 20h55. Sous le soleil de\u2026<\/p>\n","protected":false},"author":116,"featured_media":0,"comment_status":"open","ping_status":"open","sticky":false,"template":"","format":"standard","meta":[],"categories":[8],"tags":[],"yoast_head":"<!-- This site is optimized with the Yoast SEO plugin v20.8 - https:\/\/yoast.com\/wordpress\/plugins\/seo\/ -->\n<title>Sous le soleil de Satan de Maurice Pialat - Olivier P\u00e8re<\/title>\n<meta name=\"robots\" content=\"index, follow, max-snippet:-1, max-image-preview:large, max-video-preview:-1\" \/>\n<link rel=\"canonical\" href=\"https:\/\/www.arte.tv\/sites\/olivierpere\/2018\/07\/03\/soleil-de-satan-de-maurice-pialat\/\" \/>\n<meta property=\"og:locale\" content=\"fr_FR\" \/>\n<meta property=\"og:type\" content=\"article\" \/>\n<meta property=\"og:title\" content=\"Sous le soleil de Satan de Maurice Pialat - Olivier P\u00e8re\" \/>\n<meta property=\"og:description\" content=\"ARTE diffuse Sous le soleil de Satan (1987) de Maurice Pialat mercredi 11 juillet \u00e0 20h55. Sous le soleil de\u2026\" \/>\n<meta property=\"og:url\" content=\"https:\/\/www.arte.tv\/sites\/olivierpere\/2018\/07\/03\/soleil-de-satan-de-maurice-pialat\/\" \/>\n<meta property=\"og:site_name\" content=\"Olivier P\u00e8re\" \/>\n<meta property=\"article:published_time\" content=\"2018-07-03T03:46:50+00:00\" \/>\n<meta property=\"article:modified_time\" content=\"2020-03-31T06:05:59+00:00\" \/>\n<meta name=\"author\" content=\"Olivier P\u00e8re\" \/>\n<meta name=\"twitter:label1\" content=\"\u00c9crit par\" \/>\n\t<meta name=\"twitter:data1\" content=\"Olivier P\u00e8re\" \/>\n\t<meta name=\"twitter:label2\" content=\"Dur\u00e9e de lecture estim\u00e9e\" \/>\n\t<meta name=\"twitter:data2\" content=\"3 minutes\" \/>\n<script type=\"application\/ld+json\" class=\"yoast-schema-graph\">{\"@context\":\"https:\/\/schema.org\",\"@graph\":[{\"@type\":\"WebPage\",\"@id\":\"https:\/\/www.arte.tv\/sites\/olivierpere\/2018\/07\/03\/soleil-de-satan-de-maurice-pialat\/\",\"url\":\"https:\/\/www.arte.tv\/sites\/olivierpere\/2018\/07\/03\/soleil-de-satan-de-maurice-pialat\/\",\"name\":\"Sous le soleil de Satan de Maurice Pialat - Olivier P\u00e8re\",\"isPartOf\":{\"@id\":\"https:\/\/www.arte.tv\/sites\/olivierpere\/#website\"},\"datePublished\":\"2018-07-03T03:46:50+00:00\",\"dateModified\":\"2020-03-31T06:05:59+00:00\",\"author\":{\"@id\":\"https:\/\/www.arte.tv\/sites\/olivierpere\/#\/schema\/person\/dc32cd6c79be95e52d43b97a74182558\"},\"breadcrumb\":{\"@id\":\"https:\/\/www.arte.tv\/sites\/olivierpere\/2018\/07\/03\/soleil-de-satan-de-maurice-pialat\/#breadcrumb\"},\"inLanguage\":\"fr-FR\",\"potentialAction\":[{\"@type\":\"ReadAction\",\"target\":[\"https:\/\/www.arte.tv\/sites\/olivierpere\/2018\/07\/03\/soleil-de-satan-de-maurice-pialat\/\"]}]},{\"@type\":\"BreadcrumbList\",\"@id\":\"https:\/\/www.arte.tv\/sites\/olivierpere\/2018\/07\/03\/soleil-de-satan-de-maurice-pialat\/#breadcrumb\",\"itemListElement\":[{\"@type\":\"ListItem\",\"position\":1,\"name\":\"Home\",\"item\":\"https:\/\/www.arte.tv\/sites\/olivierpere\/\"},{\"@type\":\"ListItem\",\"position\":2,\"name\":\"Sous le soleil de Satan de Maurice Pialat\"}]},{\"@type\":\"WebSite\",\"@id\":\"https:\/\/www.arte.tv\/sites\/olivierpere\/#website\",\"url\":\"https:\/\/www.arte.tv\/sites\/olivierpere\/\",\"name\":\"Olivier P\u00e8re\",\"description\":\"\",\"potentialAction\":[{\"@type\":\"SearchAction\",\"target\":{\"@type\":\"EntryPoint\",\"urlTemplate\":\"https:\/\/www.arte.tv\/sites\/olivierpere\/?s={search_term_string}\"},\"query-input\":\"required name=search_term_string\"}],\"inLanguage\":\"fr-FR\"},{\"@type\":\"Person\",\"@id\":\"https:\/\/www.arte.tv\/sites\/olivierpere\/#\/schema\/person\/dc32cd6c79be95e52d43b97a74182558\",\"name\":\"Olivier P\u00e8re\",\"image\":{\"@type\":\"ImageObject\",\"inLanguage\":\"fr-FR\",\"@id\":\"https:\/\/www.arte.tv\/sites\/olivierpere\/#\/schema\/person\/image\/\",\"url\":\"https:\/\/secure.gravatar.com\/avatar\/bdea7b6a2c195e2c41772429a9694758?s=96&d=mm&r=g\",\"contentUrl\":\"https:\/\/secure.gravatar.com\/avatar\/bdea7b6a2c195e2c41772429a9694758?s=96&d=mm&r=g\",\"caption\":\"Olivier P\u00e8re\"},\"url\":\"https:\/\/www.arte.tv\/sites\/olivierpere\/author\/pereolivier\/\"}]}<\/script>\n<!-- \/ Yoast SEO plugin. -->","yoast_head_json":{"title":"Sous le soleil de Satan de Maurice Pialat - Olivier P\u00e8re","robots":{"index":"index","follow":"follow","max-snippet":"max-snippet:-1","max-image-preview":"max-image-preview:large","max-video-preview":"max-video-preview:-1"},"canonical":"https:\/\/www.arte.tv\/sites\/olivierpere\/2018\/07\/03\/soleil-de-satan-de-maurice-pialat\/","og_locale":"fr_FR","og_type":"article","og_title":"Sous le soleil de Satan de Maurice Pialat - Olivier P\u00e8re","og_description":"ARTE diffuse Sous le soleil de Satan (1987) de Maurice Pialat mercredi 11 juillet \u00e0 20h55. Sous le soleil de\u2026","og_url":"https:\/\/www.arte.tv\/sites\/olivierpere\/2018\/07\/03\/soleil-de-satan-de-maurice-pialat\/","og_site_name":"Olivier P\u00e8re","article_published_time":"2018-07-03T03:46:50+00:00","article_modified_time":"2020-03-31T06:05:59+00:00","author":"Olivier P\u00e8re","twitter_misc":{"\u00c9crit par":"Olivier P\u00e8re","Dur\u00e9e de lecture estim\u00e9e":"3 minutes"},"schema":{"@context":"https:\/\/schema.org","@graph":[{"@type":"WebPage","@id":"https:\/\/www.arte.tv\/sites\/olivierpere\/2018\/07\/03\/soleil-de-satan-de-maurice-pialat\/","url":"https:\/\/www.arte.tv\/sites\/olivierpere\/2018\/07\/03\/soleil-de-satan-de-maurice-pialat\/","name":"Sous le soleil de Satan de Maurice Pialat - Olivier P\u00e8re","isPartOf":{"@id":"https:\/\/www.arte.tv\/sites\/olivierpere\/#website"},"datePublished":"2018-07-03T03:46:50+00:00","dateModified":"2020-03-31T06:05:59+00:00","author":{"@id":"https:\/\/www.arte.tv\/sites\/olivierpere\/#\/schema\/person\/dc32cd6c79be95e52d43b97a74182558"},"breadcrumb":{"@id":"https:\/\/www.arte.tv\/sites\/olivierpere\/2018\/07\/03\/soleil-de-satan-de-maurice-pialat\/#breadcrumb"},"inLanguage":"fr-FR","potentialAction":[{"@type":"ReadAction","target":["https:\/\/www.arte.tv\/sites\/olivierpere\/2018\/07\/03\/soleil-de-satan-de-maurice-pialat\/"]}]},{"@type":"BreadcrumbList","@id":"https:\/\/www.arte.tv\/sites\/olivierpere\/2018\/07\/03\/soleil-de-satan-de-maurice-pialat\/#breadcrumb","itemListElement":[{"@type":"ListItem","position":1,"name":"Home","item":"https:\/\/www.arte.tv\/sites\/olivierpere\/"},{"@type":"ListItem","position":2,"name":"Sous le soleil de Satan de Maurice Pialat"}]},{"@type":"WebSite","@id":"https:\/\/www.arte.tv\/sites\/olivierpere\/#website","url":"https:\/\/www.arte.tv\/sites\/olivierpere\/","name":"Olivier P\u00e8re","description":"","potentialAction":[{"@type":"SearchAction","target":{"@type":"EntryPoint","urlTemplate":"https:\/\/www.arte.tv\/sites\/olivierpere\/?s={search_term_string}"},"query-input":"required name=search_term_string"}],"inLanguage":"fr-FR"},{"@type":"Person","@id":"https:\/\/www.arte.tv\/sites\/olivierpere\/#\/schema\/person\/dc32cd6c79be95e52d43b97a74182558","name":"Olivier P\u00e8re","image":{"@type":"ImageObject","inLanguage":"fr-FR","@id":"https:\/\/www.arte.tv\/sites\/olivierpere\/#\/schema\/person\/image\/","url":"https:\/\/secure.gravatar.com\/avatar\/bdea7b6a2c195e2c41772429a9694758?s=96&d=mm&r=g","contentUrl":"https:\/\/secure.gravatar.com\/avatar\/bdea7b6a2c195e2c41772429a9694758?s=96&d=mm&r=g","caption":"Olivier P\u00e8re"},"url":"https:\/\/www.arte.tv\/sites\/olivierpere\/author\/pereolivier\/"}]}},"_links":{"self":[{"href":"https:\/\/www.arte.tv\/sites\/olivierpere\/wp-json\/wp\/v2\/posts\/22411"}],"collection":[{"href":"https:\/\/www.arte.tv\/sites\/olivierpere\/wp-json\/wp\/v2\/posts"}],"about":[{"href":"https:\/\/www.arte.tv\/sites\/olivierpere\/wp-json\/wp\/v2\/types\/post"}],"author":[{"embeddable":true,"href":"https:\/\/www.arte.tv\/sites\/olivierpere\/wp-json\/wp\/v2\/users\/116"}],"replies":[{"embeddable":true,"href":"https:\/\/www.arte.tv\/sites\/olivierpere\/wp-json\/wp\/v2\/comments?post=22411"}],"version-history":[{"count":2,"href":"https:\/\/www.arte.tv\/sites\/olivierpere\/wp-json\/wp\/v2\/posts\/22411\/revisions"}],"predecessor-version":[{"id":24677,"href":"https:\/\/www.arte.tv\/sites\/olivierpere\/wp-json\/wp\/v2\/posts\/22411\/revisions\/24677"}],"wp:attachment":[{"href":"https:\/\/www.arte.tv\/sites\/olivierpere\/wp-json\/wp\/v2\/media?parent=22411"}],"wp:term":[{"taxonomy":"category","embeddable":true,"href":"https:\/\/www.arte.tv\/sites\/olivierpere\/wp-json\/wp\/v2\/categories?post=22411"},{"taxonomy":"post_tag","embeddable":true,"href":"https:\/\/www.arte.tv\/sites\/olivierpere\/wp-json\/wp\/v2\/tags?post=22411"}],"curies":[{"name":"wp","href":"https:\/\/api.w.org\/{rel}","templated":true}]}}