{"id":22390,"date":"2018-06-28T18:29:49","date_gmt":"2018-06-28T17:29:49","guid":{"rendered":"https:\/\/www.arte.tv\/sites\/olivierpere\/?p=22390"},"modified":"2020-03-28T11:03:57","modified_gmt":"2020-03-28T10:03:57","slug":"maigret-laffaire-saint-fiacre-de-jean-delannoy","status":"publish","type":"post","link":"https:\/\/www.arte.tv\/sites\/olivierpere\/2018\/06\/28\/maigret-laffaire-saint-fiacre-de-jean-delannoy\/","title":{"rendered":"Maigret et l\u2019affaire Saint-Fiacre de Jean Delannoy"},"content":{"rendered":"<p><strong>ARTE diffuse <em>Maigret et l\u2019affaire Saint-Fiacre<\/em> (1959) de Jean Delannoy mardi 3 juillet \u00e0 13h35, en version restaur\u00e9e.<\/strong><\/p>\n<p><strong>Le succ\u00e8s de <em>Maigret tend un pi\u00e8ge<\/em> (1958) entra\u00eene la production l\u2019ann\u00e9e suivante d\u2019une nouvelle adaptation d\u2019un roman de Simenon avec Jean Gabin dans le r\u00f4le de Maigret et Jean Delannoy au sc\u00e9nario et derri\u00e8re la cam\u00e9ra. Le choix se porte sur <em>L\u2019Affaire Saint-Fiacre<\/em>, paru en 1932. Les deux films sont tr\u00e8s diff\u00e9rents. Le premier se d\u00e9roulait dans le quartier du Marais \u00e0 Paris et d\u00e9crivait la traque d\u2019un tueur en s\u00e9rie. Le second nous plonge dans l\u2019atmosph\u00e8re sinistre d\u2019un petit village o\u00f9 la ch\u00e2telaine a \u00e9t\u00e9 retrouv\u00e9e morte pendant la messe. Le commissaire Maigret \u00e9tait revenu \u00e0 Saint-Fiacre la veille \u00e0 la demande de la comtesse, qui avait re\u00e7u une lettre de menace. Pour Maigret, qui a v\u00e9cu enfant dans le village \u2013 son p\u00e8re \u00e9tait le r\u00e9gisseur du ch\u00e2teau de Saint-Fiacre \u2013 les retrouvailles avec la comtesse et l\u2019enqu\u00eate sur son d\u00e9c\u00e8s r\u00e9veillent des souvenirs enfouis. Le film fonctionne comme un \u00ab\u00a0whodunit\u00a0\u00bb classique dans lequel plusieurs personnages plus ou moins antipathiques vont successivement attirer les soup\u00e7ons du spectateur, jusqu\u2019\u00e0 la r\u00e9v\u00e9lation finale du (ou des) coupable(s). Tandis que Maigret n\u2019accordait que peu d\u2019importance \u00e0 l\u2019enqu\u00eate dans le roman, absorb\u00e9 par ses souvenirs, le film le restitue dans sa situation habituelle de fin limier qui hume la psych\u00e9 de chaque homme (suspect) qui croise son chemin. Le film charrie le pessimisme foncier qui \u00e9tait la norme dans un certain cin\u00e9ma psychologique fran\u00e7ais des ann\u00e9es 50. L\u2019envie, la l\u00e2chet\u00e9 morale, la m\u00e9diocrit\u00e9 et la cupidit\u00e9 caract\u00e9rise les individus que rencontre Maigret \u00e0 Saint-Fiacre, du fils de la comtesse \u00e0 son secr\u00e9taire gigolo, en passant par le cur\u00e9 du village qui n\u2019est pas \u00e9pargn\u00e9. C\u2019est l\u2019argent, et l\u2019app\u00e2t du gain qui pervertissent les rapports humains\u2026<\/strong><\/p>\n<p><strong>L\u2019int\u00e9r\u00eat de <em>Maigret et l\u2019affaire Saint-Fiacre<\/em> r\u00e9side ailleurs\u00a0: dans la relation amoureuse secr\u00e8te qui liait Maigret enfant et la jeune comtesse, objet de des premiers d\u00e9sirs sexuels du gar\u00e7onnet. Ces souvenirs joyeux sont confess\u00e9s par Maigret \u00e0 la vieille dame lors de leurs retrouvailles. Ils \u00e9taient partag\u00e9s.<\/strong><\/p>\n<p><strong>Apr\u00e8s la crise cardiaque mortelle de la comtesse, son corps nu est expos\u00e9 sur son lit. Le m\u00e9decin vient de l\u2019examiner. Maigret regarde l\u2019air absent un cadavre de femme \u00e2g\u00e9e qui avait autrefois \u00e9veill\u00e9 en lui des \u00e9mois pr\u00e9-pub\u00e8res. Le m\u00e9decin fait un commentaire grivois sur l\u2019\u00e9tat de conservation de la morte, dont les relations tarifi\u00e9es avec des gigolos \u00e9taient connues dans le village. Quelque chose de la crudit\u00e9 sexuelle des romans de Simenon passe bri\u00e8vement dans le film de Delannoy.<\/strong><\/p>\n<p>&nbsp;<\/p>\n<p>&nbsp;<\/p>\n<p>&nbsp;<\/p>\n<p>&nbsp;<\/p>\n","protected":false},"excerpt":{"rendered":"<p>ARTE diffuse Maigret et l\u2019affaire Saint-Fiacre (1959) de Jean Delannoy mardi 3 juillet \u00e0 13h35, en version restaur\u00e9e. Le succ\u00e8s\u2026<\/p>\n","protected":false},"author":116,"featured_media":0,"comment_status":"open","ping_status":"open","sticky":false,"template":"","format":"standard","meta":[],"categories":[8],"tags":[],"yoast_head":"<!-- This site is optimized with the Yoast SEO plugin v20.8 - https:\/\/yoast.com\/wordpress\/plugins\/seo\/ -->\n<title>Maigret et l\u2019affaire Saint-Fiacre de Jean Delannoy - Olivier P\u00e8re<\/title>\n<meta name=\"robots\" content=\"index, follow, max-snippet:-1, max-image-preview:large, max-video-preview:-1\" \/>\n<link rel=\"canonical\" href=\"https:\/\/www.arte.tv\/sites\/olivierpere\/2018\/06\/28\/maigret-laffaire-saint-fiacre-de-jean-delannoy\/\" \/>\n<meta property=\"og:locale\" content=\"fr_FR\" \/>\n<meta property=\"og:type\" content=\"article\" \/>\n<meta property=\"og:title\" content=\"Maigret et l\u2019affaire Saint-Fiacre de Jean Delannoy - Olivier P\u00e8re\" \/>\n<meta property=\"og:description\" content=\"ARTE diffuse Maigret et l\u2019affaire Saint-Fiacre (1959) de Jean Delannoy mardi 3 juillet \u00e0 13h35, en version restaur\u00e9e. Le succ\u00e8s\u2026\" \/>\n<meta property=\"og:url\" content=\"https:\/\/www.arte.tv\/sites\/olivierpere\/2018\/06\/28\/maigret-laffaire-saint-fiacre-de-jean-delannoy\/\" \/>\n<meta property=\"og:site_name\" content=\"Olivier P\u00e8re\" \/>\n<meta property=\"article:published_time\" content=\"2018-06-28T17:29:49+00:00\" \/>\n<meta property=\"article:modified_time\" content=\"2020-03-28T10:03:57+00:00\" \/>\n<meta name=\"author\" content=\"Olivier P\u00e8re\" \/>\n<meta name=\"twitter:label1\" content=\"\u00c9crit par\" \/>\n\t<meta name=\"twitter:data1\" content=\"Olivier P\u00e8re\" \/>\n\t<meta name=\"twitter:label2\" content=\"Dur\u00e9e de lecture estim\u00e9e\" \/>\n\t<meta name=\"twitter:data2\" content=\"2 minutes\" \/>\n<script type=\"application\/ld+json\" class=\"yoast-schema-graph\">{\"@context\":\"https:\/\/schema.org\",\"@graph\":[{\"@type\":\"WebPage\",\"@id\":\"https:\/\/www.arte.tv\/sites\/olivierpere\/2018\/06\/28\/maigret-laffaire-saint-fiacre-de-jean-delannoy\/\",\"url\":\"https:\/\/www.arte.tv\/sites\/olivierpere\/2018\/06\/28\/maigret-laffaire-saint-fiacre-de-jean-delannoy\/\",\"name\":\"Maigret et l\u2019affaire Saint-Fiacre de Jean Delannoy - Olivier P\u00e8re\",\"isPartOf\":{\"@id\":\"https:\/\/www.arte.tv\/sites\/olivierpere\/#website\"},\"datePublished\":\"2018-06-28T17:29:49+00:00\",\"dateModified\":\"2020-03-28T10:03:57+00:00\",\"author\":{\"@id\":\"https:\/\/www.arte.tv\/sites\/olivierpere\/#\/schema\/person\/dc32cd6c79be95e52d43b97a74182558\"},\"breadcrumb\":{\"@id\":\"https:\/\/www.arte.tv\/sites\/olivierpere\/2018\/06\/28\/maigret-laffaire-saint-fiacre-de-jean-delannoy\/#breadcrumb\"},\"inLanguage\":\"fr-FR\",\"potentialAction\":[{\"@type\":\"ReadAction\",\"target\":[\"https:\/\/www.arte.tv\/sites\/olivierpere\/2018\/06\/28\/maigret-laffaire-saint-fiacre-de-jean-delannoy\/\"]}]},{\"@type\":\"BreadcrumbList\",\"@id\":\"https:\/\/www.arte.tv\/sites\/olivierpere\/2018\/06\/28\/maigret-laffaire-saint-fiacre-de-jean-delannoy\/#breadcrumb\",\"itemListElement\":[{\"@type\":\"ListItem\",\"position\":1,\"name\":\"Home\",\"item\":\"https:\/\/www.arte.tv\/sites\/olivierpere\/\"},{\"@type\":\"ListItem\",\"position\":2,\"name\":\"Maigret et l\u2019affaire Saint-Fiacre de Jean Delannoy\"}]},{\"@type\":\"WebSite\",\"@id\":\"https:\/\/www.arte.tv\/sites\/olivierpere\/#website\",\"url\":\"https:\/\/www.arte.tv\/sites\/olivierpere\/\",\"name\":\"Olivier P\u00e8re\",\"description\":\"\",\"potentialAction\":[{\"@type\":\"SearchAction\",\"target\":{\"@type\":\"EntryPoint\",\"urlTemplate\":\"https:\/\/www.arte.tv\/sites\/olivierpere\/?s={search_term_string}\"},\"query-input\":\"required name=search_term_string\"}],\"inLanguage\":\"fr-FR\"},{\"@type\":\"Person\",\"@id\":\"https:\/\/www.arte.tv\/sites\/olivierpere\/#\/schema\/person\/dc32cd6c79be95e52d43b97a74182558\",\"name\":\"Olivier P\u00e8re\",\"image\":{\"@type\":\"ImageObject\",\"inLanguage\":\"fr-FR\",\"@id\":\"https:\/\/www.arte.tv\/sites\/olivierpere\/#\/schema\/person\/image\/\",\"url\":\"https:\/\/secure.gravatar.com\/avatar\/bdea7b6a2c195e2c41772429a9694758?s=96&d=mm&r=g\",\"contentUrl\":\"https:\/\/secure.gravatar.com\/avatar\/bdea7b6a2c195e2c41772429a9694758?s=96&d=mm&r=g\",\"caption\":\"Olivier P\u00e8re\"},\"url\":\"https:\/\/www.arte.tv\/sites\/olivierpere\/author\/pereolivier\/\"}]}<\/script>\n<!-- \/ Yoast SEO plugin. -->","yoast_head_json":{"title":"Maigret et l\u2019affaire Saint-Fiacre de Jean Delannoy - Olivier P\u00e8re","robots":{"index":"index","follow":"follow","max-snippet":"max-snippet:-1","max-image-preview":"max-image-preview:large","max-video-preview":"max-video-preview:-1"},"canonical":"https:\/\/www.arte.tv\/sites\/olivierpere\/2018\/06\/28\/maigret-laffaire-saint-fiacre-de-jean-delannoy\/","og_locale":"fr_FR","og_type":"article","og_title":"Maigret et l\u2019affaire Saint-Fiacre de Jean Delannoy - Olivier P\u00e8re","og_description":"ARTE diffuse Maigret et l\u2019affaire Saint-Fiacre (1959) de Jean Delannoy mardi 3 juillet \u00e0 13h35, en version restaur\u00e9e. Le succ\u00e8s\u2026","og_url":"https:\/\/www.arte.tv\/sites\/olivierpere\/2018\/06\/28\/maigret-laffaire-saint-fiacre-de-jean-delannoy\/","og_site_name":"Olivier P\u00e8re","article_published_time":"2018-06-28T17:29:49+00:00","article_modified_time":"2020-03-28T10:03:57+00:00","author":"Olivier P\u00e8re","twitter_misc":{"\u00c9crit par":"Olivier P\u00e8re","Dur\u00e9e de lecture estim\u00e9e":"2 minutes"},"schema":{"@context":"https:\/\/schema.org","@graph":[{"@type":"WebPage","@id":"https:\/\/www.arte.tv\/sites\/olivierpere\/2018\/06\/28\/maigret-laffaire-saint-fiacre-de-jean-delannoy\/","url":"https:\/\/www.arte.tv\/sites\/olivierpere\/2018\/06\/28\/maigret-laffaire-saint-fiacre-de-jean-delannoy\/","name":"Maigret et l\u2019affaire Saint-Fiacre de Jean Delannoy - Olivier P\u00e8re","isPartOf":{"@id":"https:\/\/www.arte.tv\/sites\/olivierpere\/#website"},"datePublished":"2018-06-28T17:29:49+00:00","dateModified":"2020-03-28T10:03:57+00:00","author":{"@id":"https:\/\/www.arte.tv\/sites\/olivierpere\/#\/schema\/person\/dc32cd6c79be95e52d43b97a74182558"},"breadcrumb":{"@id":"https:\/\/www.arte.tv\/sites\/olivierpere\/2018\/06\/28\/maigret-laffaire-saint-fiacre-de-jean-delannoy\/#breadcrumb"},"inLanguage":"fr-FR","potentialAction":[{"@type":"ReadAction","target":["https:\/\/www.arte.tv\/sites\/olivierpere\/2018\/06\/28\/maigret-laffaire-saint-fiacre-de-jean-delannoy\/"]}]},{"@type":"BreadcrumbList","@id":"https:\/\/www.arte.tv\/sites\/olivierpere\/2018\/06\/28\/maigret-laffaire-saint-fiacre-de-jean-delannoy\/#breadcrumb","itemListElement":[{"@type":"ListItem","position":1,"name":"Home","item":"https:\/\/www.arte.tv\/sites\/olivierpere\/"},{"@type":"ListItem","position":2,"name":"Maigret et l\u2019affaire Saint-Fiacre de Jean Delannoy"}]},{"@type":"WebSite","@id":"https:\/\/www.arte.tv\/sites\/olivierpere\/#website","url":"https:\/\/www.arte.tv\/sites\/olivierpere\/","name":"Olivier P\u00e8re","description":"","potentialAction":[{"@type":"SearchAction","target":{"@type":"EntryPoint","urlTemplate":"https:\/\/www.arte.tv\/sites\/olivierpere\/?s={search_term_string}"},"query-input":"required name=search_term_string"}],"inLanguage":"fr-FR"},{"@type":"Person","@id":"https:\/\/www.arte.tv\/sites\/olivierpere\/#\/schema\/person\/dc32cd6c79be95e52d43b97a74182558","name":"Olivier P\u00e8re","image":{"@type":"ImageObject","inLanguage":"fr-FR","@id":"https:\/\/www.arte.tv\/sites\/olivierpere\/#\/schema\/person\/image\/","url":"https:\/\/secure.gravatar.com\/avatar\/bdea7b6a2c195e2c41772429a9694758?s=96&d=mm&r=g","contentUrl":"https:\/\/secure.gravatar.com\/avatar\/bdea7b6a2c195e2c41772429a9694758?s=96&d=mm&r=g","caption":"Olivier P\u00e8re"},"url":"https:\/\/www.arte.tv\/sites\/olivierpere\/author\/pereolivier\/"}]}},"_links":{"self":[{"href":"https:\/\/www.arte.tv\/sites\/olivierpere\/wp-json\/wp\/v2\/posts\/22390"}],"collection":[{"href":"https:\/\/www.arte.tv\/sites\/olivierpere\/wp-json\/wp\/v2\/posts"}],"about":[{"href":"https:\/\/www.arte.tv\/sites\/olivierpere\/wp-json\/wp\/v2\/types\/post"}],"author":[{"embeddable":true,"href":"https:\/\/www.arte.tv\/sites\/olivierpere\/wp-json\/wp\/v2\/users\/116"}],"replies":[{"embeddable":true,"href":"https:\/\/www.arte.tv\/sites\/olivierpere\/wp-json\/wp\/v2\/comments?post=22390"}],"version-history":[{"count":4,"href":"https:\/\/www.arte.tv\/sites\/olivierpere\/wp-json\/wp\/v2\/posts\/22390\/revisions"}],"predecessor-version":[{"id":24530,"href":"https:\/\/www.arte.tv\/sites\/olivierpere\/wp-json\/wp\/v2\/posts\/22390\/revisions\/24530"}],"wp:attachment":[{"href":"https:\/\/www.arte.tv\/sites\/olivierpere\/wp-json\/wp\/v2\/media?parent=22390"}],"wp:term":[{"taxonomy":"category","embeddable":true,"href":"https:\/\/www.arte.tv\/sites\/olivierpere\/wp-json\/wp\/v2\/categories?post=22390"},{"taxonomy":"post_tag","embeddable":true,"href":"https:\/\/www.arte.tv\/sites\/olivierpere\/wp-json\/wp\/v2\/tags?post=22390"}],"curies":[{"name":"wp","href":"https:\/\/api.w.org\/{rel}","templated":true}]}}