{"id":22386,"date":"2018-06-27T11:21:40","date_gmt":"2018-06-27T10:21:40","guid":{"rendered":"https:\/\/www.arte.tv\/sites\/olivierpere\/?p=22386"},"modified":"2020-03-26T14:40:48","modified_gmt":"2020-03-26T13:40:48","slug":"bande-a-part-de-jean-luc-godard","status":"publish","type":"post","link":"https:\/\/www.arte.tv\/sites\/olivierpere\/2018\/06\/27\/bande-a-part-de-jean-luc-godard\/","title":{"rendered":"Bande \u00e0 part de Jean-Luc Godard"},"content":{"rendered":"<p><strong>ARTE diffuse <em>Bande \u00e0 part<\/em> (1964) lundi 2 juillet \u00e0 22h30, en version restaur\u00e9e. Le film de Jean-Luc Godard sera suivi d\u2019un documentaire in\u00e9dit, <em>Anna Karina \u2013 souviens-toi<\/em>, r\u00e9alis\u00e9 par Dennis Berry et \u00e9galement disponible gratuitement en t\u00e9l\u00e9vision de rattrapage pendant soixante jours sur le site d\u2019ARTE.<\/strong><\/p>\n<p><strong>Tourn\u00e9 juste apr\u00e8s <em>Le M\u00e9pris<\/em> et son lyrisme en Technicolor, <em>Bande \u00e0 part<\/em> est une adaptation d\u2019une s\u00e9rie noire am\u00e9ricaine transpos\u00e9e dans Paris et sa banlieue. C\u2019est la p\u00e9riode o\u00f9 Jean-Luc Godard encha\u00eene \u00e0 un rythme tr\u00e8s soutenu les films, avec une inspiration sans cesse renouvel\u00e9e, alternant couleur et noir et blanc, productions avec des vedettes et tournages plus l\u00e9gers. Le cin\u00e9aste retrouve son \u00e9pouse et \u00e9g\u00e9rie Anna Karina qu\u2019il entoure de deux jeunes acteurs alors au d\u00e9but d\u2019une longue et belle carri\u00e8re, Sami Frey et Claude Brasseur. L\u2019histoire de la pr\u00e9paration hasardeuse d\u2019un cambriolage par deux jeunes voyous se transforme en d\u00e9ambulation po\u00e9tique, au cours de laquelle Jean-Luc Godard s\u2019int\u00e9resse davantage aux \u00e9motions de ses personnages qu\u2019\u00e0 l\u2019action proprement dite. <em>Bande \u00e0 part<\/em> traine une r\u00e9putation de film mineur parmi le corpus godardien tr\u00e8s riche des ann\u00e9es 60. C\u2019est pourtant l\u2019un des titres pr\u00e9f\u00e9r\u00e9s de certains cin\u00e9philes qui le pr\u00e9f\u00e8rent \u00e0 des chefs-d&rsquo;oeuvre plus reconnus. <em>Bande \u00e0 part<\/em>, sous ses apparences modestes de petit polar, tourn\u00e9 rapidement avec une \u00e9quipe r\u00e9duite, et une histoire simple et lin\u00e9aire, est une merveille de cin\u00e9ma pur, qui rec\u00e8le des moments magiques comme la travers\u00e9e du Louvre au pas de course ou le madison dans un caf\u00e9. Le r\u00e9alisateur introduit en voix off des effets de distanciations et ouvre des parenth\u00e8ses dans le r\u00e9cit. <em>Bande \u00e0 part<\/em> tisse un r\u00e9seau tr\u00e8s dense de citations litt\u00e9raires et culturelles, avec Raymond Queneau comme influence majeure, mais aussi Louis Aragon, Andr\u00e9 Breton (<em>Nadja<\/em> en particulier) et bien d\u2019autres. Le film offre \u00e0 Godard l\u2019occasion de questionner les notions de classicisme et de modernit\u00e9, au coeur des d\u00e9bats de l&rsquo;\u00e9poque. Le v\u00e9ritable sujet de <em>Bande \u00e0 part<\/em> c\u2019est le beau regard triste d\u2019Anna Karina, amoureusement mise en sc\u00e8ne par Godard, lors d\u2019une p\u00e9riode critique travers\u00e9e par leur couple. En apparence l\u00e9ger et joyeux, <em>Bande \u00e0 part<\/em> dissimule une profonde m\u00e9lancolie.<\/strong><\/p>\n<p>&nbsp;<\/p>\n<p>&nbsp;<\/p>\n","protected":false},"excerpt":{"rendered":"<p>ARTE diffuse Bande \u00e0 part (1964) lundi 2 juillet \u00e0 22h30, en version restaur\u00e9e. Le film de Jean-Luc Godard sera\u2026<\/p>\n","protected":false},"author":116,"featured_media":0,"comment_status":"open","ping_status":"open","sticky":false,"template":"","format":"standard","meta":[],"categories":[8],"tags":[],"yoast_head":"<!-- This site is optimized with the Yoast SEO plugin v20.8 - https:\/\/yoast.com\/wordpress\/plugins\/seo\/ -->\n<title>Bande \u00e0 part de Jean-Luc Godard - Olivier P\u00e8re<\/title>\n<meta name=\"robots\" content=\"index, follow, max-snippet:-1, max-image-preview:large, max-video-preview:-1\" \/>\n<link rel=\"canonical\" href=\"https:\/\/www.arte.tv\/sites\/olivierpere\/2018\/06\/27\/bande-a-part-de-jean-luc-godard\/\" \/>\n<meta property=\"og:locale\" content=\"fr_FR\" \/>\n<meta property=\"og:type\" content=\"article\" \/>\n<meta property=\"og:title\" content=\"Bande \u00e0 part de Jean-Luc Godard - Olivier P\u00e8re\" \/>\n<meta property=\"og:description\" content=\"ARTE diffuse Bande \u00e0 part (1964) lundi 2 juillet \u00e0 22h30, en version restaur\u00e9e. Le film de Jean-Luc Godard sera\u2026\" \/>\n<meta property=\"og:url\" content=\"https:\/\/www.arte.tv\/sites\/olivierpere\/2018\/06\/27\/bande-a-part-de-jean-luc-godard\/\" \/>\n<meta property=\"og:site_name\" content=\"Olivier P\u00e8re\" \/>\n<meta property=\"article:published_time\" content=\"2018-06-27T10:21:40+00:00\" \/>\n<meta property=\"article:modified_time\" content=\"2020-03-26T13:40:48+00:00\" \/>\n<meta name=\"author\" content=\"Olivier P\u00e8re\" \/>\n<meta name=\"twitter:label1\" content=\"\u00c9crit par\" \/>\n\t<meta name=\"twitter:data1\" content=\"Olivier P\u00e8re\" \/>\n\t<meta name=\"twitter:label2\" content=\"Dur\u00e9e de lecture estim\u00e9e\" \/>\n\t<meta name=\"twitter:data2\" content=\"2 minutes\" \/>\n<script type=\"application\/ld+json\" class=\"yoast-schema-graph\">{\"@context\":\"https:\/\/schema.org\",\"@graph\":[{\"@type\":\"WebPage\",\"@id\":\"https:\/\/www.arte.tv\/sites\/olivierpere\/2018\/06\/27\/bande-a-part-de-jean-luc-godard\/\",\"url\":\"https:\/\/www.arte.tv\/sites\/olivierpere\/2018\/06\/27\/bande-a-part-de-jean-luc-godard\/\",\"name\":\"Bande \u00e0 part de Jean-Luc Godard - Olivier P\u00e8re\",\"isPartOf\":{\"@id\":\"https:\/\/www.arte.tv\/sites\/olivierpere\/#website\"},\"datePublished\":\"2018-06-27T10:21:40+00:00\",\"dateModified\":\"2020-03-26T13:40:48+00:00\",\"author\":{\"@id\":\"https:\/\/www.arte.tv\/sites\/olivierpere\/#\/schema\/person\/dc32cd6c79be95e52d43b97a74182558\"},\"breadcrumb\":{\"@id\":\"https:\/\/www.arte.tv\/sites\/olivierpere\/2018\/06\/27\/bande-a-part-de-jean-luc-godard\/#breadcrumb\"},\"inLanguage\":\"fr-FR\",\"potentialAction\":[{\"@type\":\"ReadAction\",\"target\":[\"https:\/\/www.arte.tv\/sites\/olivierpere\/2018\/06\/27\/bande-a-part-de-jean-luc-godard\/\"]}]},{\"@type\":\"BreadcrumbList\",\"@id\":\"https:\/\/www.arte.tv\/sites\/olivierpere\/2018\/06\/27\/bande-a-part-de-jean-luc-godard\/#breadcrumb\",\"itemListElement\":[{\"@type\":\"ListItem\",\"position\":1,\"name\":\"Home\",\"item\":\"https:\/\/www.arte.tv\/sites\/olivierpere\/\"},{\"@type\":\"ListItem\",\"position\":2,\"name\":\"Bande \u00e0 part de Jean-Luc Godard\"}]},{\"@type\":\"WebSite\",\"@id\":\"https:\/\/www.arte.tv\/sites\/olivierpere\/#website\",\"url\":\"https:\/\/www.arte.tv\/sites\/olivierpere\/\",\"name\":\"Olivier P\u00e8re\",\"description\":\"\",\"potentialAction\":[{\"@type\":\"SearchAction\",\"target\":{\"@type\":\"EntryPoint\",\"urlTemplate\":\"https:\/\/www.arte.tv\/sites\/olivierpere\/?s={search_term_string}\"},\"query-input\":\"required name=search_term_string\"}],\"inLanguage\":\"fr-FR\"},{\"@type\":\"Person\",\"@id\":\"https:\/\/www.arte.tv\/sites\/olivierpere\/#\/schema\/person\/dc32cd6c79be95e52d43b97a74182558\",\"name\":\"Olivier P\u00e8re\",\"image\":{\"@type\":\"ImageObject\",\"inLanguage\":\"fr-FR\",\"@id\":\"https:\/\/www.arte.tv\/sites\/olivierpere\/#\/schema\/person\/image\/\",\"url\":\"https:\/\/secure.gravatar.com\/avatar\/bdea7b6a2c195e2c41772429a9694758?s=96&d=mm&r=g\",\"contentUrl\":\"https:\/\/secure.gravatar.com\/avatar\/bdea7b6a2c195e2c41772429a9694758?s=96&d=mm&r=g\",\"caption\":\"Olivier P\u00e8re\"},\"url\":\"https:\/\/www.arte.tv\/sites\/olivierpere\/author\/pereolivier\/\"}]}<\/script>\n<!-- \/ Yoast SEO plugin. -->","yoast_head_json":{"title":"Bande \u00e0 part de Jean-Luc Godard - Olivier P\u00e8re","robots":{"index":"index","follow":"follow","max-snippet":"max-snippet:-1","max-image-preview":"max-image-preview:large","max-video-preview":"max-video-preview:-1"},"canonical":"https:\/\/www.arte.tv\/sites\/olivierpere\/2018\/06\/27\/bande-a-part-de-jean-luc-godard\/","og_locale":"fr_FR","og_type":"article","og_title":"Bande \u00e0 part de Jean-Luc Godard - Olivier P\u00e8re","og_description":"ARTE diffuse Bande \u00e0 part (1964) lundi 2 juillet \u00e0 22h30, en version restaur\u00e9e. Le film de Jean-Luc Godard sera\u2026","og_url":"https:\/\/www.arte.tv\/sites\/olivierpere\/2018\/06\/27\/bande-a-part-de-jean-luc-godard\/","og_site_name":"Olivier P\u00e8re","article_published_time":"2018-06-27T10:21:40+00:00","article_modified_time":"2020-03-26T13:40:48+00:00","author":"Olivier P\u00e8re","twitter_misc":{"\u00c9crit par":"Olivier P\u00e8re","Dur\u00e9e de lecture estim\u00e9e":"2 minutes"},"schema":{"@context":"https:\/\/schema.org","@graph":[{"@type":"WebPage","@id":"https:\/\/www.arte.tv\/sites\/olivierpere\/2018\/06\/27\/bande-a-part-de-jean-luc-godard\/","url":"https:\/\/www.arte.tv\/sites\/olivierpere\/2018\/06\/27\/bande-a-part-de-jean-luc-godard\/","name":"Bande \u00e0 part de Jean-Luc Godard - Olivier P\u00e8re","isPartOf":{"@id":"https:\/\/www.arte.tv\/sites\/olivierpere\/#website"},"datePublished":"2018-06-27T10:21:40+00:00","dateModified":"2020-03-26T13:40:48+00:00","author":{"@id":"https:\/\/www.arte.tv\/sites\/olivierpere\/#\/schema\/person\/dc32cd6c79be95e52d43b97a74182558"},"breadcrumb":{"@id":"https:\/\/www.arte.tv\/sites\/olivierpere\/2018\/06\/27\/bande-a-part-de-jean-luc-godard\/#breadcrumb"},"inLanguage":"fr-FR","potentialAction":[{"@type":"ReadAction","target":["https:\/\/www.arte.tv\/sites\/olivierpere\/2018\/06\/27\/bande-a-part-de-jean-luc-godard\/"]}]},{"@type":"BreadcrumbList","@id":"https:\/\/www.arte.tv\/sites\/olivierpere\/2018\/06\/27\/bande-a-part-de-jean-luc-godard\/#breadcrumb","itemListElement":[{"@type":"ListItem","position":1,"name":"Home","item":"https:\/\/www.arte.tv\/sites\/olivierpere\/"},{"@type":"ListItem","position":2,"name":"Bande \u00e0 part de Jean-Luc Godard"}]},{"@type":"WebSite","@id":"https:\/\/www.arte.tv\/sites\/olivierpere\/#website","url":"https:\/\/www.arte.tv\/sites\/olivierpere\/","name":"Olivier P\u00e8re","description":"","potentialAction":[{"@type":"SearchAction","target":{"@type":"EntryPoint","urlTemplate":"https:\/\/www.arte.tv\/sites\/olivierpere\/?s={search_term_string}"},"query-input":"required name=search_term_string"}],"inLanguage":"fr-FR"},{"@type":"Person","@id":"https:\/\/www.arte.tv\/sites\/olivierpere\/#\/schema\/person\/dc32cd6c79be95e52d43b97a74182558","name":"Olivier P\u00e8re","image":{"@type":"ImageObject","inLanguage":"fr-FR","@id":"https:\/\/www.arte.tv\/sites\/olivierpere\/#\/schema\/person\/image\/","url":"https:\/\/secure.gravatar.com\/avatar\/bdea7b6a2c195e2c41772429a9694758?s=96&d=mm&r=g","contentUrl":"https:\/\/secure.gravatar.com\/avatar\/bdea7b6a2c195e2c41772429a9694758?s=96&d=mm&r=g","caption":"Olivier P\u00e8re"},"url":"https:\/\/www.arte.tv\/sites\/olivierpere\/author\/pereolivier\/"}]}},"_links":{"self":[{"href":"https:\/\/www.arte.tv\/sites\/olivierpere\/wp-json\/wp\/v2\/posts\/22386"}],"collection":[{"href":"https:\/\/www.arte.tv\/sites\/olivierpere\/wp-json\/wp\/v2\/posts"}],"about":[{"href":"https:\/\/www.arte.tv\/sites\/olivierpere\/wp-json\/wp\/v2\/types\/post"}],"author":[{"embeddable":true,"href":"https:\/\/www.arte.tv\/sites\/olivierpere\/wp-json\/wp\/v2\/users\/116"}],"replies":[{"embeddable":true,"href":"https:\/\/www.arte.tv\/sites\/olivierpere\/wp-json\/wp\/v2\/comments?post=22386"}],"version-history":[{"count":2,"href":"https:\/\/www.arte.tv\/sites\/olivierpere\/wp-json\/wp\/v2\/posts\/22386\/revisions"}],"predecessor-version":[{"id":24443,"href":"https:\/\/www.arte.tv\/sites\/olivierpere\/wp-json\/wp\/v2\/posts\/22386\/revisions\/24443"}],"wp:attachment":[{"href":"https:\/\/www.arte.tv\/sites\/olivierpere\/wp-json\/wp\/v2\/media?parent=22386"}],"wp:term":[{"taxonomy":"category","embeddable":true,"href":"https:\/\/www.arte.tv\/sites\/olivierpere\/wp-json\/wp\/v2\/categories?post=22386"},{"taxonomy":"post_tag","embeddable":true,"href":"https:\/\/www.arte.tv\/sites\/olivierpere\/wp-json\/wp\/v2\/tags?post=22386"}],"curies":[{"name":"wp","href":"https:\/\/api.w.org\/{rel}","templated":true}]}}