{"id":22354,"date":"2018-06-20T17:32:15","date_gmt":"2018-06-20T16:32:15","guid":{"rendered":"https:\/\/www.arte.tv\/sites\/olivierpere\/?p=22354"},"modified":"2020-04-08T16:31:31","modified_gmt":"2020-04-08T15:31:31","slug":"arte-france-cinema-coproduit-prochains-films-de-mia-hansen-love-celine-sciamma-arnaud-desplechin","status":"publish","type":"post","link":"https:\/\/www.arte.tv\/sites\/olivierpere\/2018\/06\/20\/arte-france-cinema-coproduit-prochains-films-de-mia-hansen-love-celine-sciamma-arnaud-desplechin\/","title":{"rendered":"ARTE France Cin\u00e9ma coproduit les prochains films de Mia Hansen-L\u00f8ve, C\u00e9line Sciamma et Arnaud Desplechin"},"content":{"rendered":"<p><strong>Le comit\u00e9 de s\u00e9lection d\u2019ARTE France Cin\u00e9ma qui s\u2019est r\u00e9uni le 14 juin a d\u00e9cid\u00e9 de s\u2019engager sur trois nouveaux projets de longs m\u00e9trages : trois sc\u00e9narios d\u2019auteurs fran\u00e7ais dont nous admirons le travail mais qui s\u2019\u00e9cartent de leurs univers habituels et r\u00e9ussissent \u00e0 nous surprendre, \u00e0 nous \u00e9mouvoir et \u00e0 nous passionner avec des histoires audacieuses et originales, qui portent la promesse de beaux films. Si ARTE France Cin\u00e9ma a soutenu certains films r\u00e9cents de <\/strong><strong>Mia Hansen-L\u00f8ve (<em>Un amour de jeunesse<\/em>, <em>L\u2019Avenir<\/em> \u2013 Ours d\u2019argent de la mise en sc\u00e8ne au Festival de Berlin \u2013 ou <em>Maya<\/em>, prochainement sur les \u00e9crans) et C\u00e9line Sciamma (<em>Tomboy<\/em>, <em>Bande de filles<\/em>), c\u2019est la premi\u00e8re fois depuis 2003 et <em>En jouant \u00ab\u00a0Dans la compagnie des hommes\u00a0\u00bb<\/em> que la filiale cin\u00e9ma d\u2019ARTE France participe \u00e0 la coproduction d\u2019un film d\u2019Arnaud Desplechin. C\u2019est peu dire que ces retrouvailles nous r\u00e9jouissent.<\/strong><\/p>\n<p><strong>Photo en t\u00eate de texte : Arnaud Desplechin sur le tournage de son film <em>Les Fant\u00f4mes d\u2019Isma\u00ebl<\/em> (2017) \u00a9 Jean-Claude Lother \/ Why Not Productions.<\/strong><\/p>\n<p><strong>\u00a0<\/strong><\/p>\n<p><strong><em>Bergman Island<\/em><\/strong><strong> de Mia Hansen-L\u00f8ve<\/strong><\/p>\n<p><strong>CG Cin\u00e9ma (France), Plattform Produktion (Su\u00e8de), Bioskop Film (Allemagne), Scope Pictures (Belgique)<\/strong><\/p>\n<p><strong>La prochaine com\u00e9die dramatique de Mia Hansen-L\u00f8ve parlera du couple et de la cr\u00e9ation. Sur la petite \u00eele de F\u00e5r\u00f6 en Su\u00e8de, o\u00f9 Ingmar Bergman avait \u00e9lu domicile et tourna certains de ses chefs-d&rsquo;oeuvre, la r\u00e9alisatrice met en sc\u00e8ne un couple de cin\u00e9astes venu chercher l\u2019inspiration. Mais rien ne se passe comme pr\u00e9vu. Une \u00e9trange distance s\u2019installe entre la jeune femme et son mari. \u00c0 mesure que passent les jours, la fiction se m\u00eale \u00e0 la r\u00e9alit\u00e9, tandis que l\u2019\u00eele de F\u00e5r\u00f6 d\u00e9voile ses secrets.<\/strong><\/p>\n<p><strong>Tournage pr\u00e9vu cet \u00e9t\u00e9.<\/strong><\/p>\n<p><strong>\u00a0<\/strong><\/p>\n<p><strong><em>Roubaix, une lumi\u00e8re<\/em><\/strong><strong> de Arnaud Desplechin<\/strong><\/p>\n<p><strong>Sc\u00e9nario de Arnaud Desplechin avec la collaboration de L\u00e9a Mysius<\/strong><\/p>\n<p><strong>Why Not Productions (France)<\/strong><\/p>\n<p><strong>Avec Roschdy Zem, L\u00e9a Seydoux, Sara Forestier, Antoine Reinartz.<\/strong><\/p>\n<p><strong>Roubaix, une nuit de No\u00ebl. Le commissaire Daoud sillonne la ville qui l\u2019a vu grandir. Voitures br\u00fbl\u00e9es, altercations\u2026 Face \u00e0 la mis\u00e8re, aux mensonges, aux d\u00e9sarrois, Daoud toujours sait. Tableau d\u2019un monde en crise, le film se charge alors d\u2019une mission : rendre leur humanit\u00e9 aux coupables.<\/strong><\/p>\n<p><strong>\u00ab\u00a0Ainsi, a\u0300 travers la vie de ce commissariat roubaisien, c\u2019e\u0301tait un portrait force\u0301ment lacunaire de la condition fe\u0301minine aujourd\u2019hui.\u00a0\u00bb (Arnaud\u00a0Desplechin)\u00a0<\/strong><\/p>\n<p>&nbsp;<\/p>\n<p><strong><em>Portrait de la jeune fille en feu<\/em><\/strong><strong> de C\u00e9line Sciamma<br \/>\nLilies Films (France)<br \/>\nAvec Ad\u00e8le Haenel.<br \/>\nPour son quatri\u00e8me long m\u00e9trage, C\u00e9line Sciamma continue d\u2019explorer le f\u00e9minin, en s\u2019\u00e9loignant cette fois-ci de l\u2019enfance et de l\u2019adolescence. Sur une \u00eele isol\u00e9e en Bretagne, \u00e0 la fin du XVIII\u00e8me si\u00e8cle, une peintre est mandat\u00e9e pour faire le portrait de mariage d\u2019une jeune femme. Dans cette fresque des sentiments et du d\u00e9sir, C\u00e9line Sciamma veut \u00ab raconter le pr\u00e9sent d\u2019un amour v\u00e9cu mais aussi sa longue r\u00e9sonance en nous, qui console de l\u2019avoir perdu. \u00bb<\/strong><\/p>\n<p><strong>En tournage du 15 octobre au 10 d\u00e9cembre 2018.<\/strong><\/p>\n","protected":false},"excerpt":{"rendered":"<p>Le comit\u00e9 de s\u00e9lection d\u2019ARTE France Cin\u00e9ma qui s\u2019est r\u00e9uni le 14 juin a d\u00e9cid\u00e9 de s\u2019engager sur trois nouveaux\u2026<\/p>\n","protected":false},"author":116,"featured_media":0,"comment_status":"open","ping_status":"open","sticky":false,"template":"","format":"standard","meta":[],"categories":[9,6],"tags":[],"yoast_head":"<!-- This site is optimized with the Yoast SEO plugin v20.8 - https:\/\/yoast.com\/wordpress\/plugins\/seo\/ -->\n<title>ARTE France Cin\u00e9ma coproduit les prochains films de Mia Hansen-L\u00f8ve, C\u00e9line Sciamma et Arnaud Desplechin - Olivier P\u00e8re<\/title>\n<meta name=\"robots\" content=\"index, follow, max-snippet:-1, max-image-preview:large, max-video-preview:-1\" \/>\n<link rel=\"canonical\" href=\"https:\/\/www.arte.tv\/sites\/olivierpere\/2018\/06\/20\/arte-france-cinema-coproduit-prochains-films-de-mia-hansen-love-celine-sciamma-arnaud-desplechin\/\" \/>\n<meta property=\"og:locale\" content=\"fr_FR\" \/>\n<meta property=\"og:type\" content=\"article\" \/>\n<meta property=\"og:title\" content=\"ARTE France Cin\u00e9ma coproduit les prochains films de Mia Hansen-L\u00f8ve, C\u00e9line Sciamma et Arnaud Desplechin - Olivier P\u00e8re\" \/>\n<meta property=\"og:description\" content=\"Le comit\u00e9 de s\u00e9lection d\u2019ARTE France Cin\u00e9ma qui s\u2019est r\u00e9uni le 14 juin a d\u00e9cid\u00e9 de s\u2019engager sur trois nouveaux\u2026\" \/>\n<meta property=\"og:url\" content=\"https:\/\/www.arte.tv\/sites\/olivierpere\/2018\/06\/20\/arte-france-cinema-coproduit-prochains-films-de-mia-hansen-love-celine-sciamma-arnaud-desplechin\/\" \/>\n<meta property=\"og:site_name\" content=\"Olivier P\u00e8re\" \/>\n<meta property=\"article:published_time\" content=\"2018-06-20T16:32:15+00:00\" \/>\n<meta property=\"article:modified_time\" content=\"2020-04-08T15:31:31+00:00\" \/>\n<meta name=\"author\" content=\"Olivier P\u00e8re\" \/>\n<meta name=\"twitter:label1\" content=\"\u00c9crit par\" \/>\n\t<meta name=\"twitter:data1\" content=\"Olivier P\u00e8re\" \/>\n\t<meta name=\"twitter:label2\" content=\"Dur\u00e9e de lecture estim\u00e9e\" \/>\n\t<meta name=\"twitter:data2\" content=\"3 minutes\" \/>\n<script type=\"application\/ld+json\" class=\"yoast-schema-graph\">{\"@context\":\"https:\/\/schema.org\",\"@graph\":[{\"@type\":\"WebPage\",\"@id\":\"https:\/\/www.arte.tv\/sites\/olivierpere\/2018\/06\/20\/arte-france-cinema-coproduit-prochains-films-de-mia-hansen-love-celine-sciamma-arnaud-desplechin\/\",\"url\":\"https:\/\/www.arte.tv\/sites\/olivierpere\/2018\/06\/20\/arte-france-cinema-coproduit-prochains-films-de-mia-hansen-love-celine-sciamma-arnaud-desplechin\/\",\"name\":\"ARTE France Cin\u00e9ma coproduit les prochains films de Mia Hansen-L\u00f8ve, C\u00e9line Sciamma et Arnaud Desplechin - Olivier P\u00e8re\",\"isPartOf\":{\"@id\":\"https:\/\/www.arte.tv\/sites\/olivierpere\/#website\"},\"datePublished\":\"2018-06-20T16:32:15+00:00\",\"dateModified\":\"2020-04-08T15:31:31+00:00\",\"author\":{\"@id\":\"https:\/\/www.arte.tv\/sites\/olivierpere\/#\/schema\/person\/dc32cd6c79be95e52d43b97a74182558\"},\"breadcrumb\":{\"@id\":\"https:\/\/www.arte.tv\/sites\/olivierpere\/2018\/06\/20\/arte-france-cinema-coproduit-prochains-films-de-mia-hansen-love-celine-sciamma-arnaud-desplechin\/#breadcrumb\"},\"inLanguage\":\"fr-FR\",\"potentialAction\":[{\"@type\":\"ReadAction\",\"target\":[\"https:\/\/www.arte.tv\/sites\/olivierpere\/2018\/06\/20\/arte-france-cinema-coproduit-prochains-films-de-mia-hansen-love-celine-sciamma-arnaud-desplechin\/\"]}]},{\"@type\":\"BreadcrumbList\",\"@id\":\"https:\/\/www.arte.tv\/sites\/olivierpere\/2018\/06\/20\/arte-france-cinema-coproduit-prochains-films-de-mia-hansen-love-celine-sciamma-arnaud-desplechin\/#breadcrumb\",\"itemListElement\":[{\"@type\":\"ListItem\",\"position\":1,\"name\":\"Home\",\"item\":\"https:\/\/www.arte.tv\/sites\/olivierpere\/\"},{\"@type\":\"ListItem\",\"position\":2,\"name\":\"ARTE France Cin\u00e9ma coproduit les prochains films de Mia Hansen-L\u00f8ve, C\u00e9line Sciamma et Arnaud Desplechin\"}]},{\"@type\":\"WebSite\",\"@id\":\"https:\/\/www.arte.tv\/sites\/olivierpere\/#website\",\"url\":\"https:\/\/www.arte.tv\/sites\/olivierpere\/\",\"name\":\"Olivier P\u00e8re\",\"description\":\"\",\"potentialAction\":[{\"@type\":\"SearchAction\",\"target\":{\"@type\":\"EntryPoint\",\"urlTemplate\":\"https:\/\/www.arte.tv\/sites\/olivierpere\/?s={search_term_string}\"},\"query-input\":\"required name=search_term_string\"}],\"inLanguage\":\"fr-FR\"},{\"@type\":\"Person\",\"@id\":\"https:\/\/www.arte.tv\/sites\/olivierpere\/#\/schema\/person\/dc32cd6c79be95e52d43b97a74182558\",\"name\":\"Olivier P\u00e8re\",\"image\":{\"@type\":\"ImageObject\",\"inLanguage\":\"fr-FR\",\"@id\":\"https:\/\/www.arte.tv\/sites\/olivierpere\/#\/schema\/person\/image\/\",\"url\":\"https:\/\/secure.gravatar.com\/avatar\/bdea7b6a2c195e2c41772429a9694758?s=96&d=mm&r=g\",\"contentUrl\":\"https:\/\/secure.gravatar.com\/avatar\/bdea7b6a2c195e2c41772429a9694758?s=96&d=mm&r=g\",\"caption\":\"Olivier P\u00e8re\"},\"url\":\"https:\/\/www.arte.tv\/sites\/olivierpere\/author\/pereolivier\/\"}]}<\/script>\n<!-- \/ Yoast SEO plugin. -->","yoast_head_json":{"title":"ARTE France Cin\u00e9ma coproduit les prochains films de Mia Hansen-L\u00f8ve, C\u00e9line Sciamma et Arnaud Desplechin - Olivier P\u00e8re","robots":{"index":"index","follow":"follow","max-snippet":"max-snippet:-1","max-image-preview":"max-image-preview:large","max-video-preview":"max-video-preview:-1"},"canonical":"https:\/\/www.arte.tv\/sites\/olivierpere\/2018\/06\/20\/arte-france-cinema-coproduit-prochains-films-de-mia-hansen-love-celine-sciamma-arnaud-desplechin\/","og_locale":"fr_FR","og_type":"article","og_title":"ARTE France Cin\u00e9ma coproduit les prochains films de Mia Hansen-L\u00f8ve, C\u00e9line Sciamma et Arnaud Desplechin - Olivier P\u00e8re","og_description":"Le comit\u00e9 de s\u00e9lection d\u2019ARTE France Cin\u00e9ma qui s\u2019est r\u00e9uni le 14 juin a d\u00e9cid\u00e9 de s\u2019engager sur trois nouveaux\u2026","og_url":"https:\/\/www.arte.tv\/sites\/olivierpere\/2018\/06\/20\/arte-france-cinema-coproduit-prochains-films-de-mia-hansen-love-celine-sciamma-arnaud-desplechin\/","og_site_name":"Olivier P\u00e8re","article_published_time":"2018-06-20T16:32:15+00:00","article_modified_time":"2020-04-08T15:31:31+00:00","author":"Olivier P\u00e8re","twitter_misc":{"\u00c9crit par":"Olivier P\u00e8re","Dur\u00e9e de lecture estim\u00e9e":"3 minutes"},"schema":{"@context":"https:\/\/schema.org","@graph":[{"@type":"WebPage","@id":"https:\/\/www.arte.tv\/sites\/olivierpere\/2018\/06\/20\/arte-france-cinema-coproduit-prochains-films-de-mia-hansen-love-celine-sciamma-arnaud-desplechin\/","url":"https:\/\/www.arte.tv\/sites\/olivierpere\/2018\/06\/20\/arte-france-cinema-coproduit-prochains-films-de-mia-hansen-love-celine-sciamma-arnaud-desplechin\/","name":"ARTE France Cin\u00e9ma coproduit les prochains films de Mia Hansen-L\u00f8ve, C\u00e9line Sciamma et Arnaud Desplechin - Olivier P\u00e8re","isPartOf":{"@id":"https:\/\/www.arte.tv\/sites\/olivierpere\/#website"},"datePublished":"2018-06-20T16:32:15+00:00","dateModified":"2020-04-08T15:31:31+00:00","author":{"@id":"https:\/\/www.arte.tv\/sites\/olivierpere\/#\/schema\/person\/dc32cd6c79be95e52d43b97a74182558"},"breadcrumb":{"@id":"https:\/\/www.arte.tv\/sites\/olivierpere\/2018\/06\/20\/arte-france-cinema-coproduit-prochains-films-de-mia-hansen-love-celine-sciamma-arnaud-desplechin\/#breadcrumb"},"inLanguage":"fr-FR","potentialAction":[{"@type":"ReadAction","target":["https:\/\/www.arte.tv\/sites\/olivierpere\/2018\/06\/20\/arte-france-cinema-coproduit-prochains-films-de-mia-hansen-love-celine-sciamma-arnaud-desplechin\/"]}]},{"@type":"BreadcrumbList","@id":"https:\/\/www.arte.tv\/sites\/olivierpere\/2018\/06\/20\/arte-france-cinema-coproduit-prochains-films-de-mia-hansen-love-celine-sciamma-arnaud-desplechin\/#breadcrumb","itemListElement":[{"@type":"ListItem","position":1,"name":"Home","item":"https:\/\/www.arte.tv\/sites\/olivierpere\/"},{"@type":"ListItem","position":2,"name":"ARTE France Cin\u00e9ma coproduit les prochains films de Mia Hansen-L\u00f8ve, C\u00e9line Sciamma et Arnaud Desplechin"}]},{"@type":"WebSite","@id":"https:\/\/www.arte.tv\/sites\/olivierpere\/#website","url":"https:\/\/www.arte.tv\/sites\/olivierpere\/","name":"Olivier P\u00e8re","description":"","potentialAction":[{"@type":"SearchAction","target":{"@type":"EntryPoint","urlTemplate":"https:\/\/www.arte.tv\/sites\/olivierpere\/?s={search_term_string}"},"query-input":"required name=search_term_string"}],"inLanguage":"fr-FR"},{"@type":"Person","@id":"https:\/\/www.arte.tv\/sites\/olivierpere\/#\/schema\/person\/dc32cd6c79be95e52d43b97a74182558","name":"Olivier P\u00e8re","image":{"@type":"ImageObject","inLanguage":"fr-FR","@id":"https:\/\/www.arte.tv\/sites\/olivierpere\/#\/schema\/person\/image\/","url":"https:\/\/secure.gravatar.com\/avatar\/bdea7b6a2c195e2c41772429a9694758?s=96&d=mm&r=g","contentUrl":"https:\/\/secure.gravatar.com\/avatar\/bdea7b6a2c195e2c41772429a9694758?s=96&d=mm&r=g","caption":"Olivier P\u00e8re"},"url":"https:\/\/www.arte.tv\/sites\/olivierpere\/author\/pereolivier\/"}]}},"_links":{"self":[{"href":"https:\/\/www.arte.tv\/sites\/olivierpere\/wp-json\/wp\/v2\/posts\/22354"}],"collection":[{"href":"https:\/\/www.arte.tv\/sites\/olivierpere\/wp-json\/wp\/v2\/posts"}],"about":[{"href":"https:\/\/www.arte.tv\/sites\/olivierpere\/wp-json\/wp\/v2\/types\/post"}],"author":[{"embeddable":true,"href":"https:\/\/www.arte.tv\/sites\/olivierpere\/wp-json\/wp\/v2\/users\/116"}],"replies":[{"embeddable":true,"href":"https:\/\/www.arte.tv\/sites\/olivierpere\/wp-json\/wp\/v2\/comments?post=22354"}],"version-history":[{"count":3,"href":"https:\/\/www.arte.tv\/sites\/olivierpere\/wp-json\/wp\/v2\/posts\/22354\/revisions"}],"predecessor-version":[{"id":25155,"href":"https:\/\/www.arte.tv\/sites\/olivierpere\/wp-json\/wp\/v2\/posts\/22354\/revisions\/25155"}],"wp:attachment":[{"href":"https:\/\/www.arte.tv\/sites\/olivierpere\/wp-json\/wp\/v2\/media?parent=22354"}],"wp:term":[{"taxonomy":"category","embeddable":true,"href":"https:\/\/www.arte.tv\/sites\/olivierpere\/wp-json\/wp\/v2\/categories?post=22354"},{"taxonomy":"post_tag","embeddable":true,"href":"https:\/\/www.arte.tv\/sites\/olivierpere\/wp-json\/wp\/v2\/tags?post=22354"}],"curies":[{"name":"wp","href":"https:\/\/api.w.org\/{rel}","templated":true}]}}