{"id":22348,"date":"2018-06-18T20:17:47","date_gmt":"2018-06-18T19:17:47","guid":{"rendered":"https:\/\/www.arte.tv\/sites\/olivierpere\/?p=22348"},"modified":"2018-06-18T20:17:47","modified_gmt":"2018-06-18T19:17:47","slug":"paranoia-de-steven-soderbergh","status":"publish","type":"post","link":"https:\/\/www.arte.tv\/sites\/olivierpere\/2018\/06\/18\/paranoia-de-steven-soderbergh\/","title":{"rendered":"Parano\u00efa de Steven Soderbergh"},"content":{"rendered":"<p><strong>Une jeune femme, convaincue d\u2019\u00eatre harcel\u00e9e, est enferm\u00e9e contre son gr\u00e9 dans une institution psychiatrique. Alors m\u00eame qu\u2019elle tente de convaincre tout le monde qu\u2019elle est en danger, elle commence \u00e0 se demander si sa peur est fond\u00e9e ou si elle est le fruit de son imagination \u2026<\/strong><\/p>\n<p><strong><em>Parano\u00efa <\/em>(<em>Unsane<\/em>) confirme le talent de Steven Soderbergh pour les exercices de style et les prouesses formelles. Le r\u00e9alisateur n\u2019est jamais aussi inspir\u00e9 que lorsqu\u2019il m\u00eale sa veine exp\u00e9rimentale \u00e0 la relecture des genres hollywoodiens, entre \u00e9tudes soci\u00e9tales et purs divertissements. Ainsi son nouveau long m\u00e9trage \u2013 apr\u00e8s une pr\u00e9tendue retraite et le d\u00e9veloppement de ses activit\u00e9s du c\u00f4t\u00e9 des s\u00e9ries t\u00e9l\u00e9vis\u00e9es \u2013 est-il un thriller enti\u00e8rement r\u00e9alis\u00e9 avec un iPhone (pour \u00eatre plus pr\u00e9cis le iPhone app FiLMiC Pro). Ce qui n\u2019aurait pu \u00eatre qu\u2019un simple gimmick publicitaire g\u00e9n\u00e9rateur d\u2019images laides et instables offre \u00e0 Soderbergh l\u2019opportunit\u00e9 de cr\u00e9er une atmosph\u00e8re hyperr\u00e9aliste et de multiplier les plans tr\u00e8s longs, qui permettent aux acteurs d\u2019\u00e9voluer en toute libert\u00e9, comme sur une sc\u00e8ne th\u00e9\u00e2trale. La d\u00e9marche de Soderbergh est de s\u2019affranchir de la pesanteur des tournages traditionnels et de supprimer tous les interm\u00e9diaires \u2013 humains et techniques \u2013 entre l\u2019id\u00e9e d\u2019un film et son ex\u00e9cution. Le maniaque du contr\u00f4le qu\u2019est Soderbergh, habitu\u00e9 \u00e0 occuper sous pseudonyme les places du directeur de la photographie et du monteur sur ces films, n\u2019a pu qu\u2019appr\u00e9cier l\u2019exp\u00e9rience. Il est notable de constater que ces m\u00e9thodes de tournage renvoient \u00e0 la l\u00e9g\u00e8ret\u00e9 d\u2019un cin\u00e9ma underground tel que le pratiquent d\u00e9j\u00e0 des artistes \u0153uvrant dans les marges de la production commerciales depuis les ann\u00e9es 60 : journaux film\u00e9s, essais intimes o\u00f9 les petites cam\u00e9ras num\u00e9riques et les t\u00e9l\u00e9phones portables ont depuis longtemps remplac\u00e9 le super 8, le 16mm et les premiers formats vid\u00e9o. Soderbergh adapte ce syst\u00e8me de tournages sans \u00e9quipe \u00e0 un thriller psychologique avec des \u00e9l\u00e9ments de \u00ab\u00a0slasher\u00a0\u00bb, dans la plus pure tradition des classiques de Polanski, De Palma ou Carpenter. Cela ne nuit en rien \u00e0 l\u2019efficacit\u00e9 de son r\u00e9cit ni de sa mise en sc\u00e8ne, qui contient de beaux moments de suspens et de terreur et certaines trouvailles proches du cin\u00e9ma exp\u00e9rimental. La surimpression du visage et de la chevelure de la jeune femme lors de ses errances paniqu\u00e9es dans les couloirs de l\u2019h\u00f4pital donne naissance \u00e0 des images \u00e0 la fois oniriques et effrayantes, \u00e0 l\u2019instar des distorsions visuelles produites par Frankenheimer et son g\u00e9nial directeur de la photographie James Wong Howe dans <em>Seconds<\/em> en 1966, mais avec des moyens bien plus modestes. L\u2019esth\u00e9tisme num\u00e9rique de <em>Parano\u00efa<\/em> renforce le sentiment de proximit\u00e9 presque domestique que nous \u00e9prouvons avec son h\u00e9ro\u00efne. Soderbergh communique aux spectateurs l\u2019angoisse claustrophobe et parano\u00efaque qu\u2019elle ressent en se retrouvant enferm\u00e9e contre son gr\u00e9 dans un institut psychiatrique inqui\u00e9tant, o\u00f9 son harceleur a r\u00e9ussi \u00e0 se faire embaucher pour pouvoir continuer \u00e0 la pers\u00e9cuter. La l\u00e9g\u00e8ret\u00e9 et la vitesse d\u2019ex\u00e9cution du film lui ont peut-\u00eatre permis de trouver une r\u00e9sonance particuli\u00e8re avec l\u2019agitation qui secoue Hollywood et l\u2019industrie du cin\u00e9ma mondial depuis plusieurs mois. L\u2019histoire de cette jeune femme agress\u00e9e par un psychopathe amoureux particuli\u00e8rement violent et dangereux et dont la parole est mise en doute dans les deux tiers du film renvoie aux t\u00e9moignages gla\u00e7ants de victimes de harc\u00e8lement sexuel. Apr\u00e8s avoir r\u00e9alis\u00e9 l\u2019un des plus beaux portraits de femmes du cin\u00e9ma am\u00e9ricain contemporain (<em>Erin Brockovich<\/em>) puis propos\u00e9 une variation f\u00e9ministe des films d\u2019action hollywoodien (<em>Haywire<\/em>), Soderbergh vient de signer, sans doute de mani\u00e8re tr\u00e8s consciente, le premier thriller de l\u2019\u00e8re post-Weinstein.<\/strong><\/p>\n<p>&nbsp;<\/p>\n<p><strong>Sortie en salle le mercredi 11 juillet.<\/strong><\/p>\n<div id=\"attachment_22349\" style=\"width: 1210px\" class=\"wp-caption alignnone\"><img aria-describedby=\"caption-attachment-22349\" decoding=\"async\" loading=\"lazy\" class=\"size-full wp-image-22349\" src=\"https:\/\/www.arte.tv\/sites\/olivierpere\/files\/featured_unsane-sodebergh.jpg\" alt=\"Parano\u00efa de Steven Soderbergh\" width=\"1200\" height=\"675\" srcset=\"https:\/\/www.arte.tv\/sites\/olivierpere\/files\/featured_unsane-sodebergh.jpg 1200w, https:\/\/www.arte.tv\/sites\/olivierpere\/files\/featured_unsane-sodebergh-498x280.jpg 498w, https:\/\/www.arte.tv\/sites\/olivierpere\/files\/featured_unsane-sodebergh-768x432.jpg 768w, https:\/\/www.arte.tv\/sites\/olivierpere\/files\/featured_unsane-sodebergh-1024x576.jpg 1024w, https:\/\/www.arte.tv\/sites\/olivierpere\/files\/featured_unsane-sodebergh-580x326.jpg 580w\" sizes=\"(max-width: 1200px) 100vw, 1200px\" \/><p id=\"caption-attachment-22349\" class=\"wp-caption-text\"><strong><em>Parano\u00efa<\/em> de Steven Soderbergh<\/strong><\/p><\/div>\n","protected":false},"excerpt":{"rendered":"<p>Une jeune femme, convaincue d\u2019\u00eatre harcel\u00e9e, est enferm\u00e9e contre son gr\u00e9 dans une institution psychiatrique. Alors m\u00eame qu\u2019elle tente de\u2026<\/p>\n","protected":false},"author":116,"featured_media":22349,"comment_status":"open","ping_status":"open","sticky":false,"template":"","format":"standard","meta":[],"categories":[9],"tags":[],"yoast_head":"<!-- This site is optimized with the Yoast SEO plugin v20.8 - https:\/\/yoast.com\/wordpress\/plugins\/seo\/ -->\n<title>Parano\u00efa de Steven Soderbergh - Olivier P\u00e8re<\/title>\n<meta name=\"robots\" content=\"index, follow, max-snippet:-1, max-image-preview:large, max-video-preview:-1\" \/>\n<link rel=\"canonical\" href=\"https:\/\/www.arte.tv\/sites\/olivierpere\/2018\/06\/18\/paranoia-de-steven-soderbergh\/\" \/>\n<meta property=\"og:locale\" content=\"fr_FR\" \/>\n<meta property=\"og:type\" content=\"article\" \/>\n<meta property=\"og:title\" content=\"Parano\u00efa de Steven Soderbergh - Olivier P\u00e8re\" \/>\n<meta property=\"og:description\" content=\"Une jeune femme, convaincue d\u2019\u00eatre harcel\u00e9e, est enferm\u00e9e contre son gr\u00e9 dans une institution psychiatrique. Alors m\u00eame qu\u2019elle tente de\u2026\" \/>\n<meta property=\"og:url\" content=\"https:\/\/www.arte.tv\/sites\/olivierpere\/2018\/06\/18\/paranoia-de-steven-soderbergh\/\" \/>\n<meta property=\"og:site_name\" content=\"Olivier P\u00e8re\" \/>\n<meta property=\"article:published_time\" content=\"2018-06-18T19:17:47+00:00\" \/>\n<meta property=\"og:image\" content=\"https:\/\/www.arte.tv\/sites\/olivierpere\/files\/featured_unsane-sodebergh.jpg\" \/>\n\t<meta property=\"og:image:width\" content=\"1200\" \/>\n\t<meta property=\"og:image:height\" content=\"675\" \/>\n\t<meta property=\"og:image:type\" content=\"image\/jpeg\" \/>\n<meta name=\"author\" content=\"Olivier P\u00e8re\" \/>\n<meta name=\"twitter:label1\" content=\"\u00c9crit par\" \/>\n\t<meta name=\"twitter:data1\" content=\"Olivier P\u00e8re\" \/>\n\t<meta name=\"twitter:label2\" content=\"Dur\u00e9e de lecture estim\u00e9e\" \/>\n\t<meta name=\"twitter:data2\" content=\"3 minutes\" \/>\n<script type=\"application\/ld+json\" class=\"yoast-schema-graph\">{\"@context\":\"https:\/\/schema.org\",\"@graph\":[{\"@type\":\"WebPage\",\"@id\":\"https:\/\/www.arte.tv\/sites\/olivierpere\/2018\/06\/18\/paranoia-de-steven-soderbergh\/\",\"url\":\"https:\/\/www.arte.tv\/sites\/olivierpere\/2018\/06\/18\/paranoia-de-steven-soderbergh\/\",\"name\":\"Parano\u00efa de Steven Soderbergh - Olivier P\u00e8re\",\"isPartOf\":{\"@id\":\"https:\/\/www.arte.tv\/sites\/olivierpere\/#website\"},\"datePublished\":\"2018-06-18T19:17:47+00:00\",\"dateModified\":\"2018-06-18T19:17:47+00:00\",\"author\":{\"@id\":\"https:\/\/www.arte.tv\/sites\/olivierpere\/#\/schema\/person\/dc32cd6c79be95e52d43b97a74182558\"},\"breadcrumb\":{\"@id\":\"https:\/\/www.arte.tv\/sites\/olivierpere\/2018\/06\/18\/paranoia-de-steven-soderbergh\/#breadcrumb\"},\"inLanguage\":\"fr-FR\",\"potentialAction\":[{\"@type\":\"ReadAction\",\"target\":[\"https:\/\/www.arte.tv\/sites\/olivierpere\/2018\/06\/18\/paranoia-de-steven-soderbergh\/\"]}]},{\"@type\":\"BreadcrumbList\",\"@id\":\"https:\/\/www.arte.tv\/sites\/olivierpere\/2018\/06\/18\/paranoia-de-steven-soderbergh\/#breadcrumb\",\"itemListElement\":[{\"@type\":\"ListItem\",\"position\":1,\"name\":\"Home\",\"item\":\"https:\/\/www.arte.tv\/sites\/olivierpere\/\"},{\"@type\":\"ListItem\",\"position\":2,\"name\":\"Parano\u00efa de Steven Soderbergh\"}]},{\"@type\":\"WebSite\",\"@id\":\"https:\/\/www.arte.tv\/sites\/olivierpere\/#website\",\"url\":\"https:\/\/www.arte.tv\/sites\/olivierpere\/\",\"name\":\"Olivier P\u00e8re\",\"description\":\"\",\"potentialAction\":[{\"@type\":\"SearchAction\",\"target\":{\"@type\":\"EntryPoint\",\"urlTemplate\":\"https:\/\/www.arte.tv\/sites\/olivierpere\/?s={search_term_string}\"},\"query-input\":\"required name=search_term_string\"}],\"inLanguage\":\"fr-FR\"},{\"@type\":\"Person\",\"@id\":\"https:\/\/www.arte.tv\/sites\/olivierpere\/#\/schema\/person\/dc32cd6c79be95e52d43b97a74182558\",\"name\":\"Olivier P\u00e8re\",\"image\":{\"@type\":\"ImageObject\",\"inLanguage\":\"fr-FR\",\"@id\":\"https:\/\/www.arte.tv\/sites\/olivierpere\/#\/schema\/person\/image\/\",\"url\":\"https:\/\/secure.gravatar.com\/avatar\/bdea7b6a2c195e2c41772429a9694758?s=96&d=mm&r=g\",\"contentUrl\":\"https:\/\/secure.gravatar.com\/avatar\/bdea7b6a2c195e2c41772429a9694758?s=96&d=mm&r=g\",\"caption\":\"Olivier P\u00e8re\"},\"url\":\"https:\/\/www.arte.tv\/sites\/olivierpere\/author\/pereolivier\/\"}]}<\/script>\n<!-- \/ Yoast SEO plugin. -->","yoast_head_json":{"title":"Parano\u00efa de Steven Soderbergh - Olivier P\u00e8re","robots":{"index":"index","follow":"follow","max-snippet":"max-snippet:-1","max-image-preview":"max-image-preview:large","max-video-preview":"max-video-preview:-1"},"canonical":"https:\/\/www.arte.tv\/sites\/olivierpere\/2018\/06\/18\/paranoia-de-steven-soderbergh\/","og_locale":"fr_FR","og_type":"article","og_title":"Parano\u00efa de Steven Soderbergh - Olivier P\u00e8re","og_description":"Une jeune femme, convaincue d\u2019\u00eatre harcel\u00e9e, est enferm\u00e9e contre son gr\u00e9 dans une institution psychiatrique. Alors m\u00eame qu\u2019elle tente de\u2026","og_url":"https:\/\/www.arte.tv\/sites\/olivierpere\/2018\/06\/18\/paranoia-de-steven-soderbergh\/","og_site_name":"Olivier P\u00e8re","article_published_time":"2018-06-18T19:17:47+00:00","og_image":[{"width":1200,"height":675,"url":"https:\/\/www.arte.tv\/sites\/olivierpere\/files\/featured_unsane-sodebergh.jpg","type":"image\/jpeg"}],"author":"Olivier P\u00e8re","twitter_misc":{"\u00c9crit par":"Olivier P\u00e8re","Dur\u00e9e de lecture estim\u00e9e":"3 minutes"},"schema":{"@context":"https:\/\/schema.org","@graph":[{"@type":"WebPage","@id":"https:\/\/www.arte.tv\/sites\/olivierpere\/2018\/06\/18\/paranoia-de-steven-soderbergh\/","url":"https:\/\/www.arte.tv\/sites\/olivierpere\/2018\/06\/18\/paranoia-de-steven-soderbergh\/","name":"Parano\u00efa de Steven Soderbergh - Olivier P\u00e8re","isPartOf":{"@id":"https:\/\/www.arte.tv\/sites\/olivierpere\/#website"},"datePublished":"2018-06-18T19:17:47+00:00","dateModified":"2018-06-18T19:17:47+00:00","author":{"@id":"https:\/\/www.arte.tv\/sites\/olivierpere\/#\/schema\/person\/dc32cd6c79be95e52d43b97a74182558"},"breadcrumb":{"@id":"https:\/\/www.arte.tv\/sites\/olivierpere\/2018\/06\/18\/paranoia-de-steven-soderbergh\/#breadcrumb"},"inLanguage":"fr-FR","potentialAction":[{"@type":"ReadAction","target":["https:\/\/www.arte.tv\/sites\/olivierpere\/2018\/06\/18\/paranoia-de-steven-soderbergh\/"]}]},{"@type":"BreadcrumbList","@id":"https:\/\/www.arte.tv\/sites\/olivierpere\/2018\/06\/18\/paranoia-de-steven-soderbergh\/#breadcrumb","itemListElement":[{"@type":"ListItem","position":1,"name":"Home","item":"https:\/\/www.arte.tv\/sites\/olivierpere\/"},{"@type":"ListItem","position":2,"name":"Parano\u00efa de Steven Soderbergh"}]},{"@type":"WebSite","@id":"https:\/\/www.arte.tv\/sites\/olivierpere\/#website","url":"https:\/\/www.arte.tv\/sites\/olivierpere\/","name":"Olivier P\u00e8re","description":"","potentialAction":[{"@type":"SearchAction","target":{"@type":"EntryPoint","urlTemplate":"https:\/\/www.arte.tv\/sites\/olivierpere\/?s={search_term_string}"},"query-input":"required name=search_term_string"}],"inLanguage":"fr-FR"},{"@type":"Person","@id":"https:\/\/www.arte.tv\/sites\/olivierpere\/#\/schema\/person\/dc32cd6c79be95e52d43b97a74182558","name":"Olivier P\u00e8re","image":{"@type":"ImageObject","inLanguage":"fr-FR","@id":"https:\/\/www.arte.tv\/sites\/olivierpere\/#\/schema\/person\/image\/","url":"https:\/\/secure.gravatar.com\/avatar\/bdea7b6a2c195e2c41772429a9694758?s=96&d=mm&r=g","contentUrl":"https:\/\/secure.gravatar.com\/avatar\/bdea7b6a2c195e2c41772429a9694758?s=96&d=mm&r=g","caption":"Olivier P\u00e8re"},"url":"https:\/\/www.arte.tv\/sites\/olivierpere\/author\/pereolivier\/"}]}},"_links":{"self":[{"href":"https:\/\/www.arte.tv\/sites\/olivierpere\/wp-json\/wp\/v2\/posts\/22348"}],"collection":[{"href":"https:\/\/www.arte.tv\/sites\/olivierpere\/wp-json\/wp\/v2\/posts"}],"about":[{"href":"https:\/\/www.arte.tv\/sites\/olivierpere\/wp-json\/wp\/v2\/types\/post"}],"author":[{"embeddable":true,"href":"https:\/\/www.arte.tv\/sites\/olivierpere\/wp-json\/wp\/v2\/users\/116"}],"replies":[{"embeddable":true,"href":"https:\/\/www.arte.tv\/sites\/olivierpere\/wp-json\/wp\/v2\/comments?post=22348"}],"version-history":[{"count":1,"href":"https:\/\/www.arte.tv\/sites\/olivierpere\/wp-json\/wp\/v2\/posts\/22348\/revisions"}],"predecessor-version":[{"id":22350,"href":"https:\/\/www.arte.tv\/sites\/olivierpere\/wp-json\/wp\/v2\/posts\/22348\/revisions\/22350"}],"wp:featuredmedia":[{"embeddable":true,"href":"https:\/\/www.arte.tv\/sites\/olivierpere\/wp-json\/wp\/v2\/media\/22349"}],"wp:attachment":[{"href":"https:\/\/www.arte.tv\/sites\/olivierpere\/wp-json\/wp\/v2\/media?parent=22348"}],"wp:term":[{"taxonomy":"category","embeddable":true,"href":"https:\/\/www.arte.tv\/sites\/olivierpere\/wp-json\/wp\/v2\/categories?post=22348"},{"taxonomy":"post_tag","embeddable":true,"href":"https:\/\/www.arte.tv\/sites\/olivierpere\/wp-json\/wp\/v2\/tags?post=22348"}],"curies":[{"name":"wp","href":"https:\/\/api.w.org\/{rel}","templated":true}]}}