{"id":22298,"date":"2018-05-28T18:28:58","date_gmt":"2018-05-28T17:28:58","guid":{"rendered":"https:\/\/www.arte.tv\/sites\/olivierpere\/?p=22298"},"modified":"2020-03-28T11:17:59","modified_gmt":"2020-03-28T10:17:59","slug":"adieu-poulet-de-pierre-granier-deferre","status":"publish","type":"post","link":"https:\/\/www.arte.tv\/sites\/olivierpere\/2018\/05\/28\/adieu-poulet-de-pierre-granier-deferre\/","title":{"rendered":"Adieu poulet de Pierre Granier-Deferre"},"content":{"rendered":"<p><strong>ARTE diffuse <em>Adieu poulet<\/em> dimanche 10 juin \u00e0 20h50. Pierre Granier-Deferre n\u2019avait pas la r\u00e9putation d\u2019\u00eatre un rigolo (ses adaptations de Simenon en t\u00e9moignent), il a pourtant sign\u00e9 avec <em>Adieu poulet<\/em> l\u2019une des meilleures com\u00e9dies polici\u00e8res fran\u00e7aises, grand succ\u00e8s populaire des ann\u00e9es 70. Si Granier-Deferre pr\u00eate tout son savoir-faire au projet, la r\u00e9ussite du film incombe aussi \u2013 et surtout \u2013 au sc\u00e9nariste Francis Veber qui met sa verve au service de la r\u00e9union de deux g\u00e9n\u00e9rations d\u2019acteurs, Lino Ventura et Patrick Dewaere, flics en butte \u00e0 l\u2019hostilit\u00e9 de leurs sup\u00e9rieurs et d\u2019un politicien conservateur, dans la bonne ville de Rouen. Veber et Granier-Deferre croquent avec un humour sarcastique l\u2019ambiance d\u2019une ville de province pendant une campagne \u00e9lectorale, avec son lot de magouilles, de pressions politiques et de coalition louche entre les truands et les notables locaux. Ventura et Dewaere jouent avec d\u00e9lectation les emp\u00eacheurs de tourner en rond, le premier dans son r\u00f4le habituel de force bourrue et inflexible, le second en chien fou gouailleur et cynique. Le duo fonctionne et propose deux facettes de l\u2019id\u00e9alisme et de l\u2019anarchisme au milieu de l\u2019hypocrisie, de la l\u00e2chet\u00e9 et de la corruption g\u00e9n\u00e9ralis\u00e9es. Le commissaire Vergeat (Ventura) croit encore en certaines valeurs qu\u2019il ne partage plus avec personne, tandis que l\u2019inspecteur Lef\u00e8vre (Dewaere), plus jeune, ne se fait aucune illusion sur les chances de voir triompher l\u2019honn\u00eatet\u00e9 et la justice. Vergeat, assist\u00e9 de Lef\u00e8vre, va transformer la traque de l\u2019assassin de l\u2019un de ses hommes et d\u2019un colleur d\u2019affiches en baroud d\u2019honneur, ultime occasion de tourner en ridicule les imb\u00e9ciles et les pourris qui contr\u00f4lent la ville. <em>Adieu poulet<\/em> poss\u00e8de l\u2019avantage de se prendre moins au s\u00e9rieux que les br\u00fblots de d\u00e9nonciation politique et sociale qui fleurissaient sur les \u00e9crans \u00e0 la m\u00eame p\u00e9riode. Le m\u00e9lange entre polar muscl\u00e9, r\u00e9pliques cinglantes et notations humoristiques sur les bassesses humaines est bien \u00e9quilibr\u00e9. Les seconds r\u00f4les pittoresques (Zardi, Attal\u2026) et la sympathique galerie d\u2019acteurs autour du duo de vedettes (Julien Guiomar, Victor Lanoux, Pierre Tornade, Claude Rich\u2026) rapprochent le film de certaines r\u00e9ussites de Mocky sur des sujets proches. <em>Adieu poulet<\/em> est aujourd\u2019hui un t\u00e9moignage savoureux de la France giscardienne \u2013 le portrait du pr\u00e9sident apparait \u00e0 plusieurs reprises. Le film reste un mod\u00e8le de production commerciale destin\u00e9e au grand public capable malgr\u00e9 tout de distiller une bonne dose d\u2019irr\u00e9v\u00e9rence et de mauvais esprit. Les dialogues de Veber sont c\u00e9l\u00e8bres \u00e0 juste titre et Ventura et Dewaere tout simplement formidables.<\/strong><\/p>\n<p>&nbsp;<\/p>\n<p><strong><em>Adieu poulet<\/em> vient d\u2019\u00eatre r\u00e9\u00e9dit\u00e9 dans une collection prestige en combo DVD et blu-ray, dans une version restaur\u00e9e en 4K, chez TF1 studio.<\/strong><\/p>\n<p>&nbsp;<\/p>\n<p>&nbsp;<\/p>\n","protected":false},"excerpt":{"rendered":"<p>ARTE diffuse Adieu poulet dimanche 10 juin \u00e0 20h50. Pierre Granier-Deferre n\u2019avait pas la r\u00e9putation d\u2019\u00eatre un rigolo (ses adaptations\u2026<\/p>\n","protected":false},"author":116,"featured_media":0,"comment_status":"open","ping_status":"open","sticky":false,"template":"","format":"standard","meta":[],"categories":[9,8],"tags":[],"yoast_head":"<!-- This site is optimized with the Yoast SEO plugin v20.8 - https:\/\/yoast.com\/wordpress\/plugins\/seo\/ -->\n<title>Adieu poulet de Pierre Granier-Deferre - Olivier P\u00e8re<\/title>\n<meta name=\"robots\" content=\"index, follow, max-snippet:-1, max-image-preview:large, max-video-preview:-1\" \/>\n<link rel=\"canonical\" href=\"https:\/\/www.arte.tv\/sites\/olivierpere\/2018\/05\/28\/adieu-poulet-de-pierre-granier-deferre\/\" \/>\n<meta property=\"og:locale\" content=\"fr_FR\" \/>\n<meta property=\"og:type\" content=\"article\" \/>\n<meta property=\"og:title\" content=\"Adieu poulet de Pierre Granier-Deferre - Olivier P\u00e8re\" \/>\n<meta property=\"og:description\" content=\"ARTE diffuse Adieu poulet dimanche 10 juin \u00e0 20h50. Pierre Granier-Deferre n\u2019avait pas la r\u00e9putation d\u2019\u00eatre un rigolo (ses adaptations\u2026\" \/>\n<meta property=\"og:url\" content=\"https:\/\/www.arte.tv\/sites\/olivierpere\/2018\/05\/28\/adieu-poulet-de-pierre-granier-deferre\/\" \/>\n<meta property=\"og:site_name\" content=\"Olivier P\u00e8re\" \/>\n<meta property=\"article:published_time\" content=\"2018-05-28T17:28:58+00:00\" \/>\n<meta property=\"article:modified_time\" content=\"2020-03-28T10:17:59+00:00\" \/>\n<meta name=\"author\" content=\"Olivier P\u00e8re\" \/>\n<meta name=\"twitter:label1\" content=\"\u00c9crit par\" \/>\n\t<meta name=\"twitter:data1\" content=\"Olivier P\u00e8re\" \/>\n\t<meta name=\"twitter:label2\" content=\"Dur\u00e9e de lecture estim\u00e9e\" \/>\n\t<meta name=\"twitter:data2\" content=\"2 minutes\" \/>\n<script type=\"application\/ld+json\" class=\"yoast-schema-graph\">{\"@context\":\"https:\/\/schema.org\",\"@graph\":[{\"@type\":\"WebPage\",\"@id\":\"https:\/\/www.arte.tv\/sites\/olivierpere\/2018\/05\/28\/adieu-poulet-de-pierre-granier-deferre\/\",\"url\":\"https:\/\/www.arte.tv\/sites\/olivierpere\/2018\/05\/28\/adieu-poulet-de-pierre-granier-deferre\/\",\"name\":\"Adieu poulet de Pierre Granier-Deferre - Olivier P\u00e8re\",\"isPartOf\":{\"@id\":\"https:\/\/www.arte.tv\/sites\/olivierpere\/#website\"},\"datePublished\":\"2018-05-28T17:28:58+00:00\",\"dateModified\":\"2020-03-28T10:17:59+00:00\",\"author\":{\"@id\":\"https:\/\/www.arte.tv\/sites\/olivierpere\/#\/schema\/person\/dc32cd6c79be95e52d43b97a74182558\"},\"breadcrumb\":{\"@id\":\"https:\/\/www.arte.tv\/sites\/olivierpere\/2018\/05\/28\/adieu-poulet-de-pierre-granier-deferre\/#breadcrumb\"},\"inLanguage\":\"fr-FR\",\"potentialAction\":[{\"@type\":\"ReadAction\",\"target\":[\"https:\/\/www.arte.tv\/sites\/olivierpere\/2018\/05\/28\/adieu-poulet-de-pierre-granier-deferre\/\"]}]},{\"@type\":\"BreadcrumbList\",\"@id\":\"https:\/\/www.arte.tv\/sites\/olivierpere\/2018\/05\/28\/adieu-poulet-de-pierre-granier-deferre\/#breadcrumb\",\"itemListElement\":[{\"@type\":\"ListItem\",\"position\":1,\"name\":\"Home\",\"item\":\"https:\/\/www.arte.tv\/sites\/olivierpere\/\"},{\"@type\":\"ListItem\",\"position\":2,\"name\":\"Adieu poulet de Pierre Granier-Deferre\"}]},{\"@type\":\"WebSite\",\"@id\":\"https:\/\/www.arte.tv\/sites\/olivierpere\/#website\",\"url\":\"https:\/\/www.arte.tv\/sites\/olivierpere\/\",\"name\":\"Olivier P\u00e8re\",\"description\":\"\",\"potentialAction\":[{\"@type\":\"SearchAction\",\"target\":{\"@type\":\"EntryPoint\",\"urlTemplate\":\"https:\/\/www.arte.tv\/sites\/olivierpere\/?s={search_term_string}\"},\"query-input\":\"required name=search_term_string\"}],\"inLanguage\":\"fr-FR\"},{\"@type\":\"Person\",\"@id\":\"https:\/\/www.arte.tv\/sites\/olivierpere\/#\/schema\/person\/dc32cd6c79be95e52d43b97a74182558\",\"name\":\"Olivier P\u00e8re\",\"image\":{\"@type\":\"ImageObject\",\"inLanguage\":\"fr-FR\",\"@id\":\"https:\/\/www.arte.tv\/sites\/olivierpere\/#\/schema\/person\/image\/\",\"url\":\"https:\/\/secure.gravatar.com\/avatar\/bdea7b6a2c195e2c41772429a9694758?s=96&d=mm&r=g\",\"contentUrl\":\"https:\/\/secure.gravatar.com\/avatar\/bdea7b6a2c195e2c41772429a9694758?s=96&d=mm&r=g\",\"caption\":\"Olivier P\u00e8re\"},\"url\":\"https:\/\/www.arte.tv\/sites\/olivierpere\/author\/pereolivier\/\"}]}<\/script>\n<!-- \/ Yoast SEO plugin. -->","yoast_head_json":{"title":"Adieu poulet de Pierre Granier-Deferre - Olivier P\u00e8re","robots":{"index":"index","follow":"follow","max-snippet":"max-snippet:-1","max-image-preview":"max-image-preview:large","max-video-preview":"max-video-preview:-1"},"canonical":"https:\/\/www.arte.tv\/sites\/olivierpere\/2018\/05\/28\/adieu-poulet-de-pierre-granier-deferre\/","og_locale":"fr_FR","og_type":"article","og_title":"Adieu poulet de Pierre Granier-Deferre - Olivier P\u00e8re","og_description":"ARTE diffuse Adieu poulet dimanche 10 juin \u00e0 20h50. Pierre Granier-Deferre n\u2019avait pas la r\u00e9putation d\u2019\u00eatre un rigolo (ses adaptations\u2026","og_url":"https:\/\/www.arte.tv\/sites\/olivierpere\/2018\/05\/28\/adieu-poulet-de-pierre-granier-deferre\/","og_site_name":"Olivier P\u00e8re","article_published_time":"2018-05-28T17:28:58+00:00","article_modified_time":"2020-03-28T10:17:59+00:00","author":"Olivier P\u00e8re","twitter_misc":{"\u00c9crit par":"Olivier P\u00e8re","Dur\u00e9e de lecture estim\u00e9e":"2 minutes"},"schema":{"@context":"https:\/\/schema.org","@graph":[{"@type":"WebPage","@id":"https:\/\/www.arte.tv\/sites\/olivierpere\/2018\/05\/28\/adieu-poulet-de-pierre-granier-deferre\/","url":"https:\/\/www.arte.tv\/sites\/olivierpere\/2018\/05\/28\/adieu-poulet-de-pierre-granier-deferre\/","name":"Adieu poulet de Pierre Granier-Deferre - Olivier P\u00e8re","isPartOf":{"@id":"https:\/\/www.arte.tv\/sites\/olivierpere\/#website"},"datePublished":"2018-05-28T17:28:58+00:00","dateModified":"2020-03-28T10:17:59+00:00","author":{"@id":"https:\/\/www.arte.tv\/sites\/olivierpere\/#\/schema\/person\/dc32cd6c79be95e52d43b97a74182558"},"breadcrumb":{"@id":"https:\/\/www.arte.tv\/sites\/olivierpere\/2018\/05\/28\/adieu-poulet-de-pierre-granier-deferre\/#breadcrumb"},"inLanguage":"fr-FR","potentialAction":[{"@type":"ReadAction","target":["https:\/\/www.arte.tv\/sites\/olivierpere\/2018\/05\/28\/adieu-poulet-de-pierre-granier-deferre\/"]}]},{"@type":"BreadcrumbList","@id":"https:\/\/www.arte.tv\/sites\/olivierpere\/2018\/05\/28\/adieu-poulet-de-pierre-granier-deferre\/#breadcrumb","itemListElement":[{"@type":"ListItem","position":1,"name":"Home","item":"https:\/\/www.arte.tv\/sites\/olivierpere\/"},{"@type":"ListItem","position":2,"name":"Adieu poulet de Pierre Granier-Deferre"}]},{"@type":"WebSite","@id":"https:\/\/www.arte.tv\/sites\/olivierpere\/#website","url":"https:\/\/www.arte.tv\/sites\/olivierpere\/","name":"Olivier P\u00e8re","description":"","potentialAction":[{"@type":"SearchAction","target":{"@type":"EntryPoint","urlTemplate":"https:\/\/www.arte.tv\/sites\/olivierpere\/?s={search_term_string}"},"query-input":"required name=search_term_string"}],"inLanguage":"fr-FR"},{"@type":"Person","@id":"https:\/\/www.arte.tv\/sites\/olivierpere\/#\/schema\/person\/dc32cd6c79be95e52d43b97a74182558","name":"Olivier P\u00e8re","image":{"@type":"ImageObject","inLanguage":"fr-FR","@id":"https:\/\/www.arte.tv\/sites\/olivierpere\/#\/schema\/person\/image\/","url":"https:\/\/secure.gravatar.com\/avatar\/bdea7b6a2c195e2c41772429a9694758?s=96&d=mm&r=g","contentUrl":"https:\/\/secure.gravatar.com\/avatar\/bdea7b6a2c195e2c41772429a9694758?s=96&d=mm&r=g","caption":"Olivier P\u00e8re"},"url":"https:\/\/www.arte.tv\/sites\/olivierpere\/author\/pereolivier\/"}]}},"_links":{"self":[{"href":"https:\/\/www.arte.tv\/sites\/olivierpere\/wp-json\/wp\/v2\/posts\/22298"}],"collection":[{"href":"https:\/\/www.arte.tv\/sites\/olivierpere\/wp-json\/wp\/v2\/posts"}],"about":[{"href":"https:\/\/www.arte.tv\/sites\/olivierpere\/wp-json\/wp\/v2\/types\/post"}],"author":[{"embeddable":true,"href":"https:\/\/www.arte.tv\/sites\/olivierpere\/wp-json\/wp\/v2\/users\/116"}],"replies":[{"embeddable":true,"href":"https:\/\/www.arte.tv\/sites\/olivierpere\/wp-json\/wp\/v2\/comments?post=22298"}],"version-history":[{"count":3,"href":"https:\/\/www.arte.tv\/sites\/olivierpere\/wp-json\/wp\/v2\/posts\/22298\/revisions"}],"predecessor-version":[{"id":24566,"href":"https:\/\/www.arte.tv\/sites\/olivierpere\/wp-json\/wp\/v2\/posts\/22298\/revisions\/24566"}],"wp:attachment":[{"href":"https:\/\/www.arte.tv\/sites\/olivierpere\/wp-json\/wp\/v2\/media?parent=22298"}],"wp:term":[{"taxonomy":"category","embeddable":true,"href":"https:\/\/www.arte.tv\/sites\/olivierpere\/wp-json\/wp\/v2\/categories?post=22298"},{"taxonomy":"post_tag","embeddable":true,"href":"https:\/\/www.arte.tv\/sites\/olivierpere\/wp-json\/wp\/v2\/tags?post=22298"}],"curies":[{"name":"wp","href":"https:\/\/api.w.org\/{rel}","templated":true}]}}