{"id":22289,"date":"2018-05-26T08:31:15","date_gmt":"2018-05-26T07:31:15","guid":{"rendered":"https:\/\/www.arte.tv\/sites\/olivierpere\/?p=22289"},"modified":"2020-04-08T16:34:00","modified_gmt":"2020-04-08T15:34:00","slug":"homme-a-abattre-de-philippe-condroyer","status":"publish","type":"post","link":"https:\/\/www.arte.tv\/sites\/olivierpere\/2018\/05\/26\/homme-a-abattre-de-philippe-condroyer\/","title":{"rendered":"Un homme \u00e0 abattre de Philippe Condroyer"},"content":{"rendered":"<p><strong>Cette nouvelle \u00e9dition blu-ray (chez Gaumont) permet de red\u00e9couvrir un long m\u00e9trage disparu des radars depuis sa sortie en 1967, qui se solda par un \u00e9chec public. <em>Un homme \u00e0 abattre<\/em> de Philippe Condroyer est un film \u00e9trange qui \u00e9chappe aux codes du polar ou de l\u2019espionnage, m\u00eame s\u2019il s\u2019apparente, par son histoire, \u00e0 un thriller politique. Le film s\u2019emploie \u00e0 d\u00e9crire la traque par un myst\u00e9rieux groupe d\u2019hommes d\u2019un criminel de guerre nazi r\u00e9fugi\u00e9 \u00e0 Barcelone sous une fausse identit\u00e9. Une fois rep\u00e9r\u00e9 dans la capitale catalane, l\u2019ancien officier SS fait l\u2019objet d\u2019une surveillance minutieuse et discr\u00e8te. On comprend vite que le dessein de ces espions est la vengeance, avec le projet de l\u2019ex\u00e9cuter sans autre forme de jugement. En attendant, le d\u00e9but du film pourrait s\u2019intituler \u00ab\u00a0identification d\u2019un homme\u00a0\u00bb, avec la description m\u00e9ticuleuse d\u2019une journ\u00e9e mod\u00e8le et les moindres faits et gestes quotidiens d\u2019un homme seul et sans histoires dans un immeuble moderne. C\u2019est la partie la plus fascinante, entre Georges Perec et <em>Conversation secr\u00e8te<\/em> de Coppola, o\u00f9 des voyeurs embusqu\u00e9s enregistrent les moindres d\u00e9tails de leur sujet d\u2019observation, sans qu\u2019aucune trace de son pass\u00e9 criminel ne ressurgisse de la banalit\u00e9 de son existence. Ensuite le film organise la pr\u00e9paration puis l\u2019\u00e9chec lamentable de la tentative d\u2019assassinat de l\u2019ex nazi, entrain\u00e9 dans un guet-apens. Le style comportementaliste et glac\u00e9 du film de Condroyer \u00e9voque le cin\u00e9ma de Bresson et de ses h\u00e9ritiers. Davantage qu\u2019\u00e0 Melville, c\u2019est aux premiers films d\u2019Alain Cavalier qu\u2019on pense, avec ce m\u00e9lange de stylisation abstraite \u2013 on ne reconna\u00eet rien de Barcelone dans les rues et les foules anonymes des plans de ville \u2013 de distanciation, de dandysme et de f\u00e9tichisme. Toujours \u00e0 l\u2019aise dans les ambiances troubles, Trintignant incarne \u00e0 la perfection un agent cynique, comme frapp\u00e9 de frigidit\u00e9 \u00e9motionnelle. On ne sait pas grand chose du discret Philippe Condroyer (1927-2017) qui avait d\u00e9but\u00e9 sa carri\u00e8re cin\u00e9matographique avec une adaptation live d\u2019Herg\u00e9 \u2013 <em>Tintin et les oranges bleues<\/em> et qui l\u2019a conclu avec <em>La Coupe \u00e0 dix francs<\/em>, \u00e9tude sociologique sur la jeunesse ouvri\u00e8re dans la France des ann\u00e9es 70, avant de r\u00e9aliser des films pour la t\u00e9l\u00e9vision. Entre ce grand \u00e9cart un seul film, hautement atypique, <em>Un homme \u00e0 abattre<\/em>, polar conceptuel qui annonce avec dix ans d\u2019avance certains thrillers m\u00e9taphysiques am\u00e9ricains et italiens, o\u00f9 les enqu\u00eates politiques ou polici\u00e8res se doublaient d\u2019une r\u00e9flexion sur la manipulation des images et le m\u00e9dium cin\u00e9matographique. Seul b\u00e9mol, l\u2019introduction d\u2019un personnage f\u00e9minin improbable \u2013 une voisine avec laquelle Trintignant a une liaison &#8211; assez hors sujet, qui vient momentan\u00e9ment rompre la formidable et inqui\u00e9tante tension qui porte le film de son g\u00e9n\u00e9rique de d\u00e9but \u00e0 sa derni\u00e8re s\u00e9quence.<\/strong><\/p>\n","protected":false},"excerpt":{"rendered":"<p>Cette nouvelle \u00e9dition blu-ray (chez Gaumont) permet de red\u00e9couvrir un long m\u00e9trage disparu des radars depuis sa sortie en 1967,\u2026<\/p>\n","protected":false},"author":116,"featured_media":0,"comment_status":"open","ping_status":"open","sticky":false,"template":"","format":"standard","meta":[],"categories":[9],"tags":[],"yoast_head":"<!-- This site is optimized with the Yoast SEO plugin v20.8 - https:\/\/yoast.com\/wordpress\/plugins\/seo\/ -->\n<title>Un homme \u00e0 abattre de Philippe Condroyer - Olivier P\u00e8re<\/title>\n<meta name=\"robots\" content=\"index, follow, max-snippet:-1, max-image-preview:large, max-video-preview:-1\" \/>\n<link rel=\"canonical\" href=\"https:\/\/www.arte.tv\/sites\/olivierpere\/2018\/05\/26\/homme-a-abattre-de-philippe-condroyer\/\" \/>\n<meta property=\"og:locale\" content=\"fr_FR\" \/>\n<meta property=\"og:type\" content=\"article\" \/>\n<meta property=\"og:title\" content=\"Un homme \u00e0 abattre de Philippe Condroyer - Olivier P\u00e8re\" \/>\n<meta property=\"og:description\" content=\"Cette nouvelle \u00e9dition blu-ray (chez Gaumont) permet de red\u00e9couvrir un long m\u00e9trage disparu des radars depuis sa sortie en 1967,\u2026\" \/>\n<meta property=\"og:url\" content=\"https:\/\/www.arte.tv\/sites\/olivierpere\/2018\/05\/26\/homme-a-abattre-de-philippe-condroyer\/\" \/>\n<meta property=\"og:site_name\" content=\"Olivier P\u00e8re\" \/>\n<meta property=\"article:published_time\" content=\"2018-05-26T07:31:15+00:00\" \/>\n<meta property=\"article:modified_time\" content=\"2020-04-08T15:34:00+00:00\" \/>\n<meta name=\"author\" content=\"Olivier P\u00e8re\" \/>\n<meta name=\"twitter:label1\" content=\"\u00c9crit par\" \/>\n\t<meta name=\"twitter:data1\" content=\"Olivier P\u00e8re\" \/>\n\t<meta name=\"twitter:label2\" content=\"Dur\u00e9e de lecture estim\u00e9e\" \/>\n\t<meta name=\"twitter:data2\" content=\"3 minutes\" \/>\n<script type=\"application\/ld+json\" class=\"yoast-schema-graph\">{\"@context\":\"https:\/\/schema.org\",\"@graph\":[{\"@type\":\"WebPage\",\"@id\":\"https:\/\/www.arte.tv\/sites\/olivierpere\/2018\/05\/26\/homme-a-abattre-de-philippe-condroyer\/\",\"url\":\"https:\/\/www.arte.tv\/sites\/olivierpere\/2018\/05\/26\/homme-a-abattre-de-philippe-condroyer\/\",\"name\":\"Un homme \u00e0 abattre de Philippe Condroyer - Olivier P\u00e8re\",\"isPartOf\":{\"@id\":\"https:\/\/www.arte.tv\/sites\/olivierpere\/#website\"},\"datePublished\":\"2018-05-26T07:31:15+00:00\",\"dateModified\":\"2020-04-08T15:34:00+00:00\",\"author\":{\"@id\":\"https:\/\/www.arte.tv\/sites\/olivierpere\/#\/schema\/person\/dc32cd6c79be95e52d43b97a74182558\"},\"breadcrumb\":{\"@id\":\"https:\/\/www.arte.tv\/sites\/olivierpere\/2018\/05\/26\/homme-a-abattre-de-philippe-condroyer\/#breadcrumb\"},\"inLanguage\":\"fr-FR\",\"potentialAction\":[{\"@type\":\"ReadAction\",\"target\":[\"https:\/\/www.arte.tv\/sites\/olivierpere\/2018\/05\/26\/homme-a-abattre-de-philippe-condroyer\/\"]}]},{\"@type\":\"BreadcrumbList\",\"@id\":\"https:\/\/www.arte.tv\/sites\/olivierpere\/2018\/05\/26\/homme-a-abattre-de-philippe-condroyer\/#breadcrumb\",\"itemListElement\":[{\"@type\":\"ListItem\",\"position\":1,\"name\":\"Home\",\"item\":\"https:\/\/www.arte.tv\/sites\/olivierpere\/\"},{\"@type\":\"ListItem\",\"position\":2,\"name\":\"Un homme \u00e0 abattre de Philippe Condroyer\"}]},{\"@type\":\"WebSite\",\"@id\":\"https:\/\/www.arte.tv\/sites\/olivierpere\/#website\",\"url\":\"https:\/\/www.arte.tv\/sites\/olivierpere\/\",\"name\":\"Olivier P\u00e8re\",\"description\":\"\",\"potentialAction\":[{\"@type\":\"SearchAction\",\"target\":{\"@type\":\"EntryPoint\",\"urlTemplate\":\"https:\/\/www.arte.tv\/sites\/olivierpere\/?s={search_term_string}\"},\"query-input\":\"required name=search_term_string\"}],\"inLanguage\":\"fr-FR\"},{\"@type\":\"Person\",\"@id\":\"https:\/\/www.arte.tv\/sites\/olivierpere\/#\/schema\/person\/dc32cd6c79be95e52d43b97a74182558\",\"name\":\"Olivier P\u00e8re\",\"image\":{\"@type\":\"ImageObject\",\"inLanguage\":\"fr-FR\",\"@id\":\"https:\/\/www.arte.tv\/sites\/olivierpere\/#\/schema\/person\/image\/\",\"url\":\"https:\/\/secure.gravatar.com\/avatar\/bdea7b6a2c195e2c41772429a9694758?s=96&d=mm&r=g\",\"contentUrl\":\"https:\/\/secure.gravatar.com\/avatar\/bdea7b6a2c195e2c41772429a9694758?s=96&d=mm&r=g\",\"caption\":\"Olivier P\u00e8re\"},\"url\":\"https:\/\/www.arte.tv\/sites\/olivierpere\/author\/pereolivier\/\"}]}<\/script>\n<!-- \/ Yoast SEO plugin. -->","yoast_head_json":{"title":"Un homme \u00e0 abattre de Philippe Condroyer - Olivier P\u00e8re","robots":{"index":"index","follow":"follow","max-snippet":"max-snippet:-1","max-image-preview":"max-image-preview:large","max-video-preview":"max-video-preview:-1"},"canonical":"https:\/\/www.arte.tv\/sites\/olivierpere\/2018\/05\/26\/homme-a-abattre-de-philippe-condroyer\/","og_locale":"fr_FR","og_type":"article","og_title":"Un homme \u00e0 abattre de Philippe Condroyer - Olivier P\u00e8re","og_description":"Cette nouvelle \u00e9dition blu-ray (chez Gaumont) permet de red\u00e9couvrir un long m\u00e9trage disparu des radars depuis sa sortie en 1967,\u2026","og_url":"https:\/\/www.arte.tv\/sites\/olivierpere\/2018\/05\/26\/homme-a-abattre-de-philippe-condroyer\/","og_site_name":"Olivier P\u00e8re","article_published_time":"2018-05-26T07:31:15+00:00","article_modified_time":"2020-04-08T15:34:00+00:00","author":"Olivier P\u00e8re","twitter_misc":{"\u00c9crit par":"Olivier P\u00e8re","Dur\u00e9e de lecture estim\u00e9e":"3 minutes"},"schema":{"@context":"https:\/\/schema.org","@graph":[{"@type":"WebPage","@id":"https:\/\/www.arte.tv\/sites\/olivierpere\/2018\/05\/26\/homme-a-abattre-de-philippe-condroyer\/","url":"https:\/\/www.arte.tv\/sites\/olivierpere\/2018\/05\/26\/homme-a-abattre-de-philippe-condroyer\/","name":"Un homme \u00e0 abattre de Philippe Condroyer - Olivier P\u00e8re","isPartOf":{"@id":"https:\/\/www.arte.tv\/sites\/olivierpere\/#website"},"datePublished":"2018-05-26T07:31:15+00:00","dateModified":"2020-04-08T15:34:00+00:00","author":{"@id":"https:\/\/www.arte.tv\/sites\/olivierpere\/#\/schema\/person\/dc32cd6c79be95e52d43b97a74182558"},"breadcrumb":{"@id":"https:\/\/www.arte.tv\/sites\/olivierpere\/2018\/05\/26\/homme-a-abattre-de-philippe-condroyer\/#breadcrumb"},"inLanguage":"fr-FR","potentialAction":[{"@type":"ReadAction","target":["https:\/\/www.arte.tv\/sites\/olivierpere\/2018\/05\/26\/homme-a-abattre-de-philippe-condroyer\/"]}]},{"@type":"BreadcrumbList","@id":"https:\/\/www.arte.tv\/sites\/olivierpere\/2018\/05\/26\/homme-a-abattre-de-philippe-condroyer\/#breadcrumb","itemListElement":[{"@type":"ListItem","position":1,"name":"Home","item":"https:\/\/www.arte.tv\/sites\/olivierpere\/"},{"@type":"ListItem","position":2,"name":"Un homme \u00e0 abattre de Philippe Condroyer"}]},{"@type":"WebSite","@id":"https:\/\/www.arte.tv\/sites\/olivierpere\/#website","url":"https:\/\/www.arte.tv\/sites\/olivierpere\/","name":"Olivier P\u00e8re","description":"","potentialAction":[{"@type":"SearchAction","target":{"@type":"EntryPoint","urlTemplate":"https:\/\/www.arte.tv\/sites\/olivierpere\/?s={search_term_string}"},"query-input":"required name=search_term_string"}],"inLanguage":"fr-FR"},{"@type":"Person","@id":"https:\/\/www.arte.tv\/sites\/olivierpere\/#\/schema\/person\/dc32cd6c79be95e52d43b97a74182558","name":"Olivier P\u00e8re","image":{"@type":"ImageObject","inLanguage":"fr-FR","@id":"https:\/\/www.arte.tv\/sites\/olivierpere\/#\/schema\/person\/image\/","url":"https:\/\/secure.gravatar.com\/avatar\/bdea7b6a2c195e2c41772429a9694758?s=96&d=mm&r=g","contentUrl":"https:\/\/secure.gravatar.com\/avatar\/bdea7b6a2c195e2c41772429a9694758?s=96&d=mm&r=g","caption":"Olivier P\u00e8re"},"url":"https:\/\/www.arte.tv\/sites\/olivierpere\/author\/pereolivier\/"}]}},"_links":{"self":[{"href":"https:\/\/www.arte.tv\/sites\/olivierpere\/wp-json\/wp\/v2\/posts\/22289"}],"collection":[{"href":"https:\/\/www.arte.tv\/sites\/olivierpere\/wp-json\/wp\/v2\/posts"}],"about":[{"href":"https:\/\/www.arte.tv\/sites\/olivierpere\/wp-json\/wp\/v2\/types\/post"}],"author":[{"embeddable":true,"href":"https:\/\/www.arte.tv\/sites\/olivierpere\/wp-json\/wp\/v2\/users\/116"}],"replies":[{"embeddable":true,"href":"https:\/\/www.arte.tv\/sites\/olivierpere\/wp-json\/wp\/v2\/comments?post=22289"}],"version-history":[{"count":2,"href":"https:\/\/www.arte.tv\/sites\/olivierpere\/wp-json\/wp\/v2\/posts\/22289\/revisions"}],"predecessor-version":[{"id":25163,"href":"https:\/\/www.arte.tv\/sites\/olivierpere\/wp-json\/wp\/v2\/posts\/22289\/revisions\/25163"}],"wp:attachment":[{"href":"https:\/\/www.arte.tv\/sites\/olivierpere\/wp-json\/wp\/v2\/media?parent=22289"}],"wp:term":[{"taxonomy":"category","embeddable":true,"href":"https:\/\/www.arte.tv\/sites\/olivierpere\/wp-json\/wp\/v2\/categories?post=22289"},{"taxonomy":"post_tag","embeddable":true,"href":"https:\/\/www.arte.tv\/sites\/olivierpere\/wp-json\/wp\/v2\/tags?post=22289"}],"curies":[{"name":"wp","href":"https:\/\/api.w.org\/{rel}","templated":true}]}}