{"id":22278,"date":"2018-05-23T20:01:46","date_gmt":"2018-05-23T19:01:46","guid":{"rendered":"https:\/\/www.arte.tv\/sites\/olivierpere\/?p=22278"},"modified":"2020-04-08T16:34:25","modified_gmt":"2020-04-08T15:34:25","slug":"premier-de-cordee-de-louis-daquin","status":"publish","type":"post","link":"https:\/\/www.arte.tv\/sites\/olivierpere\/2018\/05\/23\/premier-de-cordee-de-louis-daquin\/","title":{"rendered":"Premier de cord\u00e9e de Louis Daquin"},"content":{"rendered":"<p><strong>Path\u00e9 nous permet de d\u00e9couvrir en blu-ray ce beau film de Louis Daquin, dans une version restaur\u00e9e qui rend hommage aux prises de vues de Philippe Agostini, talentueux directeur de la photographie qui \u00e9claira plusieurs chefs-d\u2019\u0153uvre du cin\u00e9ma fran\u00e7ais des ann\u00e9es 30, 40 et 50, sign\u00e9s Robert Bresson, Jean Gr\u00e9millon, Marcel Carn\u00e9, Max Ophuls ou Claude Autant-Lara. <em>Premier de cord\u00e9e <\/em>(1944) impressionne encore aujourd\u2019hui pour la beaut\u00e9 de ses images, condition de la r\u00e9ussite de tout film de montagne qui se respecte. Le g\u00e9n\u00e9rique certifie que l\u2019int\u00e9gralit\u00e9 du tournage se d\u00e9roula sur les lieux de l\u2019action, et que le film n\u2019a b\u00e9n\u00e9fici\u00e9 d\u2019aucun trucage pour relater les ascensions p\u00e9rilleuses montr\u00e9es \u00e0 l\u2019\u00e9cran. Il est n\u00e9anmoins possible que quelques plans de raccord aient \u00e9t\u00e9 tourn\u00e9s en studio, mais cela n\u2019enl\u00e8ve rien au m\u00e9rite des op\u00e9rateurs et de l\u2019\u00e9quipe de Louis Daquin. R\u00e9alis\u00e9 en \u00e9t\u00e9 43 dans le Massif du Mont-Blanc, <em>Premier de cord\u00e9e<\/em> est l\u2019adaptation du roman \u00e9ponyme de Roger Frison-Roche, paru en France l\u2019ann\u00e9e pr\u00e9c\u00e9dente. Le film comme le livre s\u2019int\u00e9ressent \u00e0 une famille d\u2019alpinistes \u00e0 Chamonix. Un conflit \u00e9clate entre le p\u00e8re et le fils au sujet de la vocation de ce dernier. Pierre Servettaz veut devenir guide de montagne mais son p\u00e8re, proche de la retraite, le met en garde contre les risques et les dangers d\u2019une telle profession. Apr\u00e8s une tentative de reconversion forc\u00e9e dans l\u2019h\u00f4tellerie, la passion des sommets sera la plus forte, et un \u00e9pisode dramatique permettra \u00e0 Pierre &#8211; en proie \u00e0 des vertiges depuis un accident de montagne &#8211; \u00e0 vaincre ses peurs et r\u00e9pondre \u00e0 l\u2019appel des cimes. Sans grande vedette mais interpr\u00e9t\u00e9s par de solides com\u00e9diens &#8211; et Daquin donne la part belle \u00e0 des seconds r\u00f4les pittoresques &#8211; <em>Premier de cord\u00e9e<\/em> parvient \u00e0 d\u00e9passer certaines conventions de sc\u00e9nario gr\u00e2ce au r\u00e9alisme et \u00e0 l\u2019originalit\u00e9 de son contexte, sans oublier plusieurs belles sc\u00e8nes spectaculaires, dans lesquelles Daquin renonce \u00e0 la moindre emphase dramatique, et aux artifices sonores ou musicaux. Louis Daquin a r\u00e9alis\u00e9 plusieurs longs m\u00e9trages pendant l\u2019Occupation, alors qu\u2019il \u00e9tait engag\u00e9 dans la R\u00e9sistance (comme Frison-Roche) avec le Parti Communiste Fran\u00e7ais. Plusieurs films ont vant\u00e9 sous le r\u00e9gime de Vichy le retour \u00e0 la terre, les valeurs familiales et les vertus de la vie au grand air. Ce pourrait \u00eatre le cas de <em>Premier de cord\u00e9e<\/em>, qui exalte le courage, la solidarit\u00e9 et le sacrifice de soi. Mais il est ais\u00e9 d\u2019y voir au contraire un hymne discret \u00e0 la r\u00e9sistance et \u00e0 la lutte contre toute forme d\u2019oppression et d\u2019entrave \u00e0 la libert\u00e9.<\/strong><\/p>\n<p>&nbsp;<\/p>\n<p><strong><em>Premier de cord\u00e9e<\/em> de Louis Daquin sortira en combo DVD\/Blu-ray le 13 juin 2018, \u00e9dit\u00e9 par Path\u00e9.<\/strong><\/p>\n<p>&nbsp;<\/p>\n<p>&nbsp;<\/p>\n","protected":false},"excerpt":{"rendered":"<p>Path\u00e9 nous permet de d\u00e9couvrir en blu-ray ce beau film de Louis Daquin, dans une version restaur\u00e9e qui rend hommage\u2026<\/p>\n","protected":false},"author":116,"featured_media":0,"comment_status":"open","ping_status":"open","sticky":false,"template":"","format":"standard","meta":[],"categories":[9],"tags":[],"yoast_head":"<!-- This site is optimized with the Yoast SEO plugin v20.8 - https:\/\/yoast.com\/wordpress\/plugins\/seo\/ -->\n<title>Premier de cord\u00e9e de Louis Daquin - Olivier P\u00e8re<\/title>\n<meta name=\"robots\" content=\"index, follow, max-snippet:-1, max-image-preview:large, max-video-preview:-1\" \/>\n<link rel=\"canonical\" href=\"https:\/\/www.arte.tv\/sites\/olivierpere\/2018\/05\/23\/premier-de-cordee-de-louis-daquin\/\" \/>\n<meta property=\"og:locale\" content=\"fr_FR\" \/>\n<meta property=\"og:type\" content=\"article\" \/>\n<meta property=\"og:title\" content=\"Premier de cord\u00e9e de Louis Daquin - Olivier P\u00e8re\" \/>\n<meta property=\"og:description\" content=\"Path\u00e9 nous permet de d\u00e9couvrir en blu-ray ce beau film de Louis Daquin, dans une version restaur\u00e9e qui rend hommage\u2026\" \/>\n<meta property=\"og:url\" content=\"https:\/\/www.arte.tv\/sites\/olivierpere\/2018\/05\/23\/premier-de-cordee-de-louis-daquin\/\" \/>\n<meta property=\"og:site_name\" content=\"Olivier P\u00e8re\" \/>\n<meta property=\"article:published_time\" content=\"2018-05-23T19:01:46+00:00\" \/>\n<meta property=\"article:modified_time\" content=\"2020-04-08T15:34:25+00:00\" \/>\n<meta name=\"author\" content=\"Olivier P\u00e8re\" \/>\n<meta name=\"twitter:label1\" content=\"\u00c9crit par\" \/>\n\t<meta name=\"twitter:data1\" content=\"Olivier P\u00e8re\" \/>\n\t<meta name=\"twitter:label2\" content=\"Dur\u00e9e de lecture estim\u00e9e\" \/>\n\t<meta name=\"twitter:data2\" content=\"2 minutes\" \/>\n<script type=\"application\/ld+json\" class=\"yoast-schema-graph\">{\"@context\":\"https:\/\/schema.org\",\"@graph\":[{\"@type\":\"WebPage\",\"@id\":\"https:\/\/www.arte.tv\/sites\/olivierpere\/2018\/05\/23\/premier-de-cordee-de-louis-daquin\/\",\"url\":\"https:\/\/www.arte.tv\/sites\/olivierpere\/2018\/05\/23\/premier-de-cordee-de-louis-daquin\/\",\"name\":\"Premier de cord\u00e9e de Louis Daquin - Olivier P\u00e8re\",\"isPartOf\":{\"@id\":\"https:\/\/www.arte.tv\/sites\/olivierpere\/#website\"},\"datePublished\":\"2018-05-23T19:01:46+00:00\",\"dateModified\":\"2020-04-08T15:34:25+00:00\",\"author\":{\"@id\":\"https:\/\/www.arte.tv\/sites\/olivierpere\/#\/schema\/person\/dc32cd6c79be95e52d43b97a74182558\"},\"breadcrumb\":{\"@id\":\"https:\/\/www.arte.tv\/sites\/olivierpere\/2018\/05\/23\/premier-de-cordee-de-louis-daquin\/#breadcrumb\"},\"inLanguage\":\"fr-FR\",\"potentialAction\":[{\"@type\":\"ReadAction\",\"target\":[\"https:\/\/www.arte.tv\/sites\/olivierpere\/2018\/05\/23\/premier-de-cordee-de-louis-daquin\/\"]}]},{\"@type\":\"BreadcrumbList\",\"@id\":\"https:\/\/www.arte.tv\/sites\/olivierpere\/2018\/05\/23\/premier-de-cordee-de-louis-daquin\/#breadcrumb\",\"itemListElement\":[{\"@type\":\"ListItem\",\"position\":1,\"name\":\"Home\",\"item\":\"https:\/\/www.arte.tv\/sites\/olivierpere\/\"},{\"@type\":\"ListItem\",\"position\":2,\"name\":\"Premier de cord\u00e9e de Louis Daquin\"}]},{\"@type\":\"WebSite\",\"@id\":\"https:\/\/www.arte.tv\/sites\/olivierpere\/#website\",\"url\":\"https:\/\/www.arte.tv\/sites\/olivierpere\/\",\"name\":\"Olivier P\u00e8re\",\"description\":\"\",\"potentialAction\":[{\"@type\":\"SearchAction\",\"target\":{\"@type\":\"EntryPoint\",\"urlTemplate\":\"https:\/\/www.arte.tv\/sites\/olivierpere\/?s={search_term_string}\"},\"query-input\":\"required name=search_term_string\"}],\"inLanguage\":\"fr-FR\"},{\"@type\":\"Person\",\"@id\":\"https:\/\/www.arte.tv\/sites\/olivierpere\/#\/schema\/person\/dc32cd6c79be95e52d43b97a74182558\",\"name\":\"Olivier P\u00e8re\",\"image\":{\"@type\":\"ImageObject\",\"inLanguage\":\"fr-FR\",\"@id\":\"https:\/\/www.arte.tv\/sites\/olivierpere\/#\/schema\/person\/image\/\",\"url\":\"https:\/\/secure.gravatar.com\/avatar\/bdea7b6a2c195e2c41772429a9694758?s=96&d=mm&r=g\",\"contentUrl\":\"https:\/\/secure.gravatar.com\/avatar\/bdea7b6a2c195e2c41772429a9694758?s=96&d=mm&r=g\",\"caption\":\"Olivier P\u00e8re\"},\"url\":\"https:\/\/www.arte.tv\/sites\/olivierpere\/author\/pereolivier\/\"}]}<\/script>\n<!-- \/ Yoast SEO plugin. -->","yoast_head_json":{"title":"Premier de cord\u00e9e de Louis Daquin - Olivier P\u00e8re","robots":{"index":"index","follow":"follow","max-snippet":"max-snippet:-1","max-image-preview":"max-image-preview:large","max-video-preview":"max-video-preview:-1"},"canonical":"https:\/\/www.arte.tv\/sites\/olivierpere\/2018\/05\/23\/premier-de-cordee-de-louis-daquin\/","og_locale":"fr_FR","og_type":"article","og_title":"Premier de cord\u00e9e de Louis Daquin - Olivier P\u00e8re","og_description":"Path\u00e9 nous permet de d\u00e9couvrir en blu-ray ce beau film de Louis Daquin, dans une version restaur\u00e9e qui rend hommage\u2026","og_url":"https:\/\/www.arte.tv\/sites\/olivierpere\/2018\/05\/23\/premier-de-cordee-de-louis-daquin\/","og_site_name":"Olivier P\u00e8re","article_published_time":"2018-05-23T19:01:46+00:00","article_modified_time":"2020-04-08T15:34:25+00:00","author":"Olivier P\u00e8re","twitter_misc":{"\u00c9crit par":"Olivier P\u00e8re","Dur\u00e9e de lecture estim\u00e9e":"2 minutes"},"schema":{"@context":"https:\/\/schema.org","@graph":[{"@type":"WebPage","@id":"https:\/\/www.arte.tv\/sites\/olivierpere\/2018\/05\/23\/premier-de-cordee-de-louis-daquin\/","url":"https:\/\/www.arte.tv\/sites\/olivierpere\/2018\/05\/23\/premier-de-cordee-de-louis-daquin\/","name":"Premier de cord\u00e9e de Louis Daquin - Olivier P\u00e8re","isPartOf":{"@id":"https:\/\/www.arte.tv\/sites\/olivierpere\/#website"},"datePublished":"2018-05-23T19:01:46+00:00","dateModified":"2020-04-08T15:34:25+00:00","author":{"@id":"https:\/\/www.arte.tv\/sites\/olivierpere\/#\/schema\/person\/dc32cd6c79be95e52d43b97a74182558"},"breadcrumb":{"@id":"https:\/\/www.arte.tv\/sites\/olivierpere\/2018\/05\/23\/premier-de-cordee-de-louis-daquin\/#breadcrumb"},"inLanguage":"fr-FR","potentialAction":[{"@type":"ReadAction","target":["https:\/\/www.arte.tv\/sites\/olivierpere\/2018\/05\/23\/premier-de-cordee-de-louis-daquin\/"]}]},{"@type":"BreadcrumbList","@id":"https:\/\/www.arte.tv\/sites\/olivierpere\/2018\/05\/23\/premier-de-cordee-de-louis-daquin\/#breadcrumb","itemListElement":[{"@type":"ListItem","position":1,"name":"Home","item":"https:\/\/www.arte.tv\/sites\/olivierpere\/"},{"@type":"ListItem","position":2,"name":"Premier de cord\u00e9e de Louis Daquin"}]},{"@type":"WebSite","@id":"https:\/\/www.arte.tv\/sites\/olivierpere\/#website","url":"https:\/\/www.arte.tv\/sites\/olivierpere\/","name":"Olivier P\u00e8re","description":"","potentialAction":[{"@type":"SearchAction","target":{"@type":"EntryPoint","urlTemplate":"https:\/\/www.arte.tv\/sites\/olivierpere\/?s={search_term_string}"},"query-input":"required name=search_term_string"}],"inLanguage":"fr-FR"},{"@type":"Person","@id":"https:\/\/www.arte.tv\/sites\/olivierpere\/#\/schema\/person\/dc32cd6c79be95e52d43b97a74182558","name":"Olivier P\u00e8re","image":{"@type":"ImageObject","inLanguage":"fr-FR","@id":"https:\/\/www.arte.tv\/sites\/olivierpere\/#\/schema\/person\/image\/","url":"https:\/\/secure.gravatar.com\/avatar\/bdea7b6a2c195e2c41772429a9694758?s=96&d=mm&r=g","contentUrl":"https:\/\/secure.gravatar.com\/avatar\/bdea7b6a2c195e2c41772429a9694758?s=96&d=mm&r=g","caption":"Olivier P\u00e8re"},"url":"https:\/\/www.arte.tv\/sites\/olivierpere\/author\/pereolivier\/"}]}},"_links":{"self":[{"href":"https:\/\/www.arte.tv\/sites\/olivierpere\/wp-json\/wp\/v2\/posts\/22278"}],"collection":[{"href":"https:\/\/www.arte.tv\/sites\/olivierpere\/wp-json\/wp\/v2\/posts"}],"about":[{"href":"https:\/\/www.arte.tv\/sites\/olivierpere\/wp-json\/wp\/v2\/types\/post"}],"author":[{"embeddable":true,"href":"https:\/\/www.arte.tv\/sites\/olivierpere\/wp-json\/wp\/v2\/users\/116"}],"replies":[{"embeddable":true,"href":"https:\/\/www.arte.tv\/sites\/olivierpere\/wp-json\/wp\/v2\/comments?post=22278"}],"version-history":[{"count":4,"href":"https:\/\/www.arte.tv\/sites\/olivierpere\/wp-json\/wp\/v2\/posts\/22278\/revisions"}],"predecessor-version":[{"id":25164,"href":"https:\/\/www.arte.tv\/sites\/olivierpere\/wp-json\/wp\/v2\/posts\/22278\/revisions\/25164"}],"wp:attachment":[{"href":"https:\/\/www.arte.tv\/sites\/olivierpere\/wp-json\/wp\/v2\/media?parent=22278"}],"wp:term":[{"taxonomy":"category","embeddable":true,"href":"https:\/\/www.arte.tv\/sites\/olivierpere\/wp-json\/wp\/v2\/categories?post=22278"},{"taxonomy":"post_tag","embeddable":true,"href":"https:\/\/www.arte.tv\/sites\/olivierpere\/wp-json\/wp\/v2\/tags?post=22278"}],"curies":[{"name":"wp","href":"https:\/\/api.w.org\/{rel}","templated":true}]}}