{"id":22082,"date":"2018-04-27T11:16:53","date_gmt":"2018-04-27T10:16:53","guid":{"rendered":"https:\/\/www.arte.tv\/sites\/olivierpere\/?p=22082"},"modified":"2018-04-28T11:17:57","modified_gmt":"2018-04-28T10:17:57","slug":"roi-rois-de-cecil-b-demille","status":"publish","type":"post","link":"https:\/\/www.arte.tv\/sites\/olivierpere\/2018\/04\/27\/roi-rois-de-cecil-b-demille\/","title":{"rendered":"Le Roi des rois de Cecil B. DeMille"},"content":{"rendered":"<p><strong>ARTE a diffus\u00e9 <em>Le Roi des rois<\/em> (<em>The King of Kings<\/em>, 1927) de Cecil B. DeMille dans la nuit du lundi 2 au 3 avril dans une r\u00e9cente version restaur\u00e9e de 2017. Il vous reste encore jusqu\u2019au 1<sup>er<\/sup> mai pour le revoir ou le d\u00e9couvrir en t\u00e9l\u00e9vision de rattrapage sur le site d\u2019ARTE. Vous pouvez aussi vous\u00a0 procurer le coffret DVD et Blu-ray propos\u00e9 \u00e0 la vente par l\u2019\u00e9diteur Lobster, qui a particip\u00e9 \u00e0 la restauration et donne \u00e0 voir le film dans ses deux diff\u00e9rents montages.<\/strong><\/p>\n<p><strong>La version longue de 154 minutes disponible sur le site d\u2019ARTE est la plus proche du montage original int\u00e9gral et contient en plus des sc\u00e8nes teint\u00e9es deux sublimes s\u00e9quences en Technicolor bichrome, proc\u00e9d\u00e9 qui venait d\u2019\u00eatre invent\u00e9.<\/strong><\/p>\n<p><strong><em>Le Roi des rois <\/em>est l\u2019une des superproductions muettes de Cecil B. DeMille qui vont asseoir la r\u00e9putation du cin\u00e9aste, ma\u00eetre des films bibliques \u00e0 grand spectacle. Apr\u00e8s avoir essuy\u00e9 plusieurs \u00e9checs commerciaux, DeMille d\u00e9montre avec ce film qu\u2019il est capable de bouleverser les foules et de cr\u00e9er des \u00e9v\u00e9nements cin\u00e9matographiques aux proportions gigantesques, destin\u00e9s \u00e0 devenir des triomphes publics. L\u2019Ancien et le Nouveau Testaments inspir\u00e8rent \u00e0 DeMille <em>Les Dix Commandements<\/em> en 1923 (avant son remake en couleur en 1956, ultime chef-d\u2019\u0153uvre du r\u00e9alisateur), <em>Le Roi des Rois<\/em> et <em>Le Signe de la Croix<\/em> en 1932. Dans cet opus central, DeMille prend des libert\u00e9s avec la Bible, notamment en ce qui concerne les personnages de Marie-Madeleine et Judas. Ces derniers semblent sortir des extravagants m\u00e9lodrames mondains dont DeMille \u00e9tait l\u2019un des sp\u00e9cialistes les plus dou\u00e9s. Marie-Madeleine organise de fastueuses r\u00e9ceptions et se d\u00e9place dans un char tir\u00e9 par des z\u00e8bres, tandis que Judas est un ambitieux qui voit dans le charisme de J\u00e9sus un tremplin \u00e0 sa carri\u00e8re politique. DeMille fait le choix \u00e9trange pour interpr\u00e9ter le Christ d\u2019un com\u00e9dien anglais de th\u00e9\u00e2tre et de cin\u00e9ma, H.B. Warner, \u00e2g\u00e9 de plus de 50 ans au moment du tournage. Malgr\u00e9 cela, l\u2019acteur se r\u00e9v\u00e8le tr\u00e8s convainquant \u00e0 l\u2019\u00e9cran, avec ses gestes et sa stature hi\u00e9ratiques. Comme \u00e0 son habitude, DeMille est aussi g\u00e9nial dans les immenses tableaux vivants et les d\u00e9placements de foule que les moments d\u2019intimit\u00e9 et d\u2019\u00e9motions simples, capable de faire vivre \u00e0 l\u2019\u00e9cran le moindre figurant, le moindre personnage d\u2019enfant. DeMille confirme \u00e9galement son aptitude \u00e0 t\u00e9lescoper sans m\u00e9nagement les genres au sein d\u2019un m\u00eame film. Ainsi, la spectaculaire s\u00e9quence de la crucifixion sur le Mont Golgotha culmine avec un gigantesque s\u00e9isme digne des meilleurs films catastrophe provoqu\u00e9 par la col\u00e8re de Dieu, qui engloutit dans les entrailles de la terre les responsables de la mort du Christ. DeMille, dont la m\u00e8re \u00e9tait juive allemande, prit grand soin lors de la pr\u00e9paration et du tournage de son film de ne pas offenser la communaut\u00e9 h\u00e9bra\u00efque, en \u00e9vitant de stigmatiser les chefs religieux juifs et en d\u00e9signant la politique romaine comme la principale cause de la condamnation de J\u00e9sus. Il n\u2019emp\u00eache que DeMille d\u00e9cidera, apr\u00e8s la sortie du film, de couper certains plans montrant la satisfaction des Pharisiens et du grand pr\u00eate d\u2019Isra\u00ebl pendant la crucifixion, pour calmer les protestations d\u2019un influent rabbin am\u00e9ricain. D\u2019autres passages furent supprim\u00e9s ou r\u00e9duits afin de faciliter la distribution du film, qui circula \u00e0 partir de 1928 dans sa version courte. Une occasion r\u00eav\u00e9e de d\u00e9couvrir ce chef-d\u2019\u0153uvre dans son int\u00e9grale splendeur.<\/strong><\/p>\n<div id=\"attachment_22083\" style=\"width: 1210px\" class=\"wp-caption alignnone\"><img aria-describedby=\"caption-attachment-22083\" decoding=\"async\" loading=\"lazy\" class=\"size-full wp-image-22083\" src=\"https:\/\/www.arte.tv\/sites\/olivierpere\/files\/ob_d76b9b_le-roi-des-rois.jpg\" alt=\"Le Roi des rois de Cecil B. DeMille\" width=\"1200\" height=\"941\" srcset=\"https:\/\/www.arte.tv\/sites\/olivierpere\/files\/ob_d76b9b_le-roi-des-rois.jpg 1200w, https:\/\/www.arte.tv\/sites\/olivierpere\/files\/ob_d76b9b_le-roi-des-rois-357x280.jpg 357w, https:\/\/www.arte.tv\/sites\/olivierpere\/files\/ob_d76b9b_le-roi-des-rois-768x602.jpg 768w, https:\/\/www.arte.tv\/sites\/olivierpere\/files\/ob_d76b9b_le-roi-des-rois-979x768.jpg 979w, https:\/\/www.arte.tv\/sites\/olivierpere\/files\/ob_d76b9b_le-roi-des-rois-580x455.jpg 580w\" sizes=\"(max-width: 1200px) 100vw, 1200px\" \/><p id=\"caption-attachment-22083\" class=\"wp-caption-text\"><em>Le Roi des rois<\/em> de Cecil B. DeMille<\/p><\/div>\n<p><img decoding=\"async\" loading=\"lazy\" class=\"alignnone size-full wp-image-22084\" src=\"https:\/\/www.arte.tv\/sites\/olivierpere\/files\/le-roi-des-rois.jpg\" alt=\"\" width=\"1000\" height=\"1000\" srcset=\"https:\/\/www.arte.tv\/sites\/olivierpere\/files\/le-roi-des-rois.jpg 1000w, https:\/\/www.arte.tv\/sites\/olivierpere\/files\/le-roi-des-rois-150x150.jpg 150w, https:\/\/www.arte.tv\/sites\/olivierpere\/files\/le-roi-des-rois-280x280.jpg 280w, https:\/\/www.arte.tv\/sites\/olivierpere\/files\/le-roi-des-rois-768x768.jpg 768w, https:\/\/www.arte.tv\/sites\/olivierpere\/files\/le-roi-des-rois-580x580.jpg 580w\" sizes=\"(max-width: 1000px) 100vw, 1000px\" \/><\/p>\n<p>&nbsp;<\/p>\n","protected":false},"excerpt":{"rendered":"<p>ARTE a diffus\u00e9 Le Roi des rois (The King of Kings, 1927) de Cecil B. DeMille dans la nuit du\u2026<\/p>\n","protected":false},"author":116,"featured_media":22083,"comment_status":"open","ping_status":"open","sticky":false,"template":"","format":"standard","meta":[],"categories":[9,8],"tags":[],"yoast_head":"<!-- This site is optimized with the Yoast SEO plugin v20.8 - https:\/\/yoast.com\/wordpress\/plugins\/seo\/ -->\n<title>Le Roi des rois de Cecil B. DeMille - Olivier P\u00e8re<\/title>\n<meta name=\"robots\" content=\"index, follow, max-snippet:-1, max-image-preview:large, max-video-preview:-1\" \/>\n<link rel=\"canonical\" href=\"https:\/\/www.arte.tv\/sites\/olivierpere\/2018\/04\/27\/roi-rois-de-cecil-b-demille\/\" \/>\n<meta property=\"og:locale\" content=\"fr_FR\" \/>\n<meta property=\"og:type\" content=\"article\" \/>\n<meta property=\"og:title\" content=\"Le Roi des rois de Cecil B. DeMille - Olivier P\u00e8re\" \/>\n<meta property=\"og:description\" content=\"ARTE a diffus\u00e9 Le Roi des rois (The King of Kings, 1927) de Cecil B. DeMille dans la nuit du\u2026\" \/>\n<meta property=\"og:url\" content=\"https:\/\/www.arte.tv\/sites\/olivierpere\/2018\/04\/27\/roi-rois-de-cecil-b-demille\/\" \/>\n<meta property=\"og:site_name\" content=\"Olivier P\u00e8re\" \/>\n<meta property=\"article:published_time\" content=\"2018-04-27T10:16:53+00:00\" \/>\n<meta property=\"article:modified_time\" content=\"2018-04-28T10:17:57+00:00\" \/>\n<meta property=\"og:image\" content=\"https:\/\/www.arte.tv\/sites\/olivierpere\/files\/ob_d76b9b_le-roi-des-rois.jpg\" \/>\n\t<meta property=\"og:image:width\" content=\"1200\" \/>\n\t<meta property=\"og:image:height\" content=\"941\" \/>\n\t<meta property=\"og:image:type\" content=\"image\/jpeg\" \/>\n<meta name=\"author\" content=\"Olivier P\u00e8re\" \/>\n<meta name=\"twitter:label1\" content=\"\u00c9crit par\" \/>\n\t<meta name=\"twitter:data1\" content=\"Olivier P\u00e8re\" \/>\n\t<meta name=\"twitter:label2\" content=\"Dur\u00e9e de lecture estim\u00e9e\" \/>\n\t<meta name=\"twitter:data2\" content=\"3 minutes\" \/>\n<script type=\"application\/ld+json\" class=\"yoast-schema-graph\">{\"@context\":\"https:\/\/schema.org\",\"@graph\":[{\"@type\":\"WebPage\",\"@id\":\"https:\/\/www.arte.tv\/sites\/olivierpere\/2018\/04\/27\/roi-rois-de-cecil-b-demille\/\",\"url\":\"https:\/\/www.arte.tv\/sites\/olivierpere\/2018\/04\/27\/roi-rois-de-cecil-b-demille\/\",\"name\":\"Le Roi des rois de Cecil B. DeMille - Olivier P\u00e8re\",\"isPartOf\":{\"@id\":\"https:\/\/www.arte.tv\/sites\/olivierpere\/#website\"},\"datePublished\":\"2018-04-27T10:16:53+00:00\",\"dateModified\":\"2018-04-28T10:17:57+00:00\",\"author\":{\"@id\":\"https:\/\/www.arte.tv\/sites\/olivierpere\/#\/schema\/person\/dc32cd6c79be95e52d43b97a74182558\"},\"breadcrumb\":{\"@id\":\"https:\/\/www.arte.tv\/sites\/olivierpere\/2018\/04\/27\/roi-rois-de-cecil-b-demille\/#breadcrumb\"},\"inLanguage\":\"fr-FR\",\"potentialAction\":[{\"@type\":\"ReadAction\",\"target\":[\"https:\/\/www.arte.tv\/sites\/olivierpere\/2018\/04\/27\/roi-rois-de-cecil-b-demille\/\"]}]},{\"@type\":\"BreadcrumbList\",\"@id\":\"https:\/\/www.arte.tv\/sites\/olivierpere\/2018\/04\/27\/roi-rois-de-cecil-b-demille\/#breadcrumb\",\"itemListElement\":[{\"@type\":\"ListItem\",\"position\":1,\"name\":\"Home\",\"item\":\"https:\/\/www.arte.tv\/sites\/olivierpere\/\"},{\"@type\":\"ListItem\",\"position\":2,\"name\":\"Le Roi des rois de Cecil B. DeMille\"}]},{\"@type\":\"WebSite\",\"@id\":\"https:\/\/www.arte.tv\/sites\/olivierpere\/#website\",\"url\":\"https:\/\/www.arte.tv\/sites\/olivierpere\/\",\"name\":\"Olivier P\u00e8re\",\"description\":\"\",\"potentialAction\":[{\"@type\":\"SearchAction\",\"target\":{\"@type\":\"EntryPoint\",\"urlTemplate\":\"https:\/\/www.arte.tv\/sites\/olivierpere\/?s={search_term_string}\"},\"query-input\":\"required name=search_term_string\"}],\"inLanguage\":\"fr-FR\"},{\"@type\":\"Person\",\"@id\":\"https:\/\/www.arte.tv\/sites\/olivierpere\/#\/schema\/person\/dc32cd6c79be95e52d43b97a74182558\",\"name\":\"Olivier P\u00e8re\",\"image\":{\"@type\":\"ImageObject\",\"inLanguage\":\"fr-FR\",\"@id\":\"https:\/\/www.arte.tv\/sites\/olivierpere\/#\/schema\/person\/image\/\",\"url\":\"https:\/\/secure.gravatar.com\/avatar\/bdea7b6a2c195e2c41772429a9694758?s=96&d=mm&r=g\",\"contentUrl\":\"https:\/\/secure.gravatar.com\/avatar\/bdea7b6a2c195e2c41772429a9694758?s=96&d=mm&r=g\",\"caption\":\"Olivier P\u00e8re\"},\"url\":\"https:\/\/www.arte.tv\/sites\/olivierpere\/author\/pereolivier\/\"}]}<\/script>\n<!-- \/ Yoast SEO plugin. -->","yoast_head_json":{"title":"Le Roi des rois de Cecil B. DeMille - Olivier P\u00e8re","robots":{"index":"index","follow":"follow","max-snippet":"max-snippet:-1","max-image-preview":"max-image-preview:large","max-video-preview":"max-video-preview:-1"},"canonical":"https:\/\/www.arte.tv\/sites\/olivierpere\/2018\/04\/27\/roi-rois-de-cecil-b-demille\/","og_locale":"fr_FR","og_type":"article","og_title":"Le Roi des rois de Cecil B. DeMille - Olivier P\u00e8re","og_description":"ARTE a diffus\u00e9 Le Roi des rois (The King of Kings, 1927) de Cecil B. DeMille dans la nuit du\u2026","og_url":"https:\/\/www.arte.tv\/sites\/olivierpere\/2018\/04\/27\/roi-rois-de-cecil-b-demille\/","og_site_name":"Olivier P\u00e8re","article_published_time":"2018-04-27T10:16:53+00:00","article_modified_time":"2018-04-28T10:17:57+00:00","og_image":[{"width":1200,"height":941,"url":"https:\/\/www.arte.tv\/sites\/olivierpere\/files\/ob_d76b9b_le-roi-des-rois.jpg","type":"image\/jpeg"}],"author":"Olivier P\u00e8re","twitter_misc":{"\u00c9crit par":"Olivier P\u00e8re","Dur\u00e9e de lecture estim\u00e9e":"3 minutes"},"schema":{"@context":"https:\/\/schema.org","@graph":[{"@type":"WebPage","@id":"https:\/\/www.arte.tv\/sites\/olivierpere\/2018\/04\/27\/roi-rois-de-cecil-b-demille\/","url":"https:\/\/www.arte.tv\/sites\/olivierpere\/2018\/04\/27\/roi-rois-de-cecil-b-demille\/","name":"Le Roi des rois de Cecil B. DeMille - Olivier P\u00e8re","isPartOf":{"@id":"https:\/\/www.arte.tv\/sites\/olivierpere\/#website"},"datePublished":"2018-04-27T10:16:53+00:00","dateModified":"2018-04-28T10:17:57+00:00","author":{"@id":"https:\/\/www.arte.tv\/sites\/olivierpere\/#\/schema\/person\/dc32cd6c79be95e52d43b97a74182558"},"breadcrumb":{"@id":"https:\/\/www.arte.tv\/sites\/olivierpere\/2018\/04\/27\/roi-rois-de-cecil-b-demille\/#breadcrumb"},"inLanguage":"fr-FR","potentialAction":[{"@type":"ReadAction","target":["https:\/\/www.arte.tv\/sites\/olivierpere\/2018\/04\/27\/roi-rois-de-cecil-b-demille\/"]}]},{"@type":"BreadcrumbList","@id":"https:\/\/www.arte.tv\/sites\/olivierpere\/2018\/04\/27\/roi-rois-de-cecil-b-demille\/#breadcrumb","itemListElement":[{"@type":"ListItem","position":1,"name":"Home","item":"https:\/\/www.arte.tv\/sites\/olivierpere\/"},{"@type":"ListItem","position":2,"name":"Le Roi des rois de Cecil B. DeMille"}]},{"@type":"WebSite","@id":"https:\/\/www.arte.tv\/sites\/olivierpere\/#website","url":"https:\/\/www.arte.tv\/sites\/olivierpere\/","name":"Olivier P\u00e8re","description":"","potentialAction":[{"@type":"SearchAction","target":{"@type":"EntryPoint","urlTemplate":"https:\/\/www.arte.tv\/sites\/olivierpere\/?s={search_term_string}"},"query-input":"required name=search_term_string"}],"inLanguage":"fr-FR"},{"@type":"Person","@id":"https:\/\/www.arte.tv\/sites\/olivierpere\/#\/schema\/person\/dc32cd6c79be95e52d43b97a74182558","name":"Olivier P\u00e8re","image":{"@type":"ImageObject","inLanguage":"fr-FR","@id":"https:\/\/www.arte.tv\/sites\/olivierpere\/#\/schema\/person\/image\/","url":"https:\/\/secure.gravatar.com\/avatar\/bdea7b6a2c195e2c41772429a9694758?s=96&d=mm&r=g","contentUrl":"https:\/\/secure.gravatar.com\/avatar\/bdea7b6a2c195e2c41772429a9694758?s=96&d=mm&r=g","caption":"Olivier P\u00e8re"},"url":"https:\/\/www.arte.tv\/sites\/olivierpere\/author\/pereolivier\/"}]}},"_links":{"self":[{"href":"https:\/\/www.arte.tv\/sites\/olivierpere\/wp-json\/wp\/v2\/posts\/22082"}],"collection":[{"href":"https:\/\/www.arte.tv\/sites\/olivierpere\/wp-json\/wp\/v2\/posts"}],"about":[{"href":"https:\/\/www.arte.tv\/sites\/olivierpere\/wp-json\/wp\/v2\/types\/post"}],"author":[{"embeddable":true,"href":"https:\/\/www.arte.tv\/sites\/olivierpere\/wp-json\/wp\/v2\/users\/116"}],"replies":[{"embeddable":true,"href":"https:\/\/www.arte.tv\/sites\/olivierpere\/wp-json\/wp\/v2\/comments?post=22082"}],"version-history":[{"count":2,"href":"https:\/\/www.arte.tv\/sites\/olivierpere\/wp-json\/wp\/v2\/posts\/22082\/revisions"}],"predecessor-version":[{"id":22086,"href":"https:\/\/www.arte.tv\/sites\/olivierpere\/wp-json\/wp\/v2\/posts\/22082\/revisions\/22086"}],"wp:featuredmedia":[{"embeddable":true,"href":"https:\/\/www.arte.tv\/sites\/olivierpere\/wp-json\/wp\/v2\/media\/22083"}],"wp:attachment":[{"href":"https:\/\/www.arte.tv\/sites\/olivierpere\/wp-json\/wp\/v2\/media?parent=22082"}],"wp:term":[{"taxonomy":"category","embeddable":true,"href":"https:\/\/www.arte.tv\/sites\/olivierpere\/wp-json\/wp\/v2\/categories?post=22082"},{"taxonomy":"post_tag","embeddable":true,"href":"https:\/\/www.arte.tv\/sites\/olivierpere\/wp-json\/wp\/v2\/tags?post=22082"}],"curies":[{"name":"wp","href":"https:\/\/api.w.org\/{rel}","templated":true}]}}