{"id":22073,"date":"2018-04-25T15:25:43","date_gmt":"2018-04-25T14:25:43","guid":{"rendered":"https:\/\/www.arte.tv\/sites\/olivierpere\/?p=22073"},"modified":"2018-04-27T18:11:54","modified_gmt":"2018-04-27T17:11:54","slug":"inside-llewyn-davis-de-joel-ethan-coen","status":"publish","type":"post","link":"https:\/\/www.arte.tv\/sites\/olivierpere\/2018\/04\/25\/inside-llewyn-davis-de-joel-ethan-coen\/","title":{"rendered":"Inside LLewyn Davis de Joel et Ethan Coen"},"content":{"rendered":"<p><strong>Dans le cadre de sa programmation cannoise, ARTE diffuse lundi 21 mai \u00e0 20h55 <em>Inside LLewyn Davis<\/em> \u00e9crit et r\u00e9alis\u00e9 par Joel et Ethan Coen en 2013, Grand Prix du Festival de Cannes la m\u00eame ann\u00e9e.<\/strong><\/p>\n<p><strong>C\u2019est un film admirable, beaucoup moins vocif\u00e9rant, tapageur et ironique que les succ\u00e8s ant\u00e9rieurs des Fr\u00e8res Coen. Les cin\u00e9astes parviennent \u00e0 nous surprendre et nous \u00e9mouvoir avec cette com\u00e9die sur le th\u00e8me de l\u2019\u00e9chec. LLewyn Davis est un jeune chanteur-guitariste sans le sou qui tente d\u00e9sesp\u00e9r\u00e9ment de vivre de ses talents musicaux. Les Coen montrent que le talent n\u2019est qu\u2019un ingr\u00e9dient de la recette de la r\u00e9ussite de la carri\u00e8re d\u2019un artiste. Victime de ses mauvaises d\u00e9cisions et de la malchance, Llewyn Davis est l\u2019arch\u00e9type des antih\u00e9ros qui peuplent le cin\u00e9ma des fr\u00e8res Coen, maladroits et en butte \u00e0 l\u2019hostilit\u00e9 du monde. Pas forc\u00e9ment sympathique, esclave de ses humeurs et de ses faiblesses, Llewyn Davis est incapable de trouver sa place dans la soci\u00e9t\u00e9. Les marges de la communaut\u00e9 artistique aussi bien que les milieux traditionnels du travail et de la famille le rejettent comme un \u00e9l\u00e9ment inutile, d\u00e9sagr\u00e9able.<\/strong><\/p>\n<p><strong><em>Inside LLewyn Davis<\/em> restitue l\u2019atmosph\u00e8re de Greenwich Village dans le New York du d\u00e9but des ann\u00e9es 60. Les cin\u00e9astes nous font d\u00e9couvrir l\u2019\u00e9mergence dans les clubs de la musique folk, qui puise ses racines dans les traditions populaires am\u00e9ricaines. Les nombreuses chansons qui rythment le r\u00e9cit sont des standards de l\u2019\u00e9poque interpr\u00e9t\u00e9s par les com\u00e9diens du film. Les passages musicaux, dans lesquels la dur\u00e9e des morceaux est respect\u00e9e par le montage, conf\u00e8rent une authenticit\u00e9 et une int\u00e9grit\u00e9 pr\u00e9cieuses \u00e0 ce film des fr\u00e8res Coen, devenus avec le temps les gardiens d\u2019une certaine culture am\u00e9ricaine, plus orale et musicale que cin\u00e9matographique.<\/strong><\/p>\n<p><strong>L\u2019acteur guat\u00e9malt\u00e8que Isaac Davis, rep\u00e9r\u00e9 pour la premi\u00e8re fois dans Drive et capable de prouesses transformistes, pr\u00eate son regard triste \u00e0 LLewyn Davis, repr\u00e9sentant d\u2019une humanit\u00e9 d\u00e9vast\u00e9e. Il partage la vedette avec un chat roux pr\u00e9nomm\u00e9 Ulysse, en r\u00e9f\u00e9rence \u00e0 Hom\u00e8re. En effet, l\u2019animal est particuli\u00e8rement fugueur mais il finit toujours par rentrer \u00e0 la maison. Tout le contraire de Llewyn Davis destin\u00e9 \u00e0 demeurer une \u00e2me errante, sans foyer ni amis.<\/strong><\/p>\n<div id=\"attachment_22074\" style=\"width: 558px\" class=\"wp-caption alignnone\"><img aria-describedby=\"caption-attachment-22074\" decoding=\"async\" loading=\"lazy\" class=\"size-full wp-image-22074\" src=\"https:\/\/www.arte.tv\/sites\/olivierpere\/files\/inside-llewyn-davis-large.jpg\" alt=\"Oscar Isaac dans Inside Llewyn Davis de Joel et Ethan Coen\" width=\"548\" height=\"377\" srcset=\"https:\/\/www.arte.tv\/sites\/olivierpere\/files\/inside-llewyn-davis-large.jpg 548w, https:\/\/www.arte.tv\/sites\/olivierpere\/files\/inside-llewyn-davis-large-407x280.jpg 407w\" sizes=\"(max-width: 548px) 100vw, 548px\" \/><p id=\"caption-attachment-22074\" class=\"wp-caption-text\"><strong>Oscar Isaac dans<em> Inside Llewyn Davis<\/em> de Joel et Ethan Coen<\/strong><\/p><\/div>\n","protected":false},"excerpt":{"rendered":"<p>Dans le cadre de sa programmation cannoise, ARTE diffuse lundi 21 mai \u00e0 20h55 Inside LLewyn Davis \u00e9crit et r\u00e9alis\u00e9\u2026<\/p>\n","protected":false},"author":116,"featured_media":22076,"comment_status":"open","ping_status":"open","sticky":false,"template":"","format":"standard","meta":[],"categories":[8],"tags":[],"yoast_head":"<!-- This site is optimized with the Yoast SEO plugin v20.8 - https:\/\/yoast.com\/wordpress\/plugins\/seo\/ -->\n<title>Inside LLewyn Davis de Joel et Ethan Coen - Olivier P\u00e8re<\/title>\n<meta name=\"robots\" content=\"index, follow, max-snippet:-1, max-image-preview:large, max-video-preview:-1\" \/>\n<link rel=\"canonical\" href=\"https:\/\/www.arte.tv\/sites\/olivierpere\/2018\/04\/25\/inside-llewyn-davis-de-joel-ethan-coen\/\" \/>\n<meta property=\"og:locale\" content=\"fr_FR\" \/>\n<meta property=\"og:type\" content=\"article\" \/>\n<meta property=\"og:title\" content=\"Inside LLewyn Davis de Joel et Ethan Coen - Olivier P\u00e8re\" \/>\n<meta property=\"og:description\" content=\"Dans le cadre de sa programmation cannoise, ARTE diffuse lundi 21 mai \u00e0 20h55 Inside LLewyn Davis \u00e9crit et r\u00e9alis\u00e9\u2026\" \/>\n<meta property=\"og:url\" content=\"https:\/\/www.arte.tv\/sites\/olivierpere\/2018\/04\/25\/inside-llewyn-davis-de-joel-ethan-coen\/\" \/>\n<meta property=\"og:site_name\" content=\"Olivier P\u00e8re\" \/>\n<meta property=\"article:published_time\" content=\"2018-04-25T14:25:43+00:00\" \/>\n<meta property=\"article:modified_time\" content=\"2018-04-27T17:11:54+00:00\" \/>\n<meta property=\"og:image\" content=\"https:\/\/www.arte.tv\/sites\/olivierpere\/files\/inside-llewyn-davis.jpg\" \/>\n\t<meta property=\"og:image:width\" content=\"660\" \/>\n\t<meta property=\"og:image:height\" content=\"398\" \/>\n\t<meta property=\"og:image:type\" content=\"image\/jpeg\" \/>\n<meta name=\"author\" content=\"Olivier P\u00e8re\" \/>\n<meta name=\"twitter:label1\" content=\"\u00c9crit par\" \/>\n\t<meta name=\"twitter:data1\" content=\"Olivier P\u00e8re\" \/>\n\t<meta name=\"twitter:label2\" content=\"Dur\u00e9e de lecture estim\u00e9e\" \/>\n\t<meta name=\"twitter:data2\" content=\"2 minutes\" \/>\n<script type=\"application\/ld+json\" class=\"yoast-schema-graph\">{\"@context\":\"https:\/\/schema.org\",\"@graph\":[{\"@type\":\"WebPage\",\"@id\":\"https:\/\/www.arte.tv\/sites\/olivierpere\/2018\/04\/25\/inside-llewyn-davis-de-joel-ethan-coen\/\",\"url\":\"https:\/\/www.arte.tv\/sites\/olivierpere\/2018\/04\/25\/inside-llewyn-davis-de-joel-ethan-coen\/\",\"name\":\"Inside LLewyn Davis de Joel et Ethan Coen - Olivier P\u00e8re\",\"isPartOf\":{\"@id\":\"https:\/\/www.arte.tv\/sites\/olivierpere\/#website\"},\"datePublished\":\"2018-04-25T14:25:43+00:00\",\"dateModified\":\"2018-04-27T17:11:54+00:00\",\"author\":{\"@id\":\"https:\/\/www.arte.tv\/sites\/olivierpere\/#\/schema\/person\/dc32cd6c79be95e52d43b97a74182558\"},\"breadcrumb\":{\"@id\":\"https:\/\/www.arte.tv\/sites\/olivierpere\/2018\/04\/25\/inside-llewyn-davis-de-joel-ethan-coen\/#breadcrumb\"},\"inLanguage\":\"fr-FR\",\"potentialAction\":[{\"@type\":\"ReadAction\",\"target\":[\"https:\/\/www.arte.tv\/sites\/olivierpere\/2018\/04\/25\/inside-llewyn-davis-de-joel-ethan-coen\/\"]}]},{\"@type\":\"BreadcrumbList\",\"@id\":\"https:\/\/www.arte.tv\/sites\/olivierpere\/2018\/04\/25\/inside-llewyn-davis-de-joel-ethan-coen\/#breadcrumb\",\"itemListElement\":[{\"@type\":\"ListItem\",\"position\":1,\"name\":\"Home\",\"item\":\"https:\/\/www.arte.tv\/sites\/olivierpere\/\"},{\"@type\":\"ListItem\",\"position\":2,\"name\":\"Inside LLewyn Davis de Joel et Ethan Coen\"}]},{\"@type\":\"WebSite\",\"@id\":\"https:\/\/www.arte.tv\/sites\/olivierpere\/#website\",\"url\":\"https:\/\/www.arte.tv\/sites\/olivierpere\/\",\"name\":\"Olivier P\u00e8re\",\"description\":\"\",\"potentialAction\":[{\"@type\":\"SearchAction\",\"target\":{\"@type\":\"EntryPoint\",\"urlTemplate\":\"https:\/\/www.arte.tv\/sites\/olivierpere\/?s={search_term_string}\"},\"query-input\":\"required name=search_term_string\"}],\"inLanguage\":\"fr-FR\"},{\"@type\":\"Person\",\"@id\":\"https:\/\/www.arte.tv\/sites\/olivierpere\/#\/schema\/person\/dc32cd6c79be95e52d43b97a74182558\",\"name\":\"Olivier P\u00e8re\",\"image\":{\"@type\":\"ImageObject\",\"inLanguage\":\"fr-FR\",\"@id\":\"https:\/\/www.arte.tv\/sites\/olivierpere\/#\/schema\/person\/image\/\",\"url\":\"https:\/\/secure.gravatar.com\/avatar\/bdea7b6a2c195e2c41772429a9694758?s=96&d=mm&r=g\",\"contentUrl\":\"https:\/\/secure.gravatar.com\/avatar\/bdea7b6a2c195e2c41772429a9694758?s=96&d=mm&r=g\",\"caption\":\"Olivier P\u00e8re\"},\"url\":\"https:\/\/www.arte.tv\/sites\/olivierpere\/author\/pereolivier\/\"}]}<\/script>\n<!-- \/ Yoast SEO plugin. -->","yoast_head_json":{"title":"Inside LLewyn Davis de Joel et Ethan Coen - Olivier P\u00e8re","robots":{"index":"index","follow":"follow","max-snippet":"max-snippet:-1","max-image-preview":"max-image-preview:large","max-video-preview":"max-video-preview:-1"},"canonical":"https:\/\/www.arte.tv\/sites\/olivierpere\/2018\/04\/25\/inside-llewyn-davis-de-joel-ethan-coen\/","og_locale":"fr_FR","og_type":"article","og_title":"Inside LLewyn Davis de Joel et Ethan Coen - Olivier P\u00e8re","og_description":"Dans le cadre de sa programmation cannoise, ARTE diffuse lundi 21 mai \u00e0 20h55 Inside LLewyn Davis \u00e9crit et r\u00e9alis\u00e9\u2026","og_url":"https:\/\/www.arte.tv\/sites\/olivierpere\/2018\/04\/25\/inside-llewyn-davis-de-joel-ethan-coen\/","og_site_name":"Olivier P\u00e8re","article_published_time":"2018-04-25T14:25:43+00:00","article_modified_time":"2018-04-27T17:11:54+00:00","og_image":[{"width":660,"height":398,"url":"https:\/\/www.arte.tv\/sites\/olivierpere\/files\/inside-llewyn-davis.jpg","type":"image\/jpeg"}],"author":"Olivier P\u00e8re","twitter_misc":{"\u00c9crit par":"Olivier P\u00e8re","Dur\u00e9e de lecture estim\u00e9e":"2 minutes"},"schema":{"@context":"https:\/\/schema.org","@graph":[{"@type":"WebPage","@id":"https:\/\/www.arte.tv\/sites\/olivierpere\/2018\/04\/25\/inside-llewyn-davis-de-joel-ethan-coen\/","url":"https:\/\/www.arte.tv\/sites\/olivierpere\/2018\/04\/25\/inside-llewyn-davis-de-joel-ethan-coen\/","name":"Inside LLewyn Davis de Joel et Ethan Coen - Olivier P\u00e8re","isPartOf":{"@id":"https:\/\/www.arte.tv\/sites\/olivierpere\/#website"},"datePublished":"2018-04-25T14:25:43+00:00","dateModified":"2018-04-27T17:11:54+00:00","author":{"@id":"https:\/\/www.arte.tv\/sites\/olivierpere\/#\/schema\/person\/dc32cd6c79be95e52d43b97a74182558"},"breadcrumb":{"@id":"https:\/\/www.arte.tv\/sites\/olivierpere\/2018\/04\/25\/inside-llewyn-davis-de-joel-ethan-coen\/#breadcrumb"},"inLanguage":"fr-FR","potentialAction":[{"@type":"ReadAction","target":["https:\/\/www.arte.tv\/sites\/olivierpere\/2018\/04\/25\/inside-llewyn-davis-de-joel-ethan-coen\/"]}]},{"@type":"BreadcrumbList","@id":"https:\/\/www.arte.tv\/sites\/olivierpere\/2018\/04\/25\/inside-llewyn-davis-de-joel-ethan-coen\/#breadcrumb","itemListElement":[{"@type":"ListItem","position":1,"name":"Home","item":"https:\/\/www.arte.tv\/sites\/olivierpere\/"},{"@type":"ListItem","position":2,"name":"Inside LLewyn Davis de Joel et Ethan Coen"}]},{"@type":"WebSite","@id":"https:\/\/www.arte.tv\/sites\/olivierpere\/#website","url":"https:\/\/www.arte.tv\/sites\/olivierpere\/","name":"Olivier P\u00e8re","description":"","potentialAction":[{"@type":"SearchAction","target":{"@type":"EntryPoint","urlTemplate":"https:\/\/www.arte.tv\/sites\/olivierpere\/?s={search_term_string}"},"query-input":"required name=search_term_string"}],"inLanguage":"fr-FR"},{"@type":"Person","@id":"https:\/\/www.arte.tv\/sites\/olivierpere\/#\/schema\/person\/dc32cd6c79be95e52d43b97a74182558","name":"Olivier P\u00e8re","image":{"@type":"ImageObject","inLanguage":"fr-FR","@id":"https:\/\/www.arte.tv\/sites\/olivierpere\/#\/schema\/person\/image\/","url":"https:\/\/secure.gravatar.com\/avatar\/bdea7b6a2c195e2c41772429a9694758?s=96&d=mm&r=g","contentUrl":"https:\/\/secure.gravatar.com\/avatar\/bdea7b6a2c195e2c41772429a9694758?s=96&d=mm&r=g","caption":"Olivier P\u00e8re"},"url":"https:\/\/www.arte.tv\/sites\/olivierpere\/author\/pereolivier\/"}]}},"_links":{"self":[{"href":"https:\/\/www.arte.tv\/sites\/olivierpere\/wp-json\/wp\/v2\/posts\/22073"}],"collection":[{"href":"https:\/\/www.arte.tv\/sites\/olivierpere\/wp-json\/wp\/v2\/posts"}],"about":[{"href":"https:\/\/www.arte.tv\/sites\/olivierpere\/wp-json\/wp\/v2\/types\/post"}],"author":[{"embeddable":true,"href":"https:\/\/www.arte.tv\/sites\/olivierpere\/wp-json\/wp\/v2\/users\/116"}],"replies":[{"embeddable":true,"href":"https:\/\/www.arte.tv\/sites\/olivierpere\/wp-json\/wp\/v2\/comments?post=22073"}],"version-history":[{"count":2,"href":"https:\/\/www.arte.tv\/sites\/olivierpere\/wp-json\/wp\/v2\/posts\/22073\/revisions"}],"predecessor-version":[{"id":22080,"href":"https:\/\/www.arte.tv\/sites\/olivierpere\/wp-json\/wp\/v2\/posts\/22073\/revisions\/22080"}],"wp:featuredmedia":[{"embeddable":true,"href":"https:\/\/www.arte.tv\/sites\/olivierpere\/wp-json\/wp\/v2\/media\/22076"}],"wp:attachment":[{"href":"https:\/\/www.arte.tv\/sites\/olivierpere\/wp-json\/wp\/v2\/media?parent=22073"}],"wp:term":[{"taxonomy":"category","embeddable":true,"href":"https:\/\/www.arte.tv\/sites\/olivierpere\/wp-json\/wp\/v2\/categories?post=22073"},{"taxonomy":"post_tag","embeddable":true,"href":"https:\/\/www.arte.tv\/sites\/olivierpere\/wp-json\/wp\/v2\/tags?post=22073"}],"curies":[{"name":"wp","href":"https:\/\/api.w.org\/{rel}","templated":true}]}}