{"id":22068,"date":"2018-04-24T16:56:04","date_gmt":"2018-04-24T15:56:04","guid":{"rendered":"https:\/\/www.arte.tv\/sites\/olivierpere\/?p=22068"},"modified":"2018-04-26T17:04:20","modified_gmt":"2018-04-26T16:04:20","slug":"garconniere-de-billy-wilder","status":"publish","type":"post","link":"https:\/\/www.arte.tv\/sites\/olivierpere\/2018\/04\/24\/garconniere-de-billy-wilder\/","title":{"rendered":"La Gar\u00e7onni\u00e8re de Billy Wilder"},"content":{"rendered":"<p><strong>Le chef-d\u2019\u0153uvre de Billy Wilder, <em>La Gar\u00e7onni\u00e8re<\/em> (<em>The Apartment<\/em>, 1960) b\u00e9n\u00e9ficie d\u00e9sormais d&rsquo;une belle \u00e9dition blu-ray fran\u00e7aise propos\u00e9e par Rimini, avec plusieurs compl\u00e9ments critiques. On envie ceux qui ne l\u2019ont jamais vu et le d\u00e9couvriront \u00e0 cette occasion.<\/strong><\/p>\n<p><strong>\u00c0 New York, C.C. Baxter (Jack Lemmon), un employ\u00e9 c\u00e9libataire, pr\u00eate son appartement \u00e0 des cadres de sa compagnie d&rsquo;assurances, qui s&rsquo;en servent pour accueillir leurs rendez-vous galants. La situation est intenable pour le pauvre homme auquel on fait miroiter une promotion en \u00e9change de ses services. Il tombe entre-temps amoureux d&rsquo;une de ses coll\u00e8gues, Fran (Shirley MacLaine), sans savoir que la jeune femme est la ma\u00eetresse malheureuse d&rsquo;un des grands patrons, et qu&rsquo;elle le retrouve dans son propre lit. M\u00eame si Jack Lemmon doit sans cesse jouer avec la cr\u00e9dulit\u00e9 de ses voisins, qui le prennent pour un s\u00e9ducteur imp\u00e9nitent, au sujet de ses multiples visites nocturnes, le film ne se limite pas \u00e0 un encha\u00eenement de quiproquos scabreux. Malgr\u00e9 quelques gags, et les dialogues spirituels chers \u00e0 Wilder, <em>La Gar\u00e7onni\u00e8re<\/em> est avant tout un m\u00e9lodrame cruel sur les humiliations sociales, sexuelles et sentimentales subies par deux \u00eatres ordinaires, exploit\u00e9s par leur sup\u00e9rieur hi\u00e9rarchique et leur partenaire amoureux, r\u00e9unis ici sous les traits d&rsquo;une seule et m\u00eame personne, le veule et hypocrite Sheldrake (Fred MacMurray). <em>La Gar\u00e7onni\u00e8re<\/em>, avec <em>La Vie Priv\u00e9e de Sherlock Holmes<\/em>, est le plus r\u00e9ussi et le plus \u00e9mouvant des films de la derni\u00e8re p\u00e9riode de la carri\u00e8re de Billy Wilder. C&rsquo;est aussi l&rsquo;un des plus beaux, gr\u00e2ce \u00e0 la photographie en scope noir et blanc de Joseph LaShelle et les extraordinaires d\u00e9cors d&rsquo;immenses bureaux anonymes et de vieux immeubles new yorkais cr\u00e9\u00e9s par Alexandre Trauner. Shirley MacLaine et Jack Lemmon sont inoubliables.<\/strong><\/p>\n<p><strong>Rimini va bient\u00f4t \u00e9diter en blu-ray un autre film de Billy Wilder avec le duo MacLaine-Lemmon, <em>Irma la Douce<\/em>, r\u00e9alis\u00e9 en 1963.<\/strong><\/p>\n<div id=\"attachment_22071\" style=\"width: 2510px\" class=\"wp-caption alignnone\"><img aria-describedby=\"caption-attachment-22071\" decoding=\"async\" loading=\"lazy\" class=\"size-full wp-image-22071\" src=\"https:\/\/www.arte.tv\/sites\/olivierpere\/files\/apartment-0.jpg\" alt=\"Shirley MacLaine et Jack Lemmon dans La Gar\u00e7onni\u00e8re de Billy Wilder\" width=\"2500\" height=\"1666\" srcset=\"https:\/\/www.arte.tv\/sites\/olivierpere\/files\/apartment-0.jpg 2500w, https:\/\/www.arte.tv\/sites\/olivierpere\/files\/apartment-0-420x280.jpg 420w, https:\/\/www.arte.tv\/sites\/olivierpere\/files\/apartment-0-768x512.jpg 768w, https:\/\/www.arte.tv\/sites\/olivierpere\/files\/apartment-0-1024x682.jpg 1024w, https:\/\/www.arte.tv\/sites\/olivierpere\/files\/apartment-0-580x387.jpg 580w\" sizes=\"(max-width: 2500px) 100vw, 2500px\" \/><p id=\"caption-attachment-22071\" class=\"wp-caption-text\">Shirley MacLaine et Jack Lemmon dans <em>La Gar\u00e7onni\u00e8re<\/em> de Billy Wilder<\/p><\/div>\n","protected":false},"excerpt":{"rendered":"<p>Le chef-d\u2019\u0153uvre de Billy Wilder, La Gar\u00e7onni\u00e8re (The Apartment, 1960) b\u00e9n\u00e9ficie d\u00e9sormais d&rsquo;une belle \u00e9dition blu-ray fran\u00e7aise propos\u00e9e par Rimini,\u2026<\/p>\n","protected":false},"author":116,"featured_media":22071,"comment_status":"open","ping_status":"open","sticky":false,"template":"","format":"standard","meta":[],"categories":[9],"tags":[],"yoast_head":"<!-- This site is optimized with the Yoast SEO plugin v20.8 - https:\/\/yoast.com\/wordpress\/plugins\/seo\/ -->\n<title>La Gar\u00e7onni\u00e8re de Billy Wilder - Olivier P\u00e8re<\/title>\n<meta name=\"robots\" content=\"index, follow, max-snippet:-1, max-image-preview:large, max-video-preview:-1\" \/>\n<link rel=\"canonical\" href=\"https:\/\/www.arte.tv\/sites\/olivierpere\/2018\/04\/24\/garconniere-de-billy-wilder\/\" \/>\n<meta property=\"og:locale\" content=\"fr_FR\" \/>\n<meta property=\"og:type\" content=\"article\" \/>\n<meta property=\"og:title\" content=\"La Gar\u00e7onni\u00e8re de Billy Wilder - Olivier P\u00e8re\" \/>\n<meta property=\"og:description\" content=\"Le chef-d\u2019\u0153uvre de Billy Wilder, La Gar\u00e7onni\u00e8re (The Apartment, 1960) b\u00e9n\u00e9ficie d\u00e9sormais d&rsquo;une belle \u00e9dition blu-ray fran\u00e7aise propos\u00e9e par Rimini,\u2026\" \/>\n<meta property=\"og:url\" content=\"https:\/\/www.arte.tv\/sites\/olivierpere\/2018\/04\/24\/garconniere-de-billy-wilder\/\" \/>\n<meta property=\"og:site_name\" content=\"Olivier P\u00e8re\" \/>\n<meta property=\"article:published_time\" content=\"2018-04-24T15:56:04+00:00\" \/>\n<meta property=\"article:modified_time\" content=\"2018-04-26T16:04:20+00:00\" \/>\n<meta property=\"og:image\" content=\"https:\/\/www.arte.tv\/sites\/olivierpere\/files\/apartment-0.jpg\" \/>\n\t<meta property=\"og:image:width\" content=\"2500\" \/>\n\t<meta property=\"og:image:height\" content=\"1666\" \/>\n\t<meta property=\"og:image:type\" content=\"image\/jpeg\" \/>\n<meta name=\"author\" content=\"Olivier P\u00e8re\" \/>\n<meta name=\"twitter:label1\" content=\"\u00c9crit par\" \/>\n\t<meta name=\"twitter:data1\" content=\"Olivier P\u00e8re\" \/>\n\t<meta name=\"twitter:label2\" content=\"Dur\u00e9e de lecture estim\u00e9e\" \/>\n\t<meta name=\"twitter:data2\" content=\"2 minutes\" \/>\n<script type=\"application\/ld+json\" class=\"yoast-schema-graph\">{\"@context\":\"https:\/\/schema.org\",\"@graph\":[{\"@type\":\"WebPage\",\"@id\":\"https:\/\/www.arte.tv\/sites\/olivierpere\/2018\/04\/24\/garconniere-de-billy-wilder\/\",\"url\":\"https:\/\/www.arte.tv\/sites\/olivierpere\/2018\/04\/24\/garconniere-de-billy-wilder\/\",\"name\":\"La Gar\u00e7onni\u00e8re de Billy Wilder - Olivier P\u00e8re\",\"isPartOf\":{\"@id\":\"https:\/\/www.arte.tv\/sites\/olivierpere\/#website\"},\"datePublished\":\"2018-04-24T15:56:04+00:00\",\"dateModified\":\"2018-04-26T16:04:20+00:00\",\"author\":{\"@id\":\"https:\/\/www.arte.tv\/sites\/olivierpere\/#\/schema\/person\/dc32cd6c79be95e52d43b97a74182558\"},\"breadcrumb\":{\"@id\":\"https:\/\/www.arte.tv\/sites\/olivierpere\/2018\/04\/24\/garconniere-de-billy-wilder\/#breadcrumb\"},\"inLanguage\":\"fr-FR\",\"potentialAction\":[{\"@type\":\"ReadAction\",\"target\":[\"https:\/\/www.arte.tv\/sites\/olivierpere\/2018\/04\/24\/garconniere-de-billy-wilder\/\"]}]},{\"@type\":\"BreadcrumbList\",\"@id\":\"https:\/\/www.arte.tv\/sites\/olivierpere\/2018\/04\/24\/garconniere-de-billy-wilder\/#breadcrumb\",\"itemListElement\":[{\"@type\":\"ListItem\",\"position\":1,\"name\":\"Home\",\"item\":\"https:\/\/www.arte.tv\/sites\/olivierpere\/\"},{\"@type\":\"ListItem\",\"position\":2,\"name\":\"La Gar\u00e7onni\u00e8re de Billy Wilder\"}]},{\"@type\":\"WebSite\",\"@id\":\"https:\/\/www.arte.tv\/sites\/olivierpere\/#website\",\"url\":\"https:\/\/www.arte.tv\/sites\/olivierpere\/\",\"name\":\"Olivier P\u00e8re\",\"description\":\"\",\"potentialAction\":[{\"@type\":\"SearchAction\",\"target\":{\"@type\":\"EntryPoint\",\"urlTemplate\":\"https:\/\/www.arte.tv\/sites\/olivierpere\/?s={search_term_string}\"},\"query-input\":\"required name=search_term_string\"}],\"inLanguage\":\"fr-FR\"},{\"@type\":\"Person\",\"@id\":\"https:\/\/www.arte.tv\/sites\/olivierpere\/#\/schema\/person\/dc32cd6c79be95e52d43b97a74182558\",\"name\":\"Olivier P\u00e8re\",\"image\":{\"@type\":\"ImageObject\",\"inLanguage\":\"fr-FR\",\"@id\":\"https:\/\/www.arte.tv\/sites\/olivierpere\/#\/schema\/person\/image\/\",\"url\":\"https:\/\/secure.gravatar.com\/avatar\/bdea7b6a2c195e2c41772429a9694758?s=96&d=mm&r=g\",\"contentUrl\":\"https:\/\/secure.gravatar.com\/avatar\/bdea7b6a2c195e2c41772429a9694758?s=96&d=mm&r=g\",\"caption\":\"Olivier P\u00e8re\"},\"url\":\"https:\/\/www.arte.tv\/sites\/olivierpere\/author\/pereolivier\/\"}]}<\/script>\n<!-- \/ Yoast SEO plugin. -->","yoast_head_json":{"title":"La Gar\u00e7onni\u00e8re de Billy Wilder - Olivier P\u00e8re","robots":{"index":"index","follow":"follow","max-snippet":"max-snippet:-1","max-image-preview":"max-image-preview:large","max-video-preview":"max-video-preview:-1"},"canonical":"https:\/\/www.arte.tv\/sites\/olivierpere\/2018\/04\/24\/garconniere-de-billy-wilder\/","og_locale":"fr_FR","og_type":"article","og_title":"La Gar\u00e7onni\u00e8re de Billy Wilder - Olivier P\u00e8re","og_description":"Le chef-d\u2019\u0153uvre de Billy Wilder, La Gar\u00e7onni\u00e8re (The Apartment, 1960) b\u00e9n\u00e9ficie d\u00e9sormais d&rsquo;une belle \u00e9dition blu-ray fran\u00e7aise propos\u00e9e par Rimini,\u2026","og_url":"https:\/\/www.arte.tv\/sites\/olivierpere\/2018\/04\/24\/garconniere-de-billy-wilder\/","og_site_name":"Olivier P\u00e8re","article_published_time":"2018-04-24T15:56:04+00:00","article_modified_time":"2018-04-26T16:04:20+00:00","og_image":[{"width":2500,"height":1666,"url":"https:\/\/www.arte.tv\/sites\/olivierpere\/files\/apartment-0.jpg","type":"image\/jpeg"}],"author":"Olivier P\u00e8re","twitter_misc":{"\u00c9crit par":"Olivier P\u00e8re","Dur\u00e9e de lecture estim\u00e9e":"2 minutes"},"schema":{"@context":"https:\/\/schema.org","@graph":[{"@type":"WebPage","@id":"https:\/\/www.arte.tv\/sites\/olivierpere\/2018\/04\/24\/garconniere-de-billy-wilder\/","url":"https:\/\/www.arte.tv\/sites\/olivierpere\/2018\/04\/24\/garconniere-de-billy-wilder\/","name":"La Gar\u00e7onni\u00e8re de Billy Wilder - Olivier P\u00e8re","isPartOf":{"@id":"https:\/\/www.arte.tv\/sites\/olivierpere\/#website"},"datePublished":"2018-04-24T15:56:04+00:00","dateModified":"2018-04-26T16:04:20+00:00","author":{"@id":"https:\/\/www.arte.tv\/sites\/olivierpere\/#\/schema\/person\/dc32cd6c79be95e52d43b97a74182558"},"breadcrumb":{"@id":"https:\/\/www.arte.tv\/sites\/olivierpere\/2018\/04\/24\/garconniere-de-billy-wilder\/#breadcrumb"},"inLanguage":"fr-FR","potentialAction":[{"@type":"ReadAction","target":["https:\/\/www.arte.tv\/sites\/olivierpere\/2018\/04\/24\/garconniere-de-billy-wilder\/"]}]},{"@type":"BreadcrumbList","@id":"https:\/\/www.arte.tv\/sites\/olivierpere\/2018\/04\/24\/garconniere-de-billy-wilder\/#breadcrumb","itemListElement":[{"@type":"ListItem","position":1,"name":"Home","item":"https:\/\/www.arte.tv\/sites\/olivierpere\/"},{"@type":"ListItem","position":2,"name":"La Gar\u00e7onni\u00e8re de Billy Wilder"}]},{"@type":"WebSite","@id":"https:\/\/www.arte.tv\/sites\/olivierpere\/#website","url":"https:\/\/www.arte.tv\/sites\/olivierpere\/","name":"Olivier P\u00e8re","description":"","potentialAction":[{"@type":"SearchAction","target":{"@type":"EntryPoint","urlTemplate":"https:\/\/www.arte.tv\/sites\/olivierpere\/?s={search_term_string}"},"query-input":"required name=search_term_string"}],"inLanguage":"fr-FR"},{"@type":"Person","@id":"https:\/\/www.arte.tv\/sites\/olivierpere\/#\/schema\/person\/dc32cd6c79be95e52d43b97a74182558","name":"Olivier P\u00e8re","image":{"@type":"ImageObject","inLanguage":"fr-FR","@id":"https:\/\/www.arte.tv\/sites\/olivierpere\/#\/schema\/person\/image\/","url":"https:\/\/secure.gravatar.com\/avatar\/bdea7b6a2c195e2c41772429a9694758?s=96&d=mm&r=g","contentUrl":"https:\/\/secure.gravatar.com\/avatar\/bdea7b6a2c195e2c41772429a9694758?s=96&d=mm&r=g","caption":"Olivier P\u00e8re"},"url":"https:\/\/www.arte.tv\/sites\/olivierpere\/author\/pereolivier\/"}]}},"_links":{"self":[{"href":"https:\/\/www.arte.tv\/sites\/olivierpere\/wp-json\/wp\/v2\/posts\/22068"}],"collection":[{"href":"https:\/\/www.arte.tv\/sites\/olivierpere\/wp-json\/wp\/v2\/posts"}],"about":[{"href":"https:\/\/www.arte.tv\/sites\/olivierpere\/wp-json\/wp\/v2\/types\/post"}],"author":[{"embeddable":true,"href":"https:\/\/www.arte.tv\/sites\/olivierpere\/wp-json\/wp\/v2\/users\/116"}],"replies":[{"embeddable":true,"href":"https:\/\/www.arte.tv\/sites\/olivierpere\/wp-json\/wp\/v2\/comments?post=22068"}],"version-history":[{"count":2,"href":"https:\/\/www.arte.tv\/sites\/olivierpere\/wp-json\/wp\/v2\/posts\/22068\/revisions"}],"predecessor-version":[{"id":22072,"href":"https:\/\/www.arte.tv\/sites\/olivierpere\/wp-json\/wp\/v2\/posts\/22068\/revisions\/22072"}],"wp:featuredmedia":[{"embeddable":true,"href":"https:\/\/www.arte.tv\/sites\/olivierpere\/wp-json\/wp\/v2\/media\/22071"}],"wp:attachment":[{"href":"https:\/\/www.arte.tv\/sites\/olivierpere\/wp-json\/wp\/v2\/media?parent=22068"}],"wp:term":[{"taxonomy":"category","embeddable":true,"href":"https:\/\/www.arte.tv\/sites\/olivierpere\/wp-json\/wp\/v2\/categories?post=22068"},{"taxonomy":"post_tag","embeddable":true,"href":"https:\/\/www.arte.tv\/sites\/olivierpere\/wp-json\/wp\/v2\/tags?post=22068"}],"curies":[{"name":"wp","href":"https:\/\/api.w.org\/{rel}","templated":true}]}}