{"id":22042,"date":"2018-04-17T20:51:10","date_gmt":"2018-04-17T19:51:10","guid":{"rendered":"https:\/\/www.arte.tv\/sites\/olivierpere\/?p=22042"},"modified":"2018-04-21T20:51:34","modified_gmt":"2018-04-21T19:51:34","slug":"prisonniers-passe-de-mervyn-leroy","status":"publish","type":"post","link":"https:\/\/www.arte.tv\/sites\/olivierpere\/2018\/04\/17\/prisonniers-passe-de-mervyn-leroy\/","title":{"rendered":"Prisonniers du pass\u00e9 de Mervyn LeRoy"},"content":{"rendered":"<p><strong>ARTE diffuse <em>Prisonniers du pass\u00e9<\/em> (<em>Random Harvest<\/em>, 1942) lundi 7 mai \u00e0 13h30. Produit par la MGM et r\u00e9alis\u00e9 par Mervyn LeRoy, <em>Prisonniers du pass\u00e9<\/em> est l\u2019un des grands succ\u00e8s du m\u00e9lodrame hollywoodien des ann\u00e9es 40. Sa popularit\u00e9 est beaucoup plus grande aux Etats-Unis qu\u2019en Europe. Elle ne s\u2019est jamais d\u00e9mentie depuis la sortie du film, qui compte de nombreux admirateurs outre-Atlantique, et demeure relativement m\u00e9connu ou ignor\u00e9 des cin\u00e9philes fran\u00e7ais, sans doute parce que son r\u00e9alisateur n\u2019est pas aussi appr\u00e9ci\u00e9 qu\u2019un John M. Stahl ou qu\u2019un Frank Borzage. Il est vrai que Mervyn LeRoy est un artisan des studios un peu sage et que sa mise en sc\u00e8ne att\u00e9nue le lyrisme d\u2019une histoire particuli\u00e8rement folle et romantique. Mais la diffusion de ce film \u00e9mouvant sur ARTE est l\u2019occasion de le revoir ou de le d\u00e9couvrir. Tourn\u00e9 pendant la Seconde Guerre mondiale, <em>Prisonniers du pass\u00e9<\/em> aborde de mani\u00e8re originale les s\u00e9quelles psychiques des soldats traumatis\u00e9s par les combats. Un anglais est devenu amn\u00e9sique apr\u00e8s les bombardements dans les tranch\u00e9es en 1917. Il s\u2019\u00e9vade de l\u2019asile le jour de la victoire des Alli\u00e9s. Sur son chemin il rencontre une jeune femme qui lui vient en aide et tombe amoureuse de lui. Alors qu\u2019une vie de bonheur s\u2019ouvrait pour couple, un nouveau coup du sort va s\u00e9parer les amoureux. <em>Prisonniers du pass\u00e9<\/em> met en sc\u00e8ne deux \u00eatres victimes des caprices de la m\u00e9moire et du destin. La reconqu\u00eate de son amour perdu par l\u2019\u00e9pouse oubli\u00e9e est le moment le plus bouleversant du film, qui multiplie les retournements de situations et joue avec le sentiment de \u00ab\u00a0d\u00e9j\u00e0 vu\u00a0\u00bb. Ronald Colman et Greer Garson sont excellents dans les r\u00f4les principaux. L\u2019alchimie fonctionne entre eux. Oubli\u00e9s du grand public aujourd\u2019hui, ils \u00e9taient de c\u00e9l\u00e8bres vedettes du m\u00e9lodrame, n\u00e9s en Angleterre et de formation th\u00e9\u00e2trale mais ayant poursuivis leurs carri\u00e8res \u00e0 Hollywood. Greer Garson devint l\u2019actrice attitr\u00e9e de Mervyn LeRoy, tandis que Ronald Colman se sp\u00e9cialisera d\u00e8s l\u2019arriv\u00e9e du parlant dans les personnages raffin\u00e9s et \u00e9l\u00e9gants.<\/strong><\/p>\n<p><strong><img decoding=\"async\" loading=\"lazy\" class=\"alignnone size-full wp-image-22043\" src=\"https:\/\/www.arte.tv\/sites\/olivierpere\/files\/prisonniers_du_passe.jpg\" alt=\"\" width=\"1000\" height=\"1359\" srcset=\"https:\/\/www.arte.tv\/sites\/olivierpere\/files\/prisonniers_du_passe.jpg 1000w, https:\/\/www.arte.tv\/sites\/olivierpere\/files\/prisonniers_du_passe-206x280.jpg 206w, https:\/\/www.arte.tv\/sites\/olivierpere\/files\/prisonniers_du_passe-768x1044.jpg 768w, https:\/\/www.arte.tv\/sites\/olivierpere\/files\/prisonniers_du_passe-565x768.jpg 565w, https:\/\/www.arte.tv\/sites\/olivierpere\/files\/prisonniers_du_passe-580x788.jpg 580w\" sizes=\"(max-width: 1000px) 100vw, 1000px\" \/><\/strong><\/p>\n<p>&nbsp;<\/p>\n<p>&nbsp;<\/p>\n","protected":false},"excerpt":{"rendered":"<p>ARTE diffuse Prisonniers du pass\u00e9 (Random Harvest, 1942) lundi 7 mai \u00e0 13h30. Produit par la MGM et r\u00e9alis\u00e9 par\u2026<\/p>\n","protected":false},"author":116,"featured_media":22043,"comment_status":"open","ping_status":"open","sticky":false,"template":"","format":"standard","meta":[],"categories":[8],"tags":[],"yoast_head":"<!-- This site is optimized with the Yoast SEO plugin v20.8 - https:\/\/yoast.com\/wordpress\/plugins\/seo\/ -->\n<title>Prisonniers du pass\u00e9 de Mervyn LeRoy - Olivier P\u00e8re<\/title>\n<meta name=\"robots\" content=\"index, follow, max-snippet:-1, max-image-preview:large, max-video-preview:-1\" \/>\n<link rel=\"canonical\" href=\"https:\/\/www.arte.tv\/sites\/olivierpere\/2018\/04\/17\/prisonniers-passe-de-mervyn-leroy\/\" \/>\n<meta property=\"og:locale\" content=\"fr_FR\" \/>\n<meta property=\"og:type\" content=\"article\" \/>\n<meta property=\"og:title\" content=\"Prisonniers du pass\u00e9 de Mervyn LeRoy - Olivier P\u00e8re\" \/>\n<meta property=\"og:description\" content=\"ARTE diffuse Prisonniers du pass\u00e9 (Random Harvest, 1942) lundi 7 mai \u00e0 13h30. Produit par la MGM et r\u00e9alis\u00e9 par\u2026\" \/>\n<meta property=\"og:url\" content=\"https:\/\/www.arte.tv\/sites\/olivierpere\/2018\/04\/17\/prisonniers-passe-de-mervyn-leroy\/\" \/>\n<meta property=\"og:site_name\" content=\"Olivier P\u00e8re\" \/>\n<meta property=\"article:published_time\" content=\"2018-04-17T19:51:10+00:00\" \/>\n<meta property=\"article:modified_time\" content=\"2018-04-21T19:51:34+00:00\" \/>\n<meta property=\"og:image\" content=\"https:\/\/www.arte.tv\/sites\/olivierpere\/files\/prisonniers_du_passe.jpg\" \/>\n\t<meta property=\"og:image:width\" content=\"1000\" \/>\n\t<meta property=\"og:image:height\" content=\"1359\" \/>\n\t<meta property=\"og:image:type\" content=\"image\/jpeg\" \/>\n<meta name=\"author\" content=\"Olivier P\u00e8re\" \/>\n<meta name=\"twitter:label1\" content=\"\u00c9crit par\" \/>\n\t<meta name=\"twitter:data1\" content=\"Olivier P\u00e8re\" \/>\n\t<meta name=\"twitter:label2\" content=\"Dur\u00e9e de lecture estim\u00e9e\" \/>\n\t<meta name=\"twitter:data2\" content=\"2 minutes\" \/>\n<script type=\"application\/ld+json\" class=\"yoast-schema-graph\">{\"@context\":\"https:\/\/schema.org\",\"@graph\":[{\"@type\":\"WebPage\",\"@id\":\"https:\/\/www.arte.tv\/sites\/olivierpere\/2018\/04\/17\/prisonniers-passe-de-mervyn-leroy\/\",\"url\":\"https:\/\/www.arte.tv\/sites\/olivierpere\/2018\/04\/17\/prisonniers-passe-de-mervyn-leroy\/\",\"name\":\"Prisonniers du pass\u00e9 de Mervyn LeRoy - Olivier P\u00e8re\",\"isPartOf\":{\"@id\":\"https:\/\/www.arte.tv\/sites\/olivierpere\/#website\"},\"datePublished\":\"2018-04-17T19:51:10+00:00\",\"dateModified\":\"2018-04-21T19:51:34+00:00\",\"author\":{\"@id\":\"https:\/\/www.arte.tv\/sites\/olivierpere\/#\/schema\/person\/dc32cd6c79be95e52d43b97a74182558\"},\"breadcrumb\":{\"@id\":\"https:\/\/www.arte.tv\/sites\/olivierpere\/2018\/04\/17\/prisonniers-passe-de-mervyn-leroy\/#breadcrumb\"},\"inLanguage\":\"fr-FR\",\"potentialAction\":[{\"@type\":\"ReadAction\",\"target\":[\"https:\/\/www.arte.tv\/sites\/olivierpere\/2018\/04\/17\/prisonniers-passe-de-mervyn-leroy\/\"]}]},{\"@type\":\"BreadcrumbList\",\"@id\":\"https:\/\/www.arte.tv\/sites\/olivierpere\/2018\/04\/17\/prisonniers-passe-de-mervyn-leroy\/#breadcrumb\",\"itemListElement\":[{\"@type\":\"ListItem\",\"position\":1,\"name\":\"Home\",\"item\":\"https:\/\/www.arte.tv\/sites\/olivierpere\/\"},{\"@type\":\"ListItem\",\"position\":2,\"name\":\"Prisonniers du pass\u00e9 de Mervyn LeRoy\"}]},{\"@type\":\"WebSite\",\"@id\":\"https:\/\/www.arte.tv\/sites\/olivierpere\/#website\",\"url\":\"https:\/\/www.arte.tv\/sites\/olivierpere\/\",\"name\":\"Olivier P\u00e8re\",\"description\":\"\",\"potentialAction\":[{\"@type\":\"SearchAction\",\"target\":{\"@type\":\"EntryPoint\",\"urlTemplate\":\"https:\/\/www.arte.tv\/sites\/olivierpere\/?s={search_term_string}\"},\"query-input\":\"required name=search_term_string\"}],\"inLanguage\":\"fr-FR\"},{\"@type\":\"Person\",\"@id\":\"https:\/\/www.arte.tv\/sites\/olivierpere\/#\/schema\/person\/dc32cd6c79be95e52d43b97a74182558\",\"name\":\"Olivier P\u00e8re\",\"image\":{\"@type\":\"ImageObject\",\"inLanguage\":\"fr-FR\",\"@id\":\"https:\/\/www.arte.tv\/sites\/olivierpere\/#\/schema\/person\/image\/\",\"url\":\"https:\/\/secure.gravatar.com\/avatar\/bdea7b6a2c195e2c41772429a9694758?s=96&d=mm&r=g\",\"contentUrl\":\"https:\/\/secure.gravatar.com\/avatar\/bdea7b6a2c195e2c41772429a9694758?s=96&d=mm&r=g\",\"caption\":\"Olivier P\u00e8re\"},\"url\":\"https:\/\/www.arte.tv\/sites\/olivierpere\/author\/pereolivier\/\"}]}<\/script>\n<!-- \/ Yoast SEO plugin. -->","yoast_head_json":{"title":"Prisonniers du pass\u00e9 de Mervyn LeRoy - Olivier P\u00e8re","robots":{"index":"index","follow":"follow","max-snippet":"max-snippet:-1","max-image-preview":"max-image-preview:large","max-video-preview":"max-video-preview:-1"},"canonical":"https:\/\/www.arte.tv\/sites\/olivierpere\/2018\/04\/17\/prisonniers-passe-de-mervyn-leroy\/","og_locale":"fr_FR","og_type":"article","og_title":"Prisonniers du pass\u00e9 de Mervyn LeRoy - Olivier P\u00e8re","og_description":"ARTE diffuse Prisonniers du pass\u00e9 (Random Harvest, 1942) lundi 7 mai \u00e0 13h30. Produit par la MGM et r\u00e9alis\u00e9 par\u2026","og_url":"https:\/\/www.arte.tv\/sites\/olivierpere\/2018\/04\/17\/prisonniers-passe-de-mervyn-leroy\/","og_site_name":"Olivier P\u00e8re","article_published_time":"2018-04-17T19:51:10+00:00","article_modified_time":"2018-04-21T19:51:34+00:00","og_image":[{"width":1000,"height":1359,"url":"https:\/\/www.arte.tv\/sites\/olivierpere\/files\/prisonniers_du_passe.jpg","type":"image\/jpeg"}],"author":"Olivier P\u00e8re","twitter_misc":{"\u00c9crit par":"Olivier P\u00e8re","Dur\u00e9e de lecture estim\u00e9e":"2 minutes"},"schema":{"@context":"https:\/\/schema.org","@graph":[{"@type":"WebPage","@id":"https:\/\/www.arte.tv\/sites\/olivierpere\/2018\/04\/17\/prisonniers-passe-de-mervyn-leroy\/","url":"https:\/\/www.arte.tv\/sites\/olivierpere\/2018\/04\/17\/prisonniers-passe-de-mervyn-leroy\/","name":"Prisonniers du pass\u00e9 de Mervyn LeRoy - Olivier P\u00e8re","isPartOf":{"@id":"https:\/\/www.arte.tv\/sites\/olivierpere\/#website"},"datePublished":"2018-04-17T19:51:10+00:00","dateModified":"2018-04-21T19:51:34+00:00","author":{"@id":"https:\/\/www.arte.tv\/sites\/olivierpere\/#\/schema\/person\/dc32cd6c79be95e52d43b97a74182558"},"breadcrumb":{"@id":"https:\/\/www.arte.tv\/sites\/olivierpere\/2018\/04\/17\/prisonniers-passe-de-mervyn-leroy\/#breadcrumb"},"inLanguage":"fr-FR","potentialAction":[{"@type":"ReadAction","target":["https:\/\/www.arte.tv\/sites\/olivierpere\/2018\/04\/17\/prisonniers-passe-de-mervyn-leroy\/"]}]},{"@type":"BreadcrumbList","@id":"https:\/\/www.arte.tv\/sites\/olivierpere\/2018\/04\/17\/prisonniers-passe-de-mervyn-leroy\/#breadcrumb","itemListElement":[{"@type":"ListItem","position":1,"name":"Home","item":"https:\/\/www.arte.tv\/sites\/olivierpere\/"},{"@type":"ListItem","position":2,"name":"Prisonniers du pass\u00e9 de Mervyn LeRoy"}]},{"@type":"WebSite","@id":"https:\/\/www.arte.tv\/sites\/olivierpere\/#website","url":"https:\/\/www.arte.tv\/sites\/olivierpere\/","name":"Olivier P\u00e8re","description":"","potentialAction":[{"@type":"SearchAction","target":{"@type":"EntryPoint","urlTemplate":"https:\/\/www.arte.tv\/sites\/olivierpere\/?s={search_term_string}"},"query-input":"required name=search_term_string"}],"inLanguage":"fr-FR"},{"@type":"Person","@id":"https:\/\/www.arte.tv\/sites\/olivierpere\/#\/schema\/person\/dc32cd6c79be95e52d43b97a74182558","name":"Olivier P\u00e8re","image":{"@type":"ImageObject","inLanguage":"fr-FR","@id":"https:\/\/www.arte.tv\/sites\/olivierpere\/#\/schema\/person\/image\/","url":"https:\/\/secure.gravatar.com\/avatar\/bdea7b6a2c195e2c41772429a9694758?s=96&d=mm&r=g","contentUrl":"https:\/\/secure.gravatar.com\/avatar\/bdea7b6a2c195e2c41772429a9694758?s=96&d=mm&r=g","caption":"Olivier P\u00e8re"},"url":"https:\/\/www.arte.tv\/sites\/olivierpere\/author\/pereolivier\/"}]}},"_links":{"self":[{"href":"https:\/\/www.arte.tv\/sites\/olivierpere\/wp-json\/wp\/v2\/posts\/22042"}],"collection":[{"href":"https:\/\/www.arte.tv\/sites\/olivierpere\/wp-json\/wp\/v2\/posts"}],"about":[{"href":"https:\/\/www.arte.tv\/sites\/olivierpere\/wp-json\/wp\/v2\/types\/post"}],"author":[{"embeddable":true,"href":"https:\/\/www.arte.tv\/sites\/olivierpere\/wp-json\/wp\/v2\/users\/116"}],"replies":[{"embeddable":true,"href":"https:\/\/www.arte.tv\/sites\/olivierpere\/wp-json\/wp\/v2\/comments?post=22042"}],"version-history":[{"count":1,"href":"https:\/\/www.arte.tv\/sites\/olivierpere\/wp-json\/wp\/v2\/posts\/22042\/revisions"}],"predecessor-version":[{"id":22044,"href":"https:\/\/www.arte.tv\/sites\/olivierpere\/wp-json\/wp\/v2\/posts\/22042\/revisions\/22044"}],"wp:featuredmedia":[{"embeddable":true,"href":"https:\/\/www.arte.tv\/sites\/olivierpere\/wp-json\/wp\/v2\/media\/22043"}],"wp:attachment":[{"href":"https:\/\/www.arte.tv\/sites\/olivierpere\/wp-json\/wp\/v2\/media?parent=22042"}],"wp:term":[{"taxonomy":"category","embeddable":true,"href":"https:\/\/www.arte.tv\/sites\/olivierpere\/wp-json\/wp\/v2\/categories?post=22042"},{"taxonomy":"post_tag","embeddable":true,"href":"https:\/\/www.arte.tv\/sites\/olivierpere\/wp-json\/wp\/v2\/tags?post=22042"}],"curies":[{"name":"wp","href":"https:\/\/api.w.org\/{rel}","templated":true}]}}