{"id":220,"date":"2011-01-06T09:59:54","date_gmt":"2011-01-06T08:59:54","guid":{"rendered":"http:\/\/olivierpere.wordpress.com\/?p=220"},"modified":"2016-12-26T10:46:54","modified_gmt":"2016-12-26T09:46:54","slug":"les-10-meilleurs-films-de-2010-sortis-en-france-entre-le-6-janvier-et-le-29-decembre","status":"publish","type":"post","link":"https:\/\/www.arte.tv\/sites\/olivierpere\/2011\/01\/06\/les-10-meilleurs-films-de-2010-sortis-en-france-entre-le-6-janvier-et-le-29-decembre\/","title":{"rendered":"Les meilleurs films de l&rsquo;ann\u00e9e 2010"},"content":{"rendered":"<p>&nbsp;<\/p>\n<div id=\"attachment_7902\" style=\"width: 650px\" class=\"wp-caption alignnone\"><a href=\"https:\/\/www.arte.tv\/sites\/olivierpere\/files\/2012\/10\/2010_the_ghost_writer_012.jpg\"><img aria-describedby=\"caption-attachment-7902\" decoding=\"async\" loading=\"lazy\" class=\"size-full wp-image-7902\" src=\"https:\/\/www.arte.tv\/sites\/olivierpere\/files\/2012\/10\/2010_the_ghost_writer_012.jpg\" alt=\"The Ghost Writer\" width=\"640\" height=\"378\" srcset=\"https:\/\/www.arte.tv\/sites\/olivierpere\/files\/2012\/10\/2010_the_ghost_writer_012.jpg 3044w, https:\/\/www.arte.tv\/sites\/olivierpere\/files\/2012\/10\/2010_the_ghost_writer_012-473x280.jpg 473w, https:\/\/www.arte.tv\/sites\/olivierpere\/files\/2012\/10\/2010_the_ghost_writer_012-1024x605.jpg 1024w, https:\/\/www.arte.tv\/sites\/olivierpere\/files\/2012\/10\/2010_the_ghost_writer_012-580x342.jpg 580w\" sizes=\"(max-width: 640px) 100vw, 640px\" \/><\/a><p id=\"caption-attachment-7902\" class=\"wp-caption-text\">The Ghost Writer<\/p><\/div>\n<p><span style=\"font-family: arial;font-size: 10pt\">Comme de nombreux critiques et cin\u00e9philes, je sacrifie \u00e0 la tradition de la liste annuelle des dix meilleurs films de 2010 (selon moi, et qui a \u00e9galement \u00e9t\u00e9 publi\u00e9e dans le num\u00e9ro sp\u00e9cial fin d\u2019ann\u00e9e des \u00ab Inrockuptibles \u00bb), \u00e9largie \u00e0 (presque) tous les films remarquables que j\u2019ai vu et aim\u00e9 ces douze derniers mois, sortis en France entre le 6 janvier et le 29 d\u00e9cembre. On notera la pr\u00e9sence d\u2019un film qui n\u2019en est pas tout \u00e0 fait un (une mini-s\u00e9rie produite pour la t\u00e9l\u00e9vision et diffus\u00e9e sur le petit \u00e9cran), mais qui a b\u00e9n\u00e9fici\u00e9 d\u2019une s\u00e9lection officielle au Festival de Cannes dans sa version t\u00e9l\u00e9vis\u00e9e, sup\u00e9rieure \u00e0 celle, \u00e9court\u00e9e, qui fut exploit\u00e9e en salles : <em>Carlos<\/em> d\u2019Olivier Assayas. Il manque bien s\u00fbr les quelques titres que je n\u2019ai pas eus le temps d\u2019aller voir et qui ne sont pas encore sortis en DVD. <em>Unstoppable<\/em> de Tony Scott ou <em>Scott Pilgrim<\/em> d\u2019Edgar Wright pour les citer, on y reviendra si cela en vaut la peine. Il y a aussi les films vus dans les festivals (y compris Locarno !) et pas encore distribu\u00e9s commercialement. Ils comptent d\u2019ores et d\u00e9j\u00e0 parmi les films les plus attendus de 2011. J\u2019ai ajout\u00e9 un in\u00e9dit dont la sortie dans les salles n\u2019est pas garantie. <\/span><\/p>\n<p><span style=\"font-family: arial;font-size: 10pt\">1 &#8211; <em>The Ghost Writer<\/em> de Roman Polanski<br \/>\n2 &#8211; <em>Carlos<\/em> (version longue) d\u2019Olivier Assayas<br \/>\n3 &#8211; <em>Policier, adjectif<\/em> de Corneliu Porumboiu<br \/>\n4 &#8211; <em>Myst\u00e8res<\/em> de Lisbonne de Ra\u00fal Ruiz<br \/>\n5 &#8211; <em>Vous allez rencontrer un bel et sombre inconnu<\/em> de Woody Allen<br \/>\n6 &#8211;<em> Fantastic Mr. Fox<\/em> de Wes Anderson<br \/>\n7 &#8211; <em>Mother<\/em> de Bong Joon-ho<br \/>\n8 &#8211; <em>Oncle Boonmee (celui qui se souvient de ses vies ant\u00e9rieures)<\/em><br \/>\nd\u2019Apichatpong Weerasethakul<br \/>\n9 &#8211; <em>Ne change rien<\/em> de Pedro Costa<br \/>\n10 &#8211; <em>Bright Star<\/em> de Jane Campion<\/span><\/p>\n<p><span style=\"font-family: arial;font-size: 10pt\">Grands cin\u00e9astes en grande forme:<br \/>\n<em>Copie conforme<\/em> d\u2019Abbas Kiarostami<br \/>\n<em>Au fond des bois<\/em> de Benoit Jacquot<br \/>\n<em>The Social Network<\/em> de David Fincher<br \/>\n<em>Invictus<\/em> de Clint Eastwood<br \/>\n<em>Another Year<\/em> de Mike Leigh<br \/>\n<em>La Terre de la folie<\/em> de Luc Moullet<br \/>\n<em>Le Soldat dieu<\/em> de Koji Wakamatsu<br \/>\n<em>Les Femmes de mes amis<\/em> de Hong Sangsoo<br \/>\n<em>Film Socialisme<\/em> de Jean-Luc Godard<br \/>\n<em>Des hommes et des dieux<\/em> de Xavier Beauvois<br \/>\n<em>Chantrapas<\/em> d\u2019Otar Iosseliani<br \/>\n<em>Poetry<\/em> de Lee Changdong<\/span><\/p>\n<p><span style=\"font-family: arial;font-size: 10pt\">Outsiders:<br \/>\n<em>Toy Story 3<\/em> de Lee Unkrich<br \/>\n<em>Le Temps des gr\u00e2ces<\/em> de Dominique Marchais<br \/>\n<em>Esther<\/em> de Jaume Collet-Serra<br \/>\n<em>Jackass 3D<\/em> de Jeff Tremaine<br \/>\n<em>Ajami<\/em> de Scandar Copti et Yaron Shani<br \/>\n<em>Eastern Plays<\/em> de Kamen Kalev<br \/>\n<em>Belle Epine<\/em> de Rebecca Zlotowski<br \/>\n<em>Rubber<\/em> de Quentin Dupieux<br \/>\n<em>Memory Lane<\/em> de Mikha\u00ebl Hers<br \/>\n<em>Machete<\/em> de Robert Rodriguez<br \/>\n<em>Monsters<\/em> de Gareth Edwards<br \/>\n<em>Alamar<\/em> de Pedro Gonzalez-Rubio<br \/>\n<em>Everyone Else<\/em> de Maren Ade<br \/>\n<em>Mardi, apr\u00e8s No\u00ebl<\/em> de Radu Muntean<br \/>\n<em>Le Voyage du directeur des ressources humaines<\/em> de Eran Riklis<br \/>\n<em>Bas-fonds<\/em> d\u2019Isild Le Besco<br \/>\n<em>La Pivellina<\/em> de Tizza Covi et Rainer Frimmel<br \/>\n<em>Kick-Ass<\/em> de Matthew Vaughn<br \/>\n<em>Greenberg<\/em> de Noah Baumbach<br \/>\n<em>Lenny and the Kids (Go Get Some Rosemary)<\/em> de Josh et Benny Safdie<br \/>\n<em>Mourir comme un homme<\/em> de Jo\u00e3o Pedro Rodrigues<br \/>\n<em>Copacabana<\/em> de Marc Fitoussi<br \/>\n<em>Piranha 3D<\/em> d\u2019Alexandre Aja<br \/>\n<em>Le Dernier Exorcisme<\/em> de Daniel Stamm<br \/>\n<em>Cyrus<\/em> de Jay et Mark Duplass<br \/>\n<em>Homme au bain<\/em> de Christophe Honor\u00e9<br \/>\n<em>Buried<\/em> de Rodrigo Cort\u00e9s<br \/>\n<em>La Reine des pommes<\/em> de Val\u00e9rie Donzelli<\/span><\/p>\n<p><span style=\"font-family: arial;font-size: 10pt\">Un in\u00e9dit:<br \/>\n<em>Promises Written on Water<\/em> de Vincent Gallo<\/span><\/p>\n","protected":false},"excerpt":{"rendered":"<p>&nbsp; Comme de nombreux critiques et cin\u00e9philes, je sacrifie \u00e0 la tradition de la liste annuelle des dix meilleurs films\u2026<\/p>\n","protected":false},"author":116,"featured_media":9364,"comment_status":"open","ping_status":"open","sticky":false,"template":"","format":"standard","meta":[],"categories":[9],"tags":[],"yoast_head":"<!-- This site is optimized with the Yoast SEO plugin v20.8 - https:\/\/yoast.com\/wordpress\/plugins\/seo\/ -->\n<title>Les meilleurs films de l&#039;ann\u00e9e 2010 - Olivier P\u00e8re<\/title>\n<meta name=\"robots\" content=\"index, follow, max-snippet:-1, max-image-preview:large, max-video-preview:-1\" \/>\n<link rel=\"canonical\" href=\"https:\/\/www.arte.tv\/sites\/olivierpere\/2011\/01\/06\/les-10-meilleurs-films-de-2010-sortis-en-france-entre-le-6-janvier-et-le-29-decembre\/\" \/>\n<meta property=\"og:locale\" content=\"fr_FR\" \/>\n<meta property=\"og:type\" content=\"article\" \/>\n<meta property=\"og:title\" content=\"Les meilleurs films de l&#039;ann\u00e9e 2010 - Olivier P\u00e8re\" \/>\n<meta property=\"og:description\" content=\"&nbsp; Comme de nombreux critiques et cin\u00e9philes, je sacrifie \u00e0 la tradition de la liste annuelle des dix meilleurs films\u2026\" \/>\n<meta property=\"og:url\" content=\"https:\/\/www.arte.tv\/sites\/olivierpere\/2011\/01\/06\/les-10-meilleurs-films-de-2010-sortis-en-france-entre-le-6-janvier-et-le-29-decembre\/\" \/>\n<meta property=\"og:site_name\" content=\"Olivier P\u00e8re\" \/>\n<meta property=\"article:published_time\" content=\"2011-01-06T08:59:54+00:00\" \/>\n<meta property=\"article:modified_time\" content=\"2016-12-26T09:46:54+00:00\" \/>\n<meta property=\"og:image\" content=\"https:\/\/www.arte.tv\/sites\/olivierpere\/files\/2011\/01\/ghostwriter.jpg\" \/>\n\t<meta property=\"og:image:width\" content=\"1172\" \/>\n\t<meta property=\"og:image:height\" content=\"761\" \/>\n\t<meta property=\"og:image:type\" content=\"image\/jpeg\" \/>\n<meta name=\"author\" content=\"Olivier P\u00e8re\" \/>\n<meta name=\"twitter:label1\" content=\"\u00c9crit par\" \/>\n\t<meta name=\"twitter:data1\" content=\"Olivier P\u00e8re\" \/>\n\t<meta name=\"twitter:label2\" content=\"Dur\u00e9e de lecture estim\u00e9e\" \/>\n\t<meta name=\"twitter:data2\" content=\"3 minutes\" \/>\n<script type=\"application\/ld+json\" class=\"yoast-schema-graph\">{\"@context\":\"https:\/\/schema.org\",\"@graph\":[{\"@type\":\"WebPage\",\"@id\":\"https:\/\/www.arte.tv\/sites\/olivierpere\/2011\/01\/06\/les-10-meilleurs-films-de-2010-sortis-en-france-entre-le-6-janvier-et-le-29-decembre\/\",\"url\":\"https:\/\/www.arte.tv\/sites\/olivierpere\/2011\/01\/06\/les-10-meilleurs-films-de-2010-sortis-en-france-entre-le-6-janvier-et-le-29-decembre\/\",\"name\":\"Les meilleurs films de l'ann\u00e9e 2010 - Olivier P\u00e8re\",\"isPartOf\":{\"@id\":\"https:\/\/www.arte.tv\/sites\/olivierpere\/#website\"},\"datePublished\":\"2011-01-06T08:59:54+00:00\",\"dateModified\":\"2016-12-26T09:46:54+00:00\",\"author\":{\"@id\":\"https:\/\/www.arte.tv\/sites\/olivierpere\/#\/schema\/person\/dc32cd6c79be95e52d43b97a74182558\"},\"breadcrumb\":{\"@id\":\"https:\/\/www.arte.tv\/sites\/olivierpere\/2011\/01\/06\/les-10-meilleurs-films-de-2010-sortis-en-france-entre-le-6-janvier-et-le-29-decembre\/#breadcrumb\"},\"inLanguage\":\"fr-FR\",\"potentialAction\":[{\"@type\":\"ReadAction\",\"target\":[\"https:\/\/www.arte.tv\/sites\/olivierpere\/2011\/01\/06\/les-10-meilleurs-films-de-2010-sortis-en-france-entre-le-6-janvier-et-le-29-decembre\/\"]}]},{\"@type\":\"BreadcrumbList\",\"@id\":\"https:\/\/www.arte.tv\/sites\/olivierpere\/2011\/01\/06\/les-10-meilleurs-films-de-2010-sortis-en-france-entre-le-6-janvier-et-le-29-decembre\/#breadcrumb\",\"itemListElement\":[{\"@type\":\"ListItem\",\"position\":1,\"name\":\"Home\",\"item\":\"https:\/\/www.arte.tv\/sites\/olivierpere\/\"},{\"@type\":\"ListItem\",\"position\":2,\"name\":\"Les meilleurs films de l&rsquo;ann\u00e9e 2010\"}]},{\"@type\":\"WebSite\",\"@id\":\"https:\/\/www.arte.tv\/sites\/olivierpere\/#website\",\"url\":\"https:\/\/www.arte.tv\/sites\/olivierpere\/\",\"name\":\"Olivier P\u00e8re\",\"description\":\"\",\"potentialAction\":[{\"@type\":\"SearchAction\",\"target\":{\"@type\":\"EntryPoint\",\"urlTemplate\":\"https:\/\/www.arte.tv\/sites\/olivierpere\/?s={search_term_string}\"},\"query-input\":\"required name=search_term_string\"}],\"inLanguage\":\"fr-FR\"},{\"@type\":\"Person\",\"@id\":\"https:\/\/www.arte.tv\/sites\/olivierpere\/#\/schema\/person\/dc32cd6c79be95e52d43b97a74182558\",\"name\":\"Olivier P\u00e8re\",\"image\":{\"@type\":\"ImageObject\",\"inLanguage\":\"fr-FR\",\"@id\":\"https:\/\/www.arte.tv\/sites\/olivierpere\/#\/schema\/person\/image\/\",\"url\":\"https:\/\/secure.gravatar.com\/avatar\/bdea7b6a2c195e2c41772429a9694758?s=96&d=mm&r=g\",\"contentUrl\":\"https:\/\/secure.gravatar.com\/avatar\/bdea7b6a2c195e2c41772429a9694758?s=96&d=mm&r=g\",\"caption\":\"Olivier P\u00e8re\"},\"url\":\"https:\/\/www.arte.tv\/sites\/olivierpere\/author\/pereolivier\/\"}]}<\/script>\n<!-- \/ Yoast SEO plugin. -->","yoast_head_json":{"title":"Les meilleurs films de l'ann\u00e9e 2010 - Olivier P\u00e8re","robots":{"index":"index","follow":"follow","max-snippet":"max-snippet:-1","max-image-preview":"max-image-preview:large","max-video-preview":"max-video-preview:-1"},"canonical":"https:\/\/www.arte.tv\/sites\/olivierpere\/2011\/01\/06\/les-10-meilleurs-films-de-2010-sortis-en-france-entre-le-6-janvier-et-le-29-decembre\/","og_locale":"fr_FR","og_type":"article","og_title":"Les meilleurs films de l'ann\u00e9e 2010 - Olivier P\u00e8re","og_description":"&nbsp; Comme de nombreux critiques et cin\u00e9philes, je sacrifie \u00e0 la tradition de la liste annuelle des dix meilleurs films\u2026","og_url":"https:\/\/www.arte.tv\/sites\/olivierpere\/2011\/01\/06\/les-10-meilleurs-films-de-2010-sortis-en-france-entre-le-6-janvier-et-le-29-decembre\/","og_site_name":"Olivier P\u00e8re","article_published_time":"2011-01-06T08:59:54+00:00","article_modified_time":"2016-12-26T09:46:54+00:00","og_image":[{"width":"1172","height":"761","url":"https:\/\/www.arte.tv\/sites\/olivierpere\/files\/2011\/01\/ghostwriter.jpg","type":"image\/jpeg"}],"author":"Olivier P\u00e8re","twitter_misc":{"\u00c9crit par":"Olivier P\u00e8re","Dur\u00e9e de lecture estim\u00e9e":"3 minutes"},"schema":{"@context":"https:\/\/schema.org","@graph":[{"@type":"WebPage","@id":"https:\/\/www.arte.tv\/sites\/olivierpere\/2011\/01\/06\/les-10-meilleurs-films-de-2010-sortis-en-france-entre-le-6-janvier-et-le-29-decembre\/","url":"https:\/\/www.arte.tv\/sites\/olivierpere\/2011\/01\/06\/les-10-meilleurs-films-de-2010-sortis-en-france-entre-le-6-janvier-et-le-29-decembre\/","name":"Les meilleurs films de l'ann\u00e9e 2010 - Olivier P\u00e8re","isPartOf":{"@id":"https:\/\/www.arte.tv\/sites\/olivierpere\/#website"},"datePublished":"2011-01-06T08:59:54+00:00","dateModified":"2016-12-26T09:46:54+00:00","author":{"@id":"https:\/\/www.arte.tv\/sites\/olivierpere\/#\/schema\/person\/dc32cd6c79be95e52d43b97a74182558"},"breadcrumb":{"@id":"https:\/\/www.arte.tv\/sites\/olivierpere\/2011\/01\/06\/les-10-meilleurs-films-de-2010-sortis-en-france-entre-le-6-janvier-et-le-29-decembre\/#breadcrumb"},"inLanguage":"fr-FR","potentialAction":[{"@type":"ReadAction","target":["https:\/\/www.arte.tv\/sites\/olivierpere\/2011\/01\/06\/les-10-meilleurs-films-de-2010-sortis-en-france-entre-le-6-janvier-et-le-29-decembre\/"]}]},{"@type":"BreadcrumbList","@id":"https:\/\/www.arte.tv\/sites\/olivierpere\/2011\/01\/06\/les-10-meilleurs-films-de-2010-sortis-en-france-entre-le-6-janvier-et-le-29-decembre\/#breadcrumb","itemListElement":[{"@type":"ListItem","position":1,"name":"Home","item":"https:\/\/www.arte.tv\/sites\/olivierpere\/"},{"@type":"ListItem","position":2,"name":"Les meilleurs films de l&rsquo;ann\u00e9e 2010"}]},{"@type":"WebSite","@id":"https:\/\/www.arte.tv\/sites\/olivierpere\/#website","url":"https:\/\/www.arte.tv\/sites\/olivierpere\/","name":"Olivier P\u00e8re","description":"","potentialAction":[{"@type":"SearchAction","target":{"@type":"EntryPoint","urlTemplate":"https:\/\/www.arte.tv\/sites\/olivierpere\/?s={search_term_string}"},"query-input":"required name=search_term_string"}],"inLanguage":"fr-FR"},{"@type":"Person","@id":"https:\/\/www.arte.tv\/sites\/olivierpere\/#\/schema\/person\/dc32cd6c79be95e52d43b97a74182558","name":"Olivier P\u00e8re","image":{"@type":"ImageObject","inLanguage":"fr-FR","@id":"https:\/\/www.arte.tv\/sites\/olivierpere\/#\/schema\/person\/image\/","url":"https:\/\/secure.gravatar.com\/avatar\/bdea7b6a2c195e2c41772429a9694758?s=96&d=mm&r=g","contentUrl":"https:\/\/secure.gravatar.com\/avatar\/bdea7b6a2c195e2c41772429a9694758?s=96&d=mm&r=g","caption":"Olivier P\u00e8re"},"url":"https:\/\/www.arte.tv\/sites\/olivierpere\/author\/pereolivier\/"}]}},"_links":{"self":[{"href":"https:\/\/www.arte.tv\/sites\/olivierpere\/wp-json\/wp\/v2\/posts\/220"}],"collection":[{"href":"https:\/\/www.arte.tv\/sites\/olivierpere\/wp-json\/wp\/v2\/posts"}],"about":[{"href":"https:\/\/www.arte.tv\/sites\/olivierpere\/wp-json\/wp\/v2\/types\/post"}],"author":[{"embeddable":true,"href":"https:\/\/www.arte.tv\/sites\/olivierpere\/wp-json\/wp\/v2\/users\/116"}],"replies":[{"embeddable":true,"href":"https:\/\/www.arte.tv\/sites\/olivierpere\/wp-json\/wp\/v2\/comments?post=220"}],"version-history":[{"count":4,"href":"https:\/\/www.arte.tv\/sites\/olivierpere\/wp-json\/wp\/v2\/posts\/220\/revisions"}],"predecessor-version":[{"id":19738,"href":"https:\/\/www.arte.tv\/sites\/olivierpere\/wp-json\/wp\/v2\/posts\/220\/revisions\/19738"}],"wp:featuredmedia":[{"embeddable":true,"href":"https:\/\/www.arte.tv\/sites\/olivierpere\/wp-json\/wp\/v2\/media\/9364"}],"wp:attachment":[{"href":"https:\/\/www.arte.tv\/sites\/olivierpere\/wp-json\/wp\/v2\/media?parent=220"}],"wp:term":[{"taxonomy":"category","embeddable":true,"href":"https:\/\/www.arte.tv\/sites\/olivierpere\/wp-json\/wp\/v2\/categories?post=220"},{"taxonomy":"post_tag","embeddable":true,"href":"https:\/\/www.arte.tv\/sites\/olivierpere\/wp-json\/wp\/v2\/tags?post=220"}],"curies":[{"name":"wp","href":"https:\/\/api.w.org\/{rel}","templated":true}]}}