{"id":21989,"date":"2018-03-11T15:31:55","date_gmt":"2018-03-11T14:31:55","guid":{"rendered":"https:\/\/www.arte.tv\/sites\/olivierpere\/?p=21989"},"modified":"2018-03-28T15:32:38","modified_gmt":"2018-03-28T14:32:38","slug":"letreinte-serpent-de-ciro-guerra","status":"publish","type":"post","link":"https:\/\/www.arte.tv\/sites\/olivierpere\/2018\/03\/11\/letreinte-serpent-de-ciro-guerra\/","title":{"rendered":"L&rsquo;Etreinte du serpent de Ciro Guerra"},"content":{"rendered":"<p><strong>ARTE diffuse lundi 30 avril \u00e0 22h50 <em>L\u2019Etreinte du serpent<\/em> (<em>El Abrazo e la Serpiente<\/em>) de Ciro Guerra, d\u00e9couvert en 2015 \u00e0 la Quinzaine des R\u00e9alisateurs \u00e0 Cannes. Le film sera \u00e9galement disponible en t\u00e9l\u00e9vision de rattrapage pendant sept jours sur le site d\u2019ARTE.<\/strong><\/p>\n<p><strong>Il n\u2019est plus si fr\u00e9quent qu\u2019un long m\u00e9trage de cin\u00e9ma nous invite \u00e0 exp\u00e9rience sensorielle extraordinaire et myst\u00e9rieuse qui red\u00e9finit la notion d\u2019aventure. Il faut reconna\u00eetre cette qualit\u00e9 au troisi\u00e8me film de Ciro Guerra, r\u00e9alisateur colombien n\u00e9 en 1981. <em>L\u2019Etreinte du serpent<\/em> est un voyage au c\u0153ur de l\u2019Amazonie colombienne \u00e0 deux \u00e9poques diff\u00e9rentes, \u00e0 la recherche de la Yakruna, une plante sacr\u00e9e tr\u00e8s puissante qui agit sur les r\u00eaves, et poss\u00e8de la vertu de soigner le corps et l\u2019esprit. Le film de Ciro Guerra est ainsi l\u2019histoire d\u2019une rencontre d\u00e9doubl\u00e9e, \u00e0 deux \u00e2ge de la vie d\u2019un homme, t\u00e9moin imperturbable de la fin d\u2019un monde.<\/strong><\/p>\n<p><strong><em>L\u2019Etreinte du serpent<\/em> est le premier film de fiction colombien dont le personnage principal est un Indien. Karamakate est un chamane qui vit retir\u00e9 dans la for\u00eat. Gardien de connaissances ancestrales, il va servir de guide \u00e0 deux explorateurs occidentaux. Ils croiseront sur leur chemin plusieurs manifestations inqui\u00e9tantes de fanatisme religieux.<\/strong><\/p>\n<p><strong>Le r\u00e9alisateur Ciro Guerra rend hommage aux populations indiennes, dans une r\u00e9gion d\u00e9vast\u00e9e par la colonisation, la christianisation forc\u00e9e qui juge les indiens comme des d\u00e9mons et le pillage des ressources naturelles. <em>L\u2019Etreinte du serpent<\/em> n\u2019est pourtant pas un pamphlet \u00e9cologiste ou politique. C\u2019est une \u0153uvre aux images superbes (en noir et blanc) qui adopte un rapport au temps, au r\u00e8gne animal et \u00e0 la nature propre \u00e0 la culture autochtone. <em>L\u2019Etreinte du serpent<\/em> acc\u00e8de \u00e0 une dimension hypnotique et m\u00eame hallucinatoire sans avoir recours \u00e0 des trucages grossiers.<\/strong><\/p>\n<div id=\"attachment_21990\" style=\"width: 1290px\" class=\"wp-caption alignnone\"><img aria-describedby=\"caption-attachment-21990\" decoding=\"async\" loading=\"lazy\" class=\"size-full wp-image-21990\" src=\"https:\/\/www.arte.tv\/sites\/olivierpere\/files\/maxresdefault-8.jpg\" alt=\"L'Etreinte du serpent de Ciro Guerra\" width=\"1280\" height=\"720\" srcset=\"https:\/\/www.arte.tv\/sites\/olivierpere\/files\/maxresdefault-8.jpg 1280w, https:\/\/www.arte.tv\/sites\/olivierpere\/files\/maxresdefault-8-498x280.jpg 498w, https:\/\/www.arte.tv\/sites\/olivierpere\/files\/maxresdefault-8-768x432.jpg 768w, https:\/\/www.arte.tv\/sites\/olivierpere\/files\/maxresdefault-8-1024x576.jpg 1024w, https:\/\/www.arte.tv\/sites\/olivierpere\/files\/maxresdefault-8-580x326.jpg 580w\" sizes=\"(max-width: 1280px) 100vw, 1280px\" \/><p id=\"caption-attachment-21990\" class=\"wp-caption-text\">L&rsquo;Etreinte du serpent de Ciro Guerra<\/p><\/div>\n<p>&nbsp;<\/p>\n","protected":false},"excerpt":{"rendered":"<p>ARTE diffuse lundi 30 avril \u00e0 22h50 L\u2019Etreinte du serpent (El Abrazo e la Serpiente) de Ciro Guerra, d\u00e9couvert en\u2026<\/p>\n","protected":false},"author":116,"featured_media":21990,"comment_status":"open","ping_status":"open","sticky":false,"template":"","format":"standard","meta":[],"categories":[8],"tags":[],"yoast_head":"<!-- This site is optimized with the Yoast SEO plugin v20.8 - https:\/\/yoast.com\/wordpress\/plugins\/seo\/ -->\n<title>L&#039;Etreinte du serpent de Ciro Guerra - Olivier P\u00e8re<\/title>\n<meta name=\"robots\" content=\"index, follow, max-snippet:-1, max-image-preview:large, max-video-preview:-1\" \/>\n<link rel=\"canonical\" href=\"https:\/\/www.arte.tv\/sites\/olivierpere\/2018\/03\/11\/letreinte-serpent-de-ciro-guerra\/\" \/>\n<meta property=\"og:locale\" content=\"fr_FR\" \/>\n<meta property=\"og:type\" content=\"article\" \/>\n<meta property=\"og:title\" content=\"L&#039;Etreinte du serpent de Ciro Guerra - Olivier P\u00e8re\" \/>\n<meta property=\"og:description\" content=\"ARTE diffuse lundi 30 avril \u00e0 22h50 L\u2019Etreinte du serpent (El Abrazo e la Serpiente) de Ciro Guerra, d\u00e9couvert en\u2026\" \/>\n<meta property=\"og:url\" content=\"https:\/\/www.arte.tv\/sites\/olivierpere\/2018\/03\/11\/letreinte-serpent-de-ciro-guerra\/\" \/>\n<meta property=\"og:site_name\" content=\"Olivier P\u00e8re\" \/>\n<meta property=\"article:published_time\" content=\"2018-03-11T14:31:55+00:00\" \/>\n<meta property=\"article:modified_time\" content=\"2018-03-28T14:32:38+00:00\" \/>\n<meta property=\"og:image\" content=\"https:\/\/www.arte.tv\/sites\/olivierpere\/files\/maxresdefault-8.jpg\" \/>\n\t<meta property=\"og:image:width\" content=\"1280\" \/>\n\t<meta property=\"og:image:height\" content=\"720\" \/>\n\t<meta property=\"og:image:type\" content=\"image\/jpeg\" \/>\n<meta name=\"author\" content=\"Olivier P\u00e8re\" \/>\n<meta name=\"twitter:label1\" content=\"\u00c9crit par\" \/>\n\t<meta name=\"twitter:data1\" content=\"Olivier P\u00e8re\" \/>\n\t<meta name=\"twitter:label2\" content=\"Dur\u00e9e de lecture estim\u00e9e\" \/>\n\t<meta name=\"twitter:data2\" content=\"2 minutes\" \/>\n<script type=\"application\/ld+json\" class=\"yoast-schema-graph\">{\"@context\":\"https:\/\/schema.org\",\"@graph\":[{\"@type\":\"WebPage\",\"@id\":\"https:\/\/www.arte.tv\/sites\/olivierpere\/2018\/03\/11\/letreinte-serpent-de-ciro-guerra\/\",\"url\":\"https:\/\/www.arte.tv\/sites\/olivierpere\/2018\/03\/11\/letreinte-serpent-de-ciro-guerra\/\",\"name\":\"L'Etreinte du serpent de Ciro Guerra - Olivier P\u00e8re\",\"isPartOf\":{\"@id\":\"https:\/\/www.arte.tv\/sites\/olivierpere\/#website\"},\"datePublished\":\"2018-03-11T14:31:55+00:00\",\"dateModified\":\"2018-03-28T14:32:38+00:00\",\"author\":{\"@id\":\"https:\/\/www.arte.tv\/sites\/olivierpere\/#\/schema\/person\/dc32cd6c79be95e52d43b97a74182558\"},\"breadcrumb\":{\"@id\":\"https:\/\/www.arte.tv\/sites\/olivierpere\/2018\/03\/11\/letreinte-serpent-de-ciro-guerra\/#breadcrumb\"},\"inLanguage\":\"fr-FR\",\"potentialAction\":[{\"@type\":\"ReadAction\",\"target\":[\"https:\/\/www.arte.tv\/sites\/olivierpere\/2018\/03\/11\/letreinte-serpent-de-ciro-guerra\/\"]}]},{\"@type\":\"BreadcrumbList\",\"@id\":\"https:\/\/www.arte.tv\/sites\/olivierpere\/2018\/03\/11\/letreinte-serpent-de-ciro-guerra\/#breadcrumb\",\"itemListElement\":[{\"@type\":\"ListItem\",\"position\":1,\"name\":\"Home\",\"item\":\"https:\/\/www.arte.tv\/sites\/olivierpere\/\"},{\"@type\":\"ListItem\",\"position\":2,\"name\":\"L&rsquo;Etreinte du serpent de Ciro Guerra\"}]},{\"@type\":\"WebSite\",\"@id\":\"https:\/\/www.arte.tv\/sites\/olivierpere\/#website\",\"url\":\"https:\/\/www.arte.tv\/sites\/olivierpere\/\",\"name\":\"Olivier P\u00e8re\",\"description\":\"\",\"potentialAction\":[{\"@type\":\"SearchAction\",\"target\":{\"@type\":\"EntryPoint\",\"urlTemplate\":\"https:\/\/www.arte.tv\/sites\/olivierpere\/?s={search_term_string}\"},\"query-input\":\"required name=search_term_string\"}],\"inLanguage\":\"fr-FR\"},{\"@type\":\"Person\",\"@id\":\"https:\/\/www.arte.tv\/sites\/olivierpere\/#\/schema\/person\/dc32cd6c79be95e52d43b97a74182558\",\"name\":\"Olivier P\u00e8re\",\"image\":{\"@type\":\"ImageObject\",\"inLanguage\":\"fr-FR\",\"@id\":\"https:\/\/www.arte.tv\/sites\/olivierpere\/#\/schema\/person\/image\/\",\"url\":\"https:\/\/secure.gravatar.com\/avatar\/bdea7b6a2c195e2c41772429a9694758?s=96&d=mm&r=g\",\"contentUrl\":\"https:\/\/secure.gravatar.com\/avatar\/bdea7b6a2c195e2c41772429a9694758?s=96&d=mm&r=g\",\"caption\":\"Olivier P\u00e8re\"},\"url\":\"https:\/\/www.arte.tv\/sites\/olivierpere\/author\/pereolivier\/\"}]}<\/script>\n<!-- \/ Yoast SEO plugin. -->","yoast_head_json":{"title":"L'Etreinte du serpent de Ciro Guerra - Olivier P\u00e8re","robots":{"index":"index","follow":"follow","max-snippet":"max-snippet:-1","max-image-preview":"max-image-preview:large","max-video-preview":"max-video-preview:-1"},"canonical":"https:\/\/www.arte.tv\/sites\/olivierpere\/2018\/03\/11\/letreinte-serpent-de-ciro-guerra\/","og_locale":"fr_FR","og_type":"article","og_title":"L'Etreinte du serpent de Ciro Guerra - Olivier P\u00e8re","og_description":"ARTE diffuse lundi 30 avril \u00e0 22h50 L\u2019Etreinte du serpent (El Abrazo e la Serpiente) de Ciro Guerra, d\u00e9couvert en\u2026","og_url":"https:\/\/www.arte.tv\/sites\/olivierpere\/2018\/03\/11\/letreinte-serpent-de-ciro-guerra\/","og_site_name":"Olivier P\u00e8re","article_published_time":"2018-03-11T14:31:55+00:00","article_modified_time":"2018-03-28T14:32:38+00:00","og_image":[{"width":1280,"height":720,"url":"https:\/\/www.arte.tv\/sites\/olivierpere\/files\/maxresdefault-8.jpg","type":"image\/jpeg"}],"author":"Olivier P\u00e8re","twitter_misc":{"\u00c9crit par":"Olivier P\u00e8re","Dur\u00e9e de lecture estim\u00e9e":"2 minutes"},"schema":{"@context":"https:\/\/schema.org","@graph":[{"@type":"WebPage","@id":"https:\/\/www.arte.tv\/sites\/olivierpere\/2018\/03\/11\/letreinte-serpent-de-ciro-guerra\/","url":"https:\/\/www.arte.tv\/sites\/olivierpere\/2018\/03\/11\/letreinte-serpent-de-ciro-guerra\/","name":"L'Etreinte du serpent de Ciro Guerra - Olivier P\u00e8re","isPartOf":{"@id":"https:\/\/www.arte.tv\/sites\/olivierpere\/#website"},"datePublished":"2018-03-11T14:31:55+00:00","dateModified":"2018-03-28T14:32:38+00:00","author":{"@id":"https:\/\/www.arte.tv\/sites\/olivierpere\/#\/schema\/person\/dc32cd6c79be95e52d43b97a74182558"},"breadcrumb":{"@id":"https:\/\/www.arte.tv\/sites\/olivierpere\/2018\/03\/11\/letreinte-serpent-de-ciro-guerra\/#breadcrumb"},"inLanguage":"fr-FR","potentialAction":[{"@type":"ReadAction","target":["https:\/\/www.arte.tv\/sites\/olivierpere\/2018\/03\/11\/letreinte-serpent-de-ciro-guerra\/"]}]},{"@type":"BreadcrumbList","@id":"https:\/\/www.arte.tv\/sites\/olivierpere\/2018\/03\/11\/letreinte-serpent-de-ciro-guerra\/#breadcrumb","itemListElement":[{"@type":"ListItem","position":1,"name":"Home","item":"https:\/\/www.arte.tv\/sites\/olivierpere\/"},{"@type":"ListItem","position":2,"name":"L&rsquo;Etreinte du serpent de Ciro Guerra"}]},{"@type":"WebSite","@id":"https:\/\/www.arte.tv\/sites\/olivierpere\/#website","url":"https:\/\/www.arte.tv\/sites\/olivierpere\/","name":"Olivier P\u00e8re","description":"","potentialAction":[{"@type":"SearchAction","target":{"@type":"EntryPoint","urlTemplate":"https:\/\/www.arte.tv\/sites\/olivierpere\/?s={search_term_string}"},"query-input":"required name=search_term_string"}],"inLanguage":"fr-FR"},{"@type":"Person","@id":"https:\/\/www.arte.tv\/sites\/olivierpere\/#\/schema\/person\/dc32cd6c79be95e52d43b97a74182558","name":"Olivier P\u00e8re","image":{"@type":"ImageObject","inLanguage":"fr-FR","@id":"https:\/\/www.arte.tv\/sites\/olivierpere\/#\/schema\/person\/image\/","url":"https:\/\/secure.gravatar.com\/avatar\/bdea7b6a2c195e2c41772429a9694758?s=96&d=mm&r=g","contentUrl":"https:\/\/secure.gravatar.com\/avatar\/bdea7b6a2c195e2c41772429a9694758?s=96&d=mm&r=g","caption":"Olivier P\u00e8re"},"url":"https:\/\/www.arte.tv\/sites\/olivierpere\/author\/pereolivier\/"}]}},"_links":{"self":[{"href":"https:\/\/www.arte.tv\/sites\/olivierpere\/wp-json\/wp\/v2\/posts\/21989"}],"collection":[{"href":"https:\/\/www.arte.tv\/sites\/olivierpere\/wp-json\/wp\/v2\/posts"}],"about":[{"href":"https:\/\/www.arte.tv\/sites\/olivierpere\/wp-json\/wp\/v2\/types\/post"}],"author":[{"embeddable":true,"href":"https:\/\/www.arte.tv\/sites\/olivierpere\/wp-json\/wp\/v2\/users\/116"}],"replies":[{"embeddable":true,"href":"https:\/\/www.arte.tv\/sites\/olivierpere\/wp-json\/wp\/v2\/comments?post=21989"}],"version-history":[{"count":1,"href":"https:\/\/www.arte.tv\/sites\/olivierpere\/wp-json\/wp\/v2\/posts\/21989\/revisions"}],"predecessor-version":[{"id":21991,"href":"https:\/\/www.arte.tv\/sites\/olivierpere\/wp-json\/wp\/v2\/posts\/21989\/revisions\/21991"}],"wp:featuredmedia":[{"embeddable":true,"href":"https:\/\/www.arte.tv\/sites\/olivierpere\/wp-json\/wp\/v2\/media\/21990"}],"wp:attachment":[{"href":"https:\/\/www.arte.tv\/sites\/olivierpere\/wp-json\/wp\/v2\/media?parent=21989"}],"wp:term":[{"taxonomy":"category","embeddable":true,"href":"https:\/\/www.arte.tv\/sites\/olivierpere\/wp-json\/wp\/v2\/categories?post=21989"},{"taxonomy":"post_tag","embeddable":true,"href":"https:\/\/www.arte.tv\/sites\/olivierpere\/wp-json\/wp\/v2\/tags?post=21989"}],"curies":[{"name":"wp","href":"https:\/\/api.w.org\/{rel}","templated":true}]}}