{"id":21939,"date":"2018-02-25T09:52:26","date_gmt":"2018-02-25T08:52:26","guid":{"rendered":"https:\/\/www.arte.tv\/sites\/olivierpere\/?p=21939"},"modified":"2018-03-17T09:53:04","modified_gmt":"2018-03-17T08:53:04","slug":"lesclave-libre-de-raoul-walsh-3","status":"publish","type":"post","link":"https:\/\/www.arte.tv\/sites\/olivierpere\/2018\/02\/25\/lesclave-libre-de-raoul-walsh-3\/","title":{"rendered":"L\u2019Esclave Libre de Raoul Walsh"},"content":{"rendered":"<p><strong>ARTE diffuse lundi 2 avril \u00e0 13h30 <em>L\u2019Esclave libre<\/em> (<em>Band of Angels<\/em>, 1957) de Raoul Walsh. \u00ab\u00a0Le film romanesque par excellence\u00a0\u00bb \u00e9crit Jacques Lourcelles \u00e0 propos de <em>L\u2019Esclave libre<\/em> dans son dictionnaire et on ne peut que lui donner raison.<\/strong><\/p>\n<p><strong>Kentucky, 1850. La fille d\u2019un propri\u00e9taire ruin\u00e9e (Yvonne De Carlo) d\u00e9couvre que sa m\u00e8re \u00e9tait noire. Elle manque de devenir folle, subit l\u2019humiliation de l\u2019esclavage avant d\u2019\u00eatre achet\u00e9e par un myst\u00e9rieux aventurier (Clark Gable) dont elle tombera amoureuse. <em>L\u2019Esclave libre<\/em> compte parmi les nombreux chefs-d\u2019\u0153uvre de Raoul Walsh qui signe un sublime m\u00e9lodrame \u00e0 mille lieues de tous les <em>Autant en emporte le vent<\/em> du monde. Cette opinion ne fut pas partag\u00e9e par le public et la critique au moment de la sortie du film, qui re\u00e7ut un accueil glacial et essuya un \u00e9chec commercial terrible. On reprocha \u00e0 Clark Gable d\u2019\u00eatre trop vieux pour le r\u00f4le, et au film de ne pas r\u00e9pondre aux canons esth\u00e9tiques de son \u00e9poque. Cela n\u2019emp\u00eachera pas L\u2019Esclave libre, comme d\u2019autres films m\u00e9pris\u00e9s ou incompris en leur temps, d\u2019acqu\u00e9rir une stature particuli\u00e8re aux yeux des cin\u00e9philes, et de finalement gagner les faveurs des spectateurs au gr\u00e9 des rediffusions t\u00e9l\u00e9visuelles.<\/strong><\/p>\n<p><strong>Le film confirme l\u2019affection qu\u2019\u00e9prouvait Walsh pour les parias, les marginaux et les d\u00e9class\u00e9s de toutes sortes, davantage que pour les figures h\u00e9ro\u00efques qui sont finalement peu nombreuses dans son \u0153uvre. Le couple d\u2019amants impossibles form\u00e9 par Yvonne de Carlo et Clark Gable est l\u2019un des plus \u00e9mouvants et sensuels du cin\u00e9ma hollywoodien. L\u2019une est marqu\u00e9e du sceau de l\u2019infamie, l\u2019autre charrie la faute d\u2019un sombre pass\u00e9. C\u2019est le troisi\u00e8me film tourn\u00e9 coup sur coup par Gable et Walsh, duo de r\u00eave, apr\u00e8s <em>Les Implacables<\/em> et <em>Le Roi et Quatre Reines<\/em>. Une fois n\u2019est pas coutume le titre fran\u00e7ais avec son admirable oxymore est plus beau que l\u2019original.<\/strong><\/p>\n<div id=\"attachment_21940\" style=\"width: 1034px\" class=\"wp-caption alignnone\"><img aria-describedby=\"caption-attachment-21940\" decoding=\"async\" loading=\"lazy\" class=\"size-full wp-image-21940\" src=\"https:\/\/www.arte.tv\/sites\/olivierpere\/files\/l-esclave-libre-02.jpg\" alt=\"L'Esclave libre de Raoul Walsh\" width=\"1024\" height=\"781\" srcset=\"https:\/\/www.arte.tv\/sites\/olivierpere\/files\/l-esclave-libre-02.jpg 1024w, https:\/\/www.arte.tv\/sites\/olivierpere\/files\/l-esclave-libre-02-367x280.jpg 367w, https:\/\/www.arte.tv\/sites\/olivierpere\/files\/l-esclave-libre-02-768x586.jpg 768w, https:\/\/www.arte.tv\/sites\/olivierpere\/files\/l-esclave-libre-02-1007x768.jpg 1007w, https:\/\/www.arte.tv\/sites\/olivierpere\/files\/l-esclave-libre-02-580x442.jpg 580w\" sizes=\"(max-width: 1024px) 100vw, 1024px\" \/><p id=\"caption-attachment-21940\" class=\"wp-caption-text\"><em>L&rsquo;Esclave libre<\/em> de Raoul Walsh<\/p><\/div>\n<p>&nbsp;<\/p>\n","protected":false},"excerpt":{"rendered":"<p>ARTE diffuse lundi 2 avril \u00e0 13h30 L\u2019Esclave libre (Band of Angels, 1957) de Raoul Walsh. \u00ab\u00a0Le film romanesque par\u2026<\/p>\n","protected":false},"author":116,"featured_media":21940,"comment_status":"open","ping_status":"open","sticky":false,"template":"","format":"standard","meta":[],"categories":[8],"tags":[],"yoast_head":"<!-- This site is optimized with the Yoast SEO plugin v20.8 - https:\/\/yoast.com\/wordpress\/plugins\/seo\/ -->\n<title>L\u2019Esclave Libre de Raoul Walsh - Olivier P\u00e8re<\/title>\n<meta name=\"robots\" content=\"index, follow, max-snippet:-1, max-image-preview:large, max-video-preview:-1\" \/>\n<link rel=\"canonical\" href=\"https:\/\/www.arte.tv\/sites\/olivierpere\/2018\/02\/25\/lesclave-libre-de-raoul-walsh-3\/\" \/>\n<meta property=\"og:locale\" content=\"fr_FR\" \/>\n<meta property=\"og:type\" content=\"article\" \/>\n<meta property=\"og:title\" content=\"L\u2019Esclave Libre de Raoul Walsh - Olivier P\u00e8re\" \/>\n<meta property=\"og:description\" content=\"ARTE diffuse lundi 2 avril \u00e0 13h30 L\u2019Esclave libre (Band of Angels, 1957) de Raoul Walsh. \u00ab\u00a0Le film romanesque par\u2026\" \/>\n<meta property=\"og:url\" content=\"https:\/\/www.arte.tv\/sites\/olivierpere\/2018\/02\/25\/lesclave-libre-de-raoul-walsh-3\/\" \/>\n<meta property=\"og:site_name\" content=\"Olivier P\u00e8re\" \/>\n<meta property=\"article:published_time\" content=\"2018-02-25T08:52:26+00:00\" \/>\n<meta property=\"article:modified_time\" content=\"2018-03-17T08:53:04+00:00\" \/>\n<meta property=\"og:image\" content=\"https:\/\/www.arte.tv\/sites\/olivierpere\/files\/l-esclave-libre-02.jpg\" \/>\n\t<meta property=\"og:image:width\" content=\"1024\" \/>\n\t<meta property=\"og:image:height\" content=\"781\" \/>\n\t<meta property=\"og:image:type\" content=\"image\/jpeg\" \/>\n<meta name=\"author\" content=\"Olivier P\u00e8re\" \/>\n<meta name=\"twitter:label1\" content=\"\u00c9crit par\" \/>\n\t<meta name=\"twitter:data1\" content=\"Olivier P\u00e8re\" \/>\n\t<meta name=\"twitter:label2\" content=\"Dur\u00e9e de lecture estim\u00e9e\" \/>\n\t<meta name=\"twitter:data2\" content=\"2 minutes\" \/>\n<script type=\"application\/ld+json\" class=\"yoast-schema-graph\">{\"@context\":\"https:\/\/schema.org\",\"@graph\":[{\"@type\":\"WebPage\",\"@id\":\"https:\/\/www.arte.tv\/sites\/olivierpere\/2018\/02\/25\/lesclave-libre-de-raoul-walsh-3\/\",\"url\":\"https:\/\/www.arte.tv\/sites\/olivierpere\/2018\/02\/25\/lesclave-libre-de-raoul-walsh-3\/\",\"name\":\"L\u2019Esclave Libre de Raoul Walsh - Olivier P\u00e8re\",\"isPartOf\":{\"@id\":\"https:\/\/www.arte.tv\/sites\/olivierpere\/#website\"},\"datePublished\":\"2018-02-25T08:52:26+00:00\",\"dateModified\":\"2018-03-17T08:53:04+00:00\",\"author\":{\"@id\":\"https:\/\/www.arte.tv\/sites\/olivierpere\/#\/schema\/person\/dc32cd6c79be95e52d43b97a74182558\"},\"breadcrumb\":{\"@id\":\"https:\/\/www.arte.tv\/sites\/olivierpere\/2018\/02\/25\/lesclave-libre-de-raoul-walsh-3\/#breadcrumb\"},\"inLanguage\":\"fr-FR\",\"potentialAction\":[{\"@type\":\"ReadAction\",\"target\":[\"https:\/\/www.arte.tv\/sites\/olivierpere\/2018\/02\/25\/lesclave-libre-de-raoul-walsh-3\/\"]}]},{\"@type\":\"BreadcrumbList\",\"@id\":\"https:\/\/www.arte.tv\/sites\/olivierpere\/2018\/02\/25\/lesclave-libre-de-raoul-walsh-3\/#breadcrumb\",\"itemListElement\":[{\"@type\":\"ListItem\",\"position\":1,\"name\":\"Home\",\"item\":\"https:\/\/www.arte.tv\/sites\/olivierpere\/\"},{\"@type\":\"ListItem\",\"position\":2,\"name\":\"L\u2019Esclave Libre de Raoul Walsh\"}]},{\"@type\":\"WebSite\",\"@id\":\"https:\/\/www.arte.tv\/sites\/olivierpere\/#website\",\"url\":\"https:\/\/www.arte.tv\/sites\/olivierpere\/\",\"name\":\"Olivier P\u00e8re\",\"description\":\"\",\"potentialAction\":[{\"@type\":\"SearchAction\",\"target\":{\"@type\":\"EntryPoint\",\"urlTemplate\":\"https:\/\/www.arte.tv\/sites\/olivierpere\/?s={search_term_string}\"},\"query-input\":\"required name=search_term_string\"}],\"inLanguage\":\"fr-FR\"},{\"@type\":\"Person\",\"@id\":\"https:\/\/www.arte.tv\/sites\/olivierpere\/#\/schema\/person\/dc32cd6c79be95e52d43b97a74182558\",\"name\":\"Olivier P\u00e8re\",\"image\":{\"@type\":\"ImageObject\",\"inLanguage\":\"fr-FR\",\"@id\":\"https:\/\/www.arte.tv\/sites\/olivierpere\/#\/schema\/person\/image\/\",\"url\":\"https:\/\/secure.gravatar.com\/avatar\/bdea7b6a2c195e2c41772429a9694758?s=96&d=mm&r=g\",\"contentUrl\":\"https:\/\/secure.gravatar.com\/avatar\/bdea7b6a2c195e2c41772429a9694758?s=96&d=mm&r=g\",\"caption\":\"Olivier P\u00e8re\"},\"url\":\"https:\/\/www.arte.tv\/sites\/olivierpere\/author\/pereolivier\/\"}]}<\/script>\n<!-- \/ Yoast SEO plugin. -->","yoast_head_json":{"title":"L\u2019Esclave Libre de Raoul Walsh - Olivier P\u00e8re","robots":{"index":"index","follow":"follow","max-snippet":"max-snippet:-1","max-image-preview":"max-image-preview:large","max-video-preview":"max-video-preview:-1"},"canonical":"https:\/\/www.arte.tv\/sites\/olivierpere\/2018\/02\/25\/lesclave-libre-de-raoul-walsh-3\/","og_locale":"fr_FR","og_type":"article","og_title":"L\u2019Esclave Libre de Raoul Walsh - Olivier P\u00e8re","og_description":"ARTE diffuse lundi 2 avril \u00e0 13h30 L\u2019Esclave libre (Band of Angels, 1957) de Raoul Walsh. \u00ab\u00a0Le film romanesque par\u2026","og_url":"https:\/\/www.arte.tv\/sites\/olivierpere\/2018\/02\/25\/lesclave-libre-de-raoul-walsh-3\/","og_site_name":"Olivier P\u00e8re","article_published_time":"2018-02-25T08:52:26+00:00","article_modified_time":"2018-03-17T08:53:04+00:00","og_image":[{"width":1024,"height":781,"url":"https:\/\/www.arte.tv\/sites\/olivierpere\/files\/l-esclave-libre-02.jpg","type":"image\/jpeg"}],"author":"Olivier P\u00e8re","twitter_misc":{"\u00c9crit par":"Olivier P\u00e8re","Dur\u00e9e de lecture estim\u00e9e":"2 minutes"},"schema":{"@context":"https:\/\/schema.org","@graph":[{"@type":"WebPage","@id":"https:\/\/www.arte.tv\/sites\/olivierpere\/2018\/02\/25\/lesclave-libre-de-raoul-walsh-3\/","url":"https:\/\/www.arte.tv\/sites\/olivierpere\/2018\/02\/25\/lesclave-libre-de-raoul-walsh-3\/","name":"L\u2019Esclave Libre de Raoul Walsh - Olivier P\u00e8re","isPartOf":{"@id":"https:\/\/www.arte.tv\/sites\/olivierpere\/#website"},"datePublished":"2018-02-25T08:52:26+00:00","dateModified":"2018-03-17T08:53:04+00:00","author":{"@id":"https:\/\/www.arte.tv\/sites\/olivierpere\/#\/schema\/person\/dc32cd6c79be95e52d43b97a74182558"},"breadcrumb":{"@id":"https:\/\/www.arte.tv\/sites\/olivierpere\/2018\/02\/25\/lesclave-libre-de-raoul-walsh-3\/#breadcrumb"},"inLanguage":"fr-FR","potentialAction":[{"@type":"ReadAction","target":["https:\/\/www.arte.tv\/sites\/olivierpere\/2018\/02\/25\/lesclave-libre-de-raoul-walsh-3\/"]}]},{"@type":"BreadcrumbList","@id":"https:\/\/www.arte.tv\/sites\/olivierpere\/2018\/02\/25\/lesclave-libre-de-raoul-walsh-3\/#breadcrumb","itemListElement":[{"@type":"ListItem","position":1,"name":"Home","item":"https:\/\/www.arte.tv\/sites\/olivierpere\/"},{"@type":"ListItem","position":2,"name":"L\u2019Esclave Libre de Raoul Walsh"}]},{"@type":"WebSite","@id":"https:\/\/www.arte.tv\/sites\/olivierpere\/#website","url":"https:\/\/www.arte.tv\/sites\/olivierpere\/","name":"Olivier P\u00e8re","description":"","potentialAction":[{"@type":"SearchAction","target":{"@type":"EntryPoint","urlTemplate":"https:\/\/www.arte.tv\/sites\/olivierpere\/?s={search_term_string}"},"query-input":"required name=search_term_string"}],"inLanguage":"fr-FR"},{"@type":"Person","@id":"https:\/\/www.arte.tv\/sites\/olivierpere\/#\/schema\/person\/dc32cd6c79be95e52d43b97a74182558","name":"Olivier P\u00e8re","image":{"@type":"ImageObject","inLanguage":"fr-FR","@id":"https:\/\/www.arte.tv\/sites\/olivierpere\/#\/schema\/person\/image\/","url":"https:\/\/secure.gravatar.com\/avatar\/bdea7b6a2c195e2c41772429a9694758?s=96&d=mm&r=g","contentUrl":"https:\/\/secure.gravatar.com\/avatar\/bdea7b6a2c195e2c41772429a9694758?s=96&d=mm&r=g","caption":"Olivier P\u00e8re"},"url":"https:\/\/www.arte.tv\/sites\/olivierpere\/author\/pereolivier\/"}]}},"_links":{"self":[{"href":"https:\/\/www.arte.tv\/sites\/olivierpere\/wp-json\/wp\/v2\/posts\/21939"}],"collection":[{"href":"https:\/\/www.arte.tv\/sites\/olivierpere\/wp-json\/wp\/v2\/posts"}],"about":[{"href":"https:\/\/www.arte.tv\/sites\/olivierpere\/wp-json\/wp\/v2\/types\/post"}],"author":[{"embeddable":true,"href":"https:\/\/www.arte.tv\/sites\/olivierpere\/wp-json\/wp\/v2\/users\/116"}],"replies":[{"embeddable":true,"href":"https:\/\/www.arte.tv\/sites\/olivierpere\/wp-json\/wp\/v2\/comments?post=21939"}],"version-history":[{"count":1,"href":"https:\/\/www.arte.tv\/sites\/olivierpere\/wp-json\/wp\/v2\/posts\/21939\/revisions"}],"predecessor-version":[{"id":21941,"href":"https:\/\/www.arte.tv\/sites\/olivierpere\/wp-json\/wp\/v2\/posts\/21939\/revisions\/21941"}],"wp:featuredmedia":[{"embeddable":true,"href":"https:\/\/www.arte.tv\/sites\/olivierpere\/wp-json\/wp\/v2\/media\/21940"}],"wp:attachment":[{"href":"https:\/\/www.arte.tv\/sites\/olivierpere\/wp-json\/wp\/v2\/media?parent=21939"}],"wp:term":[{"taxonomy":"category","embeddable":true,"href":"https:\/\/www.arte.tv\/sites\/olivierpere\/wp-json\/wp\/v2\/categories?post=21939"},{"taxonomy":"post_tag","embeddable":true,"href":"https:\/\/www.arte.tv\/sites\/olivierpere\/wp-json\/wp\/v2\/tags?post=21939"}],"curies":[{"name":"wp","href":"https:\/\/api.w.org\/{rel}","templated":true}]}}