{"id":21871,"date":"2018-02-10T19:32:01","date_gmt":"2018-02-10T18:32:01","guid":{"rendered":"https:\/\/www.arte.tv\/sites\/olivierpere\/?p=21871"},"modified":"2018-02-28T21:00:09","modified_gmt":"2018-02-28T20:00:09","slug":"mirage-de-vie-de-douglas-sirk","status":"publish","type":"post","link":"https:\/\/www.arte.tv\/sites\/olivierpere\/2018\/02\/10\/mirage-de-vie-de-douglas-sirk\/","title":{"rendered":"Mirage de la vie de Douglas Sirk"},"content":{"rendered":"<p><strong>ARTE diffuse <em>Mirage de la vie<\/em> (<em>Imitation of Life<\/em>, 1959) de Douglas Sirk jeudi 8 mars \u00e0 13h30.<\/strong><\/p>\n<p><strong>Comme d\u2019autres m\u00e9lodrames de Sirk r\u00e9alis\u00e9s dans les ann\u00e9es 50,<em> Mirage de la vie<\/em> est le remake d\u2019un film de John Stahl, <em>Images de la vie<\/em> (<em>Imitation of Life<\/em>), sorti en 1934. En r\u00e9alit\u00e9 il s\u2019agit d\u2019une nouvelle adaptation du roman de Fannie Hurst publi\u00e9 en 1933. Le film de Sirk aborde frontalement deux sujets courageux dans l\u2019Am\u00e9rique de la fin des ann\u00e9es 50\u00a0: l\u2019\u00e9mancipation des femmes et la s\u00e9gr\u00e9gation raciale. Le film met en sc\u00e8ne l\u2019ascension sociale de Lora Meredith, une veuve m\u00e8re d&rsquo;une petite fille qui va se battre pour devenir une com\u00e9dienne riche et c\u00e9l\u00e8bre, au d\u00e9triment de son bonheur familial. Lana Turner interpr\u00e8te cette femme qui dans un m\u00e9lange d\u2019arrivisme et de d\u00e9termination refuse \u00e0 la fois la demande en mariage d\u2019un jeune photographe d\u00e9sargent\u00e9 et les avances concupiscentes d\u2019un impresario peu scrupuleux qui lui explique les avantages de la promotion canap\u00e9. Si <em>Mirage de la vie<\/em> se contentait de suivre cette histoire et ces personnages nous serions dans un soap opera au propos timidement f\u00e9ministe. Mais le film raconte aussi la vie de d\u00e9vouement et de sacrifice de la gouvernante de Lora, Annie Johnson, qu\u2019elle a rencontr\u00e9 lors de ses ann\u00e9es de vache maigre. Annie vit dans l\u2019ombre de Lora et s\u2019en accommode, tandis que sa fille, Sarah Jane, est d\u00e9chir\u00e9e d\u00e8s l\u2019enfance entre son amour pour sa m\u00e8re et son rejet de ses origines noires. Douglas Sirk entrem\u00eale avec \u00e9l\u00e9gance, sur une dizaine d\u2019ann\u00e9e, les destins de deux g\u00e9n\u00e9rations de femmes. Aux yeux de Sirk, Annie Johnson est sans doute la v\u00e9ritable h\u00e9ro\u00efne de son film. Le personnage le plus \u00e9mouvant est peut-\u00eatre celui de Sarah Jane, adolescente r\u00e9volt\u00e9e qui refuse le sort que lui r\u00e9serve la soci\u00e9t\u00e9 blanche am\u00e9ricaine. <em>Mirage de la vie<\/em> est l\u2019adieu de Douglas Sirk au m\u00e9lodrame hollywoodien, et son chef-d\u2019\u0153uvre testamentaire. Il est difficile de retenir ses larmes lors de la sc\u00e8ne finale.<\/strong><\/p>\n<div id=\"attachment_21872\" style=\"width: 1610px\" class=\"wp-caption alignnone\"><img aria-describedby=\"caption-attachment-21872\" decoding=\"async\" loading=\"lazy\" class=\"size-full wp-image-21872\" src=\"https:\/\/www.arte.tv\/sites\/olivierpere\/files\/imitation-of-life-1600x900-c-default.jpg\" alt=\"Mirage de la vie de Douglas Sirk\" width=\"1600\" height=\"900\" srcset=\"https:\/\/www.arte.tv\/sites\/olivierpere\/files\/imitation-of-life-1600x900-c-default.jpg 1600w, https:\/\/www.arte.tv\/sites\/olivierpere\/files\/imitation-of-life-1600x900-c-default-498x280.jpg 498w, https:\/\/www.arte.tv\/sites\/olivierpere\/files\/imitation-of-life-1600x900-c-default-768x432.jpg 768w, https:\/\/www.arte.tv\/sites\/olivierpere\/files\/imitation-of-life-1600x900-c-default-1024x576.jpg 1024w, https:\/\/www.arte.tv\/sites\/olivierpere\/files\/imitation-of-life-1600x900-c-default-580x326.jpg 580w\" sizes=\"(max-width: 1600px) 100vw, 1600px\" \/><p id=\"caption-attachment-21872\" class=\"wp-caption-text\"><em>Mirage de la vie<\/em> de Douglas Sirk<\/p><\/div>\n","protected":false},"excerpt":{"rendered":"<p>ARTE diffuse Mirage de la vie (Imitation of Life, 1959) de Douglas Sirk jeudi 8 mars \u00e0 13h30. Comme d\u2019autres\u2026<\/p>\n","protected":false},"author":116,"featured_media":21872,"comment_status":"open","ping_status":"open","sticky":false,"template":"","format":"standard","meta":[],"categories":[8],"tags":[],"yoast_head":"<!-- This site is optimized with the Yoast SEO plugin v20.8 - https:\/\/yoast.com\/wordpress\/plugins\/seo\/ -->\n<title>Mirage de la vie de Douglas Sirk - Olivier P\u00e8re<\/title>\n<meta name=\"robots\" content=\"index, follow, max-snippet:-1, max-image-preview:large, max-video-preview:-1\" \/>\n<link rel=\"canonical\" href=\"https:\/\/www.arte.tv\/sites\/olivierpere\/2018\/02\/10\/mirage-de-vie-de-douglas-sirk\/\" \/>\n<meta property=\"og:locale\" content=\"fr_FR\" \/>\n<meta property=\"og:type\" content=\"article\" \/>\n<meta property=\"og:title\" content=\"Mirage de la vie de Douglas Sirk - Olivier P\u00e8re\" \/>\n<meta property=\"og:description\" content=\"ARTE diffuse Mirage de la vie (Imitation of Life, 1959) de Douglas Sirk jeudi 8 mars \u00e0 13h30. Comme d\u2019autres\u2026\" \/>\n<meta property=\"og:url\" content=\"https:\/\/www.arte.tv\/sites\/olivierpere\/2018\/02\/10\/mirage-de-vie-de-douglas-sirk\/\" \/>\n<meta property=\"og:site_name\" content=\"Olivier P\u00e8re\" \/>\n<meta property=\"article:published_time\" content=\"2018-02-10T18:32:01+00:00\" \/>\n<meta property=\"article:modified_time\" content=\"2018-02-28T20:00:09+00:00\" \/>\n<meta property=\"og:image\" content=\"https:\/\/www.arte.tv\/sites\/olivierpere\/files\/imitation-of-life-1600x900-c-default.jpg\" \/>\n\t<meta property=\"og:image:width\" content=\"1600\" \/>\n\t<meta property=\"og:image:height\" content=\"900\" \/>\n\t<meta property=\"og:image:type\" content=\"image\/jpeg\" \/>\n<meta name=\"author\" content=\"Olivier P\u00e8re\" \/>\n<meta name=\"twitter:label1\" content=\"\u00c9crit par\" \/>\n\t<meta name=\"twitter:data1\" content=\"Olivier P\u00e8re\" \/>\n\t<meta name=\"twitter:label2\" content=\"Dur\u00e9e de lecture estim\u00e9e\" \/>\n\t<meta name=\"twitter:data2\" content=\"2 minutes\" \/>\n<script type=\"application\/ld+json\" class=\"yoast-schema-graph\">{\"@context\":\"https:\/\/schema.org\",\"@graph\":[{\"@type\":\"WebPage\",\"@id\":\"https:\/\/www.arte.tv\/sites\/olivierpere\/2018\/02\/10\/mirage-de-vie-de-douglas-sirk\/\",\"url\":\"https:\/\/www.arte.tv\/sites\/olivierpere\/2018\/02\/10\/mirage-de-vie-de-douglas-sirk\/\",\"name\":\"Mirage de la vie de Douglas Sirk - Olivier P\u00e8re\",\"isPartOf\":{\"@id\":\"https:\/\/www.arte.tv\/sites\/olivierpere\/#website\"},\"datePublished\":\"2018-02-10T18:32:01+00:00\",\"dateModified\":\"2018-02-28T20:00:09+00:00\",\"author\":{\"@id\":\"https:\/\/www.arte.tv\/sites\/olivierpere\/#\/schema\/person\/dc32cd6c79be95e52d43b97a74182558\"},\"breadcrumb\":{\"@id\":\"https:\/\/www.arte.tv\/sites\/olivierpere\/2018\/02\/10\/mirage-de-vie-de-douglas-sirk\/#breadcrumb\"},\"inLanguage\":\"fr-FR\",\"potentialAction\":[{\"@type\":\"ReadAction\",\"target\":[\"https:\/\/www.arte.tv\/sites\/olivierpere\/2018\/02\/10\/mirage-de-vie-de-douglas-sirk\/\"]}]},{\"@type\":\"BreadcrumbList\",\"@id\":\"https:\/\/www.arte.tv\/sites\/olivierpere\/2018\/02\/10\/mirage-de-vie-de-douglas-sirk\/#breadcrumb\",\"itemListElement\":[{\"@type\":\"ListItem\",\"position\":1,\"name\":\"Home\",\"item\":\"https:\/\/www.arte.tv\/sites\/olivierpere\/\"},{\"@type\":\"ListItem\",\"position\":2,\"name\":\"Mirage de la vie de Douglas Sirk\"}]},{\"@type\":\"WebSite\",\"@id\":\"https:\/\/www.arte.tv\/sites\/olivierpere\/#website\",\"url\":\"https:\/\/www.arte.tv\/sites\/olivierpere\/\",\"name\":\"Olivier P\u00e8re\",\"description\":\"\",\"potentialAction\":[{\"@type\":\"SearchAction\",\"target\":{\"@type\":\"EntryPoint\",\"urlTemplate\":\"https:\/\/www.arte.tv\/sites\/olivierpere\/?s={search_term_string}\"},\"query-input\":\"required name=search_term_string\"}],\"inLanguage\":\"fr-FR\"},{\"@type\":\"Person\",\"@id\":\"https:\/\/www.arte.tv\/sites\/olivierpere\/#\/schema\/person\/dc32cd6c79be95e52d43b97a74182558\",\"name\":\"Olivier P\u00e8re\",\"image\":{\"@type\":\"ImageObject\",\"inLanguage\":\"fr-FR\",\"@id\":\"https:\/\/www.arte.tv\/sites\/olivierpere\/#\/schema\/person\/image\/\",\"url\":\"https:\/\/secure.gravatar.com\/avatar\/bdea7b6a2c195e2c41772429a9694758?s=96&d=mm&r=g\",\"contentUrl\":\"https:\/\/secure.gravatar.com\/avatar\/bdea7b6a2c195e2c41772429a9694758?s=96&d=mm&r=g\",\"caption\":\"Olivier P\u00e8re\"},\"url\":\"https:\/\/www.arte.tv\/sites\/olivierpere\/author\/pereolivier\/\"}]}<\/script>\n<!-- \/ Yoast SEO plugin. -->","yoast_head_json":{"title":"Mirage de la vie de Douglas Sirk - Olivier P\u00e8re","robots":{"index":"index","follow":"follow","max-snippet":"max-snippet:-1","max-image-preview":"max-image-preview:large","max-video-preview":"max-video-preview:-1"},"canonical":"https:\/\/www.arte.tv\/sites\/olivierpere\/2018\/02\/10\/mirage-de-vie-de-douglas-sirk\/","og_locale":"fr_FR","og_type":"article","og_title":"Mirage de la vie de Douglas Sirk - Olivier P\u00e8re","og_description":"ARTE diffuse Mirage de la vie (Imitation of Life, 1959) de Douglas Sirk jeudi 8 mars \u00e0 13h30. Comme d\u2019autres\u2026","og_url":"https:\/\/www.arte.tv\/sites\/olivierpere\/2018\/02\/10\/mirage-de-vie-de-douglas-sirk\/","og_site_name":"Olivier P\u00e8re","article_published_time":"2018-02-10T18:32:01+00:00","article_modified_time":"2018-02-28T20:00:09+00:00","og_image":[{"width":1600,"height":900,"url":"https:\/\/www.arte.tv\/sites\/olivierpere\/files\/imitation-of-life-1600x900-c-default.jpg","type":"image\/jpeg"}],"author":"Olivier P\u00e8re","twitter_misc":{"\u00c9crit par":"Olivier P\u00e8re","Dur\u00e9e de lecture estim\u00e9e":"2 minutes"},"schema":{"@context":"https:\/\/schema.org","@graph":[{"@type":"WebPage","@id":"https:\/\/www.arte.tv\/sites\/olivierpere\/2018\/02\/10\/mirage-de-vie-de-douglas-sirk\/","url":"https:\/\/www.arte.tv\/sites\/olivierpere\/2018\/02\/10\/mirage-de-vie-de-douglas-sirk\/","name":"Mirage de la vie de Douglas Sirk - Olivier P\u00e8re","isPartOf":{"@id":"https:\/\/www.arte.tv\/sites\/olivierpere\/#website"},"datePublished":"2018-02-10T18:32:01+00:00","dateModified":"2018-02-28T20:00:09+00:00","author":{"@id":"https:\/\/www.arte.tv\/sites\/olivierpere\/#\/schema\/person\/dc32cd6c79be95e52d43b97a74182558"},"breadcrumb":{"@id":"https:\/\/www.arte.tv\/sites\/olivierpere\/2018\/02\/10\/mirage-de-vie-de-douglas-sirk\/#breadcrumb"},"inLanguage":"fr-FR","potentialAction":[{"@type":"ReadAction","target":["https:\/\/www.arte.tv\/sites\/olivierpere\/2018\/02\/10\/mirage-de-vie-de-douglas-sirk\/"]}]},{"@type":"BreadcrumbList","@id":"https:\/\/www.arte.tv\/sites\/olivierpere\/2018\/02\/10\/mirage-de-vie-de-douglas-sirk\/#breadcrumb","itemListElement":[{"@type":"ListItem","position":1,"name":"Home","item":"https:\/\/www.arte.tv\/sites\/olivierpere\/"},{"@type":"ListItem","position":2,"name":"Mirage de la vie de Douglas Sirk"}]},{"@type":"WebSite","@id":"https:\/\/www.arte.tv\/sites\/olivierpere\/#website","url":"https:\/\/www.arte.tv\/sites\/olivierpere\/","name":"Olivier P\u00e8re","description":"","potentialAction":[{"@type":"SearchAction","target":{"@type":"EntryPoint","urlTemplate":"https:\/\/www.arte.tv\/sites\/olivierpere\/?s={search_term_string}"},"query-input":"required name=search_term_string"}],"inLanguage":"fr-FR"},{"@type":"Person","@id":"https:\/\/www.arte.tv\/sites\/olivierpere\/#\/schema\/person\/dc32cd6c79be95e52d43b97a74182558","name":"Olivier P\u00e8re","image":{"@type":"ImageObject","inLanguage":"fr-FR","@id":"https:\/\/www.arte.tv\/sites\/olivierpere\/#\/schema\/person\/image\/","url":"https:\/\/secure.gravatar.com\/avatar\/bdea7b6a2c195e2c41772429a9694758?s=96&d=mm&r=g","contentUrl":"https:\/\/secure.gravatar.com\/avatar\/bdea7b6a2c195e2c41772429a9694758?s=96&d=mm&r=g","caption":"Olivier P\u00e8re"},"url":"https:\/\/www.arte.tv\/sites\/olivierpere\/author\/pereolivier\/"}]}},"_links":{"self":[{"href":"https:\/\/www.arte.tv\/sites\/olivierpere\/wp-json\/wp\/v2\/posts\/21871"}],"collection":[{"href":"https:\/\/www.arte.tv\/sites\/olivierpere\/wp-json\/wp\/v2\/posts"}],"about":[{"href":"https:\/\/www.arte.tv\/sites\/olivierpere\/wp-json\/wp\/v2\/types\/post"}],"author":[{"embeddable":true,"href":"https:\/\/www.arte.tv\/sites\/olivierpere\/wp-json\/wp\/v2\/users\/116"}],"replies":[{"embeddable":true,"href":"https:\/\/www.arte.tv\/sites\/olivierpere\/wp-json\/wp\/v2\/comments?post=21871"}],"version-history":[{"count":2,"href":"https:\/\/www.arte.tv\/sites\/olivierpere\/wp-json\/wp\/v2\/posts\/21871\/revisions"}],"predecessor-version":[{"id":21874,"href":"https:\/\/www.arte.tv\/sites\/olivierpere\/wp-json\/wp\/v2\/posts\/21871\/revisions\/21874"}],"wp:featuredmedia":[{"embeddable":true,"href":"https:\/\/www.arte.tv\/sites\/olivierpere\/wp-json\/wp\/v2\/media\/21872"}],"wp:attachment":[{"href":"https:\/\/www.arte.tv\/sites\/olivierpere\/wp-json\/wp\/v2\/media?parent=21871"}],"wp:term":[{"taxonomy":"category","embeddable":true,"href":"https:\/\/www.arte.tv\/sites\/olivierpere\/wp-json\/wp\/v2\/categories?post=21871"},{"taxonomy":"post_tag","embeddable":true,"href":"https:\/\/www.arte.tv\/sites\/olivierpere\/wp-json\/wp\/v2\/tags?post=21871"}],"curies":[{"name":"wp","href":"https:\/\/api.w.org\/{rel}","templated":true}]}}