{"id":21845,"date":"2018-02-04T15:01:47","date_gmt":"2018-02-04T14:01:47","guid":{"rendered":"https:\/\/www.arte.tv\/sites\/olivierpere\/?p=21845"},"modified":"2018-02-22T15:03:53","modified_gmt":"2018-02-22T14:03:53","slug":"fils-desert-de-john-ford","status":"publish","type":"post","link":"https:\/\/www.arte.tv\/sites\/olivierpere\/2018\/02\/04\/fils-desert-de-john-ford\/","title":{"rendered":"Le Fils du d\u00e9sert de John Ford"},"content":{"rendered":"<p>ARTE diffuse <em>Le Fils du d\u00e9sert<\/em> (<em>3 Godfathers<\/em>, 1948) de John Ford dimanche 25 f\u00e9vrier \u00e0 20h50. Le cin\u00e9aste transpose l\u2019\u00e9pisode biblique de la Nativit\u00e9 dans le d\u00e9sert californien \u2013 une grande partie du film fut tourn\u00e9e dans la Vall\u00e9e de la Mort et le d\u00e9sert Mojave. Trois hors-la-loi en cavale apr\u00e8s l\u2019attaque d\u2019une banque d\u00e9couvrent sur leur chemin une femme abandonn\u00e9e, sur le point d\u2019accoucher. Cette derni\u00e8re, avant de mourir, leur confiera le b\u00e9b\u00e9. Ce western empreint de religiosit\u00e9 est la deuxi\u00e8me version, sonore et en Technicolor, d\u2019une histoire d\u00e9j\u00e0 film\u00e9e par Ford en 1919, <em>Marked Men<\/em>, avec Harry Carey en vedette. John Ford d\u00e9die <em>Le Fils du d\u00e9sert<\/em> \u00e0 son premier acteur f\u00e9tiche, mort d\u2019un cancer en 1947. Le plus jeune des nouveaux Rois Mages, aux c\u00f4t\u00e9s de John Wayne et Pedro Almend\u00e1riz, n\u2019est autre que Harry Carey Jr, qui appara\u00eetra dans plusieurs films de Ford. <em>Marked Men<\/em> \u00e9tait lui-m\u00eame un remake d\u2019une pr\u00e9c\u00e9dente adaptation cin\u00e9matographique d\u2019une nouvelle de Peter B. Kyne, <em>The Three Godfathers<\/em> (1916) de Edward LeSaint. Le livre inspirera au moins deux autres longs m\u00e9trages, <em>Hell\u2019s Heroes<\/em> (1929) de William Wyler et <em>Three Godfathers<\/em> (1936) de Richard Boleslawski.<\/p>\n<p>Ford illustre cette parabole chr\u00e9tienne en l\u2019inscrivant dans un paysage naturel sauvage et inhospitalier magnifi\u00e9 par la mise en sc\u00e8ne, qui saisit le petit groupe humain perdu dans l\u2019immensit\u00e9 du d\u00e9sert. Les sc\u00e8nes de temp\u00eates de sable sont impressionnantes. Ford y fait preuve de son habituel g\u00e9nie du cadre. Le mariage entre les nombreuses s\u00e9quences tourn\u00e9es en ext\u00e9rieurs et certaines o\u00f9 surgissent les artifices th\u00e9\u00e2traux des d\u00e9cors en studios produit un effet po\u00e9tique, qui souligne la dimension de fable biblique du film. Le Fils du d\u00e9sert est un film sur la bont\u00e9, qui fait l\u2019\u00e9loge du don de soi et de l\u2019entraide, et montre trois brigands sur le chemin du sacrifice et de la r\u00e9demption. L\u2019imagerie sulpicienne est contrebalanc\u00e9e par l\u2019humour de Ford, son sentimentalisme et son go\u00fbt pour les personnages truculents et fonci\u00e8rement sympathiques.<\/p>\n<div id=\"attachment_21846\" style=\"width: 1034px\" class=\"wp-caption alignnone\"><img aria-describedby=\"caption-attachment-21846\" decoding=\"async\" loading=\"lazy\" class=\"size-full wp-image-21846\" src=\"https:\/\/www.arte.tv\/sites\/olivierpere\/files\/31635_2767a28d1d69e18dd19f024039d08d97.jpg\" alt=\"\" width=\"1024\" height=\"773\" srcset=\"https:\/\/www.arte.tv\/sites\/olivierpere\/files\/31635_2767a28d1d69e18dd19f024039d08d97.jpg 1024w, https:\/\/www.arte.tv\/sites\/olivierpere\/files\/31635_2767a28d1d69e18dd19f024039d08d97-371x280.jpg 371w, https:\/\/www.arte.tv\/sites\/olivierpere\/files\/31635_2767a28d1d69e18dd19f024039d08d97-768x580.jpg 768w, https:\/\/www.arte.tv\/sites\/olivierpere\/files\/31635_2767a28d1d69e18dd19f024039d08d97-1017x768.jpg 1017w, https:\/\/www.arte.tv\/sites\/olivierpere\/files\/31635_2767a28d1d69e18dd19f024039d08d97-580x438.jpg 580w\" sizes=\"(max-width: 1024px) 100vw, 1024px\" \/><p id=\"caption-attachment-21846\" class=\"wp-caption-text\"><em>Le Fils du d\u00e9sert<\/em> de John Ford<\/p><\/div>\n","protected":false},"excerpt":{"rendered":"<p>ARTE diffuse Le Fils du d\u00e9sert (3 Godfathers, 1948) de John Ford dimanche 25 f\u00e9vrier \u00e0 20h50. Le cin\u00e9aste transpose\u2026<\/p>\n","protected":false},"author":116,"featured_media":21846,"comment_status":"open","ping_status":"open","sticky":false,"template":"","format":"standard","meta":[],"categories":[8],"tags":[],"yoast_head":"<!-- This site is optimized with the Yoast SEO plugin v20.8 - https:\/\/yoast.com\/wordpress\/plugins\/seo\/ -->\n<title>Le Fils du d\u00e9sert de John Ford - Olivier P\u00e8re<\/title>\n<meta name=\"robots\" content=\"index, follow, max-snippet:-1, max-image-preview:large, max-video-preview:-1\" \/>\n<link rel=\"canonical\" href=\"https:\/\/www.arte.tv\/sites\/olivierpere\/2018\/02\/04\/fils-desert-de-john-ford\/\" \/>\n<meta property=\"og:locale\" content=\"fr_FR\" \/>\n<meta property=\"og:type\" content=\"article\" \/>\n<meta property=\"og:title\" content=\"Le Fils du d\u00e9sert de John Ford - Olivier P\u00e8re\" \/>\n<meta property=\"og:description\" content=\"ARTE diffuse Le Fils du d\u00e9sert (3 Godfathers, 1948) de John Ford dimanche 25 f\u00e9vrier \u00e0 20h50. Le cin\u00e9aste transpose\u2026\" \/>\n<meta property=\"og:url\" content=\"https:\/\/www.arte.tv\/sites\/olivierpere\/2018\/02\/04\/fils-desert-de-john-ford\/\" \/>\n<meta property=\"og:site_name\" content=\"Olivier P\u00e8re\" \/>\n<meta property=\"article:published_time\" content=\"2018-02-04T14:01:47+00:00\" \/>\n<meta property=\"article:modified_time\" content=\"2018-02-22T14:03:53+00:00\" \/>\n<meta property=\"og:image\" content=\"https:\/\/www.arte.tv\/sites\/olivierpere\/files\/31635_2767a28d1d69e18dd19f024039d08d97.jpg\" \/>\n\t<meta property=\"og:image:width\" content=\"1024\" \/>\n\t<meta property=\"og:image:height\" content=\"773\" \/>\n\t<meta property=\"og:image:type\" content=\"image\/jpeg\" \/>\n<meta name=\"author\" content=\"Olivier P\u00e8re\" \/>\n<meta name=\"twitter:label1\" content=\"\u00c9crit par\" \/>\n\t<meta name=\"twitter:data1\" content=\"Olivier P\u00e8re\" \/>\n\t<meta name=\"twitter:label2\" content=\"Dur\u00e9e de lecture estim\u00e9e\" \/>\n\t<meta name=\"twitter:data2\" content=\"2 minutes\" \/>\n<script type=\"application\/ld+json\" class=\"yoast-schema-graph\">{\"@context\":\"https:\/\/schema.org\",\"@graph\":[{\"@type\":\"WebPage\",\"@id\":\"https:\/\/www.arte.tv\/sites\/olivierpere\/2018\/02\/04\/fils-desert-de-john-ford\/\",\"url\":\"https:\/\/www.arte.tv\/sites\/olivierpere\/2018\/02\/04\/fils-desert-de-john-ford\/\",\"name\":\"Le Fils du d\u00e9sert de John Ford - Olivier P\u00e8re\",\"isPartOf\":{\"@id\":\"https:\/\/www.arte.tv\/sites\/olivierpere\/#website\"},\"datePublished\":\"2018-02-04T14:01:47+00:00\",\"dateModified\":\"2018-02-22T14:03:53+00:00\",\"author\":{\"@id\":\"https:\/\/www.arte.tv\/sites\/olivierpere\/#\/schema\/person\/dc32cd6c79be95e52d43b97a74182558\"},\"breadcrumb\":{\"@id\":\"https:\/\/www.arte.tv\/sites\/olivierpere\/2018\/02\/04\/fils-desert-de-john-ford\/#breadcrumb\"},\"inLanguage\":\"fr-FR\",\"potentialAction\":[{\"@type\":\"ReadAction\",\"target\":[\"https:\/\/www.arte.tv\/sites\/olivierpere\/2018\/02\/04\/fils-desert-de-john-ford\/\"]}]},{\"@type\":\"BreadcrumbList\",\"@id\":\"https:\/\/www.arte.tv\/sites\/olivierpere\/2018\/02\/04\/fils-desert-de-john-ford\/#breadcrumb\",\"itemListElement\":[{\"@type\":\"ListItem\",\"position\":1,\"name\":\"Home\",\"item\":\"https:\/\/www.arte.tv\/sites\/olivierpere\/\"},{\"@type\":\"ListItem\",\"position\":2,\"name\":\"Le Fils du d\u00e9sert de John Ford\"}]},{\"@type\":\"WebSite\",\"@id\":\"https:\/\/www.arte.tv\/sites\/olivierpere\/#website\",\"url\":\"https:\/\/www.arte.tv\/sites\/olivierpere\/\",\"name\":\"Olivier P\u00e8re\",\"description\":\"\",\"potentialAction\":[{\"@type\":\"SearchAction\",\"target\":{\"@type\":\"EntryPoint\",\"urlTemplate\":\"https:\/\/www.arte.tv\/sites\/olivierpere\/?s={search_term_string}\"},\"query-input\":\"required name=search_term_string\"}],\"inLanguage\":\"fr-FR\"},{\"@type\":\"Person\",\"@id\":\"https:\/\/www.arte.tv\/sites\/olivierpere\/#\/schema\/person\/dc32cd6c79be95e52d43b97a74182558\",\"name\":\"Olivier P\u00e8re\",\"image\":{\"@type\":\"ImageObject\",\"inLanguage\":\"fr-FR\",\"@id\":\"https:\/\/www.arte.tv\/sites\/olivierpere\/#\/schema\/person\/image\/\",\"url\":\"https:\/\/secure.gravatar.com\/avatar\/bdea7b6a2c195e2c41772429a9694758?s=96&d=mm&r=g\",\"contentUrl\":\"https:\/\/secure.gravatar.com\/avatar\/bdea7b6a2c195e2c41772429a9694758?s=96&d=mm&r=g\",\"caption\":\"Olivier P\u00e8re\"},\"url\":\"https:\/\/www.arte.tv\/sites\/olivierpere\/author\/pereolivier\/\"}]}<\/script>\n<!-- \/ Yoast SEO plugin. -->","yoast_head_json":{"title":"Le Fils du d\u00e9sert de John Ford - Olivier P\u00e8re","robots":{"index":"index","follow":"follow","max-snippet":"max-snippet:-1","max-image-preview":"max-image-preview:large","max-video-preview":"max-video-preview:-1"},"canonical":"https:\/\/www.arte.tv\/sites\/olivierpere\/2018\/02\/04\/fils-desert-de-john-ford\/","og_locale":"fr_FR","og_type":"article","og_title":"Le Fils du d\u00e9sert de John Ford - Olivier P\u00e8re","og_description":"ARTE diffuse Le Fils du d\u00e9sert (3 Godfathers, 1948) de John Ford dimanche 25 f\u00e9vrier \u00e0 20h50. Le cin\u00e9aste transpose\u2026","og_url":"https:\/\/www.arte.tv\/sites\/olivierpere\/2018\/02\/04\/fils-desert-de-john-ford\/","og_site_name":"Olivier P\u00e8re","article_published_time":"2018-02-04T14:01:47+00:00","article_modified_time":"2018-02-22T14:03:53+00:00","og_image":[{"width":1024,"height":773,"url":"https:\/\/www.arte.tv\/sites\/olivierpere\/files\/31635_2767a28d1d69e18dd19f024039d08d97.jpg","type":"image\/jpeg"}],"author":"Olivier P\u00e8re","twitter_misc":{"\u00c9crit par":"Olivier P\u00e8re","Dur\u00e9e de lecture estim\u00e9e":"2 minutes"},"schema":{"@context":"https:\/\/schema.org","@graph":[{"@type":"WebPage","@id":"https:\/\/www.arte.tv\/sites\/olivierpere\/2018\/02\/04\/fils-desert-de-john-ford\/","url":"https:\/\/www.arte.tv\/sites\/olivierpere\/2018\/02\/04\/fils-desert-de-john-ford\/","name":"Le Fils du d\u00e9sert de John Ford - Olivier P\u00e8re","isPartOf":{"@id":"https:\/\/www.arte.tv\/sites\/olivierpere\/#website"},"datePublished":"2018-02-04T14:01:47+00:00","dateModified":"2018-02-22T14:03:53+00:00","author":{"@id":"https:\/\/www.arte.tv\/sites\/olivierpere\/#\/schema\/person\/dc32cd6c79be95e52d43b97a74182558"},"breadcrumb":{"@id":"https:\/\/www.arte.tv\/sites\/olivierpere\/2018\/02\/04\/fils-desert-de-john-ford\/#breadcrumb"},"inLanguage":"fr-FR","potentialAction":[{"@type":"ReadAction","target":["https:\/\/www.arte.tv\/sites\/olivierpere\/2018\/02\/04\/fils-desert-de-john-ford\/"]}]},{"@type":"BreadcrumbList","@id":"https:\/\/www.arte.tv\/sites\/olivierpere\/2018\/02\/04\/fils-desert-de-john-ford\/#breadcrumb","itemListElement":[{"@type":"ListItem","position":1,"name":"Home","item":"https:\/\/www.arte.tv\/sites\/olivierpere\/"},{"@type":"ListItem","position":2,"name":"Le Fils du d\u00e9sert de John Ford"}]},{"@type":"WebSite","@id":"https:\/\/www.arte.tv\/sites\/olivierpere\/#website","url":"https:\/\/www.arte.tv\/sites\/olivierpere\/","name":"Olivier P\u00e8re","description":"","potentialAction":[{"@type":"SearchAction","target":{"@type":"EntryPoint","urlTemplate":"https:\/\/www.arte.tv\/sites\/olivierpere\/?s={search_term_string}"},"query-input":"required name=search_term_string"}],"inLanguage":"fr-FR"},{"@type":"Person","@id":"https:\/\/www.arte.tv\/sites\/olivierpere\/#\/schema\/person\/dc32cd6c79be95e52d43b97a74182558","name":"Olivier P\u00e8re","image":{"@type":"ImageObject","inLanguage":"fr-FR","@id":"https:\/\/www.arte.tv\/sites\/olivierpere\/#\/schema\/person\/image\/","url":"https:\/\/secure.gravatar.com\/avatar\/bdea7b6a2c195e2c41772429a9694758?s=96&d=mm&r=g","contentUrl":"https:\/\/secure.gravatar.com\/avatar\/bdea7b6a2c195e2c41772429a9694758?s=96&d=mm&r=g","caption":"Olivier P\u00e8re"},"url":"https:\/\/www.arte.tv\/sites\/olivierpere\/author\/pereolivier\/"}]}},"_links":{"self":[{"href":"https:\/\/www.arte.tv\/sites\/olivierpere\/wp-json\/wp\/v2\/posts\/21845"}],"collection":[{"href":"https:\/\/www.arte.tv\/sites\/olivierpere\/wp-json\/wp\/v2\/posts"}],"about":[{"href":"https:\/\/www.arte.tv\/sites\/olivierpere\/wp-json\/wp\/v2\/types\/post"}],"author":[{"embeddable":true,"href":"https:\/\/www.arte.tv\/sites\/olivierpere\/wp-json\/wp\/v2\/users\/116"}],"replies":[{"embeddable":true,"href":"https:\/\/www.arte.tv\/sites\/olivierpere\/wp-json\/wp\/v2\/comments?post=21845"}],"version-history":[{"count":2,"href":"https:\/\/www.arte.tv\/sites\/olivierpere\/wp-json\/wp\/v2\/posts\/21845\/revisions"}],"predecessor-version":[{"id":21848,"href":"https:\/\/www.arte.tv\/sites\/olivierpere\/wp-json\/wp\/v2\/posts\/21845\/revisions\/21848"}],"wp:featuredmedia":[{"embeddable":true,"href":"https:\/\/www.arte.tv\/sites\/olivierpere\/wp-json\/wp\/v2\/media\/21846"}],"wp:attachment":[{"href":"https:\/\/www.arte.tv\/sites\/olivierpere\/wp-json\/wp\/v2\/media?parent=21845"}],"wp:term":[{"taxonomy":"category","embeddable":true,"href":"https:\/\/www.arte.tv\/sites\/olivierpere\/wp-json\/wp\/v2\/categories?post=21845"},{"taxonomy":"post_tag","embeddable":true,"href":"https:\/\/www.arte.tv\/sites\/olivierpere\/wp-json\/wp\/v2\/tags?post=21845"}],"curies":[{"name":"wp","href":"https:\/\/api.w.org\/{rel}","templated":true}]}}