{"id":21795,"date":"2018-01-24T21:00:36","date_gmt":"2018-01-24T20:00:36","guid":{"rendered":"https:\/\/www.arte.tv\/sites\/olivierpere\/?p=21795"},"modified":"2020-03-29T10:11:33","modified_gmt":"2020-03-29T09:11:33","slug":"mort-direct-rencontre-bertrand-tavernier","status":"publish","type":"post","link":"https:\/\/www.arte.tv\/sites\/olivierpere\/2018\/01\/24\/mort-direct-rencontre-bertrand-tavernier\/","title":{"rendered":"La Mort en direct : rencontre avec Bertrand Tavernier"},"content":{"rendered":"<p><iframe loading=\"lazy\" style=\"margin: 0 auto;background-color: #000000\" src=\"https:\/\/www.arte.tv\/player\/v3\/index.php?json_url=https%3A%2F%2Fapi.arte.tv%2Fapi%2Fplayer%2Fv1%2Fconfig%2Ffr%2F074505-012-A%3Fautostart%3D0%26infoLink%3D%26primaryAudioVersion%3D%26lifeCycle%3D1&amp;lang=fr_FR\" width=\"720\" height=\"406\" frameborder=\"0\"><\/iframe><\/p>\n<p>Dans le cadre de son cycle de trois films consacr\u00e9 \u00e0 Bertrand Tavernier, ARTE diffuse <em>La Mort en direct<\/em> (<em>Death Watch<\/em>, 1980) lundi 12 f\u00e9vrier \u00e0 22h55. Le film sera \u00e9galement disponible en t\u00e9l\u00e9vision de rattrapage pendant sept jours sur le site d&rsquo;ARTE.<\/p>\n<p>C\u2019est un film \u00e0 part dans la carri\u00e8re de Bertrand Tavernier, qui s\u2019essaie \u00e0 la science-fiction de mani\u00e8re tr\u00e8s originale. Sans effet sp\u00e9cial ni gadget futuriste, le r\u00e9alisateur parvient \u00e0 cr\u00e9er une atmosph\u00e8re \u00e9trange et inqui\u00e9tante, en tirant profit des ext\u00e9rieurs incroyables que lui offrent la lande \u00e9cossaise et la ville de Glasgow. Le film b\u00e9n\u00e9ficie d\u2019une photographie magnifique de Pierre-William Glenn et de la musique d\u2019Antoine Duhamel qui lui apportent une dimension \u00e0 la fois lyrique et fun\u00e8bre.<\/p>\n<p><em>La Mort en direct<\/em> adapte un roman anglais de David Compton (<em>L&rsquo;Incurable<\/em>) et d\u00e9nonce la t\u00e9l\u00e9-r\u00e9alit\u00e9 avant m\u00eame qu\u2019elle n\u2019existe. Une femme atteinte d\u2019une maladie incurable est film\u00e9e \u00e0 son insu par un homme qui a une cam\u00e9ra implant\u00e9e dans son cerveau. Ces images vol\u00e9es sont retransmises dans une \u00e9mission qui bat chaque semaine des records d\u2019audience. Quelques ann\u00e9es apr\u00e8s le film de Tavernier, les d\u00e9rives cyniques et voyeuristes de la t\u00e9l\u00e9vision commerciale n\u2019appartenaient plus au domaine de l\u2019anticipation.<\/p>\n<p>Romy Schneider est bouleversante dans le r\u00f4le de Katherine, une \u00e9crivaine qui prend la fuite pour mourir loin du regard des m\u00e9dias, sans savoir que l\u2019homme qui pr\u00e9tend l\u2019aider est en train de la trahir. A ses c\u00f4t\u00e9s, Harvey Keitel est excellent. On retrouve aussi avec plaisir le grand Harry Dean Stanton. Le film a \u00e9t\u00e9 tourn\u00e9 en anglais et nous vous conseillons de le voir en version originale.<\/p>\n","protected":false},"excerpt":{"rendered":"<p>Dans le cadre de son cycle de trois films consacr\u00e9 \u00e0 Bertrand Tavernier, ARTE diffuse La Mort en direct (Death\u2026<\/p>\n","protected":false},"author":116,"featured_media":0,"comment_status":"open","ping_status":"open","sticky":false,"template":"","format":"standard","meta":[],"categories":[7,8],"tags":[],"yoast_head":"<!-- This site is optimized with the Yoast SEO plugin v20.8 - https:\/\/yoast.com\/wordpress\/plugins\/seo\/ -->\n<title>La Mort en direct : rencontre avec Bertrand Tavernier - Olivier P\u00e8re<\/title>\n<meta name=\"robots\" content=\"index, follow, max-snippet:-1, max-image-preview:large, max-video-preview:-1\" \/>\n<link rel=\"canonical\" href=\"https:\/\/www.arte.tv\/sites\/olivierpere\/2018\/01\/24\/mort-direct-rencontre-bertrand-tavernier\/\" \/>\n<meta property=\"og:locale\" content=\"fr_FR\" \/>\n<meta property=\"og:type\" content=\"article\" \/>\n<meta property=\"og:title\" content=\"La Mort en direct : rencontre avec Bertrand Tavernier - Olivier P\u00e8re\" \/>\n<meta property=\"og:description\" content=\"Dans le cadre de son cycle de trois films consacr\u00e9 \u00e0 Bertrand Tavernier, ARTE diffuse La Mort en direct (Death\u2026\" \/>\n<meta property=\"og:url\" content=\"https:\/\/www.arte.tv\/sites\/olivierpere\/2018\/01\/24\/mort-direct-rencontre-bertrand-tavernier\/\" \/>\n<meta property=\"og:site_name\" content=\"Olivier P\u00e8re\" \/>\n<meta property=\"article:published_time\" content=\"2018-01-24T20:00:36+00:00\" \/>\n<meta property=\"article:modified_time\" content=\"2020-03-29T09:11:33+00:00\" \/>\n<meta name=\"author\" content=\"Olivier P\u00e8re\" \/>\n<meta name=\"twitter:label1\" content=\"\u00c9crit par\" \/>\n\t<meta name=\"twitter:data1\" content=\"Olivier P\u00e8re\" \/>\n\t<meta name=\"twitter:label2\" content=\"Dur\u00e9e de lecture estim\u00e9e\" \/>\n\t<meta name=\"twitter:data2\" content=\"2 minutes\" \/>\n<script type=\"application\/ld+json\" class=\"yoast-schema-graph\">{\"@context\":\"https:\/\/schema.org\",\"@graph\":[{\"@type\":\"WebPage\",\"@id\":\"https:\/\/www.arte.tv\/sites\/olivierpere\/2018\/01\/24\/mort-direct-rencontre-bertrand-tavernier\/\",\"url\":\"https:\/\/www.arte.tv\/sites\/olivierpere\/2018\/01\/24\/mort-direct-rencontre-bertrand-tavernier\/\",\"name\":\"La Mort en direct : rencontre avec Bertrand Tavernier - Olivier P\u00e8re\",\"isPartOf\":{\"@id\":\"https:\/\/www.arte.tv\/sites\/olivierpere\/#website\"},\"datePublished\":\"2018-01-24T20:00:36+00:00\",\"dateModified\":\"2020-03-29T09:11:33+00:00\",\"author\":{\"@id\":\"https:\/\/www.arte.tv\/sites\/olivierpere\/#\/schema\/person\/dc32cd6c79be95e52d43b97a74182558\"},\"breadcrumb\":{\"@id\":\"https:\/\/www.arte.tv\/sites\/olivierpere\/2018\/01\/24\/mort-direct-rencontre-bertrand-tavernier\/#breadcrumb\"},\"inLanguage\":\"fr-FR\",\"potentialAction\":[{\"@type\":\"ReadAction\",\"target\":[\"https:\/\/www.arte.tv\/sites\/olivierpere\/2018\/01\/24\/mort-direct-rencontre-bertrand-tavernier\/\"]}]},{\"@type\":\"BreadcrumbList\",\"@id\":\"https:\/\/www.arte.tv\/sites\/olivierpere\/2018\/01\/24\/mort-direct-rencontre-bertrand-tavernier\/#breadcrumb\",\"itemListElement\":[{\"@type\":\"ListItem\",\"position\":1,\"name\":\"Home\",\"item\":\"https:\/\/www.arte.tv\/sites\/olivierpere\/\"},{\"@type\":\"ListItem\",\"position\":2,\"name\":\"La Mort en direct : rencontre avec Bertrand Tavernier\"}]},{\"@type\":\"WebSite\",\"@id\":\"https:\/\/www.arte.tv\/sites\/olivierpere\/#website\",\"url\":\"https:\/\/www.arte.tv\/sites\/olivierpere\/\",\"name\":\"Olivier P\u00e8re\",\"description\":\"\",\"potentialAction\":[{\"@type\":\"SearchAction\",\"target\":{\"@type\":\"EntryPoint\",\"urlTemplate\":\"https:\/\/www.arte.tv\/sites\/olivierpere\/?s={search_term_string}\"},\"query-input\":\"required name=search_term_string\"}],\"inLanguage\":\"fr-FR\"},{\"@type\":\"Person\",\"@id\":\"https:\/\/www.arte.tv\/sites\/olivierpere\/#\/schema\/person\/dc32cd6c79be95e52d43b97a74182558\",\"name\":\"Olivier P\u00e8re\",\"image\":{\"@type\":\"ImageObject\",\"inLanguage\":\"fr-FR\",\"@id\":\"https:\/\/www.arte.tv\/sites\/olivierpere\/#\/schema\/person\/image\/\",\"url\":\"https:\/\/secure.gravatar.com\/avatar\/bdea7b6a2c195e2c41772429a9694758?s=96&d=mm&r=g\",\"contentUrl\":\"https:\/\/secure.gravatar.com\/avatar\/bdea7b6a2c195e2c41772429a9694758?s=96&d=mm&r=g\",\"caption\":\"Olivier P\u00e8re\"},\"url\":\"https:\/\/www.arte.tv\/sites\/olivierpere\/author\/pereolivier\/\"}]}<\/script>\n<!-- \/ Yoast SEO plugin. -->","yoast_head_json":{"title":"La Mort en direct : rencontre avec Bertrand Tavernier - Olivier P\u00e8re","robots":{"index":"index","follow":"follow","max-snippet":"max-snippet:-1","max-image-preview":"max-image-preview:large","max-video-preview":"max-video-preview:-1"},"canonical":"https:\/\/www.arte.tv\/sites\/olivierpere\/2018\/01\/24\/mort-direct-rencontre-bertrand-tavernier\/","og_locale":"fr_FR","og_type":"article","og_title":"La Mort en direct : rencontre avec Bertrand Tavernier - Olivier P\u00e8re","og_description":"Dans le cadre de son cycle de trois films consacr\u00e9 \u00e0 Bertrand Tavernier, ARTE diffuse La Mort en direct (Death\u2026","og_url":"https:\/\/www.arte.tv\/sites\/olivierpere\/2018\/01\/24\/mort-direct-rencontre-bertrand-tavernier\/","og_site_name":"Olivier P\u00e8re","article_published_time":"2018-01-24T20:00:36+00:00","article_modified_time":"2020-03-29T09:11:33+00:00","author":"Olivier P\u00e8re","twitter_misc":{"\u00c9crit par":"Olivier P\u00e8re","Dur\u00e9e de lecture estim\u00e9e":"2 minutes"},"schema":{"@context":"https:\/\/schema.org","@graph":[{"@type":"WebPage","@id":"https:\/\/www.arte.tv\/sites\/olivierpere\/2018\/01\/24\/mort-direct-rencontre-bertrand-tavernier\/","url":"https:\/\/www.arte.tv\/sites\/olivierpere\/2018\/01\/24\/mort-direct-rencontre-bertrand-tavernier\/","name":"La Mort en direct : rencontre avec Bertrand Tavernier - Olivier P\u00e8re","isPartOf":{"@id":"https:\/\/www.arte.tv\/sites\/olivierpere\/#website"},"datePublished":"2018-01-24T20:00:36+00:00","dateModified":"2020-03-29T09:11:33+00:00","author":{"@id":"https:\/\/www.arte.tv\/sites\/olivierpere\/#\/schema\/person\/dc32cd6c79be95e52d43b97a74182558"},"breadcrumb":{"@id":"https:\/\/www.arte.tv\/sites\/olivierpere\/2018\/01\/24\/mort-direct-rencontre-bertrand-tavernier\/#breadcrumb"},"inLanguage":"fr-FR","potentialAction":[{"@type":"ReadAction","target":["https:\/\/www.arte.tv\/sites\/olivierpere\/2018\/01\/24\/mort-direct-rencontre-bertrand-tavernier\/"]}]},{"@type":"BreadcrumbList","@id":"https:\/\/www.arte.tv\/sites\/olivierpere\/2018\/01\/24\/mort-direct-rencontre-bertrand-tavernier\/#breadcrumb","itemListElement":[{"@type":"ListItem","position":1,"name":"Home","item":"https:\/\/www.arte.tv\/sites\/olivierpere\/"},{"@type":"ListItem","position":2,"name":"La Mort en direct : rencontre avec Bertrand Tavernier"}]},{"@type":"WebSite","@id":"https:\/\/www.arte.tv\/sites\/olivierpere\/#website","url":"https:\/\/www.arte.tv\/sites\/olivierpere\/","name":"Olivier P\u00e8re","description":"","potentialAction":[{"@type":"SearchAction","target":{"@type":"EntryPoint","urlTemplate":"https:\/\/www.arte.tv\/sites\/olivierpere\/?s={search_term_string}"},"query-input":"required name=search_term_string"}],"inLanguage":"fr-FR"},{"@type":"Person","@id":"https:\/\/www.arte.tv\/sites\/olivierpere\/#\/schema\/person\/dc32cd6c79be95e52d43b97a74182558","name":"Olivier P\u00e8re","image":{"@type":"ImageObject","inLanguage":"fr-FR","@id":"https:\/\/www.arte.tv\/sites\/olivierpere\/#\/schema\/person\/image\/","url":"https:\/\/secure.gravatar.com\/avatar\/bdea7b6a2c195e2c41772429a9694758?s=96&d=mm&r=g","contentUrl":"https:\/\/secure.gravatar.com\/avatar\/bdea7b6a2c195e2c41772429a9694758?s=96&d=mm&r=g","caption":"Olivier P\u00e8re"},"url":"https:\/\/www.arte.tv\/sites\/olivierpere\/author\/pereolivier\/"}]}},"_links":{"self":[{"href":"https:\/\/www.arte.tv\/sites\/olivierpere\/wp-json\/wp\/v2\/posts\/21795"}],"collection":[{"href":"https:\/\/www.arte.tv\/sites\/olivierpere\/wp-json\/wp\/v2\/posts"}],"about":[{"href":"https:\/\/www.arte.tv\/sites\/olivierpere\/wp-json\/wp\/v2\/types\/post"}],"author":[{"embeddable":true,"href":"https:\/\/www.arte.tv\/sites\/olivierpere\/wp-json\/wp\/v2\/users\/116"}],"replies":[{"embeddable":true,"href":"https:\/\/www.arte.tv\/sites\/olivierpere\/wp-json\/wp\/v2\/comments?post=21795"}],"version-history":[{"count":3,"href":"https:\/\/www.arte.tv\/sites\/olivierpere\/wp-json\/wp\/v2\/posts\/21795\/revisions"}],"predecessor-version":[{"id":24636,"href":"https:\/\/www.arte.tv\/sites\/olivierpere\/wp-json\/wp\/v2\/posts\/21795\/revisions\/24636"}],"wp:attachment":[{"href":"https:\/\/www.arte.tv\/sites\/olivierpere\/wp-json\/wp\/v2\/media?parent=21795"}],"wp:term":[{"taxonomy":"category","embeddable":true,"href":"https:\/\/www.arte.tv\/sites\/olivierpere\/wp-json\/wp\/v2\/categories?post=21795"},{"taxonomy":"post_tag","embeddable":true,"href":"https:\/\/www.arte.tv\/sites\/olivierpere\/wp-json\/wp\/v2\/tags?post=21795"}],"curies":[{"name":"wp","href":"https:\/\/api.w.org\/{rel}","templated":true}]}}