{"id":21267,"date":"2017-08-31T20:06:20","date_gmt":"2017-08-31T19:06:20","guid":{"rendered":"https:\/\/www.arte.tv\/sites\/olivierpere\/?p=21267"},"modified":"2017-09-24T20:11:09","modified_gmt":"2017-09-24T19:11:09","slug":"lhomme-age-de-francis-ford-coppola","status":"publish","type":"post","link":"https:\/\/www.arte.tv\/sites\/olivierpere\/2017\/08\/31\/lhomme-age-de-francis-ford-coppola\/","title":{"rendered":"L\u2019Homme sans \u00e2ge de Francis Ford Coppola"},"content":{"rendered":"<p>ARTE diffuse <em>L\u2019Homme sans \u00e2ge<\/em> (<em>Youth Without Youth<\/em>, 2007) de Francis Ford Coppola lundi 25 septembre \u00e0 22h30.<\/p>\n<p>En 1979 Coppola, accompagn\u00e9 de ses enfants (Roman et Sofia, futurs cin\u00e9astes), proph\u00e9tise l\u2019arriv\u00e9e du cin\u00e9ma num\u00e9rique lors de la conf\u00e9rence de presse de <em>Apocalypse Now<\/em> au Festival de Cannes. En 2001, entour\u00e9 de ses fid\u00e8les collaborateurs dont le d\u00e9corateur Dean Tavoularis et le directeur de la photographie Vittorio Storaro, il esp\u00e8re encore tourner des films \u00e0 la hauteur de ses r\u00eaves, malgr\u00e9 la situation actuelle de la production am\u00e9ricaine sacrifi\u00e9e au b\u00e9n\u00e9fice imm\u00e9diat. Il y parviendra apr\u00e8s une \u00e9clipse de pr\u00e8s de dix ans, gr\u00e2ce \u00e0 sa fortune personnelle, avec trois films autoproduits tourn\u00e9s en num\u00e9rique (une nouveaut\u00e9 \u00e0 l\u2019\u00e9poque) et en \u00e9quipe r\u00e9duite en Roumanie, en Argentine et en Californie : <em>L\u2019Homme sans \u00e2ge (2007)<\/em><em>,<\/em> <em>Tetro<\/em> (2009) et <em>Twixt<\/em> (2011). Ce sont des films intimes qui constituent l\u2019un des plus remarquables retours \u00e0 la mise en sc\u00e8ne de l\u2019histoire du cin\u00e9ma, la conclusion \u00e0 la fois inattendue et parfaitement coh\u00e9rente d\u2019une \u0153uvre g\u00e9niale.<\/p>\n<p><em>L\u2019Homme sans \u00e2ge<\/em> se pr\u00e9sente comme une curieuse m\u00e9diation philosophique adapt\u00e9e d\u2019un roman de Mirc\u00e9a Eliade, dans laquelle Coppola brasse les th\u00e8mes du surhomme, de la m\u00e9tempsychose et de l\u2019hypermn\u00e9sie. Tim Roth y interpr\u00e8te un professeur roumain qui, frapp\u00e9 par la foudre en 1938, se retrouve rajeuni et dot\u00e9 de pouvoirs myst\u00e9rieux. Commence alors un voyage \u00e0 travers le si\u00e8cle, les connaissances et les civilisations. <em>L\u2019Homme sans \u00e2ge<\/em> est aussi une histoire d\u2019amour absolu qui d\u00e9fie le temps et l\u2019espace. Au-del\u00e0 de son excentricit\u00e9 apparente \u2013 le film emprunte diff\u00e9rentes voies et passe sans transition du thriller au conte fantastique, puis du m\u00e9lodrame \u00e0 l\u2019essai exp\u00e9rimental \u2013 <em>L\u2019Homme sans \u00e2ge<\/em> compile dans un \u00e9lan romantique plusieurs th\u00e8mes d\u00e9j\u00e0 trait\u00e9s par Coppola dans ses films hollywoodiens. Le temps d\u00e9r\u00e9gl\u00e9 a toujours occup\u00e9 une place pr\u00e9pond\u00e9rante dans l\u2019\u0153uvre du cin\u00e9aste. <em>L\u2019Homme sans \u00e2ge<\/em> se r\u00e9v\u00e8le tr\u00e8s proche de son <em>Dracula<\/em>. Le h\u00e9ros de L\u2019Homme sans \u00e2ge est un personnage m\u00e9dium capable de changer d\u2019\u00e2ge et d\u2019apparence, d\u2019assimiler une multitude de langue et de savoir dans sa qu\u00eate d\u2019absolu, son ambition de remonter jusqu\u2019aux origines de l\u2019humanit\u00e9 et de la spiritualit\u00e9. Homme biblioth\u00e8que, Dominic Matei est aussi un homme cin\u00e9ma, \u00e0 la mani\u00e8re du c\u00e9l\u00e8bre vampire tel que Coppola l\u2019a film\u00e9 en 1992. Son corps devient le vecteur d\u2019une odyss\u00e9e physique et mentale, dans laquelle Coppola donne libre cours \u00e0 son imagination et \u00e0 sa curiosit\u00e9 intellectuelle, et cherche \u00e0 exc\u00e9der les limites de l\u2019\u00e9criture cin\u00e9matographique. Son ambition rappelle plus que jamais celle d\u2019Abel Gance, autre grand visionnaire et utopiste du cin\u00e9ma.<\/p>\n<div id=\"attachment_21269\" style=\"width: 1805px\" class=\"wp-caption alignnone\"><img aria-describedby=\"caption-attachment-21269\" decoding=\"async\" loading=\"lazy\" class=\"size-full wp-image-21269\" src=\"https:\/\/www.arte.tv\/sites\/olivierpere\/files\/070749-000-a_2144731.jpg\" alt=\"L'Homme sans \u00e2ge de Francis Ford Coppola\" width=\"1795\" height=\"1197\" srcset=\"https:\/\/www.arte.tv\/sites\/olivierpere\/files\/070749-000-a_2144731.jpg 1795w, https:\/\/www.arte.tv\/sites\/olivierpere\/files\/070749-000-a_2144731-420x280.jpg 420w, https:\/\/www.arte.tv\/sites\/olivierpere\/files\/070749-000-a_2144731-768x512.jpg 768w, https:\/\/www.arte.tv\/sites\/olivierpere\/files\/070749-000-a_2144731-1024x683.jpg 1024w, https:\/\/www.arte.tv\/sites\/olivierpere\/files\/070749-000-a_2144731-580x387.jpg 580w\" sizes=\"(max-width: 1795px) 100vw, 1795px\" \/><p id=\"caption-attachment-21269\" class=\"wp-caption-text\"><em>L&rsquo;Homme sans \u00e2ge<\/em> de Francis Ford Coppola<\/p><\/div>\n<div id=\"attachment_21270\" style=\"width: 4298px\" class=\"wp-caption alignnone\"><img aria-describedby=\"caption-attachment-21270\" decoding=\"async\" loading=\"lazy\" class=\"size-full wp-image-21270\" src=\"https:\/\/www.arte.tv\/sites\/olivierpere\/files\/070749-000-a_2144726.jpg\" alt=\"Tim Roth et Alexandra Maria Lara dans L'Homme sans \u00e2ge de Francis Ford Coppola\" width=\"4288\" height=\"2848\" srcset=\"https:\/\/www.arte.tv\/sites\/olivierpere\/files\/070749-000-a_2144726.jpg 4288w, https:\/\/www.arte.tv\/sites\/olivierpere\/files\/070749-000-a_2144726-422x280.jpg 422w, https:\/\/www.arte.tv\/sites\/olivierpere\/files\/070749-000-a_2144726-768x510.jpg 768w, https:\/\/www.arte.tv\/sites\/olivierpere\/files\/070749-000-a_2144726-1024x680.jpg 1024w, https:\/\/www.arte.tv\/sites\/olivierpere\/files\/070749-000-a_2144726-580x385.jpg 580w\" sizes=\"(max-width: 4288px) 100vw, 4288px\" \/><p id=\"caption-attachment-21270\" class=\"wp-caption-text\">Tim Roth et Alexandra Maria Lara dans <em>L&rsquo;Homme sans \u00e2ge<\/em> de Francis Ford Coppola<\/p><\/div>\n","protected":false},"excerpt":{"rendered":"<p>ARTE diffuse L\u2019Homme sans \u00e2ge (Youth Without Youth, 2007) de Francis Ford Coppola lundi 25 septembre \u00e0 22h30. En 1979\u2026<\/p>\n","protected":false},"author":116,"featured_media":21268,"comment_status":"open","ping_status":"open","sticky":false,"template":"","format":"standard","meta":[],"categories":[8],"tags":[],"yoast_head":"<!-- This site is optimized with the Yoast SEO plugin v20.8 - https:\/\/yoast.com\/wordpress\/plugins\/seo\/ -->\n<title>L\u2019Homme sans \u00e2ge de Francis Ford Coppola - Olivier P\u00e8re<\/title>\n<meta name=\"robots\" content=\"index, follow, max-snippet:-1, max-image-preview:large, max-video-preview:-1\" \/>\n<link rel=\"canonical\" href=\"https:\/\/www.arte.tv\/sites\/olivierpere\/2017\/08\/31\/lhomme-age-de-francis-ford-coppola\/\" \/>\n<meta property=\"og:locale\" content=\"fr_FR\" \/>\n<meta property=\"og:type\" content=\"article\" \/>\n<meta property=\"og:title\" content=\"L\u2019Homme sans \u00e2ge de Francis Ford Coppola - Olivier P\u00e8re\" \/>\n<meta property=\"og:description\" content=\"ARTE diffuse L\u2019Homme sans \u00e2ge (Youth Without Youth, 2007) de Francis Ford Coppola lundi 25 septembre \u00e0 22h30. En 1979\u2026\" \/>\n<meta property=\"og:url\" content=\"https:\/\/www.arte.tv\/sites\/olivierpere\/2017\/08\/31\/lhomme-age-de-francis-ford-coppola\/\" \/>\n<meta property=\"og:site_name\" content=\"Olivier P\u00e8re\" \/>\n<meta property=\"article:published_time\" content=\"2017-08-31T19:06:20+00:00\" \/>\n<meta property=\"article:modified_time\" content=\"2017-09-24T19:11:09+00:00\" \/>\n<meta property=\"og:image\" content=\"https:\/\/www.arte.tv\/sites\/olivierpere\/files\/070749-000-a_2144742.jpg\" \/>\n\t<meta property=\"og:image:width\" content=\"1795\" \/>\n\t<meta property=\"og:image:height\" content=\"1197\" \/>\n\t<meta property=\"og:image:type\" content=\"image\/jpeg\" \/>\n<meta name=\"author\" content=\"Olivier P\u00e8re\" \/>\n<meta name=\"twitter:label1\" content=\"\u00c9crit par\" \/>\n\t<meta name=\"twitter:data1\" content=\"Olivier P\u00e8re\" \/>\n\t<meta name=\"twitter:label2\" content=\"Dur\u00e9e de lecture estim\u00e9e\" \/>\n\t<meta name=\"twitter:data2\" content=\"3 minutes\" \/>\n<script type=\"application\/ld+json\" class=\"yoast-schema-graph\">{\"@context\":\"https:\/\/schema.org\",\"@graph\":[{\"@type\":\"WebPage\",\"@id\":\"https:\/\/www.arte.tv\/sites\/olivierpere\/2017\/08\/31\/lhomme-age-de-francis-ford-coppola\/\",\"url\":\"https:\/\/www.arte.tv\/sites\/olivierpere\/2017\/08\/31\/lhomme-age-de-francis-ford-coppola\/\",\"name\":\"L\u2019Homme sans \u00e2ge de Francis Ford Coppola - Olivier P\u00e8re\",\"isPartOf\":{\"@id\":\"https:\/\/www.arte.tv\/sites\/olivierpere\/#website\"},\"datePublished\":\"2017-08-31T19:06:20+00:00\",\"dateModified\":\"2017-09-24T19:11:09+00:00\",\"author\":{\"@id\":\"https:\/\/www.arte.tv\/sites\/olivierpere\/#\/schema\/person\/dc32cd6c79be95e52d43b97a74182558\"},\"breadcrumb\":{\"@id\":\"https:\/\/www.arte.tv\/sites\/olivierpere\/2017\/08\/31\/lhomme-age-de-francis-ford-coppola\/#breadcrumb\"},\"inLanguage\":\"fr-FR\",\"potentialAction\":[{\"@type\":\"ReadAction\",\"target\":[\"https:\/\/www.arte.tv\/sites\/olivierpere\/2017\/08\/31\/lhomme-age-de-francis-ford-coppola\/\"]}]},{\"@type\":\"BreadcrumbList\",\"@id\":\"https:\/\/www.arte.tv\/sites\/olivierpere\/2017\/08\/31\/lhomme-age-de-francis-ford-coppola\/#breadcrumb\",\"itemListElement\":[{\"@type\":\"ListItem\",\"position\":1,\"name\":\"Home\",\"item\":\"https:\/\/www.arte.tv\/sites\/olivierpere\/\"},{\"@type\":\"ListItem\",\"position\":2,\"name\":\"L\u2019Homme sans \u00e2ge de Francis Ford Coppola\"}]},{\"@type\":\"WebSite\",\"@id\":\"https:\/\/www.arte.tv\/sites\/olivierpere\/#website\",\"url\":\"https:\/\/www.arte.tv\/sites\/olivierpere\/\",\"name\":\"Olivier P\u00e8re\",\"description\":\"\",\"potentialAction\":[{\"@type\":\"SearchAction\",\"target\":{\"@type\":\"EntryPoint\",\"urlTemplate\":\"https:\/\/www.arte.tv\/sites\/olivierpere\/?s={search_term_string}\"},\"query-input\":\"required name=search_term_string\"}],\"inLanguage\":\"fr-FR\"},{\"@type\":\"Person\",\"@id\":\"https:\/\/www.arte.tv\/sites\/olivierpere\/#\/schema\/person\/dc32cd6c79be95e52d43b97a74182558\",\"name\":\"Olivier P\u00e8re\",\"image\":{\"@type\":\"ImageObject\",\"inLanguage\":\"fr-FR\",\"@id\":\"https:\/\/www.arte.tv\/sites\/olivierpere\/#\/schema\/person\/image\/\",\"url\":\"https:\/\/secure.gravatar.com\/avatar\/bdea7b6a2c195e2c41772429a9694758?s=96&d=mm&r=g\",\"contentUrl\":\"https:\/\/secure.gravatar.com\/avatar\/bdea7b6a2c195e2c41772429a9694758?s=96&d=mm&r=g\",\"caption\":\"Olivier P\u00e8re\"},\"url\":\"https:\/\/www.arte.tv\/sites\/olivierpere\/author\/pereolivier\/\"}]}<\/script>\n<!-- \/ Yoast SEO plugin. -->","yoast_head_json":{"title":"L\u2019Homme sans \u00e2ge de Francis Ford Coppola - Olivier P\u00e8re","robots":{"index":"index","follow":"follow","max-snippet":"max-snippet:-1","max-image-preview":"max-image-preview:large","max-video-preview":"max-video-preview:-1"},"canonical":"https:\/\/www.arte.tv\/sites\/olivierpere\/2017\/08\/31\/lhomme-age-de-francis-ford-coppola\/","og_locale":"fr_FR","og_type":"article","og_title":"L\u2019Homme sans \u00e2ge de Francis Ford Coppola - Olivier P\u00e8re","og_description":"ARTE diffuse L\u2019Homme sans \u00e2ge (Youth Without Youth, 2007) de Francis Ford Coppola lundi 25 septembre \u00e0 22h30. En 1979\u2026","og_url":"https:\/\/www.arte.tv\/sites\/olivierpere\/2017\/08\/31\/lhomme-age-de-francis-ford-coppola\/","og_site_name":"Olivier P\u00e8re","article_published_time":"2017-08-31T19:06:20+00:00","article_modified_time":"2017-09-24T19:11:09+00:00","og_image":[{"width":1795,"height":1197,"url":"https:\/\/www.arte.tv\/sites\/olivierpere\/files\/070749-000-a_2144742.jpg","type":"image\/jpeg"}],"author":"Olivier P\u00e8re","twitter_misc":{"\u00c9crit par":"Olivier P\u00e8re","Dur\u00e9e de lecture estim\u00e9e":"3 minutes"},"schema":{"@context":"https:\/\/schema.org","@graph":[{"@type":"WebPage","@id":"https:\/\/www.arte.tv\/sites\/olivierpere\/2017\/08\/31\/lhomme-age-de-francis-ford-coppola\/","url":"https:\/\/www.arte.tv\/sites\/olivierpere\/2017\/08\/31\/lhomme-age-de-francis-ford-coppola\/","name":"L\u2019Homme sans \u00e2ge de Francis Ford Coppola - Olivier P\u00e8re","isPartOf":{"@id":"https:\/\/www.arte.tv\/sites\/olivierpere\/#website"},"datePublished":"2017-08-31T19:06:20+00:00","dateModified":"2017-09-24T19:11:09+00:00","author":{"@id":"https:\/\/www.arte.tv\/sites\/olivierpere\/#\/schema\/person\/dc32cd6c79be95e52d43b97a74182558"},"breadcrumb":{"@id":"https:\/\/www.arte.tv\/sites\/olivierpere\/2017\/08\/31\/lhomme-age-de-francis-ford-coppola\/#breadcrumb"},"inLanguage":"fr-FR","potentialAction":[{"@type":"ReadAction","target":["https:\/\/www.arte.tv\/sites\/olivierpere\/2017\/08\/31\/lhomme-age-de-francis-ford-coppola\/"]}]},{"@type":"BreadcrumbList","@id":"https:\/\/www.arte.tv\/sites\/olivierpere\/2017\/08\/31\/lhomme-age-de-francis-ford-coppola\/#breadcrumb","itemListElement":[{"@type":"ListItem","position":1,"name":"Home","item":"https:\/\/www.arte.tv\/sites\/olivierpere\/"},{"@type":"ListItem","position":2,"name":"L\u2019Homme sans \u00e2ge de Francis Ford Coppola"}]},{"@type":"WebSite","@id":"https:\/\/www.arte.tv\/sites\/olivierpere\/#website","url":"https:\/\/www.arte.tv\/sites\/olivierpere\/","name":"Olivier P\u00e8re","description":"","potentialAction":[{"@type":"SearchAction","target":{"@type":"EntryPoint","urlTemplate":"https:\/\/www.arte.tv\/sites\/olivierpere\/?s={search_term_string}"},"query-input":"required name=search_term_string"}],"inLanguage":"fr-FR"},{"@type":"Person","@id":"https:\/\/www.arte.tv\/sites\/olivierpere\/#\/schema\/person\/dc32cd6c79be95e52d43b97a74182558","name":"Olivier P\u00e8re","image":{"@type":"ImageObject","inLanguage":"fr-FR","@id":"https:\/\/www.arte.tv\/sites\/olivierpere\/#\/schema\/person\/image\/","url":"https:\/\/secure.gravatar.com\/avatar\/bdea7b6a2c195e2c41772429a9694758?s=96&d=mm&r=g","contentUrl":"https:\/\/secure.gravatar.com\/avatar\/bdea7b6a2c195e2c41772429a9694758?s=96&d=mm&r=g","caption":"Olivier P\u00e8re"},"url":"https:\/\/www.arte.tv\/sites\/olivierpere\/author\/pereolivier\/"}]}},"_links":{"self":[{"href":"https:\/\/www.arte.tv\/sites\/olivierpere\/wp-json\/wp\/v2\/posts\/21267"}],"collection":[{"href":"https:\/\/www.arte.tv\/sites\/olivierpere\/wp-json\/wp\/v2\/posts"}],"about":[{"href":"https:\/\/www.arte.tv\/sites\/olivierpere\/wp-json\/wp\/v2\/types\/post"}],"author":[{"embeddable":true,"href":"https:\/\/www.arte.tv\/sites\/olivierpere\/wp-json\/wp\/v2\/users\/116"}],"replies":[{"embeddable":true,"href":"https:\/\/www.arte.tv\/sites\/olivierpere\/wp-json\/wp\/v2\/comments?post=21267"}],"version-history":[{"count":1,"href":"https:\/\/www.arte.tv\/sites\/olivierpere\/wp-json\/wp\/v2\/posts\/21267\/revisions"}],"predecessor-version":[{"id":21271,"href":"https:\/\/www.arte.tv\/sites\/olivierpere\/wp-json\/wp\/v2\/posts\/21267\/revisions\/21271"}],"wp:featuredmedia":[{"embeddable":true,"href":"https:\/\/www.arte.tv\/sites\/olivierpere\/wp-json\/wp\/v2\/media\/21268"}],"wp:attachment":[{"href":"https:\/\/www.arte.tv\/sites\/olivierpere\/wp-json\/wp\/v2\/media?parent=21267"}],"wp:term":[{"taxonomy":"category","embeddable":true,"href":"https:\/\/www.arte.tv\/sites\/olivierpere\/wp-json\/wp\/v2\/categories?post=21267"},{"taxonomy":"post_tag","embeddable":true,"href":"https:\/\/www.arte.tv\/sites\/olivierpere\/wp-json\/wp\/v2\/tags?post=21267"}],"curies":[{"name":"wp","href":"https:\/\/api.w.org\/{rel}","templated":true}]}}