{"id":21262,"date":"2017-08-30T08:19:03","date_gmt":"2017-08-30T07:19:03","guid":{"rendered":"https:\/\/www.arte.tv\/sites\/olivierpere\/?p=21262"},"modified":"2017-09-24T08:22:13","modified_gmt":"2017-09-24T07:22:13","slug":"barbe-a-papa-de-peter-bogdanovich","status":"publish","type":"post","link":"https:\/\/www.arte.tv\/sites\/olivierpere\/2017\/08\/30\/barbe-a-papa-de-peter-bogdanovich\/","title":{"rendered":"La Barbe \u00e0 papa de Peter Bogdanovich"},"content":{"rendered":"<p>ARTE diffuse <em>La Barbe \u00e0 papa<\/em> (<em>Paper Moon<\/em>, 1973) de Peter Bogdanovich lundi 25 septembre \u00e0 20h50. R\u00e9alis\u00e9 au d\u00e9but de sa carri\u00e8re, apr\u00e8s le triomphe de <em>La Derni\u00e8re S\u00e9ance<\/em>, <em>La Barbe \u00e0 papa<\/em> est l\u2019un des plus grands succ\u00e8s public de Bogdanovich. Succ\u00e8s m\u00e9rit\u00e9 puisque ce film compte parmi les belles r\u00e9ussites de ce cin\u00e9aste dont l\u2019\u00e9toile a rapidement p\u00e2li \u00e0 Hollywood mais qui continue d\u2019\u00eatre port\u00e9 aux nues par certains critiques et cin\u00e9philes, surtout de l\u2019autre c\u00f4t\u00e9 de l\u2019Atlantique. Contrairement \u00e0 d\u2019autres auteurs am\u00e9ricains de sa g\u00e9n\u00e9ration, Bogdanovich n\u2019a pas cherch\u00e9 \u00e0 r\u00e9volutionner le cin\u00e9ma. M\u00e9moire vivante du cin\u00e9ma hollywoodien d\u00e8s son plus jeune \u00e2ge \u2013 il consacra plusieurs livres et documentaires aux pionniers du cin\u00e9ma muet et aux grands r\u00e9alisateurs am\u00e9ricains des ann\u00e9es 30 et 40 \u2013 Bogdanovich s\u2019est vite pr\u00e9sent\u00e9 comme un h\u00e9ritier soucieux de prolonger une certaine id\u00e9e de la mise en sc\u00e8ne illustr\u00e9e par Ford, Hawks ou Welles. Cin\u00e9aste nostalgique du star system et des grands studios, Bogdanovich exprime dans ses films son admiration pour le cin\u00e9ma hollywoodien classique jusqu\u2019\u00e0 une certaine forme de mim\u00e9tisme. Contemporain de Scorsese, Friedkin ou Coppola, Bogdanovich exclue de ses films toute forme de violence, pourtant tr\u00e8s pr\u00e9sente dans la culture et le cin\u00e9ma am\u00e9ricain des ann\u00e9es 70. <em>La Barbe \u00e0 papa<\/em> prend \u00e0 rebours la surench\u00e8re mani\u00e9riste ou spectaculaire du Nouvel Hollywood. L\u2019histoire est simple, les personnages \u00e9mouvants, la mise en sc\u00e8ne \u00e9l\u00e9gante et peu ostentatoire, malgr\u00e9 le soin apport\u00e9 aux cadrages et \u00e0 la profondeur de champ, qui renvoie directement aux <em>Raisins de la col\u00e8re<\/em> de John Ford et \u00e0 d\u2019autres films tourn\u00e9s \u00e0 l\u2019\u00e9poque de l\u2019action du film. <em>La Barbe \u00e0 papa<\/em> (second film en noir et blanc de Bogdanovich apr\u00e8s <em>La Derni\u00e8re S\u00e9ance, <\/em>et superbe photographie de L\u00e1szl\u00f3 Kov\u00e1cs) se d\u00e9roule dans les ann\u00e9es 30, pendant la Grande D\u00e9pression et la Prohibition. C\u2019est un road movie dans lequel un petit escroc itin\u00e9rant et une gamine qui pourrait \u00eatre sa fille traversent les paysages du Middle West, dans un p\u00e9riple parsem\u00e9 de rencontres et d\u2019arnaque. Le film montre la rencontre de deux solitudes et la complicit\u00e9 de l\u2019homme et l\u2019enfant, bient\u00f4t unis par des liens plus forts qu\u2019une hypoth\u00e9tique relation p\u00e8re fille. Bogdanovich confirme son go\u00fbt pour les longues sc\u00e8nes dialogu\u00e9es et les joutes verbales en plan s\u00e9quence qui mettent en valeur les performances d\u2019acteurs. L\u2019alchimie entre Ryan O\u2019Neal et sa propre fille Tatum, neuf ans au moment du tournage, est merveilleuse \u00e0 l\u2019\u00e9cran. Tatum O\u2019Neal est craquante et reste la plus jeune actrice \u00e0 avoir remport\u00e9 un Oscar (du second r\u00f4le, m\u00eame si elle est dans presque tous les plans de <em>La Barbe \u00e0 papa<\/em>). En 1974, Wim Wenders a tourn\u00e9 <em>Alice dans les villes<\/em> qui poss\u00e8dent plusieurs points communs avec <em>La Barbe \u00e0 papa<\/em>, notamment dans son appr\u00e9hension nostalgique des paysages am\u00e9ricains. Mais Bogdanovich titre davantage son film vers la com\u00e9die que le drame existentiel.<\/p>\n<div id=\"attachment_21264\" style=\"width: 3010px\" class=\"wp-caption alignnone\"><img aria-describedby=\"caption-attachment-21264\" decoding=\"async\" loading=\"lazy\" class=\"size-full wp-image-21264\" src=\"https:\/\/www.arte.tv\/sites\/olivierpere\/files\/071356-000-a_2101029.jpg\" alt=\"2101029 Paper Moon\" width=\"3000\" height=\"2400\" srcset=\"https:\/\/www.arte.tv\/sites\/olivierpere\/files\/071356-000-a_2101029.jpg 3000w, https:\/\/www.arte.tv\/sites\/olivierpere\/files\/071356-000-a_2101029-350x280.jpg 350w, https:\/\/www.arte.tv\/sites\/olivierpere\/files\/071356-000-a_2101029-768x614.jpg 768w, https:\/\/www.arte.tv\/sites\/olivierpere\/files\/071356-000-a_2101029-960x768.jpg 960w, https:\/\/www.arte.tv\/sites\/olivierpere\/files\/071356-000-a_2101029-580x464.jpg 580w\" sizes=\"(max-width: 3000px) 100vw, 3000px\" \/><p id=\"caption-attachment-21264\" class=\"wp-caption-text\"><em>La Barbe \u00e0 papa<\/em> de Peter Bogdanovich<\/p><\/div>\n<div id=\"attachment_21265\" style=\"width: 1207px\" class=\"wp-caption alignnone\"><img aria-describedby=\"caption-attachment-21265\" decoding=\"async\" loading=\"lazy\" class=\"size-full wp-image-21265\" src=\"https:\/\/www.arte.tv\/sites\/olivierpere\/files\/071356-000-a_2101045.jpg\" alt=\"Tatum O'Neal dans La Barbe \u00e0 papa de Peter Bogdanovich\" width=\"1197\" height=\"1795\" srcset=\"https:\/\/www.arte.tv\/sites\/olivierpere\/files\/071356-000-a_2101045.jpg 1197w, https:\/\/www.arte.tv\/sites\/olivierpere\/files\/071356-000-a_2101045-187x280.jpg 187w, https:\/\/www.arte.tv\/sites\/olivierpere\/files\/071356-000-a_2101045-768x1152.jpg 768w, https:\/\/www.arte.tv\/sites\/olivierpere\/files\/071356-000-a_2101045-512x768.jpg 512w, https:\/\/www.arte.tv\/sites\/olivierpere\/files\/071356-000-a_2101045-580x870.jpg 580w\" sizes=\"(max-width: 1197px) 100vw, 1197px\" \/><p id=\"caption-attachment-21265\" class=\"wp-caption-text\">Tatum O&rsquo;Neal dans <em>La Barbe \u00e0 papa<\/em> de Peter Bogdanovich<\/p><\/div>\n<p>&nbsp;<\/p>\n","protected":false},"excerpt":{"rendered":"<p>ARTE diffuse La Barbe \u00e0 papa (Paper Moon, 1973) de Peter Bogdanovich lundi 25 septembre \u00e0 20h50. R\u00e9alis\u00e9 au d\u00e9but\u2026<\/p>\n","protected":false},"author":116,"featured_media":21263,"comment_status":"open","ping_status":"open","sticky":false,"template":"","format":"standard","meta":[],"categories":[8],"tags":[],"yoast_head":"<!-- This site is optimized with the Yoast SEO plugin v20.8 - https:\/\/yoast.com\/wordpress\/plugins\/seo\/ -->\n<title>La Barbe \u00e0 papa de Peter Bogdanovich - Olivier P\u00e8re<\/title>\n<meta name=\"robots\" content=\"index, follow, max-snippet:-1, max-image-preview:large, max-video-preview:-1\" \/>\n<link rel=\"canonical\" href=\"https:\/\/www.arte.tv\/sites\/olivierpere\/2017\/08\/30\/barbe-a-papa-de-peter-bogdanovich\/\" \/>\n<meta property=\"og:locale\" content=\"fr_FR\" \/>\n<meta property=\"og:type\" content=\"article\" \/>\n<meta property=\"og:title\" content=\"La Barbe \u00e0 papa de Peter Bogdanovich - Olivier P\u00e8re\" \/>\n<meta property=\"og:description\" content=\"ARTE diffuse La Barbe \u00e0 papa (Paper Moon, 1973) de Peter Bogdanovich lundi 25 septembre \u00e0 20h50. R\u00e9alis\u00e9 au d\u00e9but\u2026\" \/>\n<meta property=\"og:url\" content=\"https:\/\/www.arte.tv\/sites\/olivierpere\/2017\/08\/30\/barbe-a-papa-de-peter-bogdanovich\/\" \/>\n<meta property=\"og:site_name\" content=\"Olivier P\u00e8re\" \/>\n<meta property=\"article:published_time\" content=\"2017-08-30T07:19:03+00:00\" \/>\n<meta property=\"article:modified_time\" content=\"2017-09-24T07:22:13+00:00\" \/>\n<meta property=\"og:image\" content=\"https:\/\/www.arte.tv\/sites\/olivierpere\/files\/071356-000-a_2101041.jpg\" \/>\n\t<meta property=\"og:image:width\" content=\"3000\" \/>\n\t<meta property=\"og:image:height\" content=\"2400\" \/>\n\t<meta property=\"og:image:type\" content=\"image\/jpeg\" \/>\n<meta name=\"author\" content=\"Olivier P\u00e8re\" \/>\n<meta name=\"twitter:label1\" content=\"\u00c9crit par\" \/>\n\t<meta name=\"twitter:data1\" content=\"Olivier P\u00e8re\" \/>\n\t<meta name=\"twitter:label2\" content=\"Dur\u00e9e de lecture estim\u00e9e\" \/>\n\t<meta name=\"twitter:data2\" content=\"3 minutes\" \/>\n<script type=\"application\/ld+json\" class=\"yoast-schema-graph\">{\"@context\":\"https:\/\/schema.org\",\"@graph\":[{\"@type\":\"WebPage\",\"@id\":\"https:\/\/www.arte.tv\/sites\/olivierpere\/2017\/08\/30\/barbe-a-papa-de-peter-bogdanovich\/\",\"url\":\"https:\/\/www.arte.tv\/sites\/olivierpere\/2017\/08\/30\/barbe-a-papa-de-peter-bogdanovich\/\",\"name\":\"La Barbe \u00e0 papa de Peter Bogdanovich - Olivier P\u00e8re\",\"isPartOf\":{\"@id\":\"https:\/\/www.arte.tv\/sites\/olivierpere\/#website\"},\"datePublished\":\"2017-08-30T07:19:03+00:00\",\"dateModified\":\"2017-09-24T07:22:13+00:00\",\"author\":{\"@id\":\"https:\/\/www.arte.tv\/sites\/olivierpere\/#\/schema\/person\/dc32cd6c79be95e52d43b97a74182558\"},\"breadcrumb\":{\"@id\":\"https:\/\/www.arte.tv\/sites\/olivierpere\/2017\/08\/30\/barbe-a-papa-de-peter-bogdanovich\/#breadcrumb\"},\"inLanguage\":\"fr-FR\",\"potentialAction\":[{\"@type\":\"ReadAction\",\"target\":[\"https:\/\/www.arte.tv\/sites\/olivierpere\/2017\/08\/30\/barbe-a-papa-de-peter-bogdanovich\/\"]}]},{\"@type\":\"BreadcrumbList\",\"@id\":\"https:\/\/www.arte.tv\/sites\/olivierpere\/2017\/08\/30\/barbe-a-papa-de-peter-bogdanovich\/#breadcrumb\",\"itemListElement\":[{\"@type\":\"ListItem\",\"position\":1,\"name\":\"Home\",\"item\":\"https:\/\/www.arte.tv\/sites\/olivierpere\/\"},{\"@type\":\"ListItem\",\"position\":2,\"name\":\"La Barbe \u00e0 papa de Peter Bogdanovich\"}]},{\"@type\":\"WebSite\",\"@id\":\"https:\/\/www.arte.tv\/sites\/olivierpere\/#website\",\"url\":\"https:\/\/www.arte.tv\/sites\/olivierpere\/\",\"name\":\"Olivier P\u00e8re\",\"description\":\"\",\"potentialAction\":[{\"@type\":\"SearchAction\",\"target\":{\"@type\":\"EntryPoint\",\"urlTemplate\":\"https:\/\/www.arte.tv\/sites\/olivierpere\/?s={search_term_string}\"},\"query-input\":\"required name=search_term_string\"}],\"inLanguage\":\"fr-FR\"},{\"@type\":\"Person\",\"@id\":\"https:\/\/www.arte.tv\/sites\/olivierpere\/#\/schema\/person\/dc32cd6c79be95e52d43b97a74182558\",\"name\":\"Olivier P\u00e8re\",\"image\":{\"@type\":\"ImageObject\",\"inLanguage\":\"fr-FR\",\"@id\":\"https:\/\/www.arte.tv\/sites\/olivierpere\/#\/schema\/person\/image\/\",\"url\":\"https:\/\/secure.gravatar.com\/avatar\/bdea7b6a2c195e2c41772429a9694758?s=96&d=mm&r=g\",\"contentUrl\":\"https:\/\/secure.gravatar.com\/avatar\/bdea7b6a2c195e2c41772429a9694758?s=96&d=mm&r=g\",\"caption\":\"Olivier P\u00e8re\"},\"url\":\"https:\/\/www.arte.tv\/sites\/olivierpere\/author\/pereolivier\/\"}]}<\/script>\n<!-- \/ Yoast SEO plugin. -->","yoast_head_json":{"title":"La Barbe \u00e0 papa de Peter Bogdanovich - Olivier P\u00e8re","robots":{"index":"index","follow":"follow","max-snippet":"max-snippet:-1","max-image-preview":"max-image-preview:large","max-video-preview":"max-video-preview:-1"},"canonical":"https:\/\/www.arte.tv\/sites\/olivierpere\/2017\/08\/30\/barbe-a-papa-de-peter-bogdanovich\/","og_locale":"fr_FR","og_type":"article","og_title":"La Barbe \u00e0 papa de Peter Bogdanovich - Olivier P\u00e8re","og_description":"ARTE diffuse La Barbe \u00e0 papa (Paper Moon, 1973) de Peter Bogdanovich lundi 25 septembre \u00e0 20h50. R\u00e9alis\u00e9 au d\u00e9but\u2026","og_url":"https:\/\/www.arte.tv\/sites\/olivierpere\/2017\/08\/30\/barbe-a-papa-de-peter-bogdanovich\/","og_site_name":"Olivier P\u00e8re","article_published_time":"2017-08-30T07:19:03+00:00","article_modified_time":"2017-09-24T07:22:13+00:00","og_image":[{"width":3000,"height":2400,"url":"https:\/\/www.arte.tv\/sites\/olivierpere\/files\/071356-000-a_2101041.jpg","type":"image\/jpeg"}],"author":"Olivier P\u00e8re","twitter_misc":{"\u00c9crit par":"Olivier P\u00e8re","Dur\u00e9e de lecture estim\u00e9e":"3 minutes"},"schema":{"@context":"https:\/\/schema.org","@graph":[{"@type":"WebPage","@id":"https:\/\/www.arte.tv\/sites\/olivierpere\/2017\/08\/30\/barbe-a-papa-de-peter-bogdanovich\/","url":"https:\/\/www.arte.tv\/sites\/olivierpere\/2017\/08\/30\/barbe-a-papa-de-peter-bogdanovich\/","name":"La Barbe \u00e0 papa de Peter Bogdanovich - Olivier P\u00e8re","isPartOf":{"@id":"https:\/\/www.arte.tv\/sites\/olivierpere\/#website"},"datePublished":"2017-08-30T07:19:03+00:00","dateModified":"2017-09-24T07:22:13+00:00","author":{"@id":"https:\/\/www.arte.tv\/sites\/olivierpere\/#\/schema\/person\/dc32cd6c79be95e52d43b97a74182558"},"breadcrumb":{"@id":"https:\/\/www.arte.tv\/sites\/olivierpere\/2017\/08\/30\/barbe-a-papa-de-peter-bogdanovich\/#breadcrumb"},"inLanguage":"fr-FR","potentialAction":[{"@type":"ReadAction","target":["https:\/\/www.arte.tv\/sites\/olivierpere\/2017\/08\/30\/barbe-a-papa-de-peter-bogdanovich\/"]}]},{"@type":"BreadcrumbList","@id":"https:\/\/www.arte.tv\/sites\/olivierpere\/2017\/08\/30\/barbe-a-papa-de-peter-bogdanovich\/#breadcrumb","itemListElement":[{"@type":"ListItem","position":1,"name":"Home","item":"https:\/\/www.arte.tv\/sites\/olivierpere\/"},{"@type":"ListItem","position":2,"name":"La Barbe \u00e0 papa de Peter Bogdanovich"}]},{"@type":"WebSite","@id":"https:\/\/www.arte.tv\/sites\/olivierpere\/#website","url":"https:\/\/www.arte.tv\/sites\/olivierpere\/","name":"Olivier P\u00e8re","description":"","potentialAction":[{"@type":"SearchAction","target":{"@type":"EntryPoint","urlTemplate":"https:\/\/www.arte.tv\/sites\/olivierpere\/?s={search_term_string}"},"query-input":"required name=search_term_string"}],"inLanguage":"fr-FR"},{"@type":"Person","@id":"https:\/\/www.arte.tv\/sites\/olivierpere\/#\/schema\/person\/dc32cd6c79be95e52d43b97a74182558","name":"Olivier P\u00e8re","image":{"@type":"ImageObject","inLanguage":"fr-FR","@id":"https:\/\/www.arte.tv\/sites\/olivierpere\/#\/schema\/person\/image\/","url":"https:\/\/secure.gravatar.com\/avatar\/bdea7b6a2c195e2c41772429a9694758?s=96&d=mm&r=g","contentUrl":"https:\/\/secure.gravatar.com\/avatar\/bdea7b6a2c195e2c41772429a9694758?s=96&d=mm&r=g","caption":"Olivier P\u00e8re"},"url":"https:\/\/www.arte.tv\/sites\/olivierpere\/author\/pereolivier\/"}]}},"_links":{"self":[{"href":"https:\/\/www.arte.tv\/sites\/olivierpere\/wp-json\/wp\/v2\/posts\/21262"}],"collection":[{"href":"https:\/\/www.arte.tv\/sites\/olivierpere\/wp-json\/wp\/v2\/posts"}],"about":[{"href":"https:\/\/www.arte.tv\/sites\/olivierpere\/wp-json\/wp\/v2\/types\/post"}],"author":[{"embeddable":true,"href":"https:\/\/www.arte.tv\/sites\/olivierpere\/wp-json\/wp\/v2\/users\/116"}],"replies":[{"embeddable":true,"href":"https:\/\/www.arte.tv\/sites\/olivierpere\/wp-json\/wp\/v2\/comments?post=21262"}],"version-history":[{"count":1,"href":"https:\/\/www.arte.tv\/sites\/olivierpere\/wp-json\/wp\/v2\/posts\/21262\/revisions"}],"predecessor-version":[{"id":21266,"href":"https:\/\/www.arte.tv\/sites\/olivierpere\/wp-json\/wp\/v2\/posts\/21262\/revisions\/21266"}],"wp:featuredmedia":[{"embeddable":true,"href":"https:\/\/www.arte.tv\/sites\/olivierpere\/wp-json\/wp\/v2\/media\/21263"}],"wp:attachment":[{"href":"https:\/\/www.arte.tv\/sites\/olivierpere\/wp-json\/wp\/v2\/media?parent=21262"}],"wp:term":[{"taxonomy":"category","embeddable":true,"href":"https:\/\/www.arte.tv\/sites\/olivierpere\/wp-json\/wp\/v2\/categories?post=21262"},{"taxonomy":"post_tag","embeddable":true,"href":"https:\/\/www.arte.tv\/sites\/olivierpere\/wp-json\/wp\/v2\/tags?post=21262"}],"curies":[{"name":"wp","href":"https:\/\/api.w.org\/{rel}","templated":true}]}}