{"id":21238,"date":"2017-08-25T21:51:49","date_gmt":"2017-08-25T20:51:49","guid":{"rendered":"https:\/\/www.arte.tv\/sites\/olivierpere\/?p=21238"},"modified":"2017-09-17T21:54:14","modified_gmt":"2017-09-17T20:54:14","slug":"animal-kingdom-de-david-michod","status":"publish","type":"post","link":"https:\/\/www.arte.tv\/sites\/olivierpere\/2017\/08\/25\/animal-kingdom-de-david-michod\/","title":{"rendered":"Animal Kingdom de David Mich\u00f4d"},"content":{"rendered":"<p>ARTE diffuse lundi 18 septembre \u00e0 22h40 <em>Animal Kingdom<\/em> r\u00e9alis\u00e9 en Australie en 2012 par David Mich\u00f4d. Le film sera \u00e9galement disponible en t\u00e9l\u00e9vision de rattrapage pendant sept jours sur le site d\u2019ARTE. Bonne surprise \u00e0 l\u2019\u00e9poque de sa sortie, <em>Animal Kingdom<\/em> propose une approche originale du film de gangsters. Situ\u00e9 dans la banlieue de Melbourne, le film \u00e9pouse le point de vue d\u2019un adolescent orphelin adopt\u00e9 par une famille de criminels, qui va traverser des \u00e9preuves traumatisantes et r\u00e9soudre un terrible dilemme\u00a0: doit-il se r\u00e9signer \u00e0 une vie dans la violence et l\u2019ill\u00e9galit\u00e9, ou accepter de collaborer avec la police qui cherche depuis longtemps \u00e0 infiltrer le gang familial\u2026<\/p>\n<p><em>Animal Kingdom<\/em> dresse le portrait d\u2019une m\u00e8re monstrueuse, cheffe de gang couvant une port\u00e9e de fils psychopathes. La redoutable matriarche est g\u00e9nialement interpr\u00e9t\u00e9e par l\u2019actrice australienne Jacki Weaver. \u00ab\u00a0Plus r\u00e9ussi est le m\u00e9chant, plus r\u00e9ussi sera le film\u00a0\u00bb disait Alfred Hitchcock. David Mich\u00f4d a retenu la le\u00e7on. Ce r\u00f4le inoubliable permettra \u00e0 Jacki Weaver d\u2019acc\u00e9der \u00e0 une notori\u00e9t\u00e9 internationale tardive mais m\u00e9rit\u00e9e.<\/p>\n<p><em>Animal Kingdom<\/em> est le premier long m\u00e9trage du sc\u00e9nariste David Mich\u00f4d. Le projet s\u2019inspire de v\u00e9ritables affaires criminelles et a b\u00e9n\u00e9fici\u00e9 d\u2019une solide documentation. Mais le r\u00e9alisateur n\u2019a pas opt\u00e9 pour un style naturaliste. Les couleurs \u00e9voquent les peintres baroques de la Renaissance et cette trag\u00e9die familiale atteint une dimension shakespearienne.<\/p>\n<p><em>Animal Kingdom<\/em> a fait l\u2019objet en 2016 d\u2019une adaptation am\u00e9ricaine en s\u00e9rie t\u00e9l\u00e9vis\u00e9e, transpos\u00e9 dans la Californie du sud.<\/p>\n<div id=\"attachment_21240\" style=\"width: 1805px\" class=\"wp-caption alignnone\"><img aria-describedby=\"caption-attachment-21240\" decoding=\"async\" loading=\"lazy\" class=\"size-full wp-image-21240\" src=\"https:\/\/www.arte.tv\/sites\/olivierpere\/files\/070744-000-a_2089737.jpg\" alt=\"2089737 K\u00f6nigreich des\" width=\"1795\" height=\"1197\" srcset=\"https:\/\/www.arte.tv\/sites\/olivierpere\/files\/070744-000-a_2089737.jpg 1795w, https:\/\/www.arte.tv\/sites\/olivierpere\/files\/070744-000-a_2089737-420x280.jpg 420w, https:\/\/www.arte.tv\/sites\/olivierpere\/files\/070744-000-a_2089737-768x512.jpg 768w, https:\/\/www.arte.tv\/sites\/olivierpere\/files\/070744-000-a_2089737-1024x683.jpg 1024w, https:\/\/www.arte.tv\/sites\/olivierpere\/files\/070744-000-a_2089737-580x387.jpg 580w\" sizes=\"(max-width: 1795px) 100vw, 1795px\" \/><p id=\"caption-attachment-21240\" class=\"wp-caption-text\"><em>Animal Kingdom<\/em> de David Mich\u00f4d<\/p><\/div>\n<p>&nbsp;<\/p>\n<p>&nbsp;<\/p>\n<p>&nbsp;<\/p>\n<p>&nbsp;<\/p>\n","protected":false},"excerpt":{"rendered":"<p>ARTE diffuse lundi 18 septembre \u00e0 22h40 Animal Kingdom r\u00e9alis\u00e9 en Australie en 2012 par David Mich\u00f4d. Le film sera\u2026<\/p>\n","protected":false},"author":116,"featured_media":21239,"comment_status":"open","ping_status":"open","sticky":false,"template":"","format":"standard","meta":[],"categories":[8],"tags":[],"yoast_head":"<!-- This site is optimized with the Yoast SEO plugin v20.8 - https:\/\/yoast.com\/wordpress\/plugins\/seo\/ -->\n<title>Animal Kingdom de David Mich\u00f4d - Olivier P\u00e8re<\/title>\n<meta name=\"robots\" content=\"index, follow, max-snippet:-1, max-image-preview:large, max-video-preview:-1\" \/>\n<link rel=\"canonical\" href=\"https:\/\/www.arte.tv\/sites\/olivierpere\/2017\/08\/25\/animal-kingdom-de-david-michod\/\" \/>\n<meta property=\"og:locale\" content=\"fr_FR\" \/>\n<meta property=\"og:type\" content=\"article\" \/>\n<meta property=\"og:title\" content=\"Animal Kingdom de David Mich\u00f4d - Olivier P\u00e8re\" \/>\n<meta property=\"og:description\" content=\"ARTE diffuse lundi 18 septembre \u00e0 22h40 Animal Kingdom r\u00e9alis\u00e9 en Australie en 2012 par David Mich\u00f4d. Le film sera\u2026\" \/>\n<meta property=\"og:url\" content=\"https:\/\/www.arte.tv\/sites\/olivierpere\/2017\/08\/25\/animal-kingdom-de-david-michod\/\" \/>\n<meta property=\"og:site_name\" content=\"Olivier P\u00e8re\" \/>\n<meta property=\"article:published_time\" content=\"2017-08-25T20:51:49+00:00\" \/>\n<meta property=\"article:modified_time\" content=\"2017-09-17T20:54:14+00:00\" \/>\n<meta property=\"og:image\" content=\"https:\/\/www.arte.tv\/sites\/olivierpere\/files\/070744-000-a_2089725.jpg\" \/>\n\t<meta property=\"og:image:width\" content=\"1795\" \/>\n\t<meta property=\"og:image:height\" content=\"1197\" \/>\n\t<meta property=\"og:image:type\" content=\"image\/jpeg\" \/>\n<meta name=\"author\" content=\"Olivier P\u00e8re\" \/>\n<meta name=\"twitter:label1\" content=\"\u00c9crit par\" \/>\n\t<meta name=\"twitter:data1\" content=\"Olivier P\u00e8re\" \/>\n\t<meta name=\"twitter:label2\" content=\"Dur\u00e9e de lecture estim\u00e9e\" \/>\n\t<meta name=\"twitter:data2\" content=\"1 minute\" \/>\n<script type=\"application\/ld+json\" class=\"yoast-schema-graph\">{\"@context\":\"https:\/\/schema.org\",\"@graph\":[{\"@type\":\"WebPage\",\"@id\":\"https:\/\/www.arte.tv\/sites\/olivierpere\/2017\/08\/25\/animal-kingdom-de-david-michod\/\",\"url\":\"https:\/\/www.arte.tv\/sites\/olivierpere\/2017\/08\/25\/animal-kingdom-de-david-michod\/\",\"name\":\"Animal Kingdom de David Mich\u00f4d - Olivier P\u00e8re\",\"isPartOf\":{\"@id\":\"https:\/\/www.arte.tv\/sites\/olivierpere\/#website\"},\"datePublished\":\"2017-08-25T20:51:49+00:00\",\"dateModified\":\"2017-09-17T20:54:14+00:00\",\"author\":{\"@id\":\"https:\/\/www.arte.tv\/sites\/olivierpere\/#\/schema\/person\/dc32cd6c79be95e52d43b97a74182558\"},\"breadcrumb\":{\"@id\":\"https:\/\/www.arte.tv\/sites\/olivierpere\/2017\/08\/25\/animal-kingdom-de-david-michod\/#breadcrumb\"},\"inLanguage\":\"fr-FR\",\"potentialAction\":[{\"@type\":\"ReadAction\",\"target\":[\"https:\/\/www.arte.tv\/sites\/olivierpere\/2017\/08\/25\/animal-kingdom-de-david-michod\/\"]}]},{\"@type\":\"BreadcrumbList\",\"@id\":\"https:\/\/www.arte.tv\/sites\/olivierpere\/2017\/08\/25\/animal-kingdom-de-david-michod\/#breadcrumb\",\"itemListElement\":[{\"@type\":\"ListItem\",\"position\":1,\"name\":\"Home\",\"item\":\"https:\/\/www.arte.tv\/sites\/olivierpere\/\"},{\"@type\":\"ListItem\",\"position\":2,\"name\":\"Animal Kingdom de David Mich\u00f4d\"}]},{\"@type\":\"WebSite\",\"@id\":\"https:\/\/www.arte.tv\/sites\/olivierpere\/#website\",\"url\":\"https:\/\/www.arte.tv\/sites\/olivierpere\/\",\"name\":\"Olivier P\u00e8re\",\"description\":\"\",\"potentialAction\":[{\"@type\":\"SearchAction\",\"target\":{\"@type\":\"EntryPoint\",\"urlTemplate\":\"https:\/\/www.arte.tv\/sites\/olivierpere\/?s={search_term_string}\"},\"query-input\":\"required name=search_term_string\"}],\"inLanguage\":\"fr-FR\"},{\"@type\":\"Person\",\"@id\":\"https:\/\/www.arte.tv\/sites\/olivierpere\/#\/schema\/person\/dc32cd6c79be95e52d43b97a74182558\",\"name\":\"Olivier P\u00e8re\",\"image\":{\"@type\":\"ImageObject\",\"inLanguage\":\"fr-FR\",\"@id\":\"https:\/\/www.arte.tv\/sites\/olivierpere\/#\/schema\/person\/image\/\",\"url\":\"https:\/\/secure.gravatar.com\/avatar\/bdea7b6a2c195e2c41772429a9694758?s=96&d=mm&r=g\",\"contentUrl\":\"https:\/\/secure.gravatar.com\/avatar\/bdea7b6a2c195e2c41772429a9694758?s=96&d=mm&r=g\",\"caption\":\"Olivier P\u00e8re\"},\"url\":\"https:\/\/www.arte.tv\/sites\/olivierpere\/author\/pereolivier\/\"}]}<\/script>\n<!-- \/ Yoast SEO plugin. -->","yoast_head_json":{"title":"Animal Kingdom de David Mich\u00f4d - Olivier P\u00e8re","robots":{"index":"index","follow":"follow","max-snippet":"max-snippet:-1","max-image-preview":"max-image-preview:large","max-video-preview":"max-video-preview:-1"},"canonical":"https:\/\/www.arte.tv\/sites\/olivierpere\/2017\/08\/25\/animal-kingdom-de-david-michod\/","og_locale":"fr_FR","og_type":"article","og_title":"Animal Kingdom de David Mich\u00f4d - Olivier P\u00e8re","og_description":"ARTE diffuse lundi 18 septembre \u00e0 22h40 Animal Kingdom r\u00e9alis\u00e9 en Australie en 2012 par David Mich\u00f4d. Le film sera\u2026","og_url":"https:\/\/www.arte.tv\/sites\/olivierpere\/2017\/08\/25\/animal-kingdom-de-david-michod\/","og_site_name":"Olivier P\u00e8re","article_published_time":"2017-08-25T20:51:49+00:00","article_modified_time":"2017-09-17T20:54:14+00:00","og_image":[{"width":1795,"height":1197,"url":"https:\/\/www.arte.tv\/sites\/olivierpere\/files\/070744-000-a_2089725.jpg","type":"image\/jpeg"}],"author":"Olivier P\u00e8re","twitter_misc":{"\u00c9crit par":"Olivier P\u00e8re","Dur\u00e9e de lecture estim\u00e9e":"1 minute"},"schema":{"@context":"https:\/\/schema.org","@graph":[{"@type":"WebPage","@id":"https:\/\/www.arte.tv\/sites\/olivierpere\/2017\/08\/25\/animal-kingdom-de-david-michod\/","url":"https:\/\/www.arte.tv\/sites\/olivierpere\/2017\/08\/25\/animal-kingdom-de-david-michod\/","name":"Animal Kingdom de David Mich\u00f4d - Olivier P\u00e8re","isPartOf":{"@id":"https:\/\/www.arte.tv\/sites\/olivierpere\/#website"},"datePublished":"2017-08-25T20:51:49+00:00","dateModified":"2017-09-17T20:54:14+00:00","author":{"@id":"https:\/\/www.arte.tv\/sites\/olivierpere\/#\/schema\/person\/dc32cd6c79be95e52d43b97a74182558"},"breadcrumb":{"@id":"https:\/\/www.arte.tv\/sites\/olivierpere\/2017\/08\/25\/animal-kingdom-de-david-michod\/#breadcrumb"},"inLanguage":"fr-FR","potentialAction":[{"@type":"ReadAction","target":["https:\/\/www.arte.tv\/sites\/olivierpere\/2017\/08\/25\/animal-kingdom-de-david-michod\/"]}]},{"@type":"BreadcrumbList","@id":"https:\/\/www.arte.tv\/sites\/olivierpere\/2017\/08\/25\/animal-kingdom-de-david-michod\/#breadcrumb","itemListElement":[{"@type":"ListItem","position":1,"name":"Home","item":"https:\/\/www.arte.tv\/sites\/olivierpere\/"},{"@type":"ListItem","position":2,"name":"Animal Kingdom de David Mich\u00f4d"}]},{"@type":"WebSite","@id":"https:\/\/www.arte.tv\/sites\/olivierpere\/#website","url":"https:\/\/www.arte.tv\/sites\/olivierpere\/","name":"Olivier P\u00e8re","description":"","potentialAction":[{"@type":"SearchAction","target":{"@type":"EntryPoint","urlTemplate":"https:\/\/www.arte.tv\/sites\/olivierpere\/?s={search_term_string}"},"query-input":"required name=search_term_string"}],"inLanguage":"fr-FR"},{"@type":"Person","@id":"https:\/\/www.arte.tv\/sites\/olivierpere\/#\/schema\/person\/dc32cd6c79be95e52d43b97a74182558","name":"Olivier P\u00e8re","image":{"@type":"ImageObject","inLanguage":"fr-FR","@id":"https:\/\/www.arte.tv\/sites\/olivierpere\/#\/schema\/person\/image\/","url":"https:\/\/secure.gravatar.com\/avatar\/bdea7b6a2c195e2c41772429a9694758?s=96&d=mm&r=g","contentUrl":"https:\/\/secure.gravatar.com\/avatar\/bdea7b6a2c195e2c41772429a9694758?s=96&d=mm&r=g","caption":"Olivier P\u00e8re"},"url":"https:\/\/www.arte.tv\/sites\/olivierpere\/author\/pereolivier\/"}]}},"_links":{"self":[{"href":"https:\/\/www.arte.tv\/sites\/olivierpere\/wp-json\/wp\/v2\/posts\/21238"}],"collection":[{"href":"https:\/\/www.arte.tv\/sites\/olivierpere\/wp-json\/wp\/v2\/posts"}],"about":[{"href":"https:\/\/www.arte.tv\/sites\/olivierpere\/wp-json\/wp\/v2\/types\/post"}],"author":[{"embeddable":true,"href":"https:\/\/www.arte.tv\/sites\/olivierpere\/wp-json\/wp\/v2\/users\/116"}],"replies":[{"embeddable":true,"href":"https:\/\/www.arte.tv\/sites\/olivierpere\/wp-json\/wp\/v2\/comments?post=21238"}],"version-history":[{"count":1,"href":"https:\/\/www.arte.tv\/sites\/olivierpere\/wp-json\/wp\/v2\/posts\/21238\/revisions"}],"predecessor-version":[{"id":21241,"href":"https:\/\/www.arte.tv\/sites\/olivierpere\/wp-json\/wp\/v2\/posts\/21238\/revisions\/21241"}],"wp:featuredmedia":[{"embeddable":true,"href":"https:\/\/www.arte.tv\/sites\/olivierpere\/wp-json\/wp\/v2\/media\/21239"}],"wp:attachment":[{"href":"https:\/\/www.arte.tv\/sites\/olivierpere\/wp-json\/wp\/v2\/media?parent=21238"}],"wp:term":[{"taxonomy":"category","embeddable":true,"href":"https:\/\/www.arte.tv\/sites\/olivierpere\/wp-json\/wp\/v2\/categories?post=21238"},{"taxonomy":"post_tag","embeddable":true,"href":"https:\/\/www.arte.tv\/sites\/olivierpere\/wp-json\/wp\/v2\/tags?post=21238"}],"curies":[{"name":"wp","href":"https:\/\/api.w.org\/{rel}","templated":true}]}}