{"id":21189,"date":"2017-08-17T11:07:35","date_gmt":"2017-08-17T10:07:35","guid":{"rendered":"https:\/\/www.arte.tv\/sites\/olivierpere\/?p=21189"},"modified":"2017-09-09T11:10:07","modified_gmt":"2017-09-09T10:10:07","slug":"el-dorado-de-howard-hawks","status":"publish","type":"post","link":"https:\/\/www.arte.tv\/sites\/olivierpere\/2017\/08\/17\/el-dorado-de-howard-hawks\/","title":{"rendered":"El Dorado de Howard Hawks"},"content":{"rendered":"<p>ARTE diffuse <em>El Dorado<\/em> (1966) de Howard Hawks dimanche 10 septembre \u00e0 20h55. Ce beau film a toutes les caract\u00e9ristiques de l\u2019\u0153uvre de vieillesse d\u2019un grand cin\u00e9aste qui n\u2019a plus rien \u00e0 prouver. Hawks bouleverse le sc\u00e9nario original de <em>El Dorado<\/em> pour reprendre le canevas et les \u00e9l\u00e9ments d\u2019un western r\u00e9alis\u00e9 sept ans auparavant, le g\u00e9nial <em>Rio Bravo<\/em>. Les emprunts sont suffisamment habiles pour que la man\u0153uvre passe inaper\u00e7ue aupr\u00e8s des spectateurs. Il ne s\u2019agit pas \u00e0 proprement parler d\u2019un remake. Hawks utilise des situations ou des personnages communs aux deux films pour r\u00e9aliser un western qui approfondit certains th\u00e8mes qui lui sont chers. Ainsi le sto\u00efcisme face \u00e0 la mort fait-il l\u2019objet d\u2019une sc\u00e8ne magnifique o\u00f9 Wayne raconte au p\u00e8re de la victime l\u2019incident qui a cout\u00e9 la vie \u00e0 un jeune gar\u00e7on. Comme \u00e0 son habitude Hawks refuse la moindre complaisance dans le tragique et le s\u00e9rieux et pars\u00e8me son film d\u2019\u00e9pisodes ou de r\u00e9pliques humoristiques, afin de temp\u00e9rer la violence et la m\u00e9lancolie de l\u2019ensemble. Hawks a 70 ans au moment du tournage et <em>El Dorado<\/em> lui offre l\u2019occasion d\u2019\u00e9voquer le passage du temps sur ses h\u00e9ros, ses acteurs et lui-m\u00eame. Wayne incarne un aventurier bless\u00e9 \u2013 une balle rest\u00e9e dans son dos peut le paralyser \u00e0 tout moment \u2013 tandis que Robert Mitchum campe un sh\u00e9rif alcoolique, d\u00e9vast\u00e9 par un chagrin amoureux. Hawks d\u00e9crit ses deux personnages principaux comme des infirmes et des \u00e9paves qui refusent la fatalit\u00e9 de la d\u00e9ch\u00e9ance. Ce sont l\u2019\u00e9nergie et l\u2019optimisme qui l\u2019emportent, conform\u00e9ment \u00e0 la morale hawksienne.<\/p>\n<div id=\"attachment_21191\" style=\"width: 1290px\" class=\"wp-caption alignnone\"><img aria-describedby=\"caption-attachment-21191\" decoding=\"async\" loading=\"lazy\" class=\"size-full wp-image-21191\" src=\"https:\/\/www.arte.tv\/sites\/olivierpere\/files\/eldorado16.png\" alt=\"John Wayne et Robert Mitchum dans el Dorado de Howard Hawks\" width=\"1280\" height=\"720\" srcset=\"https:\/\/www.arte.tv\/sites\/olivierpere\/files\/eldorado16.png 1280w, https:\/\/www.arte.tv\/sites\/olivierpere\/files\/eldorado16-498x280.png 498w, https:\/\/www.arte.tv\/sites\/olivierpere\/files\/eldorado16-768x432.png 768w, https:\/\/www.arte.tv\/sites\/olivierpere\/files\/eldorado16-1024x576.png 1024w, https:\/\/www.arte.tv\/sites\/olivierpere\/files\/eldorado16-580x326.png 580w\" sizes=\"(max-width: 1280px) 100vw, 1280px\" \/><p id=\"caption-attachment-21191\" class=\"wp-caption-text\">John Wayne et Robert Mitchum dans <em>El Dorado<\/em> de Howard Hawks<\/p><\/div>\n","protected":false},"excerpt":{"rendered":"<p>ARTE diffuse El Dorado (1966) de Howard Hawks dimanche 10 septembre \u00e0 20h55. Ce beau film a toutes les caract\u00e9ristiques\u2026<\/p>\n","protected":false},"author":116,"featured_media":21190,"comment_status":"open","ping_status":"open","sticky":false,"template":"","format":"standard","meta":[],"categories":[8],"tags":[],"yoast_head":"<!-- This site is optimized with the Yoast SEO plugin v20.8 - https:\/\/yoast.com\/wordpress\/plugins\/seo\/ -->\n<title>El Dorado de Howard Hawks - Olivier P\u00e8re<\/title>\n<meta name=\"robots\" content=\"index, follow, max-snippet:-1, max-image-preview:large, max-video-preview:-1\" \/>\n<link rel=\"canonical\" href=\"https:\/\/www.arte.tv\/sites\/olivierpere\/2017\/08\/17\/el-dorado-de-howard-hawks\/\" \/>\n<meta property=\"og:locale\" content=\"fr_FR\" \/>\n<meta property=\"og:type\" content=\"article\" \/>\n<meta property=\"og:title\" content=\"El Dorado de Howard Hawks - Olivier P\u00e8re\" \/>\n<meta property=\"og:description\" content=\"ARTE diffuse El Dorado (1966) de Howard Hawks dimanche 10 septembre \u00e0 20h55. Ce beau film a toutes les caract\u00e9ristiques\u2026\" \/>\n<meta property=\"og:url\" content=\"https:\/\/www.arte.tv\/sites\/olivierpere\/2017\/08\/17\/el-dorado-de-howard-hawks\/\" \/>\n<meta property=\"og:site_name\" content=\"Olivier P\u00e8re\" \/>\n<meta property=\"article:published_time\" content=\"2017-08-17T10:07:35+00:00\" \/>\n<meta property=\"article:modified_time\" content=\"2017-09-09T10:10:07+00:00\" \/>\n<meta property=\"og:image\" content=\"https:\/\/www.arte.tv\/sites\/olivierpere\/files\/el-dorado.png\" \/>\n\t<meta property=\"og:image:width\" content=\"1280\" \/>\n\t<meta property=\"og:image:height\" content=\"720\" \/>\n\t<meta property=\"og:image:type\" content=\"image\/png\" \/>\n<meta name=\"author\" content=\"Olivier P\u00e8re\" \/>\n<meta name=\"twitter:label1\" content=\"\u00c9crit par\" \/>\n\t<meta name=\"twitter:data1\" content=\"Olivier P\u00e8re\" \/>\n\t<meta name=\"twitter:label2\" content=\"Dur\u00e9e de lecture estim\u00e9e\" \/>\n\t<meta name=\"twitter:data2\" content=\"2 minutes\" \/>\n<script type=\"application\/ld+json\" class=\"yoast-schema-graph\">{\"@context\":\"https:\/\/schema.org\",\"@graph\":[{\"@type\":\"WebPage\",\"@id\":\"https:\/\/www.arte.tv\/sites\/olivierpere\/2017\/08\/17\/el-dorado-de-howard-hawks\/\",\"url\":\"https:\/\/www.arte.tv\/sites\/olivierpere\/2017\/08\/17\/el-dorado-de-howard-hawks\/\",\"name\":\"El Dorado de Howard Hawks - Olivier P\u00e8re\",\"isPartOf\":{\"@id\":\"https:\/\/www.arte.tv\/sites\/olivierpere\/#website\"},\"datePublished\":\"2017-08-17T10:07:35+00:00\",\"dateModified\":\"2017-09-09T10:10:07+00:00\",\"author\":{\"@id\":\"https:\/\/www.arte.tv\/sites\/olivierpere\/#\/schema\/person\/dc32cd6c79be95e52d43b97a74182558\"},\"breadcrumb\":{\"@id\":\"https:\/\/www.arte.tv\/sites\/olivierpere\/2017\/08\/17\/el-dorado-de-howard-hawks\/#breadcrumb\"},\"inLanguage\":\"fr-FR\",\"potentialAction\":[{\"@type\":\"ReadAction\",\"target\":[\"https:\/\/www.arte.tv\/sites\/olivierpere\/2017\/08\/17\/el-dorado-de-howard-hawks\/\"]}]},{\"@type\":\"BreadcrumbList\",\"@id\":\"https:\/\/www.arte.tv\/sites\/olivierpere\/2017\/08\/17\/el-dorado-de-howard-hawks\/#breadcrumb\",\"itemListElement\":[{\"@type\":\"ListItem\",\"position\":1,\"name\":\"Home\",\"item\":\"https:\/\/www.arte.tv\/sites\/olivierpere\/\"},{\"@type\":\"ListItem\",\"position\":2,\"name\":\"El Dorado de Howard Hawks\"}]},{\"@type\":\"WebSite\",\"@id\":\"https:\/\/www.arte.tv\/sites\/olivierpere\/#website\",\"url\":\"https:\/\/www.arte.tv\/sites\/olivierpere\/\",\"name\":\"Olivier P\u00e8re\",\"description\":\"\",\"potentialAction\":[{\"@type\":\"SearchAction\",\"target\":{\"@type\":\"EntryPoint\",\"urlTemplate\":\"https:\/\/www.arte.tv\/sites\/olivierpere\/?s={search_term_string}\"},\"query-input\":\"required name=search_term_string\"}],\"inLanguage\":\"fr-FR\"},{\"@type\":\"Person\",\"@id\":\"https:\/\/www.arte.tv\/sites\/olivierpere\/#\/schema\/person\/dc32cd6c79be95e52d43b97a74182558\",\"name\":\"Olivier P\u00e8re\",\"image\":{\"@type\":\"ImageObject\",\"inLanguage\":\"fr-FR\",\"@id\":\"https:\/\/www.arte.tv\/sites\/olivierpere\/#\/schema\/person\/image\/\",\"url\":\"https:\/\/secure.gravatar.com\/avatar\/bdea7b6a2c195e2c41772429a9694758?s=96&d=mm&r=g\",\"contentUrl\":\"https:\/\/secure.gravatar.com\/avatar\/bdea7b6a2c195e2c41772429a9694758?s=96&d=mm&r=g\",\"caption\":\"Olivier P\u00e8re\"},\"url\":\"https:\/\/www.arte.tv\/sites\/olivierpere\/author\/pereolivier\/\"}]}<\/script>\n<!-- \/ Yoast SEO plugin. -->","yoast_head_json":{"title":"El Dorado de Howard Hawks - Olivier P\u00e8re","robots":{"index":"index","follow":"follow","max-snippet":"max-snippet:-1","max-image-preview":"max-image-preview:large","max-video-preview":"max-video-preview:-1"},"canonical":"https:\/\/www.arte.tv\/sites\/olivierpere\/2017\/08\/17\/el-dorado-de-howard-hawks\/","og_locale":"fr_FR","og_type":"article","og_title":"El Dorado de Howard Hawks - Olivier P\u00e8re","og_description":"ARTE diffuse El Dorado (1966) de Howard Hawks dimanche 10 septembre \u00e0 20h55. Ce beau film a toutes les caract\u00e9ristiques\u2026","og_url":"https:\/\/www.arte.tv\/sites\/olivierpere\/2017\/08\/17\/el-dorado-de-howard-hawks\/","og_site_name":"Olivier P\u00e8re","article_published_time":"2017-08-17T10:07:35+00:00","article_modified_time":"2017-09-09T10:10:07+00:00","og_image":[{"width":1280,"height":720,"url":"https:\/\/www.arte.tv\/sites\/olivierpere\/files\/el-dorado.png","type":"image\/png"}],"author":"Olivier P\u00e8re","twitter_misc":{"\u00c9crit par":"Olivier P\u00e8re","Dur\u00e9e de lecture estim\u00e9e":"2 minutes"},"schema":{"@context":"https:\/\/schema.org","@graph":[{"@type":"WebPage","@id":"https:\/\/www.arte.tv\/sites\/olivierpere\/2017\/08\/17\/el-dorado-de-howard-hawks\/","url":"https:\/\/www.arte.tv\/sites\/olivierpere\/2017\/08\/17\/el-dorado-de-howard-hawks\/","name":"El Dorado de Howard Hawks - Olivier P\u00e8re","isPartOf":{"@id":"https:\/\/www.arte.tv\/sites\/olivierpere\/#website"},"datePublished":"2017-08-17T10:07:35+00:00","dateModified":"2017-09-09T10:10:07+00:00","author":{"@id":"https:\/\/www.arte.tv\/sites\/olivierpere\/#\/schema\/person\/dc32cd6c79be95e52d43b97a74182558"},"breadcrumb":{"@id":"https:\/\/www.arte.tv\/sites\/olivierpere\/2017\/08\/17\/el-dorado-de-howard-hawks\/#breadcrumb"},"inLanguage":"fr-FR","potentialAction":[{"@type":"ReadAction","target":["https:\/\/www.arte.tv\/sites\/olivierpere\/2017\/08\/17\/el-dorado-de-howard-hawks\/"]}]},{"@type":"BreadcrumbList","@id":"https:\/\/www.arte.tv\/sites\/olivierpere\/2017\/08\/17\/el-dorado-de-howard-hawks\/#breadcrumb","itemListElement":[{"@type":"ListItem","position":1,"name":"Home","item":"https:\/\/www.arte.tv\/sites\/olivierpere\/"},{"@type":"ListItem","position":2,"name":"El Dorado de Howard Hawks"}]},{"@type":"WebSite","@id":"https:\/\/www.arte.tv\/sites\/olivierpere\/#website","url":"https:\/\/www.arte.tv\/sites\/olivierpere\/","name":"Olivier P\u00e8re","description":"","potentialAction":[{"@type":"SearchAction","target":{"@type":"EntryPoint","urlTemplate":"https:\/\/www.arte.tv\/sites\/olivierpere\/?s={search_term_string}"},"query-input":"required name=search_term_string"}],"inLanguage":"fr-FR"},{"@type":"Person","@id":"https:\/\/www.arte.tv\/sites\/olivierpere\/#\/schema\/person\/dc32cd6c79be95e52d43b97a74182558","name":"Olivier P\u00e8re","image":{"@type":"ImageObject","inLanguage":"fr-FR","@id":"https:\/\/www.arte.tv\/sites\/olivierpere\/#\/schema\/person\/image\/","url":"https:\/\/secure.gravatar.com\/avatar\/bdea7b6a2c195e2c41772429a9694758?s=96&d=mm&r=g","contentUrl":"https:\/\/secure.gravatar.com\/avatar\/bdea7b6a2c195e2c41772429a9694758?s=96&d=mm&r=g","caption":"Olivier P\u00e8re"},"url":"https:\/\/www.arte.tv\/sites\/olivierpere\/author\/pereolivier\/"}]}},"_links":{"self":[{"href":"https:\/\/www.arte.tv\/sites\/olivierpere\/wp-json\/wp\/v2\/posts\/21189"}],"collection":[{"href":"https:\/\/www.arte.tv\/sites\/olivierpere\/wp-json\/wp\/v2\/posts"}],"about":[{"href":"https:\/\/www.arte.tv\/sites\/olivierpere\/wp-json\/wp\/v2\/types\/post"}],"author":[{"embeddable":true,"href":"https:\/\/www.arte.tv\/sites\/olivierpere\/wp-json\/wp\/v2\/users\/116"}],"replies":[{"embeddable":true,"href":"https:\/\/www.arte.tv\/sites\/olivierpere\/wp-json\/wp\/v2\/comments?post=21189"}],"version-history":[{"count":1,"href":"https:\/\/www.arte.tv\/sites\/olivierpere\/wp-json\/wp\/v2\/posts\/21189\/revisions"}],"predecessor-version":[{"id":21192,"href":"https:\/\/www.arte.tv\/sites\/olivierpere\/wp-json\/wp\/v2\/posts\/21189\/revisions\/21192"}],"wp:featuredmedia":[{"embeddable":true,"href":"https:\/\/www.arte.tv\/sites\/olivierpere\/wp-json\/wp\/v2\/media\/21190"}],"wp:attachment":[{"href":"https:\/\/www.arte.tv\/sites\/olivierpere\/wp-json\/wp\/v2\/media?parent=21189"}],"wp:term":[{"taxonomy":"category","embeddable":true,"href":"https:\/\/www.arte.tv\/sites\/olivierpere\/wp-json\/wp\/v2\/categories?post=21189"},{"taxonomy":"post_tag","embeddable":true,"href":"https:\/\/www.arte.tv\/sites\/olivierpere\/wp-json\/wp\/v2\/tags?post=21189"}],"curies":[{"name":"wp","href":"https:\/\/api.w.org\/{rel}","templated":true}]}}