{"id":21170,"date":"2017-08-13T19:57:31","date_gmt":"2017-08-13T18:57:31","guid":{"rendered":"https:\/\/www.arte.tv\/sites\/olivierpere\/?p=21170"},"modified":"2017-09-04T20:00:09","modified_gmt":"2017-09-04T19:00:09","slug":"lamour-de-jeanne-ney-de-georg-w-pabst","status":"publish","type":"post","link":"https:\/\/www.arte.tv\/sites\/olivierpere\/2017\/08\/13\/lamour-de-jeanne-ney-de-georg-w-pabst\/","title":{"rendered":"L\u2019Amour de Jeanne Ney de Georg W. Pabst"},"content":{"rendered":"<p><em>L\u2019Amour de Jeanne Ney<\/em> (<em>Der Liebe der Jeanne Ney<\/em>, 1927) de Georg Wilhelm Pabst est diffus\u00e9 pour la premi\u00e8re fois sur ARTE lundi 4 septembre \u00e0 0h20 en version restaur\u00e9e, dans le cadre de l\u2019hommage \u00e0 la UFA. Le film sera \u00e9galement disponible en t\u00e9l\u00e9vision de rattrapage pendant trente jours sur le site d\u2019ARTE.<\/p>\n<p>Moins connu que <em>La Rue sans joie<\/em>, <em>Journal d\u2019une fille perdue<\/em> ou bien s\u00fbr Loulou, <em>L\u2019Amour de Jeanne Ney<\/em> compte pourtant parmi les grands films de Pabst, cin\u00e9aste dont l\u2019\u0153uvre muette reste ce qu\u2019il a fait de mieux. En 1927 la UFA confie \u00e0 Pabst l\u2019adaptation cin\u00e9matographique d\u2019un roman de l\u2019\u00e9crivain russe communiste Ilya Ehrenbourg publi\u00e9 trois ans plus t\u00f4t. Ce dernier participe au sc\u00e9nario mais se sentira trahi, \u00e0 cause de l\u2019adjonction d\u2019une fin heureuse. <em>L\u2019Amour de Jeanne Ney<\/em> est un m\u00e9lodrame qui d\u00e9bute en Crim\u00e9e dans la Russie de 1917. Jeanne Ney est la fille d\u2019un diplomate et correspondant fran\u00e7ais en poste en Russie. Le p\u00e8re de Jeanne est tu\u00e9 \u00e0 cause d\u2019une liste d\u2019agents bolcheviques que lui avait vendue un informateur. De retour \u00e0 Paris, Jeanne est h\u00e9berg\u00e9e par son oncle qui dirige une agence de d\u00e9tectives. Son chemin croise \u00e0 nouveau celui du tra\u00eetre, venu chercher refuge en France, mais aussi celui de son amant, qui n\u2019est autre que l\u2019assassin de son p\u00e8re. Influenc\u00e9 par la psychanalyse, Pabst est le cin\u00e9aste des pulsions violentes et sexuelles. <em>L\u2019Amour de Jeanne Ney <\/em>est charg\u00e9 d\u2019une lourde tension \u00e9rotique, notamment autour du personnage du salaud, affubl\u00e9 de nombreux vices. Le contexte politique du film \u2013 Russes blancs et bolcheviques se retrouvent \u00e0 Paris \u2013 est indissociable d\u2019un climat de sensualit\u00e9, de crime et de convoitise. Le cin\u00e9ma de Pabst \u00e0 ses d\u00e9buts dialogue avec celui d\u2019Alfred Hitchcock qui signe <em>The Lodger<\/em> la m\u00eame ann\u00e9e que <em>L\u2019Amour de Jeanne Ney<\/em>. On est admiratif devant l\u2019art du montage et du cadrage du cin\u00e9aste allemand, son art du suspens et de la dramatisation lors de la sc\u00e8ne du meurtre. Pabst et le grand directeur de la photographie Fritz Arno Wagner signent notamment d\u2019impressionnantes prises de vues des rues de la capitale fran\u00e7aise en filmant le couple d\u2019amoureux au c\u0153ur de la foule. Un chef-d\u2019\u0153uvre \u00e0 red\u00e9couvrir, dans une version qui restitue toute la beaut\u00e9 de ses images.<\/p>\n<div id=\"attachment_21172\" style=\"width: 1782px\" class=\"wp-caption alignnone\"><img aria-describedby=\"caption-attachment-21172\" decoding=\"async\" loading=\"lazy\" class=\"size-full wp-image-21172\" src=\"https:\/\/www.arte.tv\/sites\/olivierpere\/files\/070727-000-a_2096486.jpg\" alt=\"L'Amour de Jeanne Ney de Georg W. Pabst\" width=\"1772\" height=\"1336\" srcset=\"https:\/\/www.arte.tv\/sites\/olivierpere\/files\/070727-000-a_2096486.jpg 1772w, https:\/\/www.arte.tv\/sites\/olivierpere\/files\/070727-000-a_2096486-371x280.jpg 371w, https:\/\/www.arte.tv\/sites\/olivierpere\/files\/070727-000-a_2096486-768x579.jpg 768w, https:\/\/www.arte.tv\/sites\/olivierpere\/files\/070727-000-a_2096486-1019x768.jpg 1019w, https:\/\/www.arte.tv\/sites\/olivierpere\/files\/070727-000-a_2096486-580x437.jpg 580w\" sizes=\"(max-width: 1772px) 100vw, 1772px\" \/><p id=\"caption-attachment-21172\" class=\"wp-caption-text\"><em>L&rsquo;Amour de Jeanne Ney<\/em> de Georg W. Pabst<\/p><\/div>\n<div id=\"attachment_21173\" style=\"width: 1805px\" class=\"wp-caption alignnone\"><img aria-describedby=\"caption-attachment-21173\" decoding=\"async\" loading=\"lazy\" class=\"size-full wp-image-21173\" src=\"https:\/\/www.arte.tv\/sites\/olivierpere\/files\/070727-000-a_2096488.jpg\" alt=\"L'Amour de Jeanne Ney de Georg W. Pabst\" width=\"1795\" height=\"1197\" srcset=\"https:\/\/www.arte.tv\/sites\/olivierpere\/files\/070727-000-a_2096488.jpg 1795w, https:\/\/www.arte.tv\/sites\/olivierpere\/files\/070727-000-a_2096488-420x280.jpg 420w, https:\/\/www.arte.tv\/sites\/olivierpere\/files\/070727-000-a_2096488-768x512.jpg 768w, https:\/\/www.arte.tv\/sites\/olivierpere\/files\/070727-000-a_2096488-1024x683.jpg 1024w, https:\/\/www.arte.tv\/sites\/olivierpere\/files\/070727-000-a_2096488-580x387.jpg 580w\" sizes=\"(max-width: 1795px) 100vw, 1795px\" \/><p id=\"caption-attachment-21173\" class=\"wp-caption-text\"><em>L&rsquo;Amour de Jeanne Ney<\/em> de Georg W. Pabst<\/p><\/div>\n","protected":false},"excerpt":{"rendered":"<p>L\u2019Amour de Jeanne Ney (Der Liebe der Jeanne Ney, 1927) de Georg Wilhelm Pabst est diffus\u00e9 pour la premi\u00e8re fois\u2026<\/p>\n","protected":false},"author":116,"featured_media":21171,"comment_status":"open","ping_status":"open","sticky":false,"template":"","format":"standard","meta":[],"categories":[8],"tags":[],"yoast_head":"<!-- This site is optimized with the Yoast SEO plugin v20.8 - https:\/\/yoast.com\/wordpress\/plugins\/seo\/ -->\n<title>L\u2019Amour de Jeanne Ney de Georg W. Pabst - Olivier P\u00e8re<\/title>\n<meta name=\"robots\" content=\"index, follow, max-snippet:-1, max-image-preview:large, max-video-preview:-1\" \/>\n<link rel=\"canonical\" href=\"https:\/\/www.arte.tv\/sites\/olivierpere\/2017\/08\/13\/lamour-de-jeanne-ney-de-georg-w-pabst\/\" \/>\n<meta property=\"og:locale\" content=\"fr_FR\" \/>\n<meta property=\"og:type\" content=\"article\" \/>\n<meta property=\"og:title\" content=\"L\u2019Amour de Jeanne Ney de Georg W. Pabst - Olivier P\u00e8re\" \/>\n<meta property=\"og:description\" content=\"L\u2019Amour de Jeanne Ney (Der Liebe der Jeanne Ney, 1927) de Georg Wilhelm Pabst est diffus\u00e9 pour la premi\u00e8re fois\u2026\" \/>\n<meta property=\"og:url\" content=\"https:\/\/www.arte.tv\/sites\/olivierpere\/2017\/08\/13\/lamour-de-jeanne-ney-de-georg-w-pabst\/\" \/>\n<meta property=\"og:site_name\" content=\"Olivier P\u00e8re\" \/>\n<meta property=\"article:published_time\" content=\"2017-08-13T18:57:31+00:00\" \/>\n<meta property=\"article:modified_time\" content=\"2017-09-04T19:00:09+00:00\" \/>\n<meta property=\"og:image\" content=\"https:\/\/www.arte.tv\/sites\/olivierpere\/files\/070727-000-a_2096481.jpg\" \/>\n\t<meta property=\"og:image:width\" content=\"1795\" \/>\n\t<meta property=\"og:image:height\" content=\"1197\" \/>\n\t<meta property=\"og:image:type\" content=\"image\/jpeg\" \/>\n<meta name=\"author\" content=\"Olivier P\u00e8re\" \/>\n<meta name=\"twitter:label1\" content=\"\u00c9crit par\" \/>\n\t<meta name=\"twitter:data1\" content=\"Olivier P\u00e8re\" \/>\n\t<meta name=\"twitter:label2\" content=\"Dur\u00e9e de lecture estim\u00e9e\" \/>\n\t<meta name=\"twitter:data2\" content=\"2 minutes\" \/>\n<script type=\"application\/ld+json\" class=\"yoast-schema-graph\">{\"@context\":\"https:\/\/schema.org\",\"@graph\":[{\"@type\":\"WebPage\",\"@id\":\"https:\/\/www.arte.tv\/sites\/olivierpere\/2017\/08\/13\/lamour-de-jeanne-ney-de-georg-w-pabst\/\",\"url\":\"https:\/\/www.arte.tv\/sites\/olivierpere\/2017\/08\/13\/lamour-de-jeanne-ney-de-georg-w-pabst\/\",\"name\":\"L\u2019Amour de Jeanne Ney de Georg W. Pabst - Olivier P\u00e8re\",\"isPartOf\":{\"@id\":\"https:\/\/www.arte.tv\/sites\/olivierpere\/#website\"},\"datePublished\":\"2017-08-13T18:57:31+00:00\",\"dateModified\":\"2017-09-04T19:00:09+00:00\",\"author\":{\"@id\":\"https:\/\/www.arte.tv\/sites\/olivierpere\/#\/schema\/person\/dc32cd6c79be95e52d43b97a74182558\"},\"breadcrumb\":{\"@id\":\"https:\/\/www.arte.tv\/sites\/olivierpere\/2017\/08\/13\/lamour-de-jeanne-ney-de-georg-w-pabst\/#breadcrumb\"},\"inLanguage\":\"fr-FR\",\"potentialAction\":[{\"@type\":\"ReadAction\",\"target\":[\"https:\/\/www.arte.tv\/sites\/olivierpere\/2017\/08\/13\/lamour-de-jeanne-ney-de-georg-w-pabst\/\"]}]},{\"@type\":\"BreadcrumbList\",\"@id\":\"https:\/\/www.arte.tv\/sites\/olivierpere\/2017\/08\/13\/lamour-de-jeanne-ney-de-georg-w-pabst\/#breadcrumb\",\"itemListElement\":[{\"@type\":\"ListItem\",\"position\":1,\"name\":\"Home\",\"item\":\"https:\/\/www.arte.tv\/sites\/olivierpere\/\"},{\"@type\":\"ListItem\",\"position\":2,\"name\":\"L\u2019Amour de Jeanne Ney de Georg W. Pabst\"}]},{\"@type\":\"WebSite\",\"@id\":\"https:\/\/www.arte.tv\/sites\/olivierpere\/#website\",\"url\":\"https:\/\/www.arte.tv\/sites\/olivierpere\/\",\"name\":\"Olivier P\u00e8re\",\"description\":\"\",\"potentialAction\":[{\"@type\":\"SearchAction\",\"target\":{\"@type\":\"EntryPoint\",\"urlTemplate\":\"https:\/\/www.arte.tv\/sites\/olivierpere\/?s={search_term_string}\"},\"query-input\":\"required name=search_term_string\"}],\"inLanguage\":\"fr-FR\"},{\"@type\":\"Person\",\"@id\":\"https:\/\/www.arte.tv\/sites\/olivierpere\/#\/schema\/person\/dc32cd6c79be95e52d43b97a74182558\",\"name\":\"Olivier P\u00e8re\",\"image\":{\"@type\":\"ImageObject\",\"inLanguage\":\"fr-FR\",\"@id\":\"https:\/\/www.arte.tv\/sites\/olivierpere\/#\/schema\/person\/image\/\",\"url\":\"https:\/\/secure.gravatar.com\/avatar\/bdea7b6a2c195e2c41772429a9694758?s=96&d=mm&r=g\",\"contentUrl\":\"https:\/\/secure.gravatar.com\/avatar\/bdea7b6a2c195e2c41772429a9694758?s=96&d=mm&r=g\",\"caption\":\"Olivier P\u00e8re\"},\"url\":\"https:\/\/www.arte.tv\/sites\/olivierpere\/author\/pereolivier\/\"}]}<\/script>\n<!-- \/ Yoast SEO plugin. -->","yoast_head_json":{"title":"L\u2019Amour de Jeanne Ney de Georg W. Pabst - Olivier P\u00e8re","robots":{"index":"index","follow":"follow","max-snippet":"max-snippet:-1","max-image-preview":"max-image-preview:large","max-video-preview":"max-video-preview:-1"},"canonical":"https:\/\/www.arte.tv\/sites\/olivierpere\/2017\/08\/13\/lamour-de-jeanne-ney-de-georg-w-pabst\/","og_locale":"fr_FR","og_type":"article","og_title":"L\u2019Amour de Jeanne Ney de Georg W. Pabst - Olivier P\u00e8re","og_description":"L\u2019Amour de Jeanne Ney (Der Liebe der Jeanne Ney, 1927) de Georg Wilhelm Pabst est diffus\u00e9 pour la premi\u00e8re fois\u2026","og_url":"https:\/\/www.arte.tv\/sites\/olivierpere\/2017\/08\/13\/lamour-de-jeanne-ney-de-georg-w-pabst\/","og_site_name":"Olivier P\u00e8re","article_published_time":"2017-08-13T18:57:31+00:00","article_modified_time":"2017-09-04T19:00:09+00:00","og_image":[{"width":1795,"height":1197,"url":"https:\/\/www.arte.tv\/sites\/olivierpere\/files\/070727-000-a_2096481.jpg","type":"image\/jpeg"}],"author":"Olivier P\u00e8re","twitter_misc":{"\u00c9crit par":"Olivier P\u00e8re","Dur\u00e9e de lecture estim\u00e9e":"2 minutes"},"schema":{"@context":"https:\/\/schema.org","@graph":[{"@type":"WebPage","@id":"https:\/\/www.arte.tv\/sites\/olivierpere\/2017\/08\/13\/lamour-de-jeanne-ney-de-georg-w-pabst\/","url":"https:\/\/www.arte.tv\/sites\/olivierpere\/2017\/08\/13\/lamour-de-jeanne-ney-de-georg-w-pabst\/","name":"L\u2019Amour de Jeanne Ney de Georg W. Pabst - Olivier P\u00e8re","isPartOf":{"@id":"https:\/\/www.arte.tv\/sites\/olivierpere\/#website"},"datePublished":"2017-08-13T18:57:31+00:00","dateModified":"2017-09-04T19:00:09+00:00","author":{"@id":"https:\/\/www.arte.tv\/sites\/olivierpere\/#\/schema\/person\/dc32cd6c79be95e52d43b97a74182558"},"breadcrumb":{"@id":"https:\/\/www.arte.tv\/sites\/olivierpere\/2017\/08\/13\/lamour-de-jeanne-ney-de-georg-w-pabst\/#breadcrumb"},"inLanguage":"fr-FR","potentialAction":[{"@type":"ReadAction","target":["https:\/\/www.arte.tv\/sites\/olivierpere\/2017\/08\/13\/lamour-de-jeanne-ney-de-georg-w-pabst\/"]}]},{"@type":"BreadcrumbList","@id":"https:\/\/www.arte.tv\/sites\/olivierpere\/2017\/08\/13\/lamour-de-jeanne-ney-de-georg-w-pabst\/#breadcrumb","itemListElement":[{"@type":"ListItem","position":1,"name":"Home","item":"https:\/\/www.arte.tv\/sites\/olivierpere\/"},{"@type":"ListItem","position":2,"name":"L\u2019Amour de Jeanne Ney de Georg W. Pabst"}]},{"@type":"WebSite","@id":"https:\/\/www.arte.tv\/sites\/olivierpere\/#website","url":"https:\/\/www.arte.tv\/sites\/olivierpere\/","name":"Olivier P\u00e8re","description":"","potentialAction":[{"@type":"SearchAction","target":{"@type":"EntryPoint","urlTemplate":"https:\/\/www.arte.tv\/sites\/olivierpere\/?s={search_term_string}"},"query-input":"required name=search_term_string"}],"inLanguage":"fr-FR"},{"@type":"Person","@id":"https:\/\/www.arte.tv\/sites\/olivierpere\/#\/schema\/person\/dc32cd6c79be95e52d43b97a74182558","name":"Olivier P\u00e8re","image":{"@type":"ImageObject","inLanguage":"fr-FR","@id":"https:\/\/www.arte.tv\/sites\/olivierpere\/#\/schema\/person\/image\/","url":"https:\/\/secure.gravatar.com\/avatar\/bdea7b6a2c195e2c41772429a9694758?s=96&d=mm&r=g","contentUrl":"https:\/\/secure.gravatar.com\/avatar\/bdea7b6a2c195e2c41772429a9694758?s=96&d=mm&r=g","caption":"Olivier P\u00e8re"},"url":"https:\/\/www.arte.tv\/sites\/olivierpere\/author\/pereolivier\/"}]}},"_links":{"self":[{"href":"https:\/\/www.arte.tv\/sites\/olivierpere\/wp-json\/wp\/v2\/posts\/21170"}],"collection":[{"href":"https:\/\/www.arte.tv\/sites\/olivierpere\/wp-json\/wp\/v2\/posts"}],"about":[{"href":"https:\/\/www.arte.tv\/sites\/olivierpere\/wp-json\/wp\/v2\/types\/post"}],"author":[{"embeddable":true,"href":"https:\/\/www.arte.tv\/sites\/olivierpere\/wp-json\/wp\/v2\/users\/116"}],"replies":[{"embeddable":true,"href":"https:\/\/www.arte.tv\/sites\/olivierpere\/wp-json\/wp\/v2\/comments?post=21170"}],"version-history":[{"count":1,"href":"https:\/\/www.arte.tv\/sites\/olivierpere\/wp-json\/wp\/v2\/posts\/21170\/revisions"}],"predecessor-version":[{"id":21174,"href":"https:\/\/www.arte.tv\/sites\/olivierpere\/wp-json\/wp\/v2\/posts\/21170\/revisions\/21174"}],"wp:featuredmedia":[{"embeddable":true,"href":"https:\/\/www.arte.tv\/sites\/olivierpere\/wp-json\/wp\/v2\/media\/21171"}],"wp:attachment":[{"href":"https:\/\/www.arte.tv\/sites\/olivierpere\/wp-json\/wp\/v2\/media?parent=21170"}],"wp:term":[{"taxonomy":"category","embeddable":true,"href":"https:\/\/www.arte.tv\/sites\/olivierpere\/wp-json\/wp\/v2\/categories?post=21170"},{"taxonomy":"post_tag","embeddable":true,"href":"https:\/\/www.arte.tv\/sites\/olivierpere\/wp-json\/wp\/v2\/tags?post=21170"}],"curies":[{"name":"wp","href":"https:\/\/api.w.org\/{rel}","templated":true}]}}