{"id":21089,"date":"2017-07-29T12:09:39","date_gmt":"2017-07-29T11:09:39","guid":{"rendered":"https:\/\/www.arte.tv\/sites\/olivierpere\/?p=21089"},"modified":"2017-08-15T12:12:40","modified_gmt":"2017-08-15T11:12:40","slug":"pale-rider-cavalier-solitaire-de-clint-eastwood","status":"publish","type":"post","link":"https:\/\/www.arte.tv\/sites\/olivierpere\/2017\/07\/29\/pale-rider-cavalier-solitaire-de-clint-eastwood\/","title":{"rendered":"Pale Rider, le cavalier solitaire de Clint Eastwood"},"content":{"rendered":"<p>ARTE diffuse <em>Pale Rider, le cavalier solitaire<\/em> (<em>Pale Rider<\/em>, 1985), r\u00e9alis\u00e9 et interpr\u00e9t\u00e9 par Clint Eastwood, dimanche 27 ao\u00fbt \u00e0 20h50. La mythologie personnelle de Eastwood a d\u00e9but\u00e9 gr\u00e2ce aux trois westerns italiens de Sergio Leone dans lesquels il interpr\u00e9tait un pistolero sans nom, aventurier cynique et mal ras\u00e9 qui d\u00e9sacralisait la figure du cow-boy hollywoodien. De retour en Am\u00e9rique, Eastwood va continuer \u00e0 fr\u00e9quenter le western, genre alors moribond. A quelques exceptions pr\u00e8s \u2013 des titres anecdotiques \u2013 Eastwood va se r\u00e9server le soin de mettre en sc\u00e8ne ces westerns, comme s\u2019il tenait \u00e0 garder le contr\u00f4le et maintenir un lien direct avec son premier mentor. Des quatre westerns qu\u2019il a r\u00e9alis\u00e9s &#8211; sans compter <em>Bronco Billy<\/em>, sorte de western moderne &#8211; <em>Pale Rider<\/em> est sans doute le plus \u00e9pur\u00e9, le plus sec, dans lequel il tente de renouer avec une tradition perdue du cin\u00e9ma am\u00e9ricain. L\u2019influence de Leone s\u2019y fait discr\u00e8te.<\/p>\n<p>Un cavalier myst\u00e9rieux, habill\u00e9 en pasteur, vient en aide \u00e0 des chercheurs d\u2019or menac\u00e9s d\u2019expulsion par le patron de la ville et ses tueurs \u00e0 gages. Mais ne serait-il pas un imposteur, ou un revenant ?<\/p>\n<p>Dans <em>Pale Rider<\/em>, Clint Eastwood reprend un sujet proche de son premier western <em>L\u2019Homme des Hautes Plaines<\/em> r\u00e9alis\u00e9 en 1973, avec le m\u00eame personnage de justicier fant\u00f4me qui semble surgir d\u2019entre les morts pour accomplir sa vengeance. Douze ans plus tard les accents baroques du cin\u00e9aste d\u00e9butant ont laiss\u00e9 la place \u00e0 un fantastique discret et un classicisme s\u00fbr de lui. <em>Pale Rider<\/em> cite les quatre cavaliers de l\u2019apocalypse de la Bible et <em>L\u2019Homme des vall\u00e9es perdues<\/em>, film mythique de George Stevens. La contribution au western de Eastwood est celle d\u2019un h\u00e9ritier doubl\u00e9 d\u2019un m\u00e9morialiste.<\/p>\n<div id=\"attachment_21091\" style=\"width: 1805px\" class=\"wp-caption alignnone\"><img aria-describedby=\"caption-attachment-21091\" decoding=\"async\" loading=\"lazy\" class=\"size-full wp-image-21091\" src=\"https:\/\/www.arte.tv\/sites\/olivierpere\/files\/073417-000-a-pale-rider-der-namenlose-2118697-1499870758.jpg\" alt=\"2118697 Pale Rider - Der namenlose Reiter\" width=\"1795\" height=\"1197\" srcset=\"https:\/\/www.arte.tv\/sites\/olivierpere\/files\/073417-000-a-pale-rider-der-namenlose-2118697-1499870758.jpg 1795w, https:\/\/www.arte.tv\/sites\/olivierpere\/files\/073417-000-a-pale-rider-der-namenlose-2118697-1499870758-420x280.jpg 420w, https:\/\/www.arte.tv\/sites\/olivierpere\/files\/073417-000-a-pale-rider-der-namenlose-2118697-1499870758-768x512.jpg 768w, https:\/\/www.arte.tv\/sites\/olivierpere\/files\/073417-000-a-pale-rider-der-namenlose-2118697-1499870758-1024x683.jpg 1024w, https:\/\/www.arte.tv\/sites\/olivierpere\/files\/073417-000-a-pale-rider-der-namenlose-2118697-1499870758-580x387.jpg 580w\" sizes=\"(max-width: 1795px) 100vw, 1795px\" \/><p id=\"caption-attachment-21091\" class=\"wp-caption-text\"><em>Pale Rider, le cavalier solitaire<\/em> de Clint Eastwood<\/p><\/div>\n<div id=\"attachment_21092\" style=\"width: 1805px\" class=\"wp-caption alignnone\"><img aria-describedby=\"caption-attachment-21092\" decoding=\"async\" loading=\"lazy\" class=\"size-full wp-image-21092\" src=\"https:\/\/www.arte.tv\/sites\/olivierpere\/files\/073417-000-a-pale-rider-der-namenlose-2118702-1499870758.jpg\" alt=\"\" width=\"1795\" height=\"1197\" srcset=\"https:\/\/www.arte.tv\/sites\/olivierpere\/files\/073417-000-a-pale-rider-der-namenlose-2118702-1499870758.jpg 1795w, https:\/\/www.arte.tv\/sites\/olivierpere\/files\/073417-000-a-pale-rider-der-namenlose-2118702-1499870758-420x280.jpg 420w, https:\/\/www.arte.tv\/sites\/olivierpere\/files\/073417-000-a-pale-rider-der-namenlose-2118702-1499870758-768x512.jpg 768w, https:\/\/www.arte.tv\/sites\/olivierpere\/files\/073417-000-a-pale-rider-der-namenlose-2118702-1499870758-1024x683.jpg 1024w, https:\/\/www.arte.tv\/sites\/olivierpere\/files\/073417-000-a-pale-rider-der-namenlose-2118702-1499870758-580x387.jpg 580w\" sizes=\"(max-width: 1795px) 100vw, 1795px\" \/><p id=\"caption-attachment-21092\" class=\"wp-caption-text\"><em>Pale Rider, le cavalier solitaire<\/em> de Clint Eastwood<\/p><\/div>\n<p>&nbsp;<\/p>\n","protected":false},"excerpt":{"rendered":"<p>ARTE diffuse Pale Rider, le cavalier solitaire (Pale Rider, 1985), r\u00e9alis\u00e9 et interpr\u00e9t\u00e9 par Clint Eastwood, dimanche 27 ao\u00fbt \u00e0\u2026<\/p>\n","protected":false},"author":116,"featured_media":21090,"comment_status":"open","ping_status":"open","sticky":false,"template":"","format":"standard","meta":[],"categories":[8],"tags":[],"yoast_head":"<!-- This site is optimized with the Yoast SEO plugin v20.8 - https:\/\/yoast.com\/wordpress\/plugins\/seo\/ -->\n<title>Pale Rider, le cavalier solitaire de Clint Eastwood - Olivier P\u00e8re<\/title>\n<meta name=\"robots\" content=\"index, follow, max-snippet:-1, max-image-preview:large, max-video-preview:-1\" \/>\n<link rel=\"canonical\" href=\"https:\/\/www.arte.tv\/sites\/olivierpere\/2017\/07\/29\/pale-rider-cavalier-solitaire-de-clint-eastwood\/\" \/>\n<meta property=\"og:locale\" content=\"fr_FR\" \/>\n<meta property=\"og:type\" content=\"article\" \/>\n<meta property=\"og:title\" content=\"Pale Rider, le cavalier solitaire de Clint Eastwood - Olivier P\u00e8re\" \/>\n<meta property=\"og:description\" content=\"ARTE diffuse Pale Rider, le cavalier solitaire (Pale Rider, 1985), r\u00e9alis\u00e9 et interpr\u00e9t\u00e9 par Clint Eastwood, dimanche 27 ao\u00fbt \u00e0\u2026\" \/>\n<meta property=\"og:url\" content=\"https:\/\/www.arte.tv\/sites\/olivierpere\/2017\/07\/29\/pale-rider-cavalier-solitaire-de-clint-eastwood\/\" \/>\n<meta property=\"og:site_name\" content=\"Olivier P\u00e8re\" \/>\n<meta property=\"article:published_time\" content=\"2017-07-29T11:09:39+00:00\" \/>\n<meta property=\"article:modified_time\" content=\"2017-08-15T11:12:40+00:00\" \/>\n<meta property=\"og:image\" content=\"https:\/\/www.arte.tv\/sites\/olivierpere\/files\/073417-000-a-pale-rider-der-namenlose-2118700-1499870758.jpg\" \/>\n\t<meta property=\"og:image:width\" content=\"1795\" \/>\n\t<meta property=\"og:image:height\" content=\"1197\" \/>\n\t<meta property=\"og:image:type\" content=\"image\/jpeg\" \/>\n<meta name=\"author\" content=\"Olivier P\u00e8re\" \/>\n<meta name=\"twitter:label1\" content=\"\u00c9crit par\" \/>\n\t<meta name=\"twitter:data1\" content=\"Olivier P\u00e8re\" \/>\n\t<meta name=\"twitter:label2\" content=\"Dur\u00e9e de lecture estim\u00e9e\" \/>\n\t<meta name=\"twitter:data2\" content=\"2 minutes\" \/>\n<script type=\"application\/ld+json\" class=\"yoast-schema-graph\">{\"@context\":\"https:\/\/schema.org\",\"@graph\":[{\"@type\":\"WebPage\",\"@id\":\"https:\/\/www.arte.tv\/sites\/olivierpere\/2017\/07\/29\/pale-rider-cavalier-solitaire-de-clint-eastwood\/\",\"url\":\"https:\/\/www.arte.tv\/sites\/olivierpere\/2017\/07\/29\/pale-rider-cavalier-solitaire-de-clint-eastwood\/\",\"name\":\"Pale Rider, le cavalier solitaire de Clint Eastwood - Olivier P\u00e8re\",\"isPartOf\":{\"@id\":\"https:\/\/www.arte.tv\/sites\/olivierpere\/#website\"},\"datePublished\":\"2017-07-29T11:09:39+00:00\",\"dateModified\":\"2017-08-15T11:12:40+00:00\",\"author\":{\"@id\":\"https:\/\/www.arte.tv\/sites\/olivierpere\/#\/schema\/person\/dc32cd6c79be95e52d43b97a74182558\"},\"breadcrumb\":{\"@id\":\"https:\/\/www.arte.tv\/sites\/olivierpere\/2017\/07\/29\/pale-rider-cavalier-solitaire-de-clint-eastwood\/#breadcrumb\"},\"inLanguage\":\"fr-FR\",\"potentialAction\":[{\"@type\":\"ReadAction\",\"target\":[\"https:\/\/www.arte.tv\/sites\/olivierpere\/2017\/07\/29\/pale-rider-cavalier-solitaire-de-clint-eastwood\/\"]}]},{\"@type\":\"BreadcrumbList\",\"@id\":\"https:\/\/www.arte.tv\/sites\/olivierpere\/2017\/07\/29\/pale-rider-cavalier-solitaire-de-clint-eastwood\/#breadcrumb\",\"itemListElement\":[{\"@type\":\"ListItem\",\"position\":1,\"name\":\"Home\",\"item\":\"https:\/\/www.arte.tv\/sites\/olivierpere\/\"},{\"@type\":\"ListItem\",\"position\":2,\"name\":\"Pale Rider, le cavalier solitaire de Clint Eastwood\"}]},{\"@type\":\"WebSite\",\"@id\":\"https:\/\/www.arte.tv\/sites\/olivierpere\/#website\",\"url\":\"https:\/\/www.arte.tv\/sites\/olivierpere\/\",\"name\":\"Olivier P\u00e8re\",\"description\":\"\",\"potentialAction\":[{\"@type\":\"SearchAction\",\"target\":{\"@type\":\"EntryPoint\",\"urlTemplate\":\"https:\/\/www.arte.tv\/sites\/olivierpere\/?s={search_term_string}\"},\"query-input\":\"required name=search_term_string\"}],\"inLanguage\":\"fr-FR\"},{\"@type\":\"Person\",\"@id\":\"https:\/\/www.arte.tv\/sites\/olivierpere\/#\/schema\/person\/dc32cd6c79be95e52d43b97a74182558\",\"name\":\"Olivier P\u00e8re\",\"image\":{\"@type\":\"ImageObject\",\"inLanguage\":\"fr-FR\",\"@id\":\"https:\/\/www.arte.tv\/sites\/olivierpere\/#\/schema\/person\/image\/\",\"url\":\"https:\/\/secure.gravatar.com\/avatar\/bdea7b6a2c195e2c41772429a9694758?s=96&d=mm&r=g\",\"contentUrl\":\"https:\/\/secure.gravatar.com\/avatar\/bdea7b6a2c195e2c41772429a9694758?s=96&d=mm&r=g\",\"caption\":\"Olivier P\u00e8re\"},\"url\":\"https:\/\/www.arte.tv\/sites\/olivierpere\/author\/pereolivier\/\"}]}<\/script>\n<!-- \/ Yoast SEO plugin. -->","yoast_head_json":{"title":"Pale Rider, le cavalier solitaire de Clint Eastwood - Olivier P\u00e8re","robots":{"index":"index","follow":"follow","max-snippet":"max-snippet:-1","max-image-preview":"max-image-preview:large","max-video-preview":"max-video-preview:-1"},"canonical":"https:\/\/www.arte.tv\/sites\/olivierpere\/2017\/07\/29\/pale-rider-cavalier-solitaire-de-clint-eastwood\/","og_locale":"fr_FR","og_type":"article","og_title":"Pale Rider, le cavalier solitaire de Clint Eastwood - Olivier P\u00e8re","og_description":"ARTE diffuse Pale Rider, le cavalier solitaire (Pale Rider, 1985), r\u00e9alis\u00e9 et interpr\u00e9t\u00e9 par Clint Eastwood, dimanche 27 ao\u00fbt \u00e0\u2026","og_url":"https:\/\/www.arte.tv\/sites\/olivierpere\/2017\/07\/29\/pale-rider-cavalier-solitaire-de-clint-eastwood\/","og_site_name":"Olivier P\u00e8re","article_published_time":"2017-07-29T11:09:39+00:00","article_modified_time":"2017-08-15T11:12:40+00:00","og_image":[{"width":1795,"height":1197,"url":"https:\/\/www.arte.tv\/sites\/olivierpere\/files\/073417-000-a-pale-rider-der-namenlose-2118700-1499870758.jpg","type":"image\/jpeg"}],"author":"Olivier P\u00e8re","twitter_misc":{"\u00c9crit par":"Olivier P\u00e8re","Dur\u00e9e de lecture estim\u00e9e":"2 minutes"},"schema":{"@context":"https:\/\/schema.org","@graph":[{"@type":"WebPage","@id":"https:\/\/www.arte.tv\/sites\/olivierpere\/2017\/07\/29\/pale-rider-cavalier-solitaire-de-clint-eastwood\/","url":"https:\/\/www.arte.tv\/sites\/olivierpere\/2017\/07\/29\/pale-rider-cavalier-solitaire-de-clint-eastwood\/","name":"Pale Rider, le cavalier solitaire de Clint Eastwood - Olivier P\u00e8re","isPartOf":{"@id":"https:\/\/www.arte.tv\/sites\/olivierpere\/#website"},"datePublished":"2017-07-29T11:09:39+00:00","dateModified":"2017-08-15T11:12:40+00:00","author":{"@id":"https:\/\/www.arte.tv\/sites\/olivierpere\/#\/schema\/person\/dc32cd6c79be95e52d43b97a74182558"},"breadcrumb":{"@id":"https:\/\/www.arte.tv\/sites\/olivierpere\/2017\/07\/29\/pale-rider-cavalier-solitaire-de-clint-eastwood\/#breadcrumb"},"inLanguage":"fr-FR","potentialAction":[{"@type":"ReadAction","target":["https:\/\/www.arte.tv\/sites\/olivierpere\/2017\/07\/29\/pale-rider-cavalier-solitaire-de-clint-eastwood\/"]}]},{"@type":"BreadcrumbList","@id":"https:\/\/www.arte.tv\/sites\/olivierpere\/2017\/07\/29\/pale-rider-cavalier-solitaire-de-clint-eastwood\/#breadcrumb","itemListElement":[{"@type":"ListItem","position":1,"name":"Home","item":"https:\/\/www.arte.tv\/sites\/olivierpere\/"},{"@type":"ListItem","position":2,"name":"Pale Rider, le cavalier solitaire de Clint Eastwood"}]},{"@type":"WebSite","@id":"https:\/\/www.arte.tv\/sites\/olivierpere\/#website","url":"https:\/\/www.arte.tv\/sites\/olivierpere\/","name":"Olivier P\u00e8re","description":"","potentialAction":[{"@type":"SearchAction","target":{"@type":"EntryPoint","urlTemplate":"https:\/\/www.arte.tv\/sites\/olivierpere\/?s={search_term_string}"},"query-input":"required name=search_term_string"}],"inLanguage":"fr-FR"},{"@type":"Person","@id":"https:\/\/www.arte.tv\/sites\/olivierpere\/#\/schema\/person\/dc32cd6c79be95e52d43b97a74182558","name":"Olivier P\u00e8re","image":{"@type":"ImageObject","inLanguage":"fr-FR","@id":"https:\/\/www.arte.tv\/sites\/olivierpere\/#\/schema\/person\/image\/","url":"https:\/\/secure.gravatar.com\/avatar\/bdea7b6a2c195e2c41772429a9694758?s=96&d=mm&r=g","contentUrl":"https:\/\/secure.gravatar.com\/avatar\/bdea7b6a2c195e2c41772429a9694758?s=96&d=mm&r=g","caption":"Olivier P\u00e8re"},"url":"https:\/\/www.arte.tv\/sites\/olivierpere\/author\/pereolivier\/"}]}},"_links":{"self":[{"href":"https:\/\/www.arte.tv\/sites\/olivierpere\/wp-json\/wp\/v2\/posts\/21089"}],"collection":[{"href":"https:\/\/www.arte.tv\/sites\/olivierpere\/wp-json\/wp\/v2\/posts"}],"about":[{"href":"https:\/\/www.arte.tv\/sites\/olivierpere\/wp-json\/wp\/v2\/types\/post"}],"author":[{"embeddable":true,"href":"https:\/\/www.arte.tv\/sites\/olivierpere\/wp-json\/wp\/v2\/users\/116"}],"replies":[{"embeddable":true,"href":"https:\/\/www.arte.tv\/sites\/olivierpere\/wp-json\/wp\/v2\/comments?post=21089"}],"version-history":[{"count":1,"href":"https:\/\/www.arte.tv\/sites\/olivierpere\/wp-json\/wp\/v2\/posts\/21089\/revisions"}],"predecessor-version":[{"id":21093,"href":"https:\/\/www.arte.tv\/sites\/olivierpere\/wp-json\/wp\/v2\/posts\/21089\/revisions\/21093"}],"wp:featuredmedia":[{"embeddable":true,"href":"https:\/\/www.arte.tv\/sites\/olivierpere\/wp-json\/wp\/v2\/media\/21090"}],"wp:attachment":[{"href":"https:\/\/www.arte.tv\/sites\/olivierpere\/wp-json\/wp\/v2\/media?parent=21089"}],"wp:term":[{"taxonomy":"category","embeddable":true,"href":"https:\/\/www.arte.tv\/sites\/olivierpere\/wp-json\/wp\/v2\/categories?post=21089"},{"taxonomy":"post_tag","embeddable":true,"href":"https:\/\/www.arte.tv\/sites\/olivierpere\/wp-json\/wp\/v2\/tags?post=21089"}],"curies":[{"name":"wp","href":"https:\/\/api.w.org\/{rel}","templated":true}]}}