{"id":20776,"date":"2017-05-29T13:28:00","date_gmt":"2017-05-29T12:28:00","guid":{"rendered":"https:\/\/www.arte.tv\/sites\/olivierpere\/?p=20776"},"modified":"2020-04-17T08:01:28","modified_gmt":"2020-04-17T07:01:28","slug":"erin-brockovich-seule-contre-de-steven-soderbergh","status":"publish","type":"post","link":"https:\/\/www.arte.tv\/sites\/olivierpere\/2017\/05\/29\/erin-brockovich-seule-contre-de-steven-soderbergh\/","title":{"rendered":"Erin Brockovich, seule contre tous de Steven Soderbergh"},"content":{"rendered":"<p>ARTE diffuse <em>Erin Brockovich, seule contre tous<\/em> (<em>Erin Brockovich<\/em>, 2000) de Steven Soderbergh dimanche 4 juin \u00e0 20h55. Le film s\u2019inspire d\u2019une histoire vraie : celle de Erin Brockovich<em>,<\/em> m\u00e8re divorc\u00e9e avec trois enfants \u00e0 charge, sans dipl\u00f4me et sans ressources, qui va r\u00e9ussir \u00e0 se faire embaucher comme archiviste dans un cabinet d\u2019avocat. En s\u2019int\u00e9ressant aux anomalies d\u2019un dossier immobilier elle parviendra \u00e0 faire toute la lumi\u00e8re sur un scandale \u00e9cologique de grande envergure et mettre \u00e0 genoux une soci\u00e9t\u00e9 de distribution d\u2019\u00e9nergie aux pratiques frauduleuses et nocives. Tr\u00e8s \u00e0 l\u2019aise dans la commande, Soderbergh s\u2019inscrit dans une certaine tradition hollywoodienne et m\u00e9lange plusieurs genres. <em>Erin Brockovich, seule contre tous<\/em> est \u00e0 la fois un thriller judiciaire, o\u00f9 une enqu\u00eate r\u00e9v\u00e8le les agissements douteux d\u2019une puissante compagnie, un film social qui prend la d\u00e9fense de citoyens d\u00e9munis victimes d\u2019injustices, et le portrait d\u2019une femme forte bien d\u00e9cid\u00e9e \u00e0 s\u2019imposer face \u00e0 l\u2019adversit\u00e9. Le film bouscule les clich\u00e9s en faisant de son h\u00e9ro\u00efne une femme sup\u00e9rieurement intelligente malgr\u00e9 ses origines modestes et son look de cagole, et qui doit lutter contre les pr\u00e9jug\u00e9s sociaux et sexistes, avec un courage, un humour et une int\u00e9grit\u00e9 morale \u00e0 toute \u00e9preuve. Le duo qu\u2019elle forme avec son patron, avocat ringard d\u00e9pass\u00e9 par les \u00e9v\u00e9nements (Albert Finney) r\u00e9serve des joutes oratoires au comique irr\u00e9sistible, tandis que la relation qu\u2019elle noue avec un motard sentimental transcende elle aussi les id\u00e9es re\u00e7ues.<\/p>\n<p>Faire du neuf avec de l\u2019ancien : la d\u00e9marche est typique de Soderbergh, toujours habile dans les relectures postmodernes de r\u00e9cits classiques, et qui se montre ici moins distant et formaliste qu\u2019\u00e0 l\u2019accoutum\u00e9e. La g\u00e9n\u00e9rosit\u00e9 du propos et l\u2019empathie constante pour Erin Brockovich que le cin\u00e9aste partage avec le spectateur vaudront au film et \u00e0 son interpr\u00e8te Julia Roberts un triomphe critique et public m\u00e9rit\u00e9. Cin\u00e9aste versatile, Soderbergh d\u00e9laisse ses aff\u00e8teries stylistiques et ses effets de montage pour se concentrer sur un personnage f\u00e9minin et un sc\u00e9nario (sign\u00e9 Susannah Grant) en or. Il insuffle au film un rythme tr\u00e9pidant, synchrone avec l\u2019\u00e9nergie d\u00e9ploy\u00e9e par Julia Roberts (qui trouve ici son meilleur r\u00f4le), dans une lumi\u00e8re californienne mordor\u00e9e magnifiquement capt\u00e9e par le directeur de la photographie Ed Lachman. Film sur la guerre des sexes et la lutte des classes, la d\u00e9fense des opprim\u00e9s contre les forces anonymes et destructrices du grand capital, <em>Erin Brockovich, seule contre tous <\/em>est une vraie fable am\u00e9ricaine, un hymne plein d\u2019espoir et d\u2019optimisme qui glorifie l\u2019action et la pers\u00e9v\u00e9rance, sous le haut patronage de Howard Hawks et Frank Capra.<\/p>\n<p>&nbsp;<\/p>\n<p>&nbsp;<\/p>\n<p>&nbsp;<\/p>\n","protected":false},"excerpt":{"rendered":"<p>ARTE diffuse Erin Brockovich, seule contre tous (Erin Brockovich, 2000) de Steven Soderbergh dimanche 4 juin \u00e0 20h55. Le film\u2026<\/p>\n","protected":false},"author":116,"featured_media":0,"comment_status":"open","ping_status":"open","sticky":false,"template":"","format":"standard","meta":[],"categories":[8],"tags":[],"yoast_head":"<!-- This site is optimized with the Yoast SEO plugin v20.8 - https:\/\/yoast.com\/wordpress\/plugins\/seo\/ -->\n<title>Erin Brockovich, seule contre tous de Steven Soderbergh - Olivier P\u00e8re<\/title>\n<meta name=\"robots\" content=\"index, follow, max-snippet:-1, max-image-preview:large, max-video-preview:-1\" \/>\n<link rel=\"canonical\" href=\"https:\/\/www.arte.tv\/sites\/olivierpere\/2017\/05\/29\/erin-brockovich-seule-contre-de-steven-soderbergh\/\" \/>\n<meta property=\"og:locale\" content=\"fr_FR\" \/>\n<meta property=\"og:type\" content=\"article\" \/>\n<meta property=\"og:title\" content=\"Erin Brockovich, seule contre tous de Steven Soderbergh - Olivier P\u00e8re\" \/>\n<meta property=\"og:description\" content=\"ARTE diffuse Erin Brockovich, seule contre tous (Erin Brockovich, 2000) de Steven Soderbergh dimanche 4 juin \u00e0 20h55. Le film\u2026\" \/>\n<meta property=\"og:url\" content=\"https:\/\/www.arte.tv\/sites\/olivierpere\/2017\/05\/29\/erin-brockovich-seule-contre-de-steven-soderbergh\/\" \/>\n<meta property=\"og:site_name\" content=\"Olivier P\u00e8re\" \/>\n<meta property=\"article:published_time\" content=\"2017-05-29T12:28:00+00:00\" \/>\n<meta property=\"article:modified_time\" content=\"2020-04-17T07:01:28+00:00\" \/>\n<meta name=\"author\" content=\"Olivier P\u00e8re\" \/>\n<meta name=\"twitter:label1\" content=\"\u00c9crit par\" \/>\n\t<meta name=\"twitter:data1\" content=\"Olivier P\u00e8re\" \/>\n\t<meta name=\"twitter:label2\" content=\"Dur\u00e9e de lecture estim\u00e9e\" \/>\n\t<meta name=\"twitter:data2\" content=\"2 minutes\" \/>\n<script type=\"application\/ld+json\" class=\"yoast-schema-graph\">{\"@context\":\"https:\/\/schema.org\",\"@graph\":[{\"@type\":\"WebPage\",\"@id\":\"https:\/\/www.arte.tv\/sites\/olivierpere\/2017\/05\/29\/erin-brockovich-seule-contre-de-steven-soderbergh\/\",\"url\":\"https:\/\/www.arte.tv\/sites\/olivierpere\/2017\/05\/29\/erin-brockovich-seule-contre-de-steven-soderbergh\/\",\"name\":\"Erin Brockovich, seule contre tous de Steven Soderbergh - Olivier P\u00e8re\",\"isPartOf\":{\"@id\":\"https:\/\/www.arte.tv\/sites\/olivierpere\/#website\"},\"datePublished\":\"2017-05-29T12:28:00+00:00\",\"dateModified\":\"2020-04-17T07:01:28+00:00\",\"author\":{\"@id\":\"https:\/\/www.arte.tv\/sites\/olivierpere\/#\/schema\/person\/dc32cd6c79be95e52d43b97a74182558\"},\"breadcrumb\":{\"@id\":\"https:\/\/www.arte.tv\/sites\/olivierpere\/2017\/05\/29\/erin-brockovich-seule-contre-de-steven-soderbergh\/#breadcrumb\"},\"inLanguage\":\"fr-FR\",\"potentialAction\":[{\"@type\":\"ReadAction\",\"target\":[\"https:\/\/www.arte.tv\/sites\/olivierpere\/2017\/05\/29\/erin-brockovich-seule-contre-de-steven-soderbergh\/\"]}]},{\"@type\":\"BreadcrumbList\",\"@id\":\"https:\/\/www.arte.tv\/sites\/olivierpere\/2017\/05\/29\/erin-brockovich-seule-contre-de-steven-soderbergh\/#breadcrumb\",\"itemListElement\":[{\"@type\":\"ListItem\",\"position\":1,\"name\":\"Home\",\"item\":\"https:\/\/www.arte.tv\/sites\/olivierpere\/\"},{\"@type\":\"ListItem\",\"position\":2,\"name\":\"Erin Brockovich, seule contre tous de Steven Soderbergh\"}]},{\"@type\":\"WebSite\",\"@id\":\"https:\/\/www.arte.tv\/sites\/olivierpere\/#website\",\"url\":\"https:\/\/www.arte.tv\/sites\/olivierpere\/\",\"name\":\"Olivier P\u00e8re\",\"description\":\"\",\"potentialAction\":[{\"@type\":\"SearchAction\",\"target\":{\"@type\":\"EntryPoint\",\"urlTemplate\":\"https:\/\/www.arte.tv\/sites\/olivierpere\/?s={search_term_string}\"},\"query-input\":\"required name=search_term_string\"}],\"inLanguage\":\"fr-FR\"},{\"@type\":\"Person\",\"@id\":\"https:\/\/www.arte.tv\/sites\/olivierpere\/#\/schema\/person\/dc32cd6c79be95e52d43b97a74182558\",\"name\":\"Olivier P\u00e8re\",\"image\":{\"@type\":\"ImageObject\",\"inLanguage\":\"fr-FR\",\"@id\":\"https:\/\/www.arte.tv\/sites\/olivierpere\/#\/schema\/person\/image\/\",\"url\":\"https:\/\/secure.gravatar.com\/avatar\/bdea7b6a2c195e2c41772429a9694758?s=96&d=mm&r=g\",\"contentUrl\":\"https:\/\/secure.gravatar.com\/avatar\/bdea7b6a2c195e2c41772429a9694758?s=96&d=mm&r=g\",\"caption\":\"Olivier P\u00e8re\"},\"url\":\"https:\/\/www.arte.tv\/sites\/olivierpere\/author\/pereolivier\/\"}]}<\/script>\n<!-- \/ Yoast SEO plugin. -->","yoast_head_json":{"title":"Erin Brockovich, seule contre tous de Steven Soderbergh - Olivier P\u00e8re","robots":{"index":"index","follow":"follow","max-snippet":"max-snippet:-1","max-image-preview":"max-image-preview:large","max-video-preview":"max-video-preview:-1"},"canonical":"https:\/\/www.arte.tv\/sites\/olivierpere\/2017\/05\/29\/erin-brockovich-seule-contre-de-steven-soderbergh\/","og_locale":"fr_FR","og_type":"article","og_title":"Erin Brockovich, seule contre tous de Steven Soderbergh - Olivier P\u00e8re","og_description":"ARTE diffuse Erin Brockovich, seule contre tous (Erin Brockovich, 2000) de Steven Soderbergh dimanche 4 juin \u00e0 20h55. Le film\u2026","og_url":"https:\/\/www.arte.tv\/sites\/olivierpere\/2017\/05\/29\/erin-brockovich-seule-contre-de-steven-soderbergh\/","og_site_name":"Olivier P\u00e8re","article_published_time":"2017-05-29T12:28:00+00:00","article_modified_time":"2020-04-17T07:01:28+00:00","author":"Olivier P\u00e8re","twitter_misc":{"\u00c9crit par":"Olivier P\u00e8re","Dur\u00e9e de lecture estim\u00e9e":"2 minutes"},"schema":{"@context":"https:\/\/schema.org","@graph":[{"@type":"WebPage","@id":"https:\/\/www.arte.tv\/sites\/olivierpere\/2017\/05\/29\/erin-brockovich-seule-contre-de-steven-soderbergh\/","url":"https:\/\/www.arte.tv\/sites\/olivierpere\/2017\/05\/29\/erin-brockovich-seule-contre-de-steven-soderbergh\/","name":"Erin Brockovich, seule contre tous de Steven Soderbergh - Olivier P\u00e8re","isPartOf":{"@id":"https:\/\/www.arte.tv\/sites\/olivierpere\/#website"},"datePublished":"2017-05-29T12:28:00+00:00","dateModified":"2020-04-17T07:01:28+00:00","author":{"@id":"https:\/\/www.arte.tv\/sites\/olivierpere\/#\/schema\/person\/dc32cd6c79be95e52d43b97a74182558"},"breadcrumb":{"@id":"https:\/\/www.arte.tv\/sites\/olivierpere\/2017\/05\/29\/erin-brockovich-seule-contre-de-steven-soderbergh\/#breadcrumb"},"inLanguage":"fr-FR","potentialAction":[{"@type":"ReadAction","target":["https:\/\/www.arte.tv\/sites\/olivierpere\/2017\/05\/29\/erin-brockovich-seule-contre-de-steven-soderbergh\/"]}]},{"@type":"BreadcrumbList","@id":"https:\/\/www.arte.tv\/sites\/olivierpere\/2017\/05\/29\/erin-brockovich-seule-contre-de-steven-soderbergh\/#breadcrumb","itemListElement":[{"@type":"ListItem","position":1,"name":"Home","item":"https:\/\/www.arte.tv\/sites\/olivierpere\/"},{"@type":"ListItem","position":2,"name":"Erin Brockovich, seule contre tous de Steven Soderbergh"}]},{"@type":"WebSite","@id":"https:\/\/www.arte.tv\/sites\/olivierpere\/#website","url":"https:\/\/www.arte.tv\/sites\/olivierpere\/","name":"Olivier P\u00e8re","description":"","potentialAction":[{"@type":"SearchAction","target":{"@type":"EntryPoint","urlTemplate":"https:\/\/www.arte.tv\/sites\/olivierpere\/?s={search_term_string}"},"query-input":"required name=search_term_string"}],"inLanguage":"fr-FR"},{"@type":"Person","@id":"https:\/\/www.arte.tv\/sites\/olivierpere\/#\/schema\/person\/dc32cd6c79be95e52d43b97a74182558","name":"Olivier P\u00e8re","image":{"@type":"ImageObject","inLanguage":"fr-FR","@id":"https:\/\/www.arte.tv\/sites\/olivierpere\/#\/schema\/person\/image\/","url":"https:\/\/secure.gravatar.com\/avatar\/bdea7b6a2c195e2c41772429a9694758?s=96&d=mm&r=g","contentUrl":"https:\/\/secure.gravatar.com\/avatar\/bdea7b6a2c195e2c41772429a9694758?s=96&d=mm&r=g","caption":"Olivier P\u00e8re"},"url":"https:\/\/www.arte.tv\/sites\/olivierpere\/author\/pereolivier\/"}]}},"_links":{"self":[{"href":"https:\/\/www.arte.tv\/sites\/olivierpere\/wp-json\/wp\/v2\/posts\/20776"}],"collection":[{"href":"https:\/\/www.arte.tv\/sites\/olivierpere\/wp-json\/wp\/v2\/posts"}],"about":[{"href":"https:\/\/www.arte.tv\/sites\/olivierpere\/wp-json\/wp\/v2\/types\/post"}],"author":[{"embeddable":true,"href":"https:\/\/www.arte.tv\/sites\/olivierpere\/wp-json\/wp\/v2\/users\/116"}],"replies":[{"embeddable":true,"href":"https:\/\/www.arte.tv\/sites\/olivierpere\/wp-json\/wp\/v2\/comments?post=20776"}],"version-history":[{"count":3,"href":"https:\/\/www.arte.tv\/sites\/olivierpere\/wp-json\/wp\/v2\/posts\/20776\/revisions"}],"predecessor-version":[{"id":25582,"href":"https:\/\/www.arte.tv\/sites\/olivierpere\/wp-json\/wp\/v2\/posts\/20776\/revisions\/25582"}],"wp:attachment":[{"href":"https:\/\/www.arte.tv\/sites\/olivierpere\/wp-json\/wp\/v2\/media?parent=20776"}],"wp:term":[{"taxonomy":"category","embeddable":true,"href":"https:\/\/www.arte.tv\/sites\/olivierpere\/wp-json\/wp\/v2\/categories?post=20776"},{"taxonomy":"post_tag","embeddable":true,"href":"https:\/\/www.arte.tv\/sites\/olivierpere\/wp-json\/wp\/v2\/tags?post=20776"}],"curies":[{"name":"wp","href":"https:\/\/api.w.org\/{rel}","templated":true}]}}