{"id":20424,"date":"2017-04-21T11:13:42","date_gmt":"2017-04-21T10:13:42","guid":{"rendered":"https:\/\/www.arte.tv\/sites\/olivierpere\/?p=20424"},"modified":"2020-04-12T20:36:46","modified_gmt":"2020-04-12T19:36:46","slug":"boudu-sauve-eaux-de-jean-renoir","status":"publish","type":"post","link":"https:\/\/www.arte.tv\/sites\/olivierpere\/2017\/04\/21\/boudu-sauve-eaux-de-jean-renoir\/","title":{"rendered":"Boudu sauv\u00e9 des eaux de Jean Renoir"},"content":{"rendered":"<p>Dans le cadre de son cycle Jean Renoir ARTE diffuse <em>Boudu sauv\u00e9 des eaux<\/em> (1932) lundi 8 mai \u00e0 21h.<\/p>\n<p>Adaptation d\u2019une pi\u00e8ce de Ren\u00e9 Fauchois, ce chef-d\u2019\u0153uvre de Renoir raconte comment Lestingois, un bourgeois \u00e9clair\u00e9, propri\u00e9taire d\u2019une librairie sur le quai Conti devant le pont des Arts, recueille un vagabond hirsute qui a tent\u00e9 de se suicider en se jetant dans la Seine, d\u00e9sesp\u00e9r\u00e9 d\u2019avoir perdu son chien.<\/p>\n<p>\u00ab\u00a0Ce r\u00f4le de clochard inadaptable semblait avoir \u00e9t\u00e9 con\u00e7u pour cet acteur de g\u00e9nie\u00a0\u00bb d\u00e9clara Jean Renoir \u00e0 propos de Michel Simon. Le film a en effet \u00e9t\u00e9 b\u00e2ti autour du talent hors normes de Michel Simon, et de l\u2019admiration sans bornes que lui voue Renoir.<\/p>\n<p>Michel Simon avait d\u00e9j\u00e0 interpr\u00e9t\u00e9 le personnage au th\u00e9\u00e2tre et souhaitait le porter \u00e0 l\u2019\u00e9cran avec la complicit\u00e9 de Renoir. L\u2019acteur sera \u00e9galement coproducteur du film. Boudu est une bourrasque d\u2019anarchie et d\u2019inconvenance \u2013 il se vante de n\u2019avoir jamais dit merci &#8211; qui vient bouleverser la vie bien r\u00e9gl\u00e9e du libraire et de sa famille. C\u2019est aussi une force libertaire et dionysiaque qui \u00e9veille le d\u00e9sir des femmes de la maison, l\u2019\u00e9pouse de Lestingois et sa ma\u00eetresse, la bonne. Renoir malm\u00e8ne la dramaturgie classique, place le corps de son acteur principal au centre de sa mise en sc\u00e8ne pour mieux souligner la libert\u00e9 totale de son film, au diapason de celle de Boudu, \u00e9l\u00e9ment incontr\u00f4lable qui s\u00e8me le d\u00e9sordre dans l\u2019appartement bourgeois. Dans son essai consacr\u00e9 \u00e0 Jean Renoir, Andr\u00e9 Bazin \u00e9crit\u00a0: \u00ab\u00a0Le charme de <em>Boudu<\/em>, c&rsquo;est la glorification de la vulgarit\u00e9. C&rsquo;est la mise en forme civilis\u00e9e et nonchalante de la plus franche lubricit\u00e9. <em>Boudu<\/em> est un film magnifiquement obsc\u00e8ne.\u00a0\u00bb<\/p>\n<p>Les spectateurs de l\u2019\u00e9poque, habitu\u00e9s \u00e0 des com\u00e9dies beaucoup plus respectueuses des bonnes mani\u00e8res, ne seront pas sensibles au charme de <em>Boudu sauv\u00e9 des eaux<\/em>. Bien au contraire. Le film d\u00e9clenchera un \u00e9norme scandale, per\u00e7u comme une offense \u00e0 la morale et aux r\u00e8gles \u00e9l\u00e9mentaires du spectacle cin\u00e9matographique, et sera un grave \u00e9chec public. Il faudra du temps pour que le film devienne un classique et que l\u2019interpr\u00e9tation g\u00e9niale de Michel Simon soit salu\u00e9e. Aujourd\u2019hui la modernit\u00e9 de <em>Boudu sauv\u00e9 des eaux<\/em> saute aux yeux, et provoque une intense jubilation.<\/p>\n<p>&nbsp;<\/p>\n","protected":false},"excerpt":{"rendered":"<p>Dans le cadre de son cycle Jean Renoir ARTE diffuse Boudu sauv\u00e9 des eaux (1932) lundi 8 mai \u00e0 21h.\u2026<\/p>\n","protected":false},"author":116,"featured_media":0,"comment_status":"open","ping_status":"open","sticky":false,"template":"","format":"standard","meta":[],"categories":[8],"tags":[],"yoast_head":"<!-- This site is optimized with the Yoast SEO plugin v20.8 - https:\/\/yoast.com\/wordpress\/plugins\/seo\/ -->\n<title>Boudu sauv\u00e9 des eaux de Jean Renoir - Olivier P\u00e8re<\/title>\n<meta name=\"robots\" content=\"index, follow, max-snippet:-1, max-image-preview:large, max-video-preview:-1\" \/>\n<link rel=\"canonical\" href=\"https:\/\/www.arte.tv\/sites\/olivierpere\/2017\/04\/21\/boudu-sauve-eaux-de-jean-renoir\/\" \/>\n<meta property=\"og:locale\" content=\"fr_FR\" \/>\n<meta property=\"og:type\" content=\"article\" \/>\n<meta property=\"og:title\" content=\"Boudu sauv\u00e9 des eaux de Jean Renoir - Olivier P\u00e8re\" \/>\n<meta property=\"og:description\" content=\"Dans le cadre de son cycle Jean Renoir ARTE diffuse Boudu sauv\u00e9 des eaux (1932) lundi 8 mai \u00e0 21h.\u2026\" \/>\n<meta property=\"og:url\" content=\"https:\/\/www.arte.tv\/sites\/olivierpere\/2017\/04\/21\/boudu-sauve-eaux-de-jean-renoir\/\" \/>\n<meta property=\"og:site_name\" content=\"Olivier P\u00e8re\" \/>\n<meta property=\"article:published_time\" content=\"2017-04-21T10:13:42+00:00\" \/>\n<meta property=\"article:modified_time\" content=\"2020-04-12T19:36:46+00:00\" \/>\n<meta name=\"author\" content=\"Olivier P\u00e8re\" \/>\n<meta name=\"twitter:label1\" content=\"\u00c9crit par\" \/>\n\t<meta name=\"twitter:data1\" content=\"Olivier P\u00e8re\" \/>\n\t<meta name=\"twitter:label2\" content=\"Dur\u00e9e de lecture estim\u00e9e\" \/>\n\t<meta name=\"twitter:data2\" content=\"2 minutes\" \/>\n<script type=\"application\/ld+json\" class=\"yoast-schema-graph\">{\"@context\":\"https:\/\/schema.org\",\"@graph\":[{\"@type\":\"WebPage\",\"@id\":\"https:\/\/www.arte.tv\/sites\/olivierpere\/2017\/04\/21\/boudu-sauve-eaux-de-jean-renoir\/\",\"url\":\"https:\/\/www.arte.tv\/sites\/olivierpere\/2017\/04\/21\/boudu-sauve-eaux-de-jean-renoir\/\",\"name\":\"Boudu sauv\u00e9 des eaux de Jean Renoir - Olivier P\u00e8re\",\"isPartOf\":{\"@id\":\"https:\/\/www.arte.tv\/sites\/olivierpere\/#website\"},\"datePublished\":\"2017-04-21T10:13:42+00:00\",\"dateModified\":\"2020-04-12T19:36:46+00:00\",\"author\":{\"@id\":\"https:\/\/www.arte.tv\/sites\/olivierpere\/#\/schema\/person\/dc32cd6c79be95e52d43b97a74182558\"},\"breadcrumb\":{\"@id\":\"https:\/\/www.arte.tv\/sites\/olivierpere\/2017\/04\/21\/boudu-sauve-eaux-de-jean-renoir\/#breadcrumb\"},\"inLanguage\":\"fr-FR\",\"potentialAction\":[{\"@type\":\"ReadAction\",\"target\":[\"https:\/\/www.arte.tv\/sites\/olivierpere\/2017\/04\/21\/boudu-sauve-eaux-de-jean-renoir\/\"]}]},{\"@type\":\"BreadcrumbList\",\"@id\":\"https:\/\/www.arte.tv\/sites\/olivierpere\/2017\/04\/21\/boudu-sauve-eaux-de-jean-renoir\/#breadcrumb\",\"itemListElement\":[{\"@type\":\"ListItem\",\"position\":1,\"name\":\"Home\",\"item\":\"https:\/\/www.arte.tv\/sites\/olivierpere\/\"},{\"@type\":\"ListItem\",\"position\":2,\"name\":\"Boudu sauv\u00e9 des eaux de Jean Renoir\"}]},{\"@type\":\"WebSite\",\"@id\":\"https:\/\/www.arte.tv\/sites\/olivierpere\/#website\",\"url\":\"https:\/\/www.arte.tv\/sites\/olivierpere\/\",\"name\":\"Olivier P\u00e8re\",\"description\":\"\",\"potentialAction\":[{\"@type\":\"SearchAction\",\"target\":{\"@type\":\"EntryPoint\",\"urlTemplate\":\"https:\/\/www.arte.tv\/sites\/olivierpere\/?s={search_term_string}\"},\"query-input\":\"required name=search_term_string\"}],\"inLanguage\":\"fr-FR\"},{\"@type\":\"Person\",\"@id\":\"https:\/\/www.arte.tv\/sites\/olivierpere\/#\/schema\/person\/dc32cd6c79be95e52d43b97a74182558\",\"name\":\"Olivier P\u00e8re\",\"image\":{\"@type\":\"ImageObject\",\"inLanguage\":\"fr-FR\",\"@id\":\"https:\/\/www.arte.tv\/sites\/olivierpere\/#\/schema\/person\/image\/\",\"url\":\"https:\/\/secure.gravatar.com\/avatar\/bdea7b6a2c195e2c41772429a9694758?s=96&d=mm&r=g\",\"contentUrl\":\"https:\/\/secure.gravatar.com\/avatar\/bdea7b6a2c195e2c41772429a9694758?s=96&d=mm&r=g\",\"caption\":\"Olivier P\u00e8re\"},\"url\":\"https:\/\/www.arte.tv\/sites\/olivierpere\/author\/pereolivier\/\"}]}<\/script>\n<!-- \/ Yoast SEO plugin. -->","yoast_head_json":{"title":"Boudu sauv\u00e9 des eaux de Jean Renoir - Olivier P\u00e8re","robots":{"index":"index","follow":"follow","max-snippet":"max-snippet:-1","max-image-preview":"max-image-preview:large","max-video-preview":"max-video-preview:-1"},"canonical":"https:\/\/www.arte.tv\/sites\/olivierpere\/2017\/04\/21\/boudu-sauve-eaux-de-jean-renoir\/","og_locale":"fr_FR","og_type":"article","og_title":"Boudu sauv\u00e9 des eaux de Jean Renoir - Olivier P\u00e8re","og_description":"Dans le cadre de son cycle Jean Renoir ARTE diffuse Boudu sauv\u00e9 des eaux (1932) lundi 8 mai \u00e0 21h.\u2026","og_url":"https:\/\/www.arte.tv\/sites\/olivierpere\/2017\/04\/21\/boudu-sauve-eaux-de-jean-renoir\/","og_site_name":"Olivier P\u00e8re","article_published_time":"2017-04-21T10:13:42+00:00","article_modified_time":"2020-04-12T19:36:46+00:00","author":"Olivier P\u00e8re","twitter_misc":{"\u00c9crit par":"Olivier P\u00e8re","Dur\u00e9e de lecture estim\u00e9e":"2 minutes"},"schema":{"@context":"https:\/\/schema.org","@graph":[{"@type":"WebPage","@id":"https:\/\/www.arte.tv\/sites\/olivierpere\/2017\/04\/21\/boudu-sauve-eaux-de-jean-renoir\/","url":"https:\/\/www.arte.tv\/sites\/olivierpere\/2017\/04\/21\/boudu-sauve-eaux-de-jean-renoir\/","name":"Boudu sauv\u00e9 des eaux de Jean Renoir - Olivier P\u00e8re","isPartOf":{"@id":"https:\/\/www.arte.tv\/sites\/olivierpere\/#website"},"datePublished":"2017-04-21T10:13:42+00:00","dateModified":"2020-04-12T19:36:46+00:00","author":{"@id":"https:\/\/www.arte.tv\/sites\/olivierpere\/#\/schema\/person\/dc32cd6c79be95e52d43b97a74182558"},"breadcrumb":{"@id":"https:\/\/www.arte.tv\/sites\/olivierpere\/2017\/04\/21\/boudu-sauve-eaux-de-jean-renoir\/#breadcrumb"},"inLanguage":"fr-FR","potentialAction":[{"@type":"ReadAction","target":["https:\/\/www.arte.tv\/sites\/olivierpere\/2017\/04\/21\/boudu-sauve-eaux-de-jean-renoir\/"]}]},{"@type":"BreadcrumbList","@id":"https:\/\/www.arte.tv\/sites\/olivierpere\/2017\/04\/21\/boudu-sauve-eaux-de-jean-renoir\/#breadcrumb","itemListElement":[{"@type":"ListItem","position":1,"name":"Home","item":"https:\/\/www.arte.tv\/sites\/olivierpere\/"},{"@type":"ListItem","position":2,"name":"Boudu sauv\u00e9 des eaux de Jean Renoir"}]},{"@type":"WebSite","@id":"https:\/\/www.arte.tv\/sites\/olivierpere\/#website","url":"https:\/\/www.arte.tv\/sites\/olivierpere\/","name":"Olivier P\u00e8re","description":"","potentialAction":[{"@type":"SearchAction","target":{"@type":"EntryPoint","urlTemplate":"https:\/\/www.arte.tv\/sites\/olivierpere\/?s={search_term_string}"},"query-input":"required name=search_term_string"}],"inLanguage":"fr-FR"},{"@type":"Person","@id":"https:\/\/www.arte.tv\/sites\/olivierpere\/#\/schema\/person\/dc32cd6c79be95e52d43b97a74182558","name":"Olivier P\u00e8re","image":{"@type":"ImageObject","inLanguage":"fr-FR","@id":"https:\/\/www.arte.tv\/sites\/olivierpere\/#\/schema\/person\/image\/","url":"https:\/\/secure.gravatar.com\/avatar\/bdea7b6a2c195e2c41772429a9694758?s=96&d=mm&r=g","contentUrl":"https:\/\/secure.gravatar.com\/avatar\/bdea7b6a2c195e2c41772429a9694758?s=96&d=mm&r=g","caption":"Olivier P\u00e8re"},"url":"https:\/\/www.arte.tv\/sites\/olivierpere\/author\/pereolivier\/"}]}},"_links":{"self":[{"href":"https:\/\/www.arte.tv\/sites\/olivierpere\/wp-json\/wp\/v2\/posts\/20424"}],"collection":[{"href":"https:\/\/www.arte.tv\/sites\/olivierpere\/wp-json\/wp\/v2\/posts"}],"about":[{"href":"https:\/\/www.arte.tv\/sites\/olivierpere\/wp-json\/wp\/v2\/types\/post"}],"author":[{"embeddable":true,"href":"https:\/\/www.arte.tv\/sites\/olivierpere\/wp-json\/wp\/v2\/users\/116"}],"replies":[{"embeddable":true,"href":"https:\/\/www.arte.tv\/sites\/olivierpere\/wp-json\/wp\/v2\/comments?post=20424"}],"version-history":[{"count":2,"href":"https:\/\/www.arte.tv\/sites\/olivierpere\/wp-json\/wp\/v2\/posts\/20424\/revisions"}],"predecessor-version":[{"id":25384,"href":"https:\/\/www.arte.tv\/sites\/olivierpere\/wp-json\/wp\/v2\/posts\/20424\/revisions\/25384"}],"wp:attachment":[{"href":"https:\/\/www.arte.tv\/sites\/olivierpere\/wp-json\/wp\/v2\/media?parent=20424"}],"wp:term":[{"taxonomy":"category","embeddable":true,"href":"https:\/\/www.arte.tv\/sites\/olivierpere\/wp-json\/wp\/v2\/categories?post=20424"},{"taxonomy":"post_tag","embeddable":true,"href":"https:\/\/www.arte.tv\/sites\/olivierpere\/wp-json\/wp\/v2\/tags?post=20424"}],"curies":[{"name":"wp","href":"https:\/\/api.w.org\/{rel}","templated":true}]}}