{"id":20254,"date":"2017-03-26T19:25:53","date_gmt":"2017-03-26T18:25:53","guid":{"rendered":"https:\/\/www.arte.tv\/sites\/olivierpere\/?p=20254"},"modified":"2020-04-17T08:04:48","modified_gmt":"2020-04-17T07:04:48","slug":"ariel-de-aki-kaurismaki","status":"publish","type":"post","link":"https:\/\/www.arte.tv\/sites\/olivierpere\/2017\/03\/26\/ariel-de-aki-kaurismaki\/","title":{"rendered":"Ariel de Aki Kaurism\u00e4ki"},"content":{"rendered":"<p>Dans le cadre de son hommage \u00e0 Aki Kaurism\u00e4ki ARTE diffuse <em>Ariel <\/em>(1988) mercredi 29 mars \u00e0 23h10. Le film sera \u00e9galement disponible en t\u00e9l\u00e9vision de rattrapage sur ARTE Cin\u00e9ma. <em>Ariel<\/em> n\u2019est peut-\u00eatre pas le titre le plus c\u00e9l\u00e8bre et comment\u00e9 de l\u2019\u0153uvre de Kaurism\u00e4ki. Le cin\u00e9aste lui-m\u00eame l\u2019\u00e9voque comme un film de circonstance, r\u00e9alis\u00e9 par obligation, pour \u00e9viter la banqueroute de sa soci\u00e9t\u00e9 de production. <em>Ariel<\/em> vient pourtant confirmer le talent et le style de Kaurism\u00e4ki apr\u00e8s le magnifique <em>Shadows in Paradise<\/em> (1986) qui l\u2019avait r\u00e9v\u00e9l\u00e9 au public international. <em>Ariel<\/em> est le cinqui\u00e8me long m\u00e9trage de Kaurism\u00e4ki et le volet central d\u2019une \u00ab\u00a0trilogie du prol\u00e9tariat\u00a0\u00bb, entre <em>Shadows in Paradise<\/em> et <em>La Fille aux allumettes<\/em> (1987). Le cin\u00e9aste y exprime une nouvelle fois son go\u00fbt pour les personnages d\u2019exclus, ch\u00f4meurs et parias de la soci\u00e9t\u00e9. Ces losers \u00e0 l\u2019inalt\u00e9rable dignit\u00e9 sont dot\u00e9s d\u2019une \u00e9l\u00e9gance naturelle et d\u2019un code moral chevaleresque m\u00eame dans la mouise la plus totale. Une succession d\u2019infortunes et de malentendus conduit Taisto, h\u00e9ros prol\u00e9taire parti sur la route apr\u00e8s la fermeture de la mine de charbon dans laquelle il travaillait, en prison. Dans sa cellule il fait la connaissance de Mikkonen (le merveilleux Matti Pellonp\u00e4\u00e4, acteur f\u00e9tiche de Kaurism\u00e4ki) avec lequel il s\u2019\u00e9vade et organise un hold-up sans violence, afin de r\u00e9cup\u00e9rer l\u2019argent n\u00e9cessaire \u00e0 leur fuite loin de la Finlande. La bifurcation du r\u00e9cit vers le film de gangsters permet \u00e0 Kaurism\u00e4ki d\u2019exprimer son admiration pour Jean-Pierre Melville et quelques petits ma\u00eetres de la s\u00e9rie B am\u00e9ricaine tels Joseph H. Lewis. Malgr\u00e9 sa noirceur Ariel ne se d\u00e9pare jamais de l\u2019ironie lente, du romantisme laconique et de l\u2019humour du d\u00e9sespoir de Kaurism\u00e4ki, qui a d\u00e9crit son film comme un hommage \u00ab\u00a0au souvenir de la r\u00e9alit\u00e9 finlandaise\u00a0\u00bb. <em>Ariel<\/em> se d\u00e9roule dans des paysages urbains d\u2019un pays en crise, ravag\u00e9 par la pauvret\u00e9 et la violence de classe. Une version chant\u00e9e en finnois par Olavi Virta de <em>Over the Rainbow,<\/em> qu\u2019on a le droit de pr\u00e9f\u00e9rer \u00e0 l\u2019originale, scande le film et ach\u00e8ve de le rendre inoubliable.<\/p>\n<p>&nbsp;<\/p>\n<p>&nbsp;<\/p>\n","protected":false},"excerpt":{"rendered":"<p>Dans le cadre de son hommage \u00e0 Aki Kaurism\u00e4ki ARTE diffuse Ariel (1988) mercredi 29 mars \u00e0 23h10. Le film\u2026<\/p>\n","protected":false},"author":116,"featured_media":0,"comment_status":"open","ping_status":"open","sticky":false,"template":"","format":"standard","meta":[],"categories":[8],"tags":[],"yoast_head":"<!-- This site is optimized with the Yoast SEO plugin v20.8 - https:\/\/yoast.com\/wordpress\/plugins\/seo\/ -->\n<title>Ariel de Aki Kaurism\u00e4ki - Olivier P\u00e8re<\/title>\n<meta name=\"robots\" content=\"index, follow, max-snippet:-1, max-image-preview:large, max-video-preview:-1\" \/>\n<link rel=\"canonical\" href=\"https:\/\/www.arte.tv\/sites\/olivierpere\/2017\/03\/26\/ariel-de-aki-kaurismaki\/\" \/>\n<meta property=\"og:locale\" content=\"fr_FR\" \/>\n<meta property=\"og:type\" content=\"article\" \/>\n<meta property=\"og:title\" content=\"Ariel de Aki Kaurism\u00e4ki - Olivier P\u00e8re\" \/>\n<meta property=\"og:description\" content=\"Dans le cadre de son hommage \u00e0 Aki Kaurism\u00e4ki ARTE diffuse Ariel (1988) mercredi 29 mars \u00e0 23h10. Le film\u2026\" \/>\n<meta property=\"og:url\" content=\"https:\/\/www.arte.tv\/sites\/olivierpere\/2017\/03\/26\/ariel-de-aki-kaurismaki\/\" \/>\n<meta property=\"og:site_name\" content=\"Olivier P\u00e8re\" \/>\n<meta property=\"article:published_time\" content=\"2017-03-26T18:25:53+00:00\" \/>\n<meta property=\"article:modified_time\" content=\"2020-04-17T07:04:48+00:00\" \/>\n<meta name=\"author\" content=\"Olivier P\u00e8re\" \/>\n<meta name=\"twitter:label1\" content=\"\u00c9crit par\" \/>\n\t<meta name=\"twitter:data1\" content=\"Olivier P\u00e8re\" \/>\n\t<meta name=\"twitter:label2\" content=\"Dur\u00e9e de lecture estim\u00e9e\" \/>\n\t<meta name=\"twitter:data2\" content=\"2 minutes\" \/>\n<script type=\"application\/ld+json\" class=\"yoast-schema-graph\">{\"@context\":\"https:\/\/schema.org\",\"@graph\":[{\"@type\":\"WebPage\",\"@id\":\"https:\/\/www.arte.tv\/sites\/olivierpere\/2017\/03\/26\/ariel-de-aki-kaurismaki\/\",\"url\":\"https:\/\/www.arte.tv\/sites\/olivierpere\/2017\/03\/26\/ariel-de-aki-kaurismaki\/\",\"name\":\"Ariel de Aki Kaurism\u00e4ki - Olivier P\u00e8re\",\"isPartOf\":{\"@id\":\"https:\/\/www.arte.tv\/sites\/olivierpere\/#website\"},\"datePublished\":\"2017-03-26T18:25:53+00:00\",\"dateModified\":\"2020-04-17T07:04:48+00:00\",\"author\":{\"@id\":\"https:\/\/www.arte.tv\/sites\/olivierpere\/#\/schema\/person\/dc32cd6c79be95e52d43b97a74182558\"},\"breadcrumb\":{\"@id\":\"https:\/\/www.arte.tv\/sites\/olivierpere\/2017\/03\/26\/ariel-de-aki-kaurismaki\/#breadcrumb\"},\"inLanguage\":\"fr-FR\",\"potentialAction\":[{\"@type\":\"ReadAction\",\"target\":[\"https:\/\/www.arte.tv\/sites\/olivierpere\/2017\/03\/26\/ariel-de-aki-kaurismaki\/\"]}]},{\"@type\":\"BreadcrumbList\",\"@id\":\"https:\/\/www.arte.tv\/sites\/olivierpere\/2017\/03\/26\/ariel-de-aki-kaurismaki\/#breadcrumb\",\"itemListElement\":[{\"@type\":\"ListItem\",\"position\":1,\"name\":\"Home\",\"item\":\"https:\/\/www.arte.tv\/sites\/olivierpere\/\"},{\"@type\":\"ListItem\",\"position\":2,\"name\":\"Ariel de Aki Kaurism\u00e4ki\"}]},{\"@type\":\"WebSite\",\"@id\":\"https:\/\/www.arte.tv\/sites\/olivierpere\/#website\",\"url\":\"https:\/\/www.arte.tv\/sites\/olivierpere\/\",\"name\":\"Olivier P\u00e8re\",\"description\":\"\",\"potentialAction\":[{\"@type\":\"SearchAction\",\"target\":{\"@type\":\"EntryPoint\",\"urlTemplate\":\"https:\/\/www.arte.tv\/sites\/olivierpere\/?s={search_term_string}\"},\"query-input\":\"required name=search_term_string\"}],\"inLanguage\":\"fr-FR\"},{\"@type\":\"Person\",\"@id\":\"https:\/\/www.arte.tv\/sites\/olivierpere\/#\/schema\/person\/dc32cd6c79be95e52d43b97a74182558\",\"name\":\"Olivier P\u00e8re\",\"image\":{\"@type\":\"ImageObject\",\"inLanguage\":\"fr-FR\",\"@id\":\"https:\/\/www.arte.tv\/sites\/olivierpere\/#\/schema\/person\/image\/\",\"url\":\"https:\/\/secure.gravatar.com\/avatar\/bdea7b6a2c195e2c41772429a9694758?s=96&d=mm&r=g\",\"contentUrl\":\"https:\/\/secure.gravatar.com\/avatar\/bdea7b6a2c195e2c41772429a9694758?s=96&d=mm&r=g\",\"caption\":\"Olivier P\u00e8re\"},\"url\":\"https:\/\/www.arte.tv\/sites\/olivierpere\/author\/pereolivier\/\"}]}<\/script>\n<!-- \/ Yoast SEO plugin. -->","yoast_head_json":{"title":"Ariel de Aki Kaurism\u00e4ki - Olivier P\u00e8re","robots":{"index":"index","follow":"follow","max-snippet":"max-snippet:-1","max-image-preview":"max-image-preview:large","max-video-preview":"max-video-preview:-1"},"canonical":"https:\/\/www.arte.tv\/sites\/olivierpere\/2017\/03\/26\/ariel-de-aki-kaurismaki\/","og_locale":"fr_FR","og_type":"article","og_title":"Ariel de Aki Kaurism\u00e4ki - Olivier P\u00e8re","og_description":"Dans le cadre de son hommage \u00e0 Aki Kaurism\u00e4ki ARTE diffuse Ariel (1988) mercredi 29 mars \u00e0 23h10. Le film\u2026","og_url":"https:\/\/www.arte.tv\/sites\/olivierpere\/2017\/03\/26\/ariel-de-aki-kaurismaki\/","og_site_name":"Olivier P\u00e8re","article_published_time":"2017-03-26T18:25:53+00:00","article_modified_time":"2020-04-17T07:04:48+00:00","author":"Olivier P\u00e8re","twitter_misc":{"\u00c9crit par":"Olivier P\u00e8re","Dur\u00e9e de lecture estim\u00e9e":"2 minutes"},"schema":{"@context":"https:\/\/schema.org","@graph":[{"@type":"WebPage","@id":"https:\/\/www.arte.tv\/sites\/olivierpere\/2017\/03\/26\/ariel-de-aki-kaurismaki\/","url":"https:\/\/www.arte.tv\/sites\/olivierpere\/2017\/03\/26\/ariel-de-aki-kaurismaki\/","name":"Ariel de Aki Kaurism\u00e4ki - Olivier P\u00e8re","isPartOf":{"@id":"https:\/\/www.arte.tv\/sites\/olivierpere\/#website"},"datePublished":"2017-03-26T18:25:53+00:00","dateModified":"2020-04-17T07:04:48+00:00","author":{"@id":"https:\/\/www.arte.tv\/sites\/olivierpere\/#\/schema\/person\/dc32cd6c79be95e52d43b97a74182558"},"breadcrumb":{"@id":"https:\/\/www.arte.tv\/sites\/olivierpere\/2017\/03\/26\/ariel-de-aki-kaurismaki\/#breadcrumb"},"inLanguage":"fr-FR","potentialAction":[{"@type":"ReadAction","target":["https:\/\/www.arte.tv\/sites\/olivierpere\/2017\/03\/26\/ariel-de-aki-kaurismaki\/"]}]},{"@type":"BreadcrumbList","@id":"https:\/\/www.arte.tv\/sites\/olivierpere\/2017\/03\/26\/ariel-de-aki-kaurismaki\/#breadcrumb","itemListElement":[{"@type":"ListItem","position":1,"name":"Home","item":"https:\/\/www.arte.tv\/sites\/olivierpere\/"},{"@type":"ListItem","position":2,"name":"Ariel de Aki Kaurism\u00e4ki"}]},{"@type":"WebSite","@id":"https:\/\/www.arte.tv\/sites\/olivierpere\/#website","url":"https:\/\/www.arte.tv\/sites\/olivierpere\/","name":"Olivier P\u00e8re","description":"","potentialAction":[{"@type":"SearchAction","target":{"@type":"EntryPoint","urlTemplate":"https:\/\/www.arte.tv\/sites\/olivierpere\/?s={search_term_string}"},"query-input":"required name=search_term_string"}],"inLanguage":"fr-FR"},{"@type":"Person","@id":"https:\/\/www.arte.tv\/sites\/olivierpere\/#\/schema\/person\/dc32cd6c79be95e52d43b97a74182558","name":"Olivier P\u00e8re","image":{"@type":"ImageObject","inLanguage":"fr-FR","@id":"https:\/\/www.arte.tv\/sites\/olivierpere\/#\/schema\/person\/image\/","url":"https:\/\/secure.gravatar.com\/avatar\/bdea7b6a2c195e2c41772429a9694758?s=96&d=mm&r=g","contentUrl":"https:\/\/secure.gravatar.com\/avatar\/bdea7b6a2c195e2c41772429a9694758?s=96&d=mm&r=g","caption":"Olivier P\u00e8re"},"url":"https:\/\/www.arte.tv\/sites\/olivierpere\/author\/pereolivier\/"}]}},"_links":{"self":[{"href":"https:\/\/www.arte.tv\/sites\/olivierpere\/wp-json\/wp\/v2\/posts\/20254"}],"collection":[{"href":"https:\/\/www.arte.tv\/sites\/olivierpere\/wp-json\/wp\/v2\/posts"}],"about":[{"href":"https:\/\/www.arte.tv\/sites\/olivierpere\/wp-json\/wp\/v2\/types\/post"}],"author":[{"embeddable":true,"href":"https:\/\/www.arte.tv\/sites\/olivierpere\/wp-json\/wp\/v2\/users\/116"}],"replies":[{"embeddable":true,"href":"https:\/\/www.arte.tv\/sites\/olivierpere\/wp-json\/wp\/v2\/comments?post=20254"}],"version-history":[{"count":4,"href":"https:\/\/www.arte.tv\/sites\/olivierpere\/wp-json\/wp\/v2\/posts\/20254\/revisions"}],"predecessor-version":[{"id":25591,"href":"https:\/\/www.arte.tv\/sites\/olivierpere\/wp-json\/wp\/v2\/posts\/20254\/revisions\/25591"}],"wp:attachment":[{"href":"https:\/\/www.arte.tv\/sites\/olivierpere\/wp-json\/wp\/v2\/media?parent=20254"}],"wp:term":[{"taxonomy":"category","embeddable":true,"href":"https:\/\/www.arte.tv\/sites\/olivierpere\/wp-json\/wp\/v2\/categories?post=20254"},{"taxonomy":"post_tag","embeddable":true,"href":"https:\/\/www.arte.tv\/sites\/olivierpere\/wp-json\/wp\/v2\/tags?post=20254"}],"curies":[{"name":"wp","href":"https:\/\/api.w.org\/{rel}","templated":true}]}}