{"id":20249,"date":"2017-03-25T18:39:59","date_gmt":"2017-03-25T17:39:59","guid":{"rendered":"https:\/\/www.arte.tv\/sites\/olivierpere\/?p=20249"},"modified":"2020-04-10T18:55:37","modified_gmt":"2020-04-10T17:55:37","slug":"havre-de-aki-kaurismaki","status":"publish","type":"post","link":"https:\/\/www.arte.tv\/sites\/olivierpere\/2017\/03\/25\/havre-de-aki-kaurismaki\/","title":{"rendered":"Le Havre de Aki Kaurism\u00e4ki"},"content":{"rendered":"<p>Dans le cadre de son hommage \u00e0 Aki Kaurism\u00e4ki ARTE rediffuse mercredi 29 mars \u00e0 20h55 <em>Le Havre<\/em>, son avant-dernier film en date, grand succ\u00e8s critique et public de l\u2019ann\u00e9e 2011. <em>Le Havre<\/em> sera \u00e9galement disponible en t\u00e9l\u00e9vision de rattrapage sur ARTE Cin\u00e9ma.<\/p>\n<p>Marcel Marx (Andr\u00e9 Wilms), ex \u00e9crivain, s\u2019est exil\u00e9 volontairement dans la ville portuaire du Havre o\u00f9 son m\u00e9tier de cireur de chaussures lui permet de vivre modestement. Il a fait le deuil de son ambition litt\u00e9raire et m\u00e8ne une vie satisfaisante dans le triangle constitu\u00e9 par le bistrot du coin, son travail et sa femme ador\u00e9e Arletty (Kati Outinen), quand le destin met brusquement sur son chemin un enfant immigr\u00e9 originaire d\u2019Afrique noire, poursuivi par les services de l\u2019immigration.<\/p>\n<p><em>Le Havre<\/em> est l\u2019un des films les plus \u00e9mouvants de Kaurism\u00e4ki. Le cin\u00e9aste finlandais tourne pour la seconde fois en France et en fran\u00e7ais apr\u00e8s <em>La Vie de Boh\u00eame<\/em> (le personnage de Marcel Marx, que l\u2019on retrouve dans <em>Le Havre<\/em>, toujours interpr\u00e9t\u00e9 par le merveilleux Andr\u00e9 Wilms, en \u00e9tait d\u00e9j\u00e0 le h\u00e9ros.) Les dialogues, cisel\u00e9s et \u00e9l\u00e9gants, sont au diapason d\u2019un interpr\u00e9tation magnifique. Le Havre, ville hors du temps qui a gard\u00e9 une patine r\u00e9tro authentique, lui sied \u00e0 merveille. Kaurism\u00e4ki visiblement aime les ann\u00e9es 50, comme le rocker local Little Bob qui fait une prestation sc\u00e9nique m\u00e9morable dans le film, le temps d\u2019un bloc frontal et musical, extrait d\u2019un de ses concerts. Kaurism\u00e4ki retrouve ses vieux complices Kati Outinen, Andr\u00e9 Wilms (photo en t\u00eate de texte) et Jean-Pierre L\u00e9aud, et invite \u00e0 les rejoindre Jean-Pierre Darroussin, excellent en policier solitaire et melvillien. Pierre Etaix et Luce Vigo, aujourd\u2019hui disparus, y font des apparitions amicales. <em>Le Havre<\/em> parle d\u2019immigration, de racisme, de solidarit\u00e9 et de r\u00e9sistance de mani\u00e8re presque intemporelle, mais le film trouve un \u00e9cho dans l\u2019actualit\u00e9 la plus br\u00fblante et la soci\u00e9t\u00e9 dans laquelle nous vivons. Comme Chaplin (le film est une r\u00e9f\u00e9rence directe au <em>Kid<\/em>), Kaurism\u00e4ki touche \u00e0 l\u2019universel et nous bouleverse gr\u00e2ce \u00e0 une histoire simple mais essentielle, et r\u00e9ussit un petit chef-d\u2019\u0153uvre humaniste.<\/p>\n","protected":false},"excerpt":{"rendered":"<p>Dans le cadre de son hommage \u00e0 Aki Kaurism\u00e4ki ARTE rediffuse mercredi 29 mars \u00e0 20h55 Le Havre, son avant-dernier\u2026<\/p>\n","protected":false},"author":116,"featured_media":0,"comment_status":"open","ping_status":"open","sticky":false,"template":"","format":"standard","meta":[],"categories":[6,8],"tags":[],"yoast_head":"<!-- This site is optimized with the Yoast SEO plugin v20.8 - https:\/\/yoast.com\/wordpress\/plugins\/seo\/ -->\n<title>Le Havre de Aki Kaurism\u00e4ki - Olivier P\u00e8re<\/title>\n<meta name=\"robots\" content=\"index, follow, max-snippet:-1, max-image-preview:large, max-video-preview:-1\" \/>\n<link rel=\"canonical\" href=\"https:\/\/www.arte.tv\/sites\/olivierpere\/2017\/03\/25\/havre-de-aki-kaurismaki\/\" \/>\n<meta property=\"og:locale\" content=\"fr_FR\" \/>\n<meta property=\"og:type\" content=\"article\" \/>\n<meta property=\"og:title\" content=\"Le Havre de Aki Kaurism\u00e4ki - Olivier P\u00e8re\" \/>\n<meta property=\"og:description\" content=\"Dans le cadre de son hommage \u00e0 Aki Kaurism\u00e4ki ARTE rediffuse mercredi 29 mars \u00e0 20h55 Le Havre, son avant-dernier\u2026\" \/>\n<meta property=\"og:url\" content=\"https:\/\/www.arte.tv\/sites\/olivierpere\/2017\/03\/25\/havre-de-aki-kaurismaki\/\" \/>\n<meta property=\"og:site_name\" content=\"Olivier P\u00e8re\" \/>\n<meta property=\"article:published_time\" content=\"2017-03-25T17:39:59+00:00\" \/>\n<meta property=\"article:modified_time\" content=\"2020-04-10T17:55:37+00:00\" \/>\n<meta name=\"author\" content=\"Olivier P\u00e8re\" \/>\n<meta name=\"twitter:label1\" content=\"\u00c9crit par\" \/>\n\t<meta name=\"twitter:data1\" content=\"Olivier P\u00e8re\" \/>\n\t<meta name=\"twitter:label2\" content=\"Dur\u00e9e de lecture estim\u00e9e\" \/>\n\t<meta name=\"twitter:data2\" content=\"2 minutes\" \/>\n<script type=\"application\/ld+json\" class=\"yoast-schema-graph\">{\"@context\":\"https:\/\/schema.org\",\"@graph\":[{\"@type\":\"WebPage\",\"@id\":\"https:\/\/www.arte.tv\/sites\/olivierpere\/2017\/03\/25\/havre-de-aki-kaurismaki\/\",\"url\":\"https:\/\/www.arte.tv\/sites\/olivierpere\/2017\/03\/25\/havre-de-aki-kaurismaki\/\",\"name\":\"Le Havre de Aki Kaurism\u00e4ki - Olivier P\u00e8re\",\"isPartOf\":{\"@id\":\"https:\/\/www.arte.tv\/sites\/olivierpere\/#website\"},\"datePublished\":\"2017-03-25T17:39:59+00:00\",\"dateModified\":\"2020-04-10T17:55:37+00:00\",\"author\":{\"@id\":\"https:\/\/www.arte.tv\/sites\/olivierpere\/#\/schema\/person\/dc32cd6c79be95e52d43b97a74182558\"},\"breadcrumb\":{\"@id\":\"https:\/\/www.arte.tv\/sites\/olivierpere\/2017\/03\/25\/havre-de-aki-kaurismaki\/#breadcrumb\"},\"inLanguage\":\"fr-FR\",\"potentialAction\":[{\"@type\":\"ReadAction\",\"target\":[\"https:\/\/www.arte.tv\/sites\/olivierpere\/2017\/03\/25\/havre-de-aki-kaurismaki\/\"]}]},{\"@type\":\"BreadcrumbList\",\"@id\":\"https:\/\/www.arte.tv\/sites\/olivierpere\/2017\/03\/25\/havre-de-aki-kaurismaki\/#breadcrumb\",\"itemListElement\":[{\"@type\":\"ListItem\",\"position\":1,\"name\":\"Home\",\"item\":\"https:\/\/www.arte.tv\/sites\/olivierpere\/\"},{\"@type\":\"ListItem\",\"position\":2,\"name\":\"Le Havre de Aki Kaurism\u00e4ki\"}]},{\"@type\":\"WebSite\",\"@id\":\"https:\/\/www.arte.tv\/sites\/olivierpere\/#website\",\"url\":\"https:\/\/www.arte.tv\/sites\/olivierpere\/\",\"name\":\"Olivier P\u00e8re\",\"description\":\"\",\"potentialAction\":[{\"@type\":\"SearchAction\",\"target\":{\"@type\":\"EntryPoint\",\"urlTemplate\":\"https:\/\/www.arte.tv\/sites\/olivierpere\/?s={search_term_string}\"},\"query-input\":\"required name=search_term_string\"}],\"inLanguage\":\"fr-FR\"},{\"@type\":\"Person\",\"@id\":\"https:\/\/www.arte.tv\/sites\/olivierpere\/#\/schema\/person\/dc32cd6c79be95e52d43b97a74182558\",\"name\":\"Olivier P\u00e8re\",\"image\":{\"@type\":\"ImageObject\",\"inLanguage\":\"fr-FR\",\"@id\":\"https:\/\/www.arte.tv\/sites\/olivierpere\/#\/schema\/person\/image\/\",\"url\":\"https:\/\/secure.gravatar.com\/avatar\/bdea7b6a2c195e2c41772429a9694758?s=96&d=mm&r=g\",\"contentUrl\":\"https:\/\/secure.gravatar.com\/avatar\/bdea7b6a2c195e2c41772429a9694758?s=96&d=mm&r=g\",\"caption\":\"Olivier P\u00e8re\"},\"url\":\"https:\/\/www.arte.tv\/sites\/olivierpere\/author\/pereolivier\/\"}]}<\/script>\n<!-- \/ Yoast SEO plugin. -->","yoast_head_json":{"title":"Le Havre de Aki Kaurism\u00e4ki - Olivier P\u00e8re","robots":{"index":"index","follow":"follow","max-snippet":"max-snippet:-1","max-image-preview":"max-image-preview:large","max-video-preview":"max-video-preview:-1"},"canonical":"https:\/\/www.arte.tv\/sites\/olivierpere\/2017\/03\/25\/havre-de-aki-kaurismaki\/","og_locale":"fr_FR","og_type":"article","og_title":"Le Havre de Aki Kaurism\u00e4ki - Olivier P\u00e8re","og_description":"Dans le cadre de son hommage \u00e0 Aki Kaurism\u00e4ki ARTE rediffuse mercredi 29 mars \u00e0 20h55 Le Havre, son avant-dernier\u2026","og_url":"https:\/\/www.arte.tv\/sites\/olivierpere\/2017\/03\/25\/havre-de-aki-kaurismaki\/","og_site_name":"Olivier P\u00e8re","article_published_time":"2017-03-25T17:39:59+00:00","article_modified_time":"2020-04-10T17:55:37+00:00","author":"Olivier P\u00e8re","twitter_misc":{"\u00c9crit par":"Olivier P\u00e8re","Dur\u00e9e de lecture estim\u00e9e":"2 minutes"},"schema":{"@context":"https:\/\/schema.org","@graph":[{"@type":"WebPage","@id":"https:\/\/www.arte.tv\/sites\/olivierpere\/2017\/03\/25\/havre-de-aki-kaurismaki\/","url":"https:\/\/www.arte.tv\/sites\/olivierpere\/2017\/03\/25\/havre-de-aki-kaurismaki\/","name":"Le Havre de Aki Kaurism\u00e4ki - Olivier P\u00e8re","isPartOf":{"@id":"https:\/\/www.arte.tv\/sites\/olivierpere\/#website"},"datePublished":"2017-03-25T17:39:59+00:00","dateModified":"2020-04-10T17:55:37+00:00","author":{"@id":"https:\/\/www.arte.tv\/sites\/olivierpere\/#\/schema\/person\/dc32cd6c79be95e52d43b97a74182558"},"breadcrumb":{"@id":"https:\/\/www.arte.tv\/sites\/olivierpere\/2017\/03\/25\/havre-de-aki-kaurismaki\/#breadcrumb"},"inLanguage":"fr-FR","potentialAction":[{"@type":"ReadAction","target":["https:\/\/www.arte.tv\/sites\/olivierpere\/2017\/03\/25\/havre-de-aki-kaurismaki\/"]}]},{"@type":"BreadcrumbList","@id":"https:\/\/www.arte.tv\/sites\/olivierpere\/2017\/03\/25\/havre-de-aki-kaurismaki\/#breadcrumb","itemListElement":[{"@type":"ListItem","position":1,"name":"Home","item":"https:\/\/www.arte.tv\/sites\/olivierpere\/"},{"@type":"ListItem","position":2,"name":"Le Havre de Aki Kaurism\u00e4ki"}]},{"@type":"WebSite","@id":"https:\/\/www.arte.tv\/sites\/olivierpere\/#website","url":"https:\/\/www.arte.tv\/sites\/olivierpere\/","name":"Olivier P\u00e8re","description":"","potentialAction":[{"@type":"SearchAction","target":{"@type":"EntryPoint","urlTemplate":"https:\/\/www.arte.tv\/sites\/olivierpere\/?s={search_term_string}"},"query-input":"required name=search_term_string"}],"inLanguage":"fr-FR"},{"@type":"Person","@id":"https:\/\/www.arte.tv\/sites\/olivierpere\/#\/schema\/person\/dc32cd6c79be95e52d43b97a74182558","name":"Olivier P\u00e8re","image":{"@type":"ImageObject","inLanguage":"fr-FR","@id":"https:\/\/www.arte.tv\/sites\/olivierpere\/#\/schema\/person\/image\/","url":"https:\/\/secure.gravatar.com\/avatar\/bdea7b6a2c195e2c41772429a9694758?s=96&d=mm&r=g","contentUrl":"https:\/\/secure.gravatar.com\/avatar\/bdea7b6a2c195e2c41772429a9694758?s=96&d=mm&r=g","caption":"Olivier P\u00e8re"},"url":"https:\/\/www.arte.tv\/sites\/olivierpere\/author\/pereolivier\/"}]}},"_links":{"self":[{"href":"https:\/\/www.arte.tv\/sites\/olivierpere\/wp-json\/wp\/v2\/posts\/20249"}],"collection":[{"href":"https:\/\/www.arte.tv\/sites\/olivierpere\/wp-json\/wp\/v2\/posts"}],"about":[{"href":"https:\/\/www.arte.tv\/sites\/olivierpere\/wp-json\/wp\/v2\/types\/post"}],"author":[{"embeddable":true,"href":"https:\/\/www.arte.tv\/sites\/olivierpere\/wp-json\/wp\/v2\/users\/116"}],"replies":[{"embeddable":true,"href":"https:\/\/www.arte.tv\/sites\/olivierpere\/wp-json\/wp\/v2\/comments?post=20249"}],"version-history":[{"count":3,"href":"https:\/\/www.arte.tv\/sites\/olivierpere\/wp-json\/wp\/v2\/posts\/20249\/revisions"}],"predecessor-version":[{"id":25257,"href":"https:\/\/www.arte.tv\/sites\/olivierpere\/wp-json\/wp\/v2\/posts\/20249\/revisions\/25257"}],"wp:attachment":[{"href":"https:\/\/www.arte.tv\/sites\/olivierpere\/wp-json\/wp\/v2\/media?parent=20249"}],"wp:term":[{"taxonomy":"category","embeddable":true,"href":"https:\/\/www.arte.tv\/sites\/olivierpere\/wp-json\/wp\/v2\/categories?post=20249"},{"taxonomy":"post_tag","embeddable":true,"href":"https:\/\/www.arte.tv\/sites\/olivierpere\/wp-json\/wp\/v2\/tags?post=20249"}],"curies":[{"name":"wp","href":"https:\/\/api.w.org\/{rel}","templated":true}]}}