{"id":20164,"date":"2017-03-14T22:46:41","date_gmt":"2017-03-14T21:46:41","guid":{"rendered":"https:\/\/www.arte.tv\/sites\/olivierpere\/?p=20164"},"modified":"2017-03-14T22:49:58","modified_gmt":"2017-03-14T21:49:58","slug":"quatre-nuits-anna-de-jerzy-skolimowski","status":"publish","type":"post","link":"https:\/\/www.arte.tv\/sites\/olivierpere\/2017\/03\/14\/quatre-nuits-anna-de-jerzy-skolimowski\/","title":{"rendered":"Quatre Nuits avec Anna de Jerzy Skolimowski"},"content":{"rendered":"<p>ARTE diffuse <em>Quatre Nuits avec Anna<\/em> (<em>Cztery noce z Anna<\/em>, 2008) de Jerzy Skolimowski mercredi 15 mars \u00e0 23h25. Le film sera \u00e9galement disponible en t\u00e9l\u00e9vision de rattrapage sur ARTE+7.<\/p>\n<p>Enfant terrible du cin\u00e9ma polonais des ann\u00e9es 60, Skolimowski en fut aussi son mauvais coucheur et son perdant magnifique. Il n\u2019en a pas moins sign\u00e9 dans son pays natal, puis en Angleterre et m\u00eame en Belgique et aux Etats-Unis des films g\u00e9niaux, souvent en contrebande, au gr\u00e9 d\u2019une carri\u00e8re chaotique et apatride. On l\u2019avait perdu de vue apr\u00e8s l&rsquo;\u00e9chec de son adaptation de <i>Ferdydurke<\/i> de Gombrowicz. Retir\u00e9 dans sa r\u00e9sidence \u00e0 Malibu, il se consacrait \u00e0 la peinture et faisait l\u2019acteur dans quelques films am\u00e9ricains Apr\u00e8s une \u00e9clipse de dix-sept ans derri\u00e8re la cam\u00e9ra, <em>Quatre Nuits avec Anna <\/em>marque en 2008 un double retour en force pour Skolimowski : retour au cin\u00e9ma et retour en Pologne. Skolimowski aime les personnages obsessionnels, voyeurs ou monomaniaques, mus par une attirance morbide pour le sexe oppos\u00e9. Cela se confirme dans ce nouveau film polonais \u2013 <em>Haut les mains<\/em> remontait \u00e0 1981 \u2013 plac\u00e9 sous le signe du cauchemar, cousin malcommode de <em>Deep End<\/em> ou du <em>Cri du sorcier<\/em>. Cette histoire d\u2019amour et de violence, dans un cadre oppressant (un petit village fant\u00f4me au fin fond de la campagne polonaise) appara\u00eet comme une \u00e9pure presque zen de l\u2019art de Skolimowski, un geste artistique aussi radical que foudroyant. La mise en sc\u00e8ne organise avec une ma\u00eetrise impressionnante les d\u00e9placements tr\u00e8s chor\u00e9graphi\u00e9s et silencieux \u2013 le film ne contient que tr\u00e8s peu de dialogues \u2013 de son personnage principal, un homme simple, obs\u00e9d\u00e9 par une infirmi\u00e8re au point de s\u2019infiltrer la nuit dans son appartement pour la regarder dormir. Le film d\u00e9voile peu \u00e0 peu ses terrifiants secrets, avec des retours en arri\u00e8re qui r\u00e9v\u00e8lent le lien brutal qui unit \u00e0 distance ces deux \u00eatres solitaires \u2013 une sombre affaire de viol, d\u2019erreur judiciaire et de pers\u00e9cution. On ne sait dans quel recoin de son \u00e2me Skolimowski est all\u00e9 chercher un argument aussi noir, \u00e9crit avec sa compagne et collaboratrice Ewa Piaskowska. Le film m\u00e9nage cependant plusieurs moments de burlesque \u00e0 froid, port\u00e9s par la gestuelle de pantomime de son acteur principal Artur Steranko (photo en t\u00eate de texte). Le retour au pays natal inspire au cin\u00e9aste boxeur de sombres ruminations, avec la description d\u2019un enfer sur terre, entre d\u00e9sespoir boueux et totalitarisme sans horizon. Y surnage un sentiment amoureux d\u2019une grande puret\u00e9, indestructible et v\u00e9cu jusqu\u2019\u00e0 la folie.<\/p>\n<div id=\"attachment_20166\" style=\"width: 1805px\" class=\"wp-caption alignnone\"><img aria-describedby=\"caption-attachment-20166\" decoding=\"async\" loading=\"lazy\" class=\"size-full wp-image-20166\" src=\"https:\/\/www.arte.tv\/sites\/olivierpere\/files\/064395-000-a_1938867.jpg\" alt=\"Artur Steranko et Kinga Preis \u00a9 Alfama Films\" width=\"1795\" height=\"1197\" srcset=\"https:\/\/www.arte.tv\/sites\/olivierpere\/files\/064395-000-a_1938867.jpg 1795w, https:\/\/www.arte.tv\/sites\/olivierpere\/files\/064395-000-a_1938867-420x280.jpg 420w, https:\/\/www.arte.tv\/sites\/olivierpere\/files\/064395-000-a_1938867-768x512.jpg 768w, https:\/\/www.arte.tv\/sites\/olivierpere\/files\/064395-000-a_1938867-1024x683.jpg 1024w, https:\/\/www.arte.tv\/sites\/olivierpere\/files\/064395-000-a_1938867-580x387.jpg 580w\" sizes=\"(max-width: 1795px) 100vw, 1795px\" \/><p id=\"caption-attachment-20166\" class=\"wp-caption-text\">Artur Steranko et Kinga Preis dans <em>Quatre Nuits avec Anna<\/em><br \/>\u00a9 Alfama Films<\/p><\/div>\n<div id=\"attachment_20167\" style=\"width: 1805px\" class=\"wp-caption alignnone\"><img aria-describedby=\"caption-attachment-20167\" decoding=\"async\" loading=\"lazy\" class=\"size-full wp-image-20167\" src=\"https:\/\/www.arte.tv\/sites\/olivierpere\/files\/064395-000-a_1938864.jpg\" alt=\"Artur Steranko et Kinga Preis \u00a9 Alfama Films\" width=\"1795\" height=\"1197\" srcset=\"https:\/\/www.arte.tv\/sites\/olivierpere\/files\/064395-000-a_1938864.jpg 1795w, https:\/\/www.arte.tv\/sites\/olivierpere\/files\/064395-000-a_1938864-420x280.jpg 420w, https:\/\/www.arte.tv\/sites\/olivierpere\/files\/064395-000-a_1938864-768x512.jpg 768w, https:\/\/www.arte.tv\/sites\/olivierpere\/files\/064395-000-a_1938864-1024x683.jpg 1024w, https:\/\/www.arte.tv\/sites\/olivierpere\/files\/064395-000-a_1938864-580x387.jpg 580w\" sizes=\"(max-width: 1795px) 100vw, 1795px\" \/><p id=\"caption-attachment-20167\" class=\"wp-caption-text\">Artur Steranko et Kinga Preis dans <em>Quatre Nuits avec Anna<\/em><br \/>\u00a9 Alfama Films<\/p><\/div>\n<div id=\"attachment_20168\" style=\"width: 1805px\" class=\"wp-caption alignnone\"><img aria-describedby=\"caption-attachment-20168\" decoding=\"async\" loading=\"lazy\" class=\"size-full wp-image-20168\" src=\"https:\/\/www.arte.tv\/sites\/olivierpere\/files\/064395-000-a_1938871.jpg\" alt=\"Artur Steranko et Kinga Preis \u00a9 Alfama Films\" width=\"1795\" height=\"1197\" srcset=\"https:\/\/www.arte.tv\/sites\/olivierpere\/files\/064395-000-a_1938871.jpg 1795w, https:\/\/www.arte.tv\/sites\/olivierpere\/files\/064395-000-a_1938871-420x280.jpg 420w, https:\/\/www.arte.tv\/sites\/olivierpere\/files\/064395-000-a_1938871-768x512.jpg 768w, https:\/\/www.arte.tv\/sites\/olivierpere\/files\/064395-000-a_1938871-1024x683.jpg 1024w, https:\/\/www.arte.tv\/sites\/olivierpere\/files\/064395-000-a_1938871-580x387.jpg 580w\" sizes=\"(max-width: 1795px) 100vw, 1795px\" \/><p id=\"caption-attachment-20168\" class=\"wp-caption-text\">Kinga Preis dans <em>Quatre Nuits avec Anna<\/em><br \/>\u00a9 Alfama Films<\/p><\/div>\n","protected":false},"excerpt":{"rendered":"<p>ARTE diffuse Quatre Nuits avec Anna (Cztery noce z Anna, 2008) de Jerzy Skolimowski mercredi 15 mars \u00e0 23h25. Le\u2026<\/p>\n","protected":false},"author":116,"featured_media":20165,"comment_status":"open","ping_status":"open","sticky":false,"template":"","format":"standard","meta":[],"categories":[8],"tags":[],"yoast_head":"<!-- This site is optimized with the Yoast SEO plugin v20.8 - https:\/\/yoast.com\/wordpress\/plugins\/seo\/ -->\n<title>Quatre Nuits avec Anna de Jerzy Skolimowski - Olivier P\u00e8re<\/title>\n<meta name=\"robots\" content=\"index, follow, max-snippet:-1, max-image-preview:large, max-video-preview:-1\" \/>\n<link rel=\"canonical\" href=\"https:\/\/www.arte.tv\/sites\/olivierpere\/2017\/03\/14\/quatre-nuits-anna-de-jerzy-skolimowski\/\" \/>\n<meta property=\"og:locale\" content=\"fr_FR\" \/>\n<meta property=\"og:type\" content=\"article\" \/>\n<meta property=\"og:title\" content=\"Quatre Nuits avec Anna de Jerzy Skolimowski - Olivier P\u00e8re\" \/>\n<meta property=\"og:description\" content=\"ARTE diffuse Quatre Nuits avec Anna (Cztery noce z Anna, 2008) de Jerzy Skolimowski mercredi 15 mars \u00e0 23h25. Le\u2026\" \/>\n<meta property=\"og:url\" content=\"https:\/\/www.arte.tv\/sites\/olivierpere\/2017\/03\/14\/quatre-nuits-anna-de-jerzy-skolimowski\/\" \/>\n<meta property=\"og:site_name\" content=\"Olivier P\u00e8re\" \/>\n<meta property=\"article:published_time\" content=\"2017-03-14T21:46:41+00:00\" \/>\n<meta property=\"article:modified_time\" content=\"2017-03-14T21:49:58+00:00\" \/>\n<meta property=\"og:image\" content=\"https:\/\/www.arte.tv\/sites\/olivierpere\/files\/064395-000-a_1938869.jpg\" \/>\n\t<meta property=\"og:image:width\" content=\"1795\" \/>\n\t<meta property=\"og:image:height\" content=\"1197\" \/>\n\t<meta property=\"og:image:type\" content=\"image\/jpeg\" \/>\n<meta name=\"author\" content=\"Olivier P\u00e8re\" \/>\n<meta name=\"twitter:label1\" content=\"\u00c9crit par\" \/>\n\t<meta name=\"twitter:data1\" content=\"Olivier P\u00e8re\" \/>\n\t<meta name=\"twitter:label2\" content=\"Dur\u00e9e de lecture estim\u00e9e\" \/>\n\t<meta name=\"twitter:data2\" content=\"2 minutes\" \/>\n<script type=\"application\/ld+json\" class=\"yoast-schema-graph\">{\"@context\":\"https:\/\/schema.org\",\"@graph\":[{\"@type\":\"WebPage\",\"@id\":\"https:\/\/www.arte.tv\/sites\/olivierpere\/2017\/03\/14\/quatre-nuits-anna-de-jerzy-skolimowski\/\",\"url\":\"https:\/\/www.arte.tv\/sites\/olivierpere\/2017\/03\/14\/quatre-nuits-anna-de-jerzy-skolimowski\/\",\"name\":\"Quatre Nuits avec Anna de Jerzy Skolimowski - Olivier P\u00e8re\",\"isPartOf\":{\"@id\":\"https:\/\/www.arte.tv\/sites\/olivierpere\/#website\"},\"datePublished\":\"2017-03-14T21:46:41+00:00\",\"dateModified\":\"2017-03-14T21:49:58+00:00\",\"author\":{\"@id\":\"https:\/\/www.arte.tv\/sites\/olivierpere\/#\/schema\/person\/dc32cd6c79be95e52d43b97a74182558\"},\"breadcrumb\":{\"@id\":\"https:\/\/www.arte.tv\/sites\/olivierpere\/2017\/03\/14\/quatre-nuits-anna-de-jerzy-skolimowski\/#breadcrumb\"},\"inLanguage\":\"fr-FR\",\"potentialAction\":[{\"@type\":\"ReadAction\",\"target\":[\"https:\/\/www.arte.tv\/sites\/olivierpere\/2017\/03\/14\/quatre-nuits-anna-de-jerzy-skolimowski\/\"]}]},{\"@type\":\"BreadcrumbList\",\"@id\":\"https:\/\/www.arte.tv\/sites\/olivierpere\/2017\/03\/14\/quatre-nuits-anna-de-jerzy-skolimowski\/#breadcrumb\",\"itemListElement\":[{\"@type\":\"ListItem\",\"position\":1,\"name\":\"Home\",\"item\":\"https:\/\/www.arte.tv\/sites\/olivierpere\/\"},{\"@type\":\"ListItem\",\"position\":2,\"name\":\"Quatre Nuits avec Anna de Jerzy Skolimowski\"}]},{\"@type\":\"WebSite\",\"@id\":\"https:\/\/www.arte.tv\/sites\/olivierpere\/#website\",\"url\":\"https:\/\/www.arte.tv\/sites\/olivierpere\/\",\"name\":\"Olivier P\u00e8re\",\"description\":\"\",\"potentialAction\":[{\"@type\":\"SearchAction\",\"target\":{\"@type\":\"EntryPoint\",\"urlTemplate\":\"https:\/\/www.arte.tv\/sites\/olivierpere\/?s={search_term_string}\"},\"query-input\":\"required name=search_term_string\"}],\"inLanguage\":\"fr-FR\"},{\"@type\":\"Person\",\"@id\":\"https:\/\/www.arte.tv\/sites\/olivierpere\/#\/schema\/person\/dc32cd6c79be95e52d43b97a74182558\",\"name\":\"Olivier P\u00e8re\",\"image\":{\"@type\":\"ImageObject\",\"inLanguage\":\"fr-FR\",\"@id\":\"https:\/\/www.arte.tv\/sites\/olivierpere\/#\/schema\/person\/image\/\",\"url\":\"https:\/\/secure.gravatar.com\/avatar\/bdea7b6a2c195e2c41772429a9694758?s=96&d=mm&r=g\",\"contentUrl\":\"https:\/\/secure.gravatar.com\/avatar\/bdea7b6a2c195e2c41772429a9694758?s=96&d=mm&r=g\",\"caption\":\"Olivier P\u00e8re\"},\"url\":\"https:\/\/www.arte.tv\/sites\/olivierpere\/author\/pereolivier\/\"}]}<\/script>\n<!-- \/ Yoast SEO plugin. -->","yoast_head_json":{"title":"Quatre Nuits avec Anna de Jerzy Skolimowski - Olivier P\u00e8re","robots":{"index":"index","follow":"follow","max-snippet":"max-snippet:-1","max-image-preview":"max-image-preview:large","max-video-preview":"max-video-preview:-1"},"canonical":"https:\/\/www.arte.tv\/sites\/olivierpere\/2017\/03\/14\/quatre-nuits-anna-de-jerzy-skolimowski\/","og_locale":"fr_FR","og_type":"article","og_title":"Quatre Nuits avec Anna de Jerzy Skolimowski - Olivier P\u00e8re","og_description":"ARTE diffuse Quatre Nuits avec Anna (Cztery noce z Anna, 2008) de Jerzy Skolimowski mercredi 15 mars \u00e0 23h25. Le\u2026","og_url":"https:\/\/www.arte.tv\/sites\/olivierpere\/2017\/03\/14\/quatre-nuits-anna-de-jerzy-skolimowski\/","og_site_name":"Olivier P\u00e8re","article_published_time":"2017-03-14T21:46:41+00:00","article_modified_time":"2017-03-14T21:49:58+00:00","og_image":[{"width":1795,"height":1197,"url":"https:\/\/www.arte.tv\/sites\/olivierpere\/files\/064395-000-a_1938869.jpg","type":"image\/jpeg"}],"author":"Olivier P\u00e8re","twitter_misc":{"\u00c9crit par":"Olivier P\u00e8re","Dur\u00e9e de lecture estim\u00e9e":"2 minutes"},"schema":{"@context":"https:\/\/schema.org","@graph":[{"@type":"WebPage","@id":"https:\/\/www.arte.tv\/sites\/olivierpere\/2017\/03\/14\/quatre-nuits-anna-de-jerzy-skolimowski\/","url":"https:\/\/www.arte.tv\/sites\/olivierpere\/2017\/03\/14\/quatre-nuits-anna-de-jerzy-skolimowski\/","name":"Quatre Nuits avec Anna de Jerzy Skolimowski - Olivier P\u00e8re","isPartOf":{"@id":"https:\/\/www.arte.tv\/sites\/olivierpere\/#website"},"datePublished":"2017-03-14T21:46:41+00:00","dateModified":"2017-03-14T21:49:58+00:00","author":{"@id":"https:\/\/www.arte.tv\/sites\/olivierpere\/#\/schema\/person\/dc32cd6c79be95e52d43b97a74182558"},"breadcrumb":{"@id":"https:\/\/www.arte.tv\/sites\/olivierpere\/2017\/03\/14\/quatre-nuits-anna-de-jerzy-skolimowski\/#breadcrumb"},"inLanguage":"fr-FR","potentialAction":[{"@type":"ReadAction","target":["https:\/\/www.arte.tv\/sites\/olivierpere\/2017\/03\/14\/quatre-nuits-anna-de-jerzy-skolimowski\/"]}]},{"@type":"BreadcrumbList","@id":"https:\/\/www.arte.tv\/sites\/olivierpere\/2017\/03\/14\/quatre-nuits-anna-de-jerzy-skolimowski\/#breadcrumb","itemListElement":[{"@type":"ListItem","position":1,"name":"Home","item":"https:\/\/www.arte.tv\/sites\/olivierpere\/"},{"@type":"ListItem","position":2,"name":"Quatre Nuits avec Anna de Jerzy Skolimowski"}]},{"@type":"WebSite","@id":"https:\/\/www.arte.tv\/sites\/olivierpere\/#website","url":"https:\/\/www.arte.tv\/sites\/olivierpere\/","name":"Olivier P\u00e8re","description":"","potentialAction":[{"@type":"SearchAction","target":{"@type":"EntryPoint","urlTemplate":"https:\/\/www.arte.tv\/sites\/olivierpere\/?s={search_term_string}"},"query-input":"required name=search_term_string"}],"inLanguage":"fr-FR"},{"@type":"Person","@id":"https:\/\/www.arte.tv\/sites\/olivierpere\/#\/schema\/person\/dc32cd6c79be95e52d43b97a74182558","name":"Olivier P\u00e8re","image":{"@type":"ImageObject","inLanguage":"fr-FR","@id":"https:\/\/www.arte.tv\/sites\/olivierpere\/#\/schema\/person\/image\/","url":"https:\/\/secure.gravatar.com\/avatar\/bdea7b6a2c195e2c41772429a9694758?s=96&d=mm&r=g","contentUrl":"https:\/\/secure.gravatar.com\/avatar\/bdea7b6a2c195e2c41772429a9694758?s=96&d=mm&r=g","caption":"Olivier P\u00e8re"},"url":"https:\/\/www.arte.tv\/sites\/olivierpere\/author\/pereolivier\/"}]}},"_links":{"self":[{"href":"https:\/\/www.arte.tv\/sites\/olivierpere\/wp-json\/wp\/v2\/posts\/20164"}],"collection":[{"href":"https:\/\/www.arte.tv\/sites\/olivierpere\/wp-json\/wp\/v2\/posts"}],"about":[{"href":"https:\/\/www.arte.tv\/sites\/olivierpere\/wp-json\/wp\/v2\/types\/post"}],"author":[{"embeddable":true,"href":"https:\/\/www.arte.tv\/sites\/olivierpere\/wp-json\/wp\/v2\/users\/116"}],"replies":[{"embeddable":true,"href":"https:\/\/www.arte.tv\/sites\/olivierpere\/wp-json\/wp\/v2\/comments?post=20164"}],"version-history":[{"count":2,"href":"https:\/\/www.arte.tv\/sites\/olivierpere\/wp-json\/wp\/v2\/posts\/20164\/revisions"}],"predecessor-version":[{"id":20170,"href":"https:\/\/www.arte.tv\/sites\/olivierpere\/wp-json\/wp\/v2\/posts\/20164\/revisions\/20170"}],"wp:featuredmedia":[{"embeddable":true,"href":"https:\/\/www.arte.tv\/sites\/olivierpere\/wp-json\/wp\/v2\/media\/20165"}],"wp:attachment":[{"href":"https:\/\/www.arte.tv\/sites\/olivierpere\/wp-json\/wp\/v2\/media?parent=20164"}],"wp:term":[{"taxonomy":"category","embeddable":true,"href":"https:\/\/www.arte.tv\/sites\/olivierpere\/wp-json\/wp\/v2\/categories?post=20164"},{"taxonomy":"post_tag","embeddable":true,"href":"https:\/\/www.arte.tv\/sites\/olivierpere\/wp-json\/wp\/v2\/tags?post=20164"}],"curies":[{"name":"wp","href":"https:\/\/api.w.org\/{rel}","templated":true}]}}