{"id":19983,"date":"2017-02-04T19:19:02","date_gmt":"2017-02-04T18:19:02","guid":{"rendered":"https:\/\/www.arte.tv\/sites\/olivierpere\/?p=19983"},"modified":"2017-02-12T22:50:56","modified_gmt":"2017-02-12T21:50:56","slug":"prix-arte-international-projet-martin-eden-de-pietro-marcello","status":"publish","type":"post","link":"https:\/\/www.arte.tv\/sites\/olivierpere\/2017\/02\/04\/prix-arte-international-projet-martin-eden-de-pietro-marcello\/","title":{"rendered":"Prix ARTE International au projet Martin Eden de Pietro Marcello"},"content":{"rendered":"<p>Le Prix ARTE International est une aide au d\u00e9veloppement pour des projets de longs m\u00e9trages remise dans de nombreux festivals internationaux, notamment Berlin, Cannes, Locarno, Rotterdam, San Sebastian, Sarajevo, Buenos Aires et Busan.<\/p>\n<p>Dans le cadre de Cinemart, march\u00e9 de coproduction du Festival International du Film de Rotterdam, le Prix ARTE International, d\u2019un montant de 6000 \u20ac, a \u00e9t\u00e9 remis au projet de long m\u00e9trage <em>Martin Eden<\/em> de Pietro Marcello (photo en t\u00eate de texte), coproduit par Francesca Paolillo (Avventurosa) en Italie, Thomas Ordonneau (Shellac) en France.<\/p>\n<p>N\u00e9 en 1976 en Campanie, Pietro Marcello a \u00e9t\u00e9 remarqu\u00e9 \u00e0 la faveur de ses essais documentaires <em>La bocca del lupo<\/em>, prim\u00e9 au Festival du Film de Turin en 2009, et le magnifique <em>Bella e perduta, <\/em>pr\u00e9sent\u00e9 en comp\u00e9tition au Festival de Locarno en 2015. <em>Bella e perduta<\/em>, entre fable mythologique et tableau de l\u2019Italie m\u00e9ridionale sinistr\u00e9e, figurait aussi parmi la s\u00e9lection de notre ARTE Kino Festival l\u2019ann\u00e9e derni\u00e8re. Son prochain long m\u00e9trage sera donc une adaptation de <em>Martin Eden,<\/em> chef-d\u2019\u0153uvre autobiographique de Jack London publi\u00e9 aux Etats-Unis en 1909, qui raconte l\u2019histoire d\u2019un marin tomb\u00e9 amoureux d\u2019une jeune femme d\u2019un milieu bourgeois qui d\u00e9cide de devenir un \u00e9crivain c\u00e9l\u00e8bre pour la conqu\u00e9rir. Po\u00e9sie et lutte des classes, au c\u0153ur du cin\u00e9ma de Pietro Marcello, seront encore pr\u00e9sents dans <em>Martin Eden<\/em>, annonc\u00e9 comme son premier film de fiction, m\u00eame si <em>Bella e perduta<\/em> \u00e9chappait \u00e0 la stricte d\u00e9finition du documentaire. Un projet qui suscite d\u00e9j\u00e0 beaucoup de curiosit\u00e9.<\/p>\n<div id=\"attachment_19230\" style=\"width: 1610px\" class=\"wp-caption alignnone\"><img aria-describedby=\"caption-attachment-19230\" decoding=\"async\" loading=\"lazy\" class=\"size-full wp-image-19230\" src=\"https:\/\/www.arte.tv\/sites\/olivierpere\/files\/110856204_o.jpg\" alt=\"Bella e perduta\" width=\"1600\" height=\"900\" srcset=\"https:\/\/www.arte.tv\/sites\/olivierpere\/files\/110856204_o.jpg 1600w, https:\/\/www.arte.tv\/sites\/olivierpere\/files\/110856204_o-498x280.jpg 498w, https:\/\/www.arte.tv\/sites\/olivierpere\/files\/110856204_o-768x432.jpg 768w, https:\/\/www.arte.tv\/sites\/olivierpere\/files\/110856204_o-1024x576.jpg 1024w, https:\/\/www.arte.tv\/sites\/olivierpere\/files\/110856204_o-580x326.jpg 580w\" sizes=\"(max-width: 1600px) 100vw, 1600px\" \/><p id=\"caption-attachment-19230\" class=\"wp-caption-text\">Bella e perduta<\/p><\/div>\n<p>&nbsp;<\/p>\n","protected":false},"excerpt":{"rendered":"<p>Le Prix ARTE International est une aide au d\u00e9veloppement pour des projets de longs m\u00e9trages remise dans de nombreux festivals\u2026<\/p>\n","protected":false},"author":116,"featured_media":19984,"comment_status":"open","ping_status":"open","sticky":false,"template":"","format":"standard","meta":[],"categories":[9],"tags":[],"yoast_head":"<!-- This site is optimized with the Yoast SEO plugin v20.8 - https:\/\/yoast.com\/wordpress\/plugins\/seo\/ -->\n<title>Prix ARTE International au projet Martin Eden de Pietro Marcello - Olivier P\u00e8re<\/title>\n<meta name=\"robots\" content=\"index, follow, max-snippet:-1, max-image-preview:large, max-video-preview:-1\" \/>\n<link rel=\"canonical\" href=\"https:\/\/www.arte.tv\/sites\/olivierpere\/2017\/02\/04\/prix-arte-international-projet-martin-eden-de-pietro-marcello\/\" \/>\n<meta property=\"og:locale\" content=\"fr_FR\" \/>\n<meta property=\"og:type\" content=\"article\" \/>\n<meta property=\"og:title\" content=\"Prix ARTE International au projet Martin Eden de Pietro Marcello - Olivier P\u00e8re\" \/>\n<meta property=\"og:description\" content=\"Le Prix ARTE International est une aide au d\u00e9veloppement pour des projets de longs m\u00e9trages remise dans de nombreux festivals\u2026\" \/>\n<meta property=\"og:url\" content=\"https:\/\/www.arte.tv\/sites\/olivierpere\/2017\/02\/04\/prix-arte-international-projet-martin-eden-de-pietro-marcello\/\" \/>\n<meta property=\"og:site_name\" content=\"Olivier P\u00e8re\" \/>\n<meta property=\"article:published_time\" content=\"2017-02-04T18:19:02+00:00\" \/>\n<meta property=\"article:modified_time\" content=\"2017-02-12T21:50:56+00:00\" \/>\n<meta property=\"og:image\" content=\"https:\/\/www.arte.tv\/sites\/olivierpere\/files\/pietro_marcello-512x768.jpg\" \/>\n\t<meta property=\"og:image:width\" content=\"512\" \/>\n\t<meta property=\"og:image:height\" content=\"768\" \/>\n\t<meta property=\"og:image:type\" content=\"image\/jpeg\" \/>\n<meta name=\"author\" content=\"Olivier P\u00e8re\" \/>\n<meta name=\"twitter:label1\" content=\"\u00c9crit par\" \/>\n\t<meta name=\"twitter:data1\" content=\"Olivier P\u00e8re\" \/>\n\t<meta name=\"twitter:label2\" content=\"Dur\u00e9e de lecture estim\u00e9e\" \/>\n\t<meta name=\"twitter:data2\" content=\"1 minute\" \/>\n<script type=\"application\/ld+json\" class=\"yoast-schema-graph\">{\"@context\":\"https:\/\/schema.org\",\"@graph\":[{\"@type\":\"WebPage\",\"@id\":\"https:\/\/www.arte.tv\/sites\/olivierpere\/2017\/02\/04\/prix-arte-international-projet-martin-eden-de-pietro-marcello\/\",\"url\":\"https:\/\/www.arte.tv\/sites\/olivierpere\/2017\/02\/04\/prix-arte-international-projet-martin-eden-de-pietro-marcello\/\",\"name\":\"Prix ARTE International au projet Martin Eden de Pietro Marcello - Olivier P\u00e8re\",\"isPartOf\":{\"@id\":\"https:\/\/www.arte.tv\/sites\/olivierpere\/#website\"},\"datePublished\":\"2017-02-04T18:19:02+00:00\",\"dateModified\":\"2017-02-12T21:50:56+00:00\",\"author\":{\"@id\":\"https:\/\/www.arte.tv\/sites\/olivierpere\/#\/schema\/person\/dc32cd6c79be95e52d43b97a74182558\"},\"breadcrumb\":{\"@id\":\"https:\/\/www.arte.tv\/sites\/olivierpere\/2017\/02\/04\/prix-arte-international-projet-martin-eden-de-pietro-marcello\/#breadcrumb\"},\"inLanguage\":\"fr-FR\",\"potentialAction\":[{\"@type\":\"ReadAction\",\"target\":[\"https:\/\/www.arte.tv\/sites\/olivierpere\/2017\/02\/04\/prix-arte-international-projet-martin-eden-de-pietro-marcello\/\"]}]},{\"@type\":\"BreadcrumbList\",\"@id\":\"https:\/\/www.arte.tv\/sites\/olivierpere\/2017\/02\/04\/prix-arte-international-projet-martin-eden-de-pietro-marcello\/#breadcrumb\",\"itemListElement\":[{\"@type\":\"ListItem\",\"position\":1,\"name\":\"Home\",\"item\":\"https:\/\/www.arte.tv\/sites\/olivierpere\/\"},{\"@type\":\"ListItem\",\"position\":2,\"name\":\"Prix ARTE International au projet Martin Eden de Pietro Marcello\"}]},{\"@type\":\"WebSite\",\"@id\":\"https:\/\/www.arte.tv\/sites\/olivierpere\/#website\",\"url\":\"https:\/\/www.arte.tv\/sites\/olivierpere\/\",\"name\":\"Olivier P\u00e8re\",\"description\":\"\",\"potentialAction\":[{\"@type\":\"SearchAction\",\"target\":{\"@type\":\"EntryPoint\",\"urlTemplate\":\"https:\/\/www.arte.tv\/sites\/olivierpere\/?s={search_term_string}\"},\"query-input\":\"required name=search_term_string\"}],\"inLanguage\":\"fr-FR\"},{\"@type\":\"Person\",\"@id\":\"https:\/\/www.arte.tv\/sites\/olivierpere\/#\/schema\/person\/dc32cd6c79be95e52d43b97a74182558\",\"name\":\"Olivier P\u00e8re\",\"image\":{\"@type\":\"ImageObject\",\"inLanguage\":\"fr-FR\",\"@id\":\"https:\/\/www.arte.tv\/sites\/olivierpere\/#\/schema\/person\/image\/\",\"url\":\"https:\/\/secure.gravatar.com\/avatar\/bdea7b6a2c195e2c41772429a9694758?s=96&d=mm&r=g\",\"contentUrl\":\"https:\/\/secure.gravatar.com\/avatar\/bdea7b6a2c195e2c41772429a9694758?s=96&d=mm&r=g\",\"caption\":\"Olivier P\u00e8re\"},\"url\":\"https:\/\/www.arte.tv\/sites\/olivierpere\/author\/pereolivier\/\"}]}<\/script>\n<!-- \/ Yoast SEO plugin. -->","yoast_head_json":{"title":"Prix ARTE International au projet Martin Eden de Pietro Marcello - Olivier P\u00e8re","robots":{"index":"index","follow":"follow","max-snippet":"max-snippet:-1","max-image-preview":"max-image-preview:large","max-video-preview":"max-video-preview:-1"},"canonical":"https:\/\/www.arte.tv\/sites\/olivierpere\/2017\/02\/04\/prix-arte-international-projet-martin-eden-de-pietro-marcello\/","og_locale":"fr_FR","og_type":"article","og_title":"Prix ARTE International au projet Martin Eden de Pietro Marcello - Olivier P\u00e8re","og_description":"Le Prix ARTE International est une aide au d\u00e9veloppement pour des projets de longs m\u00e9trages remise dans de nombreux festivals\u2026","og_url":"https:\/\/www.arte.tv\/sites\/olivierpere\/2017\/02\/04\/prix-arte-international-projet-martin-eden-de-pietro-marcello\/","og_site_name":"Olivier P\u00e8re","article_published_time":"2017-02-04T18:19:02+00:00","article_modified_time":"2017-02-12T21:50:56+00:00","og_image":[{"width":512,"height":768,"url":"https:\/\/www.arte.tv\/sites\/olivierpere\/files\/pietro_marcello-512x768.jpg","type":"image\/jpeg"}],"author":"Olivier P\u00e8re","twitter_misc":{"\u00c9crit par":"Olivier P\u00e8re","Dur\u00e9e de lecture estim\u00e9e":"1 minute"},"schema":{"@context":"https:\/\/schema.org","@graph":[{"@type":"WebPage","@id":"https:\/\/www.arte.tv\/sites\/olivierpere\/2017\/02\/04\/prix-arte-international-projet-martin-eden-de-pietro-marcello\/","url":"https:\/\/www.arte.tv\/sites\/olivierpere\/2017\/02\/04\/prix-arte-international-projet-martin-eden-de-pietro-marcello\/","name":"Prix ARTE International au projet Martin Eden de Pietro Marcello - Olivier P\u00e8re","isPartOf":{"@id":"https:\/\/www.arte.tv\/sites\/olivierpere\/#website"},"datePublished":"2017-02-04T18:19:02+00:00","dateModified":"2017-02-12T21:50:56+00:00","author":{"@id":"https:\/\/www.arte.tv\/sites\/olivierpere\/#\/schema\/person\/dc32cd6c79be95e52d43b97a74182558"},"breadcrumb":{"@id":"https:\/\/www.arte.tv\/sites\/olivierpere\/2017\/02\/04\/prix-arte-international-projet-martin-eden-de-pietro-marcello\/#breadcrumb"},"inLanguage":"fr-FR","potentialAction":[{"@type":"ReadAction","target":["https:\/\/www.arte.tv\/sites\/olivierpere\/2017\/02\/04\/prix-arte-international-projet-martin-eden-de-pietro-marcello\/"]}]},{"@type":"BreadcrumbList","@id":"https:\/\/www.arte.tv\/sites\/olivierpere\/2017\/02\/04\/prix-arte-international-projet-martin-eden-de-pietro-marcello\/#breadcrumb","itemListElement":[{"@type":"ListItem","position":1,"name":"Home","item":"https:\/\/www.arte.tv\/sites\/olivierpere\/"},{"@type":"ListItem","position":2,"name":"Prix ARTE International au projet Martin Eden de Pietro Marcello"}]},{"@type":"WebSite","@id":"https:\/\/www.arte.tv\/sites\/olivierpere\/#website","url":"https:\/\/www.arte.tv\/sites\/olivierpere\/","name":"Olivier P\u00e8re","description":"","potentialAction":[{"@type":"SearchAction","target":{"@type":"EntryPoint","urlTemplate":"https:\/\/www.arte.tv\/sites\/olivierpere\/?s={search_term_string}"},"query-input":"required name=search_term_string"}],"inLanguage":"fr-FR"},{"@type":"Person","@id":"https:\/\/www.arte.tv\/sites\/olivierpere\/#\/schema\/person\/dc32cd6c79be95e52d43b97a74182558","name":"Olivier P\u00e8re","image":{"@type":"ImageObject","inLanguage":"fr-FR","@id":"https:\/\/www.arte.tv\/sites\/olivierpere\/#\/schema\/person\/image\/","url":"https:\/\/secure.gravatar.com\/avatar\/bdea7b6a2c195e2c41772429a9694758?s=96&d=mm&r=g","contentUrl":"https:\/\/secure.gravatar.com\/avatar\/bdea7b6a2c195e2c41772429a9694758?s=96&d=mm&r=g","caption":"Olivier P\u00e8re"},"url":"https:\/\/www.arte.tv\/sites\/olivierpere\/author\/pereolivier\/"}]}},"_links":{"self":[{"href":"https:\/\/www.arte.tv\/sites\/olivierpere\/wp-json\/wp\/v2\/posts\/19983"}],"collection":[{"href":"https:\/\/www.arte.tv\/sites\/olivierpere\/wp-json\/wp\/v2\/posts"}],"about":[{"href":"https:\/\/www.arte.tv\/sites\/olivierpere\/wp-json\/wp\/v2\/types\/post"}],"author":[{"embeddable":true,"href":"https:\/\/www.arte.tv\/sites\/olivierpere\/wp-json\/wp\/v2\/users\/116"}],"replies":[{"embeddable":true,"href":"https:\/\/www.arte.tv\/sites\/olivierpere\/wp-json\/wp\/v2\/comments?post=19983"}],"version-history":[{"count":2,"href":"https:\/\/www.arte.tv\/sites\/olivierpere\/wp-json\/wp\/v2\/posts\/19983\/revisions"}],"predecessor-version":[{"id":19995,"href":"https:\/\/www.arte.tv\/sites\/olivierpere\/wp-json\/wp\/v2\/posts\/19983\/revisions\/19995"}],"wp:featuredmedia":[{"embeddable":true,"href":"https:\/\/www.arte.tv\/sites\/olivierpere\/wp-json\/wp\/v2\/media\/19984"}],"wp:attachment":[{"href":"https:\/\/www.arte.tv\/sites\/olivierpere\/wp-json\/wp\/v2\/media?parent=19983"}],"wp:term":[{"taxonomy":"category","embeddable":true,"href":"https:\/\/www.arte.tv\/sites\/olivierpere\/wp-json\/wp\/v2\/categories?post=19983"},{"taxonomy":"post_tag","embeddable":true,"href":"https:\/\/www.arte.tv\/sites\/olivierpere\/wp-json\/wp\/v2\/tags?post=19983"}],"curies":[{"name":"wp","href":"https:\/\/api.w.org\/{rel}","templated":true}]}}