{"id":19973,"date":"2017-02-02T22:57:19","date_gmt":"2017-02-02T21:57:19","guid":{"rendered":"https:\/\/www.arte.tv\/sites\/olivierpere\/?p=19973"},"modified":"2017-02-08T23:03:45","modified_gmt":"2017-02-08T22:03:45","slug":"gigi-de-vincente-minnelli","status":"publish","type":"post","link":"https:\/\/www.arte.tv\/sites\/olivierpere\/2017\/02\/02\/gigi-de-vincente-minnelli\/","title":{"rendered":"Gigi de Vincente Minnelli"},"content":{"rendered":"<p>ARTE diffuse dimanche 12 f\u00e9vrier \u00e0 20h45, dans le cadre d\u2019une soir\u00e9e consacr\u00e9e \u00e0 Leslie Caron (photo en t\u00eate de texte), <em>Gigi<\/em> (1958) de Vincente Minnelli. Cette com\u00e9die musicale d\u2019apr\u00e8s la nouvelle de Colette \u00e9crite en 1944 obtint une pluie de neuf Oscars en 1958, dont celui du meilleur film et du meilleur r\u00e9alisateur. Sept ans apr\u00e8s <em>Un Am\u00e9ricain \u00e0 Paris<\/em>, c\u2019est un nouveau triomphe pour Minnelli, Leslie Caron (qui trouve ici son meilleur r\u00f4le) et le producteur Arthur Freed. C\u2019est aussi une nouvelle d\u00e9claration d\u2019amour de Minnelli \u00e0 la capitale et la culture fran\u00e7aises, ses peintres, ses dandys jouisseurs et son art de vivre. Le film offre une reconstitution somptueuse de la Belle Epoque, o\u00f9 s\u2019expriment les qualit\u00e9s de coloriste de Minnelli, son go\u00fbt pour la surcharge d\u00e9corative, son raffinement dans les moindres d\u00e9tails. Contrairement \u00e0 la plupart des com\u00e9dies musicales hollywoodiennes, <em>Gigi<\/em> se soucie d\u2019exactitude historique et culturelle. Le film est tourn\u00e9 sur les lieux de son action, tirant profit de c\u00e9l\u00e8bres sites parisiens, tandis que les trois acteurs principaux, Louis Jourdan, Maurice Chevalier et Leslie Caron sont Fran\u00e7ais. L\u2019absence de ballets et de num\u00e9ros dans\u00e9s apporte un surcroit de r\u00e9alisme inattendu, qui n\u2019exclue pas la r\u00eaverie et l\u2019id\u00e9alisation, inh\u00e9rentes au cin\u00e9ma de Minnelli. Le cin\u00e9aste att\u00e9nue ce qu\u2019il pouvait y avoir de grivois et de cruel dans l\u2019\u0153uvre de Collette pour peindre le tableau d\u2019un monde r\u00e9volu et conter l\u2019\u00e9ducation sentimentale d\u2019une jeune fille d\u00e9sargent\u00e9e, la naissance de l\u2019amour chez un richissime homme d\u2019affaires couvert de femmes, qui s\u2019ennuie dans une existence de luxe et de plaisir. On retrouve dans <em>Gigi<\/em> le g\u00e9nie de Minnelli, cin\u00e9aste capable d\u2019investir les \u00e9l\u00e9ments de d\u00e9cors, les accessoires, d\u2019une puissance dramatique et narrative inou\u00efe, tel ce salon aux tentures rouges, havre de paix o\u00f9 Gaston vient retrouver Gigi, loin de la fr\u00e9n\u00e9sie de la vie mondaine. Cin\u00e9aste des r\u00eaves et des sentiments, Minnelli signe avec <em>Gigi<\/em> un adieu \u00e0 la Belle Epoque mais aussi \u00e0 l\u2019\u00e2ge d\u2019or de la com\u00e9die musicale hollywoodienne, o\u00f9 la joie se teinte de m\u00e9lancolie.<\/p>\n<div id=\"attachment_19975\" style=\"width: 1930px\" class=\"wp-caption alignnone\"><img aria-describedby=\"caption-attachment-19975\" decoding=\"async\" loading=\"lazy\" class=\"size-full wp-image-19975\" src=\"https:\/\/www.arte.tv\/sites\/olivierpere\/files\/jiknnao1wk6trmoouiusodlt02j.jpg\" alt=\"Louis Jourdan et Leslie Caron dans Gigi\" width=\"1920\" height=\"1080\" srcset=\"https:\/\/www.arte.tv\/sites\/olivierpere\/files\/jiknnao1wk6trmoouiusodlt02j.jpg 1920w, https:\/\/www.arte.tv\/sites\/olivierpere\/files\/jiknnao1wk6trmoouiusodlt02j-498x280.jpg 498w, https:\/\/www.arte.tv\/sites\/olivierpere\/files\/jiknnao1wk6trmoouiusodlt02j-768x432.jpg 768w, https:\/\/www.arte.tv\/sites\/olivierpere\/files\/jiknnao1wk6trmoouiusodlt02j-1024x576.jpg 1024w, https:\/\/www.arte.tv\/sites\/olivierpere\/files\/jiknnao1wk6trmoouiusodlt02j-580x326.jpg 580w\" sizes=\"(max-width: 1920px) 100vw, 1920px\" \/><p id=\"caption-attachment-19975\" class=\"wp-caption-text\">Louis Jourdan et Leslie Caron dans <em>Gigi<\/em> de Vincente Minnelli<\/p><\/div>\n<p>&nbsp;<\/p>\n","protected":false},"excerpt":{"rendered":"<p>ARTE diffuse dimanche 12 f\u00e9vrier \u00e0 20h45, dans le cadre d\u2019une soir\u00e9e consacr\u00e9e \u00e0 Leslie Caron (photo en t\u00eate de\u2026<\/p>\n","protected":false},"author":116,"featured_media":19974,"comment_status":"open","ping_status":"open","sticky":false,"template":"","format":"standard","meta":[],"categories":[8],"tags":[],"yoast_head":"<!-- This site is optimized with the Yoast SEO plugin v20.8 - https:\/\/yoast.com\/wordpress\/plugins\/seo\/ -->\n<title>Gigi de Vincente Minnelli - Olivier P\u00e8re<\/title>\n<meta name=\"robots\" content=\"index, follow, max-snippet:-1, max-image-preview:large, max-video-preview:-1\" \/>\n<link rel=\"canonical\" href=\"https:\/\/www.arte.tv\/sites\/olivierpere\/2017\/02\/02\/gigi-de-vincente-minnelli\/\" \/>\n<meta property=\"og:locale\" content=\"fr_FR\" \/>\n<meta property=\"og:type\" content=\"article\" \/>\n<meta property=\"og:title\" content=\"Gigi de Vincente Minnelli - Olivier P\u00e8re\" \/>\n<meta property=\"og:description\" content=\"ARTE diffuse dimanche 12 f\u00e9vrier \u00e0 20h45, dans le cadre d\u2019une soir\u00e9e consacr\u00e9e \u00e0 Leslie Caron (photo en t\u00eate de\u2026\" \/>\n<meta property=\"og:url\" content=\"https:\/\/www.arte.tv\/sites\/olivierpere\/2017\/02\/02\/gigi-de-vincente-minnelli\/\" \/>\n<meta property=\"og:site_name\" content=\"Olivier P\u00e8re\" \/>\n<meta property=\"article:published_time\" content=\"2017-02-02T21:57:19+00:00\" \/>\n<meta property=\"article:modified_time\" content=\"2017-02-08T22:03:45+00:00\" \/>\n<meta property=\"og:image\" content=\"https:\/\/www.arte.tv\/sites\/olivierpere\/files\/film-gigi9.jpg\" \/>\n\t<meta property=\"og:image:width\" content=\"1282\" \/>\n\t<meta property=\"og:image:height\" content=\"1600\" \/>\n\t<meta property=\"og:image:type\" content=\"image\/jpeg\" \/>\n<meta name=\"author\" content=\"Olivier P\u00e8re\" \/>\n<meta name=\"twitter:label1\" content=\"\u00c9crit par\" \/>\n\t<meta name=\"twitter:data1\" content=\"Olivier P\u00e8re\" \/>\n\t<meta name=\"twitter:label2\" content=\"Dur\u00e9e de lecture estim\u00e9e\" \/>\n\t<meta name=\"twitter:data2\" content=\"2 minutes\" \/>\n<script type=\"application\/ld+json\" class=\"yoast-schema-graph\">{\"@context\":\"https:\/\/schema.org\",\"@graph\":[{\"@type\":\"WebPage\",\"@id\":\"https:\/\/www.arte.tv\/sites\/olivierpere\/2017\/02\/02\/gigi-de-vincente-minnelli\/\",\"url\":\"https:\/\/www.arte.tv\/sites\/olivierpere\/2017\/02\/02\/gigi-de-vincente-minnelli\/\",\"name\":\"Gigi de Vincente Minnelli - Olivier P\u00e8re\",\"isPartOf\":{\"@id\":\"https:\/\/www.arte.tv\/sites\/olivierpere\/#website\"},\"datePublished\":\"2017-02-02T21:57:19+00:00\",\"dateModified\":\"2017-02-08T22:03:45+00:00\",\"author\":{\"@id\":\"https:\/\/www.arte.tv\/sites\/olivierpere\/#\/schema\/person\/dc32cd6c79be95e52d43b97a74182558\"},\"breadcrumb\":{\"@id\":\"https:\/\/www.arte.tv\/sites\/olivierpere\/2017\/02\/02\/gigi-de-vincente-minnelli\/#breadcrumb\"},\"inLanguage\":\"fr-FR\",\"potentialAction\":[{\"@type\":\"ReadAction\",\"target\":[\"https:\/\/www.arte.tv\/sites\/olivierpere\/2017\/02\/02\/gigi-de-vincente-minnelli\/\"]}]},{\"@type\":\"BreadcrumbList\",\"@id\":\"https:\/\/www.arte.tv\/sites\/olivierpere\/2017\/02\/02\/gigi-de-vincente-minnelli\/#breadcrumb\",\"itemListElement\":[{\"@type\":\"ListItem\",\"position\":1,\"name\":\"Home\",\"item\":\"https:\/\/www.arte.tv\/sites\/olivierpere\/\"},{\"@type\":\"ListItem\",\"position\":2,\"name\":\"Gigi de Vincente Minnelli\"}]},{\"@type\":\"WebSite\",\"@id\":\"https:\/\/www.arte.tv\/sites\/olivierpere\/#website\",\"url\":\"https:\/\/www.arte.tv\/sites\/olivierpere\/\",\"name\":\"Olivier P\u00e8re\",\"description\":\"\",\"potentialAction\":[{\"@type\":\"SearchAction\",\"target\":{\"@type\":\"EntryPoint\",\"urlTemplate\":\"https:\/\/www.arte.tv\/sites\/olivierpere\/?s={search_term_string}\"},\"query-input\":\"required name=search_term_string\"}],\"inLanguage\":\"fr-FR\"},{\"@type\":\"Person\",\"@id\":\"https:\/\/www.arte.tv\/sites\/olivierpere\/#\/schema\/person\/dc32cd6c79be95e52d43b97a74182558\",\"name\":\"Olivier P\u00e8re\",\"image\":{\"@type\":\"ImageObject\",\"inLanguage\":\"fr-FR\",\"@id\":\"https:\/\/www.arte.tv\/sites\/olivierpere\/#\/schema\/person\/image\/\",\"url\":\"https:\/\/secure.gravatar.com\/avatar\/bdea7b6a2c195e2c41772429a9694758?s=96&d=mm&r=g\",\"contentUrl\":\"https:\/\/secure.gravatar.com\/avatar\/bdea7b6a2c195e2c41772429a9694758?s=96&d=mm&r=g\",\"caption\":\"Olivier P\u00e8re\"},\"url\":\"https:\/\/www.arte.tv\/sites\/olivierpere\/author\/pereolivier\/\"}]}<\/script>\n<!-- \/ Yoast SEO plugin. -->","yoast_head_json":{"title":"Gigi de Vincente Minnelli - Olivier P\u00e8re","robots":{"index":"index","follow":"follow","max-snippet":"max-snippet:-1","max-image-preview":"max-image-preview:large","max-video-preview":"max-video-preview:-1"},"canonical":"https:\/\/www.arte.tv\/sites\/olivierpere\/2017\/02\/02\/gigi-de-vincente-minnelli\/","og_locale":"fr_FR","og_type":"article","og_title":"Gigi de Vincente Minnelli - Olivier P\u00e8re","og_description":"ARTE diffuse dimanche 12 f\u00e9vrier \u00e0 20h45, dans le cadre d\u2019une soir\u00e9e consacr\u00e9e \u00e0 Leslie Caron (photo en t\u00eate de\u2026","og_url":"https:\/\/www.arte.tv\/sites\/olivierpere\/2017\/02\/02\/gigi-de-vincente-minnelli\/","og_site_name":"Olivier P\u00e8re","article_published_time":"2017-02-02T21:57:19+00:00","article_modified_time":"2017-02-08T22:03:45+00:00","og_image":[{"width":1282,"height":1600,"url":"https:\/\/www.arte.tv\/sites\/olivierpere\/files\/film-gigi9.jpg","type":"image\/jpeg"}],"author":"Olivier P\u00e8re","twitter_misc":{"\u00c9crit par":"Olivier P\u00e8re","Dur\u00e9e de lecture estim\u00e9e":"2 minutes"},"schema":{"@context":"https:\/\/schema.org","@graph":[{"@type":"WebPage","@id":"https:\/\/www.arte.tv\/sites\/olivierpere\/2017\/02\/02\/gigi-de-vincente-minnelli\/","url":"https:\/\/www.arte.tv\/sites\/olivierpere\/2017\/02\/02\/gigi-de-vincente-minnelli\/","name":"Gigi de Vincente Minnelli - Olivier P\u00e8re","isPartOf":{"@id":"https:\/\/www.arte.tv\/sites\/olivierpere\/#website"},"datePublished":"2017-02-02T21:57:19+00:00","dateModified":"2017-02-08T22:03:45+00:00","author":{"@id":"https:\/\/www.arte.tv\/sites\/olivierpere\/#\/schema\/person\/dc32cd6c79be95e52d43b97a74182558"},"breadcrumb":{"@id":"https:\/\/www.arte.tv\/sites\/olivierpere\/2017\/02\/02\/gigi-de-vincente-minnelli\/#breadcrumb"},"inLanguage":"fr-FR","potentialAction":[{"@type":"ReadAction","target":["https:\/\/www.arte.tv\/sites\/olivierpere\/2017\/02\/02\/gigi-de-vincente-minnelli\/"]}]},{"@type":"BreadcrumbList","@id":"https:\/\/www.arte.tv\/sites\/olivierpere\/2017\/02\/02\/gigi-de-vincente-minnelli\/#breadcrumb","itemListElement":[{"@type":"ListItem","position":1,"name":"Home","item":"https:\/\/www.arte.tv\/sites\/olivierpere\/"},{"@type":"ListItem","position":2,"name":"Gigi de Vincente Minnelli"}]},{"@type":"WebSite","@id":"https:\/\/www.arte.tv\/sites\/olivierpere\/#website","url":"https:\/\/www.arte.tv\/sites\/olivierpere\/","name":"Olivier P\u00e8re","description":"","potentialAction":[{"@type":"SearchAction","target":{"@type":"EntryPoint","urlTemplate":"https:\/\/www.arte.tv\/sites\/olivierpere\/?s={search_term_string}"},"query-input":"required name=search_term_string"}],"inLanguage":"fr-FR"},{"@type":"Person","@id":"https:\/\/www.arte.tv\/sites\/olivierpere\/#\/schema\/person\/dc32cd6c79be95e52d43b97a74182558","name":"Olivier P\u00e8re","image":{"@type":"ImageObject","inLanguage":"fr-FR","@id":"https:\/\/www.arte.tv\/sites\/olivierpere\/#\/schema\/person\/image\/","url":"https:\/\/secure.gravatar.com\/avatar\/bdea7b6a2c195e2c41772429a9694758?s=96&d=mm&r=g","contentUrl":"https:\/\/secure.gravatar.com\/avatar\/bdea7b6a2c195e2c41772429a9694758?s=96&d=mm&r=g","caption":"Olivier P\u00e8re"},"url":"https:\/\/www.arte.tv\/sites\/olivierpere\/author\/pereolivier\/"}]}},"_links":{"self":[{"href":"https:\/\/www.arte.tv\/sites\/olivierpere\/wp-json\/wp\/v2\/posts\/19973"}],"collection":[{"href":"https:\/\/www.arte.tv\/sites\/olivierpere\/wp-json\/wp\/v2\/posts"}],"about":[{"href":"https:\/\/www.arte.tv\/sites\/olivierpere\/wp-json\/wp\/v2\/types\/post"}],"author":[{"embeddable":true,"href":"https:\/\/www.arte.tv\/sites\/olivierpere\/wp-json\/wp\/v2\/users\/116"}],"replies":[{"embeddable":true,"href":"https:\/\/www.arte.tv\/sites\/olivierpere\/wp-json\/wp\/v2\/comments?post=19973"}],"version-history":[{"count":1,"href":"https:\/\/www.arte.tv\/sites\/olivierpere\/wp-json\/wp\/v2\/posts\/19973\/revisions"}],"predecessor-version":[{"id":19976,"href":"https:\/\/www.arte.tv\/sites\/olivierpere\/wp-json\/wp\/v2\/posts\/19973\/revisions\/19976"}],"wp:featuredmedia":[{"embeddable":true,"href":"https:\/\/www.arte.tv\/sites\/olivierpere\/wp-json\/wp\/v2\/media\/19974"}],"wp:attachment":[{"href":"https:\/\/www.arte.tv\/sites\/olivierpere\/wp-json\/wp\/v2\/media?parent=19973"}],"wp:term":[{"taxonomy":"category","embeddable":true,"href":"https:\/\/www.arte.tv\/sites\/olivierpere\/wp-json\/wp\/v2\/categories?post=19973"},{"taxonomy":"post_tag","embeddable":true,"href":"https:\/\/www.arte.tv\/sites\/olivierpere\/wp-json\/wp\/v2\/tags?post=19973"}],"curies":[{"name":"wp","href":"https:\/\/api.w.org\/{rel}","templated":true}]}}