{"id":19895,"date":"2017-01-20T09:43:18","date_gmt":"2017-01-20T08:43:18","guid":{"rendered":"https:\/\/www.arte.tv\/sites\/olivierpere\/?p=19895"},"modified":"2020-04-17T08:06:02","modified_gmt":"2020-04-17T07:06:02","slug":"a-bord-darjeeling-limited-de-wes-anderson","status":"publish","type":"post","link":"https:\/\/www.arte.tv\/sites\/olivierpere\/2017\/01\/20\/a-bord-darjeeling-limited-de-wes-anderson\/","title":{"rendered":"\u00c0 bord du Darjeeling Limited de Wes Anderson"},"content":{"rendered":"<p>ARTE diffuse <em>\u00c0 bord du Darjeeling Limited<\/em> (<em>The Darjeeling Limited<\/em>, 2007) de Wes Anderson mercredi 25 janvier \u00e0 20h55.<\/p>\n<p>Nouveau prodige du cin\u00e9ma am\u00e9ricain, au sein d\u2019une g\u00e9n\u00e9ration qui compte dans ses rangs Sofia Coppola, Paul Thomas Anderson ou James Gray, Wes Anderson cultive son image de dandy texan et de cin\u00e9aste le mieux habill\u00e9 du monde. Ses films, reconnaissables en un seul photogramme, t\u00e9moignent d\u2019une \u00e9rudition et d\u2019une culture tout terrain, puisant dans le meilleur de la musique et de la litt\u00e9rature mondiales, avec une cin\u00e9philie encyclop\u00e9dique non circonscrite au patrimoine hollywoodien. On aurait tort cependant de r\u00e9duire Wes Anderson \u00e0 un brillant illustrateur ou un miniaturiste maniaque. Son obsession de la sym\u00e9trie, son f\u00e9tichisme vestimentaire, ses aff\u00e9teries visuelles comme la frontalit\u00e9 ou le ralenti r\u00e9v\u00e8lent une m\u00e9lancolie non feinte et une r\u00e9elle profondeur. Tout est affaire de style, et le style n\u2019est pas l\u2019ennemi du sens. Comme Coppola avant lui, Wes Anderson a un grand sujet, qui n\u2019est pas son unique sujet (\u00e0 Coppola non plus)\u00a0: la famille et tout ce qui va avec (h\u00e9ritage, transmission, rivalit\u00e9). <em>\u00c0 bord du Darjeeling Limited<\/em> est l\u2019histoire de la r\u00e9union de trois fr\u00e8res \u00e0 l\u2019occasion d\u2019un improbable voyage spirituel en Inde, \u00e0 bord d\u2019un train de luxe. Leur p\u00e8re vient de mourir et les jeunes hommes affrontent les affres du deuil mais aussi de la masculinit\u00e9\u00a0: l\u2019un vit avec angoisse l\u2019arriv\u00e9e prochaine de son premier fils, l\u2019autre est un \u00e9crivain vell\u00e9itaire et un s\u00e9ducteur imp\u00e9nitent, tandis que l\u2019a\u00een\u00e9 peine \u00e0 asseoir son autorit\u00e9. Le voyage en train sera davantage initiatique que mystique, vers la r\u00e9conciliation fraternelle. Le film cite la \u00ab\u00a0screwball comedy\u00a0\u00bb hollywoodienne et se d\u00e9roule \u00e0 un rythme effr\u00e9n\u00e9, port\u00e9 par l\u2019interpr\u00e9tation tr\u00e9pidante et virtuose de Adrien Brody, Owen Wilson et Jason Schwartzman, experts en \u00e9l\u00e9gance et complices excentriques du cin\u00e9aste. Mais <em>\u00c0 bord du Darjeeling Limited <\/em>ne limite pas l\u2019Inde \u00e0 un d\u00e9cor de carte postale exotique, ou plut\u00f4t parvient par le biais de l\u2019artifice et du d\u00e9corum \u00e0 une certaine v\u00e9rit\u00e9. Anderson ne joue pas les cin\u00e9astes parachut\u00e9s en qu\u00eate d\u2019authenticit\u00e9 et ne pr\u00e9tend pas montrer la r\u00e9alit\u00e9 indienne. Il adopte le point de vue du voyageur am\u00e9ricain mais n\u2019est pas pour autant ethnocentr\u00e9, avec la cr\u00e9ation de personnages indiens qui loin d\u2019\u00eatre des faire-valoir existent pleinement au c\u0153ur du r\u00e9cit. Le film n\u2019occulte pas non plus la violence de l\u2019Inde et l\u2019exp\u00e9rience de la trag\u00e9die avec l\u2019accident mortel d\u2019un petit villageois, lors du p\u00e9riple des trois fr\u00e8res. Ce scandale ontologique que repr\u00e9sente la mort d\u2019un enfant dans la pens\u00e9e occidentale est appr\u00e9hend\u00e9 ici selon la philosophie indoue, avec comme horizon <em>Le Fleuve<\/em> de Jean Renoir, autre regard amoureux, moral et artistique d\u2019un \u00e9tranger sur l\u2019Inde.<\/p>\n<p><em>\u00a0<\/em><\/p>\n<p>Pour voyager \u00e0 travers l\u2019\u0153uvre en devenir et d&rsquo;une parfaite coh\u00e9rence de Wes Anderson (d\u00e9j\u00e0 huit longs m\u00e9trages et autant de merveilles), on recommande le bel essai de Marc Cerisuelo qui s\u2019adresse au cin\u00e9aste et lui d\u00e9clare son admiration dans sa \u00ab\u00a0Lettre \u00e0 Wes Anderson\u00a0\u00bb aux \u00e9ditions Capricci.<\/p>\n<p><img decoding=\"async\" loading=\"lazy\" class=\"alignnone size-full wp-image-19899\" src=\"https:\/\/www.arte.tv\/sites\/olivierpere\/files\/lettre_a_wes_anderson.jpg\" alt=\"\" width=\"1000\" height=\"1363\" srcset=\"https:\/\/www.arte.tv\/sites\/olivierpere\/files\/lettre_a_wes_anderson.jpg 1000w, https:\/\/www.arte.tv\/sites\/olivierpere\/files\/lettre_a_wes_anderson-205x280.jpg 205w, https:\/\/www.arte.tv\/sites\/olivierpere\/files\/lettre_a_wes_anderson-768x1047.jpg 768w, https:\/\/www.arte.tv\/sites\/olivierpere\/files\/lettre_a_wes_anderson-563x768.jpg 563w, https:\/\/www.arte.tv\/sites\/olivierpere\/files\/lettre_a_wes_anderson-580x791.jpg 580w\" sizes=\"(max-width: 1000px) 100vw, 1000px\" \/><\/p>\n","protected":false},"excerpt":{"rendered":"<p>ARTE diffuse \u00c0 bord du Darjeeling Limited (The Darjeeling Limited, 2007) de Wes Anderson mercredi 25 janvier \u00e0 20h55. Nouveau\u2026<\/p>\n","protected":false},"author":116,"featured_media":0,"comment_status":"open","ping_status":"open","sticky":false,"template":"","format":"standard","meta":[],"categories":[8],"tags":[],"yoast_head":"<!-- This site is optimized with the Yoast SEO plugin v20.8 - https:\/\/yoast.com\/wordpress\/plugins\/seo\/ -->\n<title>\u00c0 bord du Darjeeling Limited de Wes Anderson - Olivier P\u00e8re<\/title>\n<meta name=\"robots\" content=\"index, follow, max-snippet:-1, max-image-preview:large, max-video-preview:-1\" \/>\n<link rel=\"canonical\" href=\"https:\/\/www.arte.tv\/sites\/olivierpere\/2017\/01\/20\/a-bord-darjeeling-limited-de-wes-anderson\/\" \/>\n<meta property=\"og:locale\" content=\"fr_FR\" \/>\n<meta property=\"og:type\" content=\"article\" \/>\n<meta property=\"og:title\" content=\"\u00c0 bord du Darjeeling Limited de Wes Anderson - Olivier P\u00e8re\" \/>\n<meta property=\"og:description\" content=\"ARTE diffuse \u00c0 bord du Darjeeling Limited (The Darjeeling Limited, 2007) de Wes Anderson mercredi 25 janvier \u00e0 20h55. Nouveau\u2026\" \/>\n<meta property=\"og:url\" content=\"https:\/\/www.arte.tv\/sites\/olivierpere\/2017\/01\/20\/a-bord-darjeeling-limited-de-wes-anderson\/\" \/>\n<meta property=\"og:site_name\" content=\"Olivier P\u00e8re\" \/>\n<meta property=\"article:published_time\" content=\"2017-01-20T08:43:18+00:00\" \/>\n<meta property=\"article:modified_time\" content=\"2020-04-17T07:06:02+00:00\" \/>\n<meta property=\"og:image\" content=\"https:\/\/www.arte.tv\/sites\/olivierpere\/files\/lettre_a_wes_anderson.jpg\" \/>\n<meta name=\"author\" content=\"Olivier P\u00e8re\" \/>\n<meta name=\"twitter:label1\" content=\"\u00c9crit par\" \/>\n\t<meta name=\"twitter:data1\" content=\"Olivier P\u00e8re\" \/>\n\t<meta name=\"twitter:label2\" content=\"Dur\u00e9e de lecture estim\u00e9e\" \/>\n\t<meta name=\"twitter:data2\" content=\"3 minutes\" \/>\n<script type=\"application\/ld+json\" class=\"yoast-schema-graph\">{\"@context\":\"https:\/\/schema.org\",\"@graph\":[{\"@type\":\"WebPage\",\"@id\":\"https:\/\/www.arte.tv\/sites\/olivierpere\/2017\/01\/20\/a-bord-darjeeling-limited-de-wes-anderson\/\",\"url\":\"https:\/\/www.arte.tv\/sites\/olivierpere\/2017\/01\/20\/a-bord-darjeeling-limited-de-wes-anderson\/\",\"name\":\"\u00c0 bord du Darjeeling Limited de Wes Anderson - Olivier P\u00e8re\",\"isPartOf\":{\"@id\":\"https:\/\/www.arte.tv\/sites\/olivierpere\/#website\"},\"datePublished\":\"2017-01-20T08:43:18+00:00\",\"dateModified\":\"2020-04-17T07:06:02+00:00\",\"author\":{\"@id\":\"https:\/\/www.arte.tv\/sites\/olivierpere\/#\/schema\/person\/dc32cd6c79be95e52d43b97a74182558\"},\"breadcrumb\":{\"@id\":\"https:\/\/www.arte.tv\/sites\/olivierpere\/2017\/01\/20\/a-bord-darjeeling-limited-de-wes-anderson\/#breadcrumb\"},\"inLanguage\":\"fr-FR\",\"potentialAction\":[{\"@type\":\"ReadAction\",\"target\":[\"https:\/\/www.arte.tv\/sites\/olivierpere\/2017\/01\/20\/a-bord-darjeeling-limited-de-wes-anderson\/\"]}]},{\"@type\":\"BreadcrumbList\",\"@id\":\"https:\/\/www.arte.tv\/sites\/olivierpere\/2017\/01\/20\/a-bord-darjeeling-limited-de-wes-anderson\/#breadcrumb\",\"itemListElement\":[{\"@type\":\"ListItem\",\"position\":1,\"name\":\"Home\",\"item\":\"https:\/\/www.arte.tv\/sites\/olivierpere\/\"},{\"@type\":\"ListItem\",\"position\":2,\"name\":\"\u00c0 bord du Darjeeling Limited de Wes Anderson\"}]},{\"@type\":\"WebSite\",\"@id\":\"https:\/\/www.arte.tv\/sites\/olivierpere\/#website\",\"url\":\"https:\/\/www.arte.tv\/sites\/olivierpere\/\",\"name\":\"Olivier P\u00e8re\",\"description\":\"\",\"potentialAction\":[{\"@type\":\"SearchAction\",\"target\":{\"@type\":\"EntryPoint\",\"urlTemplate\":\"https:\/\/www.arte.tv\/sites\/olivierpere\/?s={search_term_string}\"},\"query-input\":\"required name=search_term_string\"}],\"inLanguage\":\"fr-FR\"},{\"@type\":\"Person\",\"@id\":\"https:\/\/www.arte.tv\/sites\/olivierpere\/#\/schema\/person\/dc32cd6c79be95e52d43b97a74182558\",\"name\":\"Olivier P\u00e8re\",\"image\":{\"@type\":\"ImageObject\",\"inLanguage\":\"fr-FR\",\"@id\":\"https:\/\/www.arte.tv\/sites\/olivierpere\/#\/schema\/person\/image\/\",\"url\":\"https:\/\/secure.gravatar.com\/avatar\/bdea7b6a2c195e2c41772429a9694758?s=96&d=mm&r=g\",\"contentUrl\":\"https:\/\/secure.gravatar.com\/avatar\/bdea7b6a2c195e2c41772429a9694758?s=96&d=mm&r=g\",\"caption\":\"Olivier P\u00e8re\"},\"url\":\"https:\/\/www.arte.tv\/sites\/olivierpere\/author\/pereolivier\/\"}]}<\/script>\n<!-- \/ Yoast SEO plugin. -->","yoast_head_json":{"title":"\u00c0 bord du Darjeeling Limited de Wes Anderson - Olivier P\u00e8re","robots":{"index":"index","follow":"follow","max-snippet":"max-snippet:-1","max-image-preview":"max-image-preview:large","max-video-preview":"max-video-preview:-1"},"canonical":"https:\/\/www.arte.tv\/sites\/olivierpere\/2017\/01\/20\/a-bord-darjeeling-limited-de-wes-anderson\/","og_locale":"fr_FR","og_type":"article","og_title":"\u00c0 bord du Darjeeling Limited de Wes Anderson - Olivier P\u00e8re","og_description":"ARTE diffuse \u00c0 bord du Darjeeling Limited (The Darjeeling Limited, 2007) de Wes Anderson mercredi 25 janvier \u00e0 20h55. Nouveau\u2026","og_url":"https:\/\/www.arte.tv\/sites\/olivierpere\/2017\/01\/20\/a-bord-darjeeling-limited-de-wes-anderson\/","og_site_name":"Olivier P\u00e8re","article_published_time":"2017-01-20T08:43:18+00:00","article_modified_time":"2020-04-17T07:06:02+00:00","og_image":[{"url":"https:\/\/www.arte.tv\/sites\/olivierpere\/files\/lettre_a_wes_anderson.jpg"}],"author":"Olivier P\u00e8re","twitter_misc":{"\u00c9crit par":"Olivier P\u00e8re","Dur\u00e9e de lecture estim\u00e9e":"3 minutes"},"schema":{"@context":"https:\/\/schema.org","@graph":[{"@type":"WebPage","@id":"https:\/\/www.arte.tv\/sites\/olivierpere\/2017\/01\/20\/a-bord-darjeeling-limited-de-wes-anderson\/","url":"https:\/\/www.arte.tv\/sites\/olivierpere\/2017\/01\/20\/a-bord-darjeeling-limited-de-wes-anderson\/","name":"\u00c0 bord du Darjeeling Limited de Wes Anderson - Olivier P\u00e8re","isPartOf":{"@id":"https:\/\/www.arte.tv\/sites\/olivierpere\/#website"},"datePublished":"2017-01-20T08:43:18+00:00","dateModified":"2020-04-17T07:06:02+00:00","author":{"@id":"https:\/\/www.arte.tv\/sites\/olivierpere\/#\/schema\/person\/dc32cd6c79be95e52d43b97a74182558"},"breadcrumb":{"@id":"https:\/\/www.arte.tv\/sites\/olivierpere\/2017\/01\/20\/a-bord-darjeeling-limited-de-wes-anderson\/#breadcrumb"},"inLanguage":"fr-FR","potentialAction":[{"@type":"ReadAction","target":["https:\/\/www.arte.tv\/sites\/olivierpere\/2017\/01\/20\/a-bord-darjeeling-limited-de-wes-anderson\/"]}]},{"@type":"BreadcrumbList","@id":"https:\/\/www.arte.tv\/sites\/olivierpere\/2017\/01\/20\/a-bord-darjeeling-limited-de-wes-anderson\/#breadcrumb","itemListElement":[{"@type":"ListItem","position":1,"name":"Home","item":"https:\/\/www.arte.tv\/sites\/olivierpere\/"},{"@type":"ListItem","position":2,"name":"\u00c0 bord du Darjeeling Limited de Wes Anderson"}]},{"@type":"WebSite","@id":"https:\/\/www.arte.tv\/sites\/olivierpere\/#website","url":"https:\/\/www.arte.tv\/sites\/olivierpere\/","name":"Olivier P\u00e8re","description":"","potentialAction":[{"@type":"SearchAction","target":{"@type":"EntryPoint","urlTemplate":"https:\/\/www.arte.tv\/sites\/olivierpere\/?s={search_term_string}"},"query-input":"required name=search_term_string"}],"inLanguage":"fr-FR"},{"@type":"Person","@id":"https:\/\/www.arte.tv\/sites\/olivierpere\/#\/schema\/person\/dc32cd6c79be95e52d43b97a74182558","name":"Olivier P\u00e8re","image":{"@type":"ImageObject","inLanguage":"fr-FR","@id":"https:\/\/www.arte.tv\/sites\/olivierpere\/#\/schema\/person\/image\/","url":"https:\/\/secure.gravatar.com\/avatar\/bdea7b6a2c195e2c41772429a9694758?s=96&d=mm&r=g","contentUrl":"https:\/\/secure.gravatar.com\/avatar\/bdea7b6a2c195e2c41772429a9694758?s=96&d=mm&r=g","caption":"Olivier P\u00e8re"},"url":"https:\/\/www.arte.tv\/sites\/olivierpere\/author\/pereolivier\/"}]}},"_links":{"self":[{"href":"https:\/\/www.arte.tv\/sites\/olivierpere\/wp-json\/wp\/v2\/posts\/19895"}],"collection":[{"href":"https:\/\/www.arte.tv\/sites\/olivierpere\/wp-json\/wp\/v2\/posts"}],"about":[{"href":"https:\/\/www.arte.tv\/sites\/olivierpere\/wp-json\/wp\/v2\/types\/post"}],"author":[{"embeddable":true,"href":"https:\/\/www.arte.tv\/sites\/olivierpere\/wp-json\/wp\/v2\/users\/116"}],"replies":[{"embeddable":true,"href":"https:\/\/www.arte.tv\/sites\/olivierpere\/wp-json\/wp\/v2\/comments?post=19895"}],"version-history":[{"count":4,"href":"https:\/\/www.arte.tv\/sites\/olivierpere\/wp-json\/wp\/v2\/posts\/19895\/revisions"}],"predecessor-version":[{"id":25595,"href":"https:\/\/www.arte.tv\/sites\/olivierpere\/wp-json\/wp\/v2\/posts\/19895\/revisions\/25595"}],"wp:attachment":[{"href":"https:\/\/www.arte.tv\/sites\/olivierpere\/wp-json\/wp\/v2\/media?parent=19895"}],"wp:term":[{"taxonomy":"category","embeddable":true,"href":"https:\/\/www.arte.tv\/sites\/olivierpere\/wp-json\/wp\/v2\/categories?post=19895"},{"taxonomy":"post_tag","embeddable":true,"href":"https:\/\/www.arte.tv\/sites\/olivierpere\/wp-json\/wp\/v2\/tags?post=19895"}],"curies":[{"name":"wp","href":"https:\/\/api.w.org\/{rel}","templated":true}]}}