{"id":19832,"date":"2017-01-09T20:54:48","date_gmt":"2017-01-09T19:54:48","guid":{"rendered":"https:\/\/www.arte.tv\/sites\/olivierpere\/?p=19832"},"modified":"2020-04-13T15:24:54","modified_gmt":"2020-04-13T14:24:54","slug":"espions-de-fritz-lang","status":"publish","type":"post","link":"https:\/\/www.arte.tv\/sites\/olivierpere\/2017\/01\/09\/espions-de-fritz-lang\/","title":{"rendered":"Les Espions de Fritz Lang"},"content":{"rendered":"<p>Tandis qu\u2019il est possible de voir ou revoir <em>Le Testament du Dr. Mabuse<\/em> de Fritz Lang en t\u00e9l\u00e9vision de rattrapage, la plateforme ARTE Cin\u00e9ma propose un autre chef-d\u2019\u0153uvre de Fritz Lang, en ligne gratuitement\u00a0: <em>Les Espions<\/em> (<em>Spione<\/em>, 1928).<\/p>\n<p>&nbsp;<\/p>\n<p>Le personnage de l\u2019espion a fr\u00e9quent\u00e9 le cin\u00e9ma comme une figure ambivalente et fantasmatique. Ambivalente, car l\u2019espion est l\u2019acteur discret d\u2019un spectacle qui n\u2019est rien d\u2019autre que l\u2019Histoire, telle qu\u2019elle s\u2019\u00e9crit dans l\u2019ombre. Fantasmatique, car il propose au spectateur la projection et l\u2019identification id\u00e9ales, car c\u2019est dans un environnement r\u00e9aliste voire quotidien qu\u2019il va accomplir les actions les plus surprenantes. H\u00e9ros pr\u00e9coce du muet et des films \u00e0 \u00e9pisodes, l\u2019espion va accompagner le cin\u00e9ma dans son \u00e9volution, du classicisme \u00e0 la modernit\u00e9, parce qu\u2019il est sans doute le personnage le plus apte \u00e0 exprimer l\u2019ambigu\u00eft\u00e9 du XXe si\u00e8cle et de ses id\u00e9ologies, mais aussi sa dimension romanesque.<\/p>\n<p>L\u2019espionnage va irriguer \u00e0 diff\u00e9rents moments de leurs carri\u00e8res respectives l\u2019inspiration de deux immenses cin\u00e9astes, Fritz Lang et Alfred Hitchcock, qui vont non seulement l\u2019illustrer \u00e0 l\u2019\u00e9cran mais aussi inventer des figures stylistiques et narratives propres au genre, qui seront reprises \u00e0 sati\u00e9t\u00e9 au cin\u00e9ma et \u00e0 la t\u00e9l\u00e9vision.<\/p>\n<p><em>Les Espions<\/em> demeure une r\u00e9ussite absolue du cin\u00e9ma d\u2019espionnage.<\/p>\n<p>Apr\u00e8s <em>Les Nibelungen<\/em> et <em>Metropolis<\/em>, Fritz Lang abandonne le monumentalisme de ses cr\u00e9ations l\u00e9gendaires ou futuristes pour se consacrer \u00e0 un projet contemporain, et aux dimensions presque modestes\u00a0: un sensationnel r\u00e9cit d\u2019espionnage dans un pays imaginaire, con\u00e7u pour captiver les spectateurs du monde entier. Cette ambition revue \u00e0 la baisse est la cons\u00e9quence des pertes colossales de <em>Metropolis<\/em>. Lang entend rassurer la UFA avec un retour au cin\u00e9ma d\u2019aventures modernes qui emprunte au s\u00e9rial et s\u2019inspire en partie d\u2019affaires politiques li\u00e9es \u00e0 l\u2019actualit\u00e9 ou l\u2019histoire r\u00e9cente. Lang reste n\u00e9anmoins fid\u00e8le \u00e0 son perfectionnisme intransigeant, avec la construction de d\u00e9cors magnifiques et une attention aux moindres d\u00e9tails de la mise en sc\u00e8ne. <em>Les Espions<\/em> est un thriller \u00e9blouissant, un mod\u00e8le de cin\u00e9ma d\u2019action et de suspens truff\u00e9 de sc\u00e8nes spectaculaires \u2013 poursuites en voitures, accident ferroviaire &#8211; et dont le style \u00e9pur\u00e9 et abstrait annonce les implacables films noirs de la p\u00e9riode am\u00e9ricaine de Lang. Apr\u00e8s Mabuse Lang et sa sc\u00e9nariste Thea Von Harbou (qui adapte son propre roman) imaginent un autre g\u00e9nie du crime en la personne de Haghi \u2013 toujours interpr\u00e9t\u00e9 par Rudolf Klein-Rogge, un banquier qui dirige de son bureau un r\u00e9seau d\u2019agents sp\u00e9cialis\u00e9s dans le vol de secrets d\u2019\u00e9tats, le meurtre et le chantage. Le pouvoir omniscient de Haghi, dissimul\u00e9 sous l\u2019apparence d\u2019un infirme, et son utilisation des techniques modernes de surveillance et de communication en font un potentat de l\u2019ombre, qui \u00e9tend son contr\u00f4le et sa domination sur le monde, manipulant hommes et femmes comme des marionnettes. Progr\u00e8s de la violence, violence du progr\u00e8s. A ce personnage mal\u00e9fique et immobile s\u2019oppose un super espion en perp\u00e9tuel mouvement, incarn\u00e9 par le s\u00e9duisant Willy Fritsch, pur h\u00e9ros langien dans la mesure o\u00f9 il ne s\u2019exprime et se d\u00e9finit que par ses actions. Le film est admirable de bout en bout et il se conclut de mani\u00e8re g\u00e9niale sur la sc\u00e8ne d\u2019un th\u00e9\u00e2tre, juste avant le baisser de rideau. Cette ultime image vient rappeler que les stratag\u00e8mes de s\u00e9duction et de persuasion, les d\u00e9guisements des espions sont autant de mensonges, d&rsquo;artifices et de dispositifs sc\u00e9niques dignes des plus grands acteurs et des plus grands cin\u00e9astes.<\/p>\n","protected":false},"excerpt":{"rendered":"<p>Tandis qu\u2019il est possible de voir ou revoir Le Testament du Dr. Mabuse de Fritz Lang en t\u00e9l\u00e9vision de rattrapage,\u2026<\/p>\n","protected":false},"author":116,"featured_media":0,"comment_status":"open","ping_status":"open","sticky":false,"template":"","format":"standard","meta":[],"categories":[8],"tags":[],"yoast_head":"<!-- This site is optimized with the Yoast SEO plugin v20.8 - https:\/\/yoast.com\/wordpress\/plugins\/seo\/ -->\n<title>Les Espions de Fritz Lang - Olivier P\u00e8re<\/title>\n<meta name=\"robots\" content=\"index, follow, max-snippet:-1, max-image-preview:large, max-video-preview:-1\" \/>\n<link rel=\"canonical\" href=\"https:\/\/www.arte.tv\/sites\/olivierpere\/2017\/01\/09\/espions-de-fritz-lang\/\" \/>\n<meta property=\"og:locale\" content=\"fr_FR\" \/>\n<meta property=\"og:type\" content=\"article\" \/>\n<meta property=\"og:title\" content=\"Les Espions de Fritz Lang - Olivier P\u00e8re\" \/>\n<meta property=\"og:description\" content=\"Tandis qu\u2019il est possible de voir ou revoir Le Testament du Dr. Mabuse de Fritz Lang en t\u00e9l\u00e9vision de rattrapage,\u2026\" \/>\n<meta property=\"og:url\" content=\"https:\/\/www.arte.tv\/sites\/olivierpere\/2017\/01\/09\/espions-de-fritz-lang\/\" \/>\n<meta property=\"og:site_name\" content=\"Olivier P\u00e8re\" \/>\n<meta property=\"article:published_time\" content=\"2017-01-09T19:54:48+00:00\" \/>\n<meta property=\"article:modified_time\" content=\"2020-04-13T14:24:54+00:00\" \/>\n<meta name=\"author\" content=\"Olivier P\u00e8re\" \/>\n<meta name=\"twitter:label1\" content=\"\u00c9crit par\" \/>\n\t<meta name=\"twitter:data1\" content=\"Olivier P\u00e8re\" \/>\n\t<meta name=\"twitter:label2\" content=\"Dur\u00e9e de lecture estim\u00e9e\" \/>\n\t<meta name=\"twitter:data2\" content=\"3 minutes\" \/>\n<script type=\"application\/ld+json\" class=\"yoast-schema-graph\">{\"@context\":\"https:\/\/schema.org\",\"@graph\":[{\"@type\":\"WebPage\",\"@id\":\"https:\/\/www.arte.tv\/sites\/olivierpere\/2017\/01\/09\/espions-de-fritz-lang\/\",\"url\":\"https:\/\/www.arte.tv\/sites\/olivierpere\/2017\/01\/09\/espions-de-fritz-lang\/\",\"name\":\"Les Espions de Fritz Lang - Olivier P\u00e8re\",\"isPartOf\":{\"@id\":\"https:\/\/www.arte.tv\/sites\/olivierpere\/#website\"},\"datePublished\":\"2017-01-09T19:54:48+00:00\",\"dateModified\":\"2020-04-13T14:24:54+00:00\",\"author\":{\"@id\":\"https:\/\/www.arte.tv\/sites\/olivierpere\/#\/schema\/person\/dc32cd6c79be95e52d43b97a74182558\"},\"breadcrumb\":{\"@id\":\"https:\/\/www.arte.tv\/sites\/olivierpere\/2017\/01\/09\/espions-de-fritz-lang\/#breadcrumb\"},\"inLanguage\":\"fr-FR\",\"potentialAction\":[{\"@type\":\"ReadAction\",\"target\":[\"https:\/\/www.arte.tv\/sites\/olivierpere\/2017\/01\/09\/espions-de-fritz-lang\/\"]}]},{\"@type\":\"BreadcrumbList\",\"@id\":\"https:\/\/www.arte.tv\/sites\/olivierpere\/2017\/01\/09\/espions-de-fritz-lang\/#breadcrumb\",\"itemListElement\":[{\"@type\":\"ListItem\",\"position\":1,\"name\":\"Home\",\"item\":\"https:\/\/www.arte.tv\/sites\/olivierpere\/\"},{\"@type\":\"ListItem\",\"position\":2,\"name\":\"Les Espions de Fritz Lang\"}]},{\"@type\":\"WebSite\",\"@id\":\"https:\/\/www.arte.tv\/sites\/olivierpere\/#website\",\"url\":\"https:\/\/www.arte.tv\/sites\/olivierpere\/\",\"name\":\"Olivier P\u00e8re\",\"description\":\"\",\"potentialAction\":[{\"@type\":\"SearchAction\",\"target\":{\"@type\":\"EntryPoint\",\"urlTemplate\":\"https:\/\/www.arte.tv\/sites\/olivierpere\/?s={search_term_string}\"},\"query-input\":\"required name=search_term_string\"}],\"inLanguage\":\"fr-FR\"},{\"@type\":\"Person\",\"@id\":\"https:\/\/www.arte.tv\/sites\/olivierpere\/#\/schema\/person\/dc32cd6c79be95e52d43b97a74182558\",\"name\":\"Olivier P\u00e8re\",\"image\":{\"@type\":\"ImageObject\",\"inLanguage\":\"fr-FR\",\"@id\":\"https:\/\/www.arte.tv\/sites\/olivierpere\/#\/schema\/person\/image\/\",\"url\":\"https:\/\/secure.gravatar.com\/avatar\/bdea7b6a2c195e2c41772429a9694758?s=96&d=mm&r=g\",\"contentUrl\":\"https:\/\/secure.gravatar.com\/avatar\/bdea7b6a2c195e2c41772429a9694758?s=96&d=mm&r=g\",\"caption\":\"Olivier P\u00e8re\"},\"url\":\"https:\/\/www.arte.tv\/sites\/olivierpere\/author\/pereolivier\/\"}]}<\/script>\n<!-- \/ Yoast SEO plugin. -->","yoast_head_json":{"title":"Les Espions de Fritz Lang - Olivier P\u00e8re","robots":{"index":"index","follow":"follow","max-snippet":"max-snippet:-1","max-image-preview":"max-image-preview:large","max-video-preview":"max-video-preview:-1"},"canonical":"https:\/\/www.arte.tv\/sites\/olivierpere\/2017\/01\/09\/espions-de-fritz-lang\/","og_locale":"fr_FR","og_type":"article","og_title":"Les Espions de Fritz Lang - Olivier P\u00e8re","og_description":"Tandis qu\u2019il est possible de voir ou revoir Le Testament du Dr. Mabuse de Fritz Lang en t\u00e9l\u00e9vision de rattrapage,\u2026","og_url":"https:\/\/www.arte.tv\/sites\/olivierpere\/2017\/01\/09\/espions-de-fritz-lang\/","og_site_name":"Olivier P\u00e8re","article_published_time":"2017-01-09T19:54:48+00:00","article_modified_time":"2020-04-13T14:24:54+00:00","author":"Olivier P\u00e8re","twitter_misc":{"\u00c9crit par":"Olivier P\u00e8re","Dur\u00e9e de lecture estim\u00e9e":"3 minutes"},"schema":{"@context":"https:\/\/schema.org","@graph":[{"@type":"WebPage","@id":"https:\/\/www.arte.tv\/sites\/olivierpere\/2017\/01\/09\/espions-de-fritz-lang\/","url":"https:\/\/www.arte.tv\/sites\/olivierpere\/2017\/01\/09\/espions-de-fritz-lang\/","name":"Les Espions de Fritz Lang - Olivier P\u00e8re","isPartOf":{"@id":"https:\/\/www.arte.tv\/sites\/olivierpere\/#website"},"datePublished":"2017-01-09T19:54:48+00:00","dateModified":"2020-04-13T14:24:54+00:00","author":{"@id":"https:\/\/www.arte.tv\/sites\/olivierpere\/#\/schema\/person\/dc32cd6c79be95e52d43b97a74182558"},"breadcrumb":{"@id":"https:\/\/www.arte.tv\/sites\/olivierpere\/2017\/01\/09\/espions-de-fritz-lang\/#breadcrumb"},"inLanguage":"fr-FR","potentialAction":[{"@type":"ReadAction","target":["https:\/\/www.arte.tv\/sites\/olivierpere\/2017\/01\/09\/espions-de-fritz-lang\/"]}]},{"@type":"BreadcrumbList","@id":"https:\/\/www.arte.tv\/sites\/olivierpere\/2017\/01\/09\/espions-de-fritz-lang\/#breadcrumb","itemListElement":[{"@type":"ListItem","position":1,"name":"Home","item":"https:\/\/www.arte.tv\/sites\/olivierpere\/"},{"@type":"ListItem","position":2,"name":"Les Espions de Fritz Lang"}]},{"@type":"WebSite","@id":"https:\/\/www.arte.tv\/sites\/olivierpere\/#website","url":"https:\/\/www.arte.tv\/sites\/olivierpere\/","name":"Olivier P\u00e8re","description":"","potentialAction":[{"@type":"SearchAction","target":{"@type":"EntryPoint","urlTemplate":"https:\/\/www.arte.tv\/sites\/olivierpere\/?s={search_term_string}"},"query-input":"required name=search_term_string"}],"inLanguage":"fr-FR"},{"@type":"Person","@id":"https:\/\/www.arte.tv\/sites\/olivierpere\/#\/schema\/person\/dc32cd6c79be95e52d43b97a74182558","name":"Olivier P\u00e8re","image":{"@type":"ImageObject","inLanguage":"fr-FR","@id":"https:\/\/www.arte.tv\/sites\/olivierpere\/#\/schema\/person\/image\/","url":"https:\/\/secure.gravatar.com\/avatar\/bdea7b6a2c195e2c41772429a9694758?s=96&d=mm&r=g","contentUrl":"https:\/\/secure.gravatar.com\/avatar\/bdea7b6a2c195e2c41772429a9694758?s=96&d=mm&r=g","caption":"Olivier P\u00e8re"},"url":"https:\/\/www.arte.tv\/sites\/olivierpere\/author\/pereolivier\/"}]}},"_links":{"self":[{"href":"https:\/\/www.arte.tv\/sites\/olivierpere\/wp-json\/wp\/v2\/posts\/19832"}],"collection":[{"href":"https:\/\/www.arte.tv\/sites\/olivierpere\/wp-json\/wp\/v2\/posts"}],"about":[{"href":"https:\/\/www.arte.tv\/sites\/olivierpere\/wp-json\/wp\/v2\/types\/post"}],"author":[{"embeddable":true,"href":"https:\/\/www.arte.tv\/sites\/olivierpere\/wp-json\/wp\/v2\/users\/116"}],"replies":[{"embeddable":true,"href":"https:\/\/www.arte.tv\/sites\/olivierpere\/wp-json\/wp\/v2\/comments?post=19832"}],"version-history":[{"count":3,"href":"https:\/\/www.arte.tv\/sites\/olivierpere\/wp-json\/wp\/v2\/posts\/19832\/revisions"}],"predecessor-version":[{"id":25400,"href":"https:\/\/www.arte.tv\/sites\/olivierpere\/wp-json\/wp\/v2\/posts\/19832\/revisions\/25400"}],"wp:attachment":[{"href":"https:\/\/www.arte.tv\/sites\/olivierpere\/wp-json\/wp\/v2\/media?parent=19832"}],"wp:term":[{"taxonomy":"category","embeddable":true,"href":"https:\/\/www.arte.tv\/sites\/olivierpere\/wp-json\/wp\/v2\/categories?post=19832"},{"taxonomy":"post_tag","embeddable":true,"href":"https:\/\/www.arte.tv\/sites\/olivierpere\/wp-json\/wp\/v2\/tags?post=19832"}],"curies":[{"name":"wp","href":"https:\/\/api.w.org\/{rel}","templated":true}]}}