{"id":19801,"date":"2017-01-05T11:31:29","date_gmt":"2017-01-05T10:31:29","guid":{"rendered":"https:\/\/www.arte.tv\/sites\/olivierpere\/?p=19801"},"modified":"2020-04-13T15:25:15","modified_gmt":"2020-04-13T14:25:15","slug":"testament-dr-mabuse-de-fritz-lang","status":"publish","type":"post","link":"https:\/\/www.arte.tv\/sites\/olivierpere\/2017\/01\/05\/testament-dr-mabuse-de-fritz-lang\/","title":{"rendered":"Le Testament du Dr. Mabuse de Fritz Lang"},"content":{"rendered":"<p>ARTE diffuse <em>Le Testament du Dr. Mabuse<\/em> (<em>Das Testament des Dr. Mabuse<\/em>, 1932) de Fritz Lang lundi 9 janvier \u00e0 22h30. Le film sera disponible en t\u00e9l\u00e9vision de rattrapage pendant sept jours, sur ARTE+7.<\/p>\n<p>Deuxi\u00e8me film parlant de Fritz Lang, et deuxi\u00e8me rencontre avec le docteur Mabuse apr\u00e8s le diptyque muet de 1922, <em>Le Testament du Dr. Mabuse<\/em> s&rsquo;inspire encore de la forme feuilletonesque et des p\u00e9rip\u00e9ties violentes qui avaient assur\u00e9 le triomphe de ce g\u00e9nie du Mal. Mais cette fois-ci Lang est davantage sensible \u00e0 la port\u00e9e politique, voire documentaire, de son film. Les exactions d\u00e9crites (attentats, explosions, menaces) sont directement tir\u00e9es des colonnes des faits-divers, et t\u00e9moignent de la tension qui pouvait r\u00e9gner en Allemagne \u00e0 l&rsquo;aube du nazisme. Un personnage lors d\u2019un monologue exalt\u00e9 semble mimer la gestuelle et les grimaces de Hitler dans ses discours devant les foules. <em>Le Testament du Dr. Mabuse<\/em>, chef-d\u2019\u0153uvre absolu qui n\u2019a rien perdu de sa puissance visionnaire, appartient \u00e0 une p\u00e9riode transitoire dans la filmographie de Lang, qui ne signa que trois films entre sa grande p\u00e9riode muette et son exil hollywoodien. On constate, comme dans <em>M le maudit<\/em>, une ma\u00eetrise impressionnante dans l&rsquo;utilisation dramatique des \u00e9l\u00e9ments sonores et un sens incroyable du suspens et de l&rsquo;action. Les passages surnaturels, quant \u00e0 eux, ont conserv\u00e9 leur terrifiante pr\u00e9cision onirique. Cin\u00e9aste des hommes victimes de leur destin, Lang a aussi donn\u00e9 naissance au plus omnipotent des criminels. Hant\u00e9 par cette cr\u00e9ation fascinante, Lang conclura sa carri\u00e8re avec une ultime r\u00e9apparition de Mabuse, en triomphateur des m\u00e9dias et de la soci\u00e9t\u00e9 de surveillance, dans le g\u00e9nial et proph\u00e9tique <em>Diabolique Docteur Mabuse<\/em> (1960).<\/p>\n<p>&nbsp;<\/p>\n","protected":false},"excerpt":{"rendered":"<p>ARTE diffuse Le Testament du Dr. Mabuse (Das Testament des Dr. Mabuse, 1932) de Fritz Lang lundi 9 janvier \u00e0\u2026<\/p>\n","protected":false},"author":116,"featured_media":0,"comment_status":"open","ping_status":"open","sticky":false,"template":"","format":"standard","meta":[],"categories":[8],"tags":[],"yoast_head":"<!-- This site is optimized with the Yoast SEO plugin v20.8 - https:\/\/yoast.com\/wordpress\/plugins\/seo\/ -->\n<title>Le Testament du Dr. Mabuse de Fritz Lang - Olivier P\u00e8re<\/title>\n<meta name=\"robots\" content=\"index, follow, max-snippet:-1, max-image-preview:large, max-video-preview:-1\" \/>\n<link rel=\"canonical\" href=\"https:\/\/www.arte.tv\/sites\/olivierpere\/2017\/01\/05\/testament-dr-mabuse-de-fritz-lang\/\" \/>\n<meta property=\"og:locale\" content=\"fr_FR\" \/>\n<meta property=\"og:type\" content=\"article\" \/>\n<meta property=\"og:title\" content=\"Le Testament du Dr. Mabuse de Fritz Lang - Olivier P\u00e8re\" \/>\n<meta property=\"og:description\" content=\"ARTE diffuse Le Testament du Dr. Mabuse (Das Testament des Dr. Mabuse, 1932) de Fritz Lang lundi 9 janvier \u00e0\u2026\" \/>\n<meta property=\"og:url\" content=\"https:\/\/www.arte.tv\/sites\/olivierpere\/2017\/01\/05\/testament-dr-mabuse-de-fritz-lang\/\" \/>\n<meta property=\"og:site_name\" content=\"Olivier P\u00e8re\" \/>\n<meta property=\"article:published_time\" content=\"2017-01-05T10:31:29+00:00\" \/>\n<meta property=\"article:modified_time\" content=\"2020-04-13T14:25:15+00:00\" \/>\n<meta name=\"author\" content=\"Olivier P\u00e8re\" \/>\n<meta name=\"twitter:label1\" content=\"\u00c9crit par\" \/>\n\t<meta name=\"twitter:data1\" content=\"Olivier P\u00e8re\" \/>\n\t<meta name=\"twitter:label2\" content=\"Dur\u00e9e de lecture estim\u00e9e\" \/>\n\t<meta name=\"twitter:data2\" content=\"1 minute\" \/>\n<script type=\"application\/ld+json\" class=\"yoast-schema-graph\">{\"@context\":\"https:\/\/schema.org\",\"@graph\":[{\"@type\":\"WebPage\",\"@id\":\"https:\/\/www.arte.tv\/sites\/olivierpere\/2017\/01\/05\/testament-dr-mabuse-de-fritz-lang\/\",\"url\":\"https:\/\/www.arte.tv\/sites\/olivierpere\/2017\/01\/05\/testament-dr-mabuse-de-fritz-lang\/\",\"name\":\"Le Testament du Dr. Mabuse de Fritz Lang - Olivier P\u00e8re\",\"isPartOf\":{\"@id\":\"https:\/\/www.arte.tv\/sites\/olivierpere\/#website\"},\"datePublished\":\"2017-01-05T10:31:29+00:00\",\"dateModified\":\"2020-04-13T14:25:15+00:00\",\"author\":{\"@id\":\"https:\/\/www.arte.tv\/sites\/olivierpere\/#\/schema\/person\/dc32cd6c79be95e52d43b97a74182558\"},\"breadcrumb\":{\"@id\":\"https:\/\/www.arte.tv\/sites\/olivierpere\/2017\/01\/05\/testament-dr-mabuse-de-fritz-lang\/#breadcrumb\"},\"inLanguage\":\"fr-FR\",\"potentialAction\":[{\"@type\":\"ReadAction\",\"target\":[\"https:\/\/www.arte.tv\/sites\/olivierpere\/2017\/01\/05\/testament-dr-mabuse-de-fritz-lang\/\"]}]},{\"@type\":\"BreadcrumbList\",\"@id\":\"https:\/\/www.arte.tv\/sites\/olivierpere\/2017\/01\/05\/testament-dr-mabuse-de-fritz-lang\/#breadcrumb\",\"itemListElement\":[{\"@type\":\"ListItem\",\"position\":1,\"name\":\"Home\",\"item\":\"https:\/\/www.arte.tv\/sites\/olivierpere\/\"},{\"@type\":\"ListItem\",\"position\":2,\"name\":\"Le Testament du Dr. Mabuse de Fritz Lang\"}]},{\"@type\":\"WebSite\",\"@id\":\"https:\/\/www.arte.tv\/sites\/olivierpere\/#website\",\"url\":\"https:\/\/www.arte.tv\/sites\/olivierpere\/\",\"name\":\"Olivier P\u00e8re\",\"description\":\"\",\"potentialAction\":[{\"@type\":\"SearchAction\",\"target\":{\"@type\":\"EntryPoint\",\"urlTemplate\":\"https:\/\/www.arte.tv\/sites\/olivierpere\/?s={search_term_string}\"},\"query-input\":\"required name=search_term_string\"}],\"inLanguage\":\"fr-FR\"},{\"@type\":\"Person\",\"@id\":\"https:\/\/www.arte.tv\/sites\/olivierpere\/#\/schema\/person\/dc32cd6c79be95e52d43b97a74182558\",\"name\":\"Olivier P\u00e8re\",\"image\":{\"@type\":\"ImageObject\",\"inLanguage\":\"fr-FR\",\"@id\":\"https:\/\/www.arte.tv\/sites\/olivierpere\/#\/schema\/person\/image\/\",\"url\":\"https:\/\/secure.gravatar.com\/avatar\/bdea7b6a2c195e2c41772429a9694758?s=96&d=mm&r=g\",\"contentUrl\":\"https:\/\/secure.gravatar.com\/avatar\/bdea7b6a2c195e2c41772429a9694758?s=96&d=mm&r=g\",\"caption\":\"Olivier P\u00e8re\"},\"url\":\"https:\/\/www.arte.tv\/sites\/olivierpere\/author\/pereolivier\/\"}]}<\/script>\n<!-- \/ Yoast SEO plugin. -->","yoast_head_json":{"title":"Le Testament du Dr. Mabuse de Fritz Lang - Olivier P\u00e8re","robots":{"index":"index","follow":"follow","max-snippet":"max-snippet:-1","max-image-preview":"max-image-preview:large","max-video-preview":"max-video-preview:-1"},"canonical":"https:\/\/www.arte.tv\/sites\/olivierpere\/2017\/01\/05\/testament-dr-mabuse-de-fritz-lang\/","og_locale":"fr_FR","og_type":"article","og_title":"Le Testament du Dr. Mabuse de Fritz Lang - Olivier P\u00e8re","og_description":"ARTE diffuse Le Testament du Dr. Mabuse (Das Testament des Dr. Mabuse, 1932) de Fritz Lang lundi 9 janvier \u00e0\u2026","og_url":"https:\/\/www.arte.tv\/sites\/olivierpere\/2017\/01\/05\/testament-dr-mabuse-de-fritz-lang\/","og_site_name":"Olivier P\u00e8re","article_published_time":"2017-01-05T10:31:29+00:00","article_modified_time":"2020-04-13T14:25:15+00:00","author":"Olivier P\u00e8re","twitter_misc":{"\u00c9crit par":"Olivier P\u00e8re","Dur\u00e9e de lecture estim\u00e9e":"1 minute"},"schema":{"@context":"https:\/\/schema.org","@graph":[{"@type":"WebPage","@id":"https:\/\/www.arte.tv\/sites\/olivierpere\/2017\/01\/05\/testament-dr-mabuse-de-fritz-lang\/","url":"https:\/\/www.arte.tv\/sites\/olivierpere\/2017\/01\/05\/testament-dr-mabuse-de-fritz-lang\/","name":"Le Testament du Dr. Mabuse de Fritz Lang - Olivier P\u00e8re","isPartOf":{"@id":"https:\/\/www.arte.tv\/sites\/olivierpere\/#website"},"datePublished":"2017-01-05T10:31:29+00:00","dateModified":"2020-04-13T14:25:15+00:00","author":{"@id":"https:\/\/www.arte.tv\/sites\/olivierpere\/#\/schema\/person\/dc32cd6c79be95e52d43b97a74182558"},"breadcrumb":{"@id":"https:\/\/www.arte.tv\/sites\/olivierpere\/2017\/01\/05\/testament-dr-mabuse-de-fritz-lang\/#breadcrumb"},"inLanguage":"fr-FR","potentialAction":[{"@type":"ReadAction","target":["https:\/\/www.arte.tv\/sites\/olivierpere\/2017\/01\/05\/testament-dr-mabuse-de-fritz-lang\/"]}]},{"@type":"BreadcrumbList","@id":"https:\/\/www.arte.tv\/sites\/olivierpere\/2017\/01\/05\/testament-dr-mabuse-de-fritz-lang\/#breadcrumb","itemListElement":[{"@type":"ListItem","position":1,"name":"Home","item":"https:\/\/www.arte.tv\/sites\/olivierpere\/"},{"@type":"ListItem","position":2,"name":"Le Testament du Dr. Mabuse de Fritz Lang"}]},{"@type":"WebSite","@id":"https:\/\/www.arte.tv\/sites\/olivierpere\/#website","url":"https:\/\/www.arte.tv\/sites\/olivierpere\/","name":"Olivier P\u00e8re","description":"","potentialAction":[{"@type":"SearchAction","target":{"@type":"EntryPoint","urlTemplate":"https:\/\/www.arte.tv\/sites\/olivierpere\/?s={search_term_string}"},"query-input":"required name=search_term_string"}],"inLanguage":"fr-FR"},{"@type":"Person","@id":"https:\/\/www.arte.tv\/sites\/olivierpere\/#\/schema\/person\/dc32cd6c79be95e52d43b97a74182558","name":"Olivier P\u00e8re","image":{"@type":"ImageObject","inLanguage":"fr-FR","@id":"https:\/\/www.arte.tv\/sites\/olivierpere\/#\/schema\/person\/image\/","url":"https:\/\/secure.gravatar.com\/avatar\/bdea7b6a2c195e2c41772429a9694758?s=96&d=mm&r=g","contentUrl":"https:\/\/secure.gravatar.com\/avatar\/bdea7b6a2c195e2c41772429a9694758?s=96&d=mm&r=g","caption":"Olivier P\u00e8re"},"url":"https:\/\/www.arte.tv\/sites\/olivierpere\/author\/pereolivier\/"}]}},"_links":{"self":[{"href":"https:\/\/www.arte.tv\/sites\/olivierpere\/wp-json\/wp\/v2\/posts\/19801"}],"collection":[{"href":"https:\/\/www.arte.tv\/sites\/olivierpere\/wp-json\/wp\/v2\/posts"}],"about":[{"href":"https:\/\/www.arte.tv\/sites\/olivierpere\/wp-json\/wp\/v2\/types\/post"}],"author":[{"embeddable":true,"href":"https:\/\/www.arte.tv\/sites\/olivierpere\/wp-json\/wp\/v2\/users\/116"}],"replies":[{"embeddable":true,"href":"https:\/\/www.arte.tv\/sites\/olivierpere\/wp-json\/wp\/v2\/comments?post=19801"}],"version-history":[{"count":3,"href":"https:\/\/www.arte.tv\/sites\/olivierpere\/wp-json\/wp\/v2\/posts\/19801\/revisions"}],"predecessor-version":[{"id":25401,"href":"https:\/\/www.arte.tv\/sites\/olivierpere\/wp-json\/wp\/v2\/posts\/19801\/revisions\/25401"}],"wp:attachment":[{"href":"https:\/\/www.arte.tv\/sites\/olivierpere\/wp-json\/wp\/v2\/media?parent=19801"}],"wp:term":[{"taxonomy":"category","embeddable":true,"href":"https:\/\/www.arte.tv\/sites\/olivierpere\/wp-json\/wp\/v2\/categories?post=19801"},{"taxonomy":"post_tag","embeddable":true,"href":"https:\/\/www.arte.tv\/sites\/olivierpere\/wp-json\/wp\/v2\/tags?post=19801"}],"curies":[{"name":"wp","href":"https:\/\/api.w.org\/{rel}","templated":true}]}}