{"id":19638,"date":"2016-12-04T00:29:09","date_gmt":"2016-12-03T23:29:09","guid":{"rendered":"https:\/\/www.arte.tv\/sites\/olivierpere\/?p=19638"},"modified":"2020-04-13T22:01:48","modified_gmt":"2020-04-13T21:01:48","slug":"the-immigrant-de-james-gray","status":"publish","type":"post","link":"https:\/\/www.arte.tv\/sites\/olivierpere\/2016\/12\/04\/the-immigrant-de-james-gray\/","title":{"rendered":"The Immigrant de James Gray"},"content":{"rendered":"<p>ARTE <em>diffuse The Immigrant<\/em> (2013) de James Gray mercredi 14 d\u00e9cembre \u00e0 20h55.<\/p>\n<p>En 1921, deux jeunes s\u0153urs polonaises d\u00e9barquent \u00e0 New York. L\u2019une est tuberculeuse et doit rester \u00e0 Ellis Island en quarantaine. L\u2019autre, Ewa, qui parle bien l\u2019Anglais, se retrouve seule et doit se d\u00e9brouiller pour survivre. Elle est rep\u00e9r\u00e9e par un homme, Bruno, qui se propose de l\u2019aider et qui devient son souteneur. Contrainte \u00e0 la prostitution, Ewa sombre dans le d\u00e9sespoir jusqu\u2019au jour o\u00f9 elle rencontre un magicien, Orlando, qui lui redonne confiance. Mais c\u2019est sans compter sur la jalousie de Bruno, qui est le cousin d\u2019Orlando et lui voue une rancune tenace. <em>Two Lovers<\/em> le chef-d\u2019\u0153uvre pr\u00e9c\u00e9dent de Gray \u00e9tait d\u00e9j\u00e0 un m\u00e9lodrame new yorkais et un triangle amoureux impossible : un homme d\u00e9chir\u00e9 entre deux femmes. <em>The Immigrant<\/em> est un m\u00e9lodrame encore plus douloureux, pr\u00e8s d\u2019un si\u00e8cle plus t\u00f4t dans la m\u00eame ville. Cette fois-ci il s\u2019agit d\u2019une femme partag\u00e9e entre deux hommes. L\u2019un l\u2019exploite, l\u2019autre veut la sauver, mais les choses ne sont pas aussi simples. Bruno est une \u00e2me sombre et tortur\u00e9e, un salaud qui va tomber amoureux de la femme qu\u2019il prostitue et trouver le chemin de la r\u00e9demption. Orlando est charmant, mais n\u2019est-il pas un vendeur d\u2019illusions, comme ses spectacles de prestidigitation qui distraient le peuple de sa mis\u00e8re. Ewa oscille entre passivit\u00e9, abn\u00e9gation et volont\u00e9 de survivre \u00e0 tout prix, avec aussi l\u2019id\u00e9e fixe de ne jamais abandonner sa s\u0153ur. Elle est film\u00e9e avec amour et admiration par James Gray, qui remonte aux sources de sa radioscopie \u00e9conomique, politique et romanesque du New York du XX\u00e8me si\u00e8cle.<\/p>\n<p>James Gray proc\u00e8de \u00e0 une \u00e9pure de son art, et <em>The Immigrant<\/em> s\u2019apparente souvent \u00e0 une forme de kammerspiel m\u00e2tin\u00e9 de cin\u00e9ma muet. Le dernier plan est celui d\u2019un ma\u00eetre. Le travail du directeur de la photographie Darius Khondji, pour sa premi\u00e8re collaboration avec Gray, est magnifique.<\/p>\n<p>Le film \u00e9voque aussi une version minimaliste de mod\u00e8les plus r\u00e9cents de fresques historiques comme <em>La Porte du paradis<\/em> (le triangle amoureux, la lutte des classes), <em>Le Parrain, 2<sup>\u00e8me<\/sup> partie<\/em> (l\u2019arriv\u00e9e \u00e0 Ellis Island), <em>Il \u00e9tait une fois en Am\u00e9rique<\/em> (la p\u00e8gre new yorkaise) qui comptent depuis <em>Little Odessa<\/em> et <em>The Yards<\/em> parmi les r\u00e9f\u00e9rences \u00e9videntes de Gray.<\/p>\n<p>Mais <em>The Immigrant<\/em> \u00e9voque encore plus les m\u00e9lodrames muets r\u00e9alis\u00e9s \u00e0 l\u2019\u00e9poque de son action, et en particulier ceux de Chaplin. Le calvaire d\u2019Ewa rejoint celui des fr\u00eales h\u00e9ro\u00efnes du muet oblig\u00e9es d\u2019\u00e9voluer dans les bas-fonds de la ville, entre souillure et espoir de trouver le salut. Il faut saluer la qualit\u00e9 de l\u2019interpr\u00e9tation et de la direction d\u2019acteurs. Joachin Phoenix de plus en plus impressionnant, Jeremy Renner nouveau venu excellent dans l\u2019univers de Gray et Marion Cotillard que nous avons trouv\u00e9 admirable de bout en bout. Cette actrice en plus de poss\u00e9der un visage \u00e0 la photog\u00e9nie exceptionnelle est la plupart du temps bien meilleure que les films dans lesquels elle joue, et ses r\u00f4les en anglais (ici saupoudr\u00e9 de polonais) plus int\u00e9ressants que ses performances tricolores. Cela se confirme avec <em>The Immigrant<\/em>, sans aucun doute son plus beau film \u00e0 ce jour.<\/p>\n<p>&nbsp;<\/p>\n","protected":false},"excerpt":{"rendered":"<p>ARTE diffuse The Immigrant (2013) de James Gray mercredi 14 d\u00e9cembre \u00e0 20h55. En 1921, deux jeunes s\u0153urs polonaises d\u00e9barquent\u2026<\/p>\n","protected":false},"author":116,"featured_media":0,"comment_status":"open","ping_status":"open","sticky":false,"template":"","format":"standard","meta":[],"categories":[8],"tags":[],"yoast_head":"<!-- This site is optimized with the Yoast SEO plugin v20.8 - https:\/\/yoast.com\/wordpress\/plugins\/seo\/ -->\n<title>The Immigrant de James Gray - Olivier P\u00e8re<\/title>\n<meta name=\"robots\" content=\"index, follow, max-snippet:-1, max-image-preview:large, max-video-preview:-1\" \/>\n<link rel=\"canonical\" href=\"https:\/\/www.arte.tv\/sites\/olivierpere\/2016\/12\/04\/the-immigrant-de-james-gray\/\" \/>\n<meta property=\"og:locale\" content=\"fr_FR\" \/>\n<meta property=\"og:type\" content=\"article\" \/>\n<meta property=\"og:title\" content=\"The Immigrant de James Gray - Olivier P\u00e8re\" \/>\n<meta property=\"og:description\" content=\"ARTE diffuse The Immigrant (2013) de James Gray mercredi 14 d\u00e9cembre \u00e0 20h55. En 1921, deux jeunes s\u0153urs polonaises d\u00e9barquent\u2026\" \/>\n<meta property=\"og:url\" content=\"https:\/\/www.arte.tv\/sites\/olivierpere\/2016\/12\/04\/the-immigrant-de-james-gray\/\" \/>\n<meta property=\"og:site_name\" content=\"Olivier P\u00e8re\" \/>\n<meta property=\"article:published_time\" content=\"2016-12-03T23:29:09+00:00\" \/>\n<meta property=\"article:modified_time\" content=\"2020-04-13T21:01:48+00:00\" \/>\n<meta name=\"author\" content=\"Olivier P\u00e8re\" \/>\n<meta name=\"twitter:label1\" content=\"\u00c9crit par\" \/>\n\t<meta name=\"twitter:data1\" content=\"Olivier P\u00e8re\" \/>\n\t<meta name=\"twitter:label2\" content=\"Dur\u00e9e de lecture estim\u00e9e\" \/>\n\t<meta name=\"twitter:data2\" content=\"3 minutes\" \/>\n<script type=\"application\/ld+json\" class=\"yoast-schema-graph\">{\"@context\":\"https:\/\/schema.org\",\"@graph\":[{\"@type\":\"WebPage\",\"@id\":\"https:\/\/www.arte.tv\/sites\/olivierpere\/2016\/12\/04\/the-immigrant-de-james-gray\/\",\"url\":\"https:\/\/www.arte.tv\/sites\/olivierpere\/2016\/12\/04\/the-immigrant-de-james-gray\/\",\"name\":\"The Immigrant de James Gray - Olivier P\u00e8re\",\"isPartOf\":{\"@id\":\"https:\/\/www.arte.tv\/sites\/olivierpere\/#website\"},\"datePublished\":\"2016-12-03T23:29:09+00:00\",\"dateModified\":\"2020-04-13T21:01:48+00:00\",\"author\":{\"@id\":\"https:\/\/www.arte.tv\/sites\/olivierpere\/#\/schema\/person\/dc32cd6c79be95e52d43b97a74182558\"},\"breadcrumb\":{\"@id\":\"https:\/\/www.arte.tv\/sites\/olivierpere\/2016\/12\/04\/the-immigrant-de-james-gray\/#breadcrumb\"},\"inLanguage\":\"fr-FR\",\"potentialAction\":[{\"@type\":\"ReadAction\",\"target\":[\"https:\/\/www.arte.tv\/sites\/olivierpere\/2016\/12\/04\/the-immigrant-de-james-gray\/\"]}]},{\"@type\":\"BreadcrumbList\",\"@id\":\"https:\/\/www.arte.tv\/sites\/olivierpere\/2016\/12\/04\/the-immigrant-de-james-gray\/#breadcrumb\",\"itemListElement\":[{\"@type\":\"ListItem\",\"position\":1,\"name\":\"Home\",\"item\":\"https:\/\/www.arte.tv\/sites\/olivierpere\/\"},{\"@type\":\"ListItem\",\"position\":2,\"name\":\"The Immigrant de James Gray\"}]},{\"@type\":\"WebSite\",\"@id\":\"https:\/\/www.arte.tv\/sites\/olivierpere\/#website\",\"url\":\"https:\/\/www.arte.tv\/sites\/olivierpere\/\",\"name\":\"Olivier P\u00e8re\",\"description\":\"\",\"potentialAction\":[{\"@type\":\"SearchAction\",\"target\":{\"@type\":\"EntryPoint\",\"urlTemplate\":\"https:\/\/www.arte.tv\/sites\/olivierpere\/?s={search_term_string}\"},\"query-input\":\"required name=search_term_string\"}],\"inLanguage\":\"fr-FR\"},{\"@type\":\"Person\",\"@id\":\"https:\/\/www.arte.tv\/sites\/olivierpere\/#\/schema\/person\/dc32cd6c79be95e52d43b97a74182558\",\"name\":\"Olivier P\u00e8re\",\"image\":{\"@type\":\"ImageObject\",\"inLanguage\":\"fr-FR\",\"@id\":\"https:\/\/www.arte.tv\/sites\/olivierpere\/#\/schema\/person\/image\/\",\"url\":\"https:\/\/secure.gravatar.com\/avatar\/bdea7b6a2c195e2c41772429a9694758?s=96&d=mm&r=g\",\"contentUrl\":\"https:\/\/secure.gravatar.com\/avatar\/bdea7b6a2c195e2c41772429a9694758?s=96&d=mm&r=g\",\"caption\":\"Olivier P\u00e8re\"},\"url\":\"https:\/\/www.arte.tv\/sites\/olivierpere\/author\/pereolivier\/\"}]}<\/script>\n<!-- \/ Yoast SEO plugin. -->","yoast_head_json":{"title":"The Immigrant de James Gray - Olivier P\u00e8re","robots":{"index":"index","follow":"follow","max-snippet":"max-snippet:-1","max-image-preview":"max-image-preview:large","max-video-preview":"max-video-preview:-1"},"canonical":"https:\/\/www.arte.tv\/sites\/olivierpere\/2016\/12\/04\/the-immigrant-de-james-gray\/","og_locale":"fr_FR","og_type":"article","og_title":"The Immigrant de James Gray - Olivier P\u00e8re","og_description":"ARTE diffuse The Immigrant (2013) de James Gray mercredi 14 d\u00e9cembre \u00e0 20h55. En 1921, deux jeunes s\u0153urs polonaises d\u00e9barquent\u2026","og_url":"https:\/\/www.arte.tv\/sites\/olivierpere\/2016\/12\/04\/the-immigrant-de-james-gray\/","og_site_name":"Olivier P\u00e8re","article_published_time":"2016-12-03T23:29:09+00:00","article_modified_time":"2020-04-13T21:01:48+00:00","author":"Olivier P\u00e8re","twitter_misc":{"\u00c9crit par":"Olivier P\u00e8re","Dur\u00e9e de lecture estim\u00e9e":"3 minutes"},"schema":{"@context":"https:\/\/schema.org","@graph":[{"@type":"WebPage","@id":"https:\/\/www.arte.tv\/sites\/olivierpere\/2016\/12\/04\/the-immigrant-de-james-gray\/","url":"https:\/\/www.arte.tv\/sites\/olivierpere\/2016\/12\/04\/the-immigrant-de-james-gray\/","name":"The Immigrant de James Gray - Olivier P\u00e8re","isPartOf":{"@id":"https:\/\/www.arte.tv\/sites\/olivierpere\/#website"},"datePublished":"2016-12-03T23:29:09+00:00","dateModified":"2020-04-13T21:01:48+00:00","author":{"@id":"https:\/\/www.arte.tv\/sites\/olivierpere\/#\/schema\/person\/dc32cd6c79be95e52d43b97a74182558"},"breadcrumb":{"@id":"https:\/\/www.arte.tv\/sites\/olivierpere\/2016\/12\/04\/the-immigrant-de-james-gray\/#breadcrumb"},"inLanguage":"fr-FR","potentialAction":[{"@type":"ReadAction","target":["https:\/\/www.arte.tv\/sites\/olivierpere\/2016\/12\/04\/the-immigrant-de-james-gray\/"]}]},{"@type":"BreadcrumbList","@id":"https:\/\/www.arte.tv\/sites\/olivierpere\/2016\/12\/04\/the-immigrant-de-james-gray\/#breadcrumb","itemListElement":[{"@type":"ListItem","position":1,"name":"Home","item":"https:\/\/www.arte.tv\/sites\/olivierpere\/"},{"@type":"ListItem","position":2,"name":"The Immigrant de James Gray"}]},{"@type":"WebSite","@id":"https:\/\/www.arte.tv\/sites\/olivierpere\/#website","url":"https:\/\/www.arte.tv\/sites\/olivierpere\/","name":"Olivier P\u00e8re","description":"","potentialAction":[{"@type":"SearchAction","target":{"@type":"EntryPoint","urlTemplate":"https:\/\/www.arte.tv\/sites\/olivierpere\/?s={search_term_string}"},"query-input":"required name=search_term_string"}],"inLanguage":"fr-FR"},{"@type":"Person","@id":"https:\/\/www.arte.tv\/sites\/olivierpere\/#\/schema\/person\/dc32cd6c79be95e52d43b97a74182558","name":"Olivier P\u00e8re","image":{"@type":"ImageObject","inLanguage":"fr-FR","@id":"https:\/\/www.arte.tv\/sites\/olivierpere\/#\/schema\/person\/image\/","url":"https:\/\/secure.gravatar.com\/avatar\/bdea7b6a2c195e2c41772429a9694758?s=96&d=mm&r=g","contentUrl":"https:\/\/secure.gravatar.com\/avatar\/bdea7b6a2c195e2c41772429a9694758?s=96&d=mm&r=g","caption":"Olivier P\u00e8re"},"url":"https:\/\/www.arte.tv\/sites\/olivierpere\/author\/pereolivier\/"}]}},"_links":{"self":[{"href":"https:\/\/www.arte.tv\/sites\/olivierpere\/wp-json\/wp\/v2\/posts\/19638"}],"collection":[{"href":"https:\/\/www.arte.tv\/sites\/olivierpere\/wp-json\/wp\/v2\/posts"}],"about":[{"href":"https:\/\/www.arte.tv\/sites\/olivierpere\/wp-json\/wp\/v2\/types\/post"}],"author":[{"embeddable":true,"href":"https:\/\/www.arte.tv\/sites\/olivierpere\/wp-json\/wp\/v2\/users\/116"}],"replies":[{"embeddable":true,"href":"https:\/\/www.arte.tv\/sites\/olivierpere\/wp-json\/wp\/v2\/comments?post=19638"}],"version-history":[{"count":2,"href":"https:\/\/www.arte.tv\/sites\/olivierpere\/wp-json\/wp\/v2\/posts\/19638\/revisions"}],"predecessor-version":[{"id":25446,"href":"https:\/\/www.arte.tv\/sites\/olivierpere\/wp-json\/wp\/v2\/posts\/19638\/revisions\/25446"}],"wp:attachment":[{"href":"https:\/\/www.arte.tv\/sites\/olivierpere\/wp-json\/wp\/v2\/media?parent=19638"}],"wp:term":[{"taxonomy":"category","embeddable":true,"href":"https:\/\/www.arte.tv\/sites\/olivierpere\/wp-json\/wp\/v2\/categories?post=19638"},{"taxonomy":"post_tag","embeddable":true,"href":"https:\/\/www.arte.tv\/sites\/olivierpere\/wp-json\/wp\/v2\/tags?post=19638"}],"curies":[{"name":"wp","href":"https:\/\/api.w.org\/{rel}","templated":true}]}}