{"id":19494,"date":"2016-10-24T21:29:08","date_gmt":"2016-10-24T20:29:08","guid":{"rendered":"https:\/\/www.arte.tv\/sites\/olivierpere\/?p=19494"},"modified":"2020-04-12T10:18:06","modified_gmt":"2020-04-12T09:18:06","slug":"valmont-de-milos-forman","status":"publish","type":"post","link":"https:\/\/www.arte.tv\/sites\/olivierpere\/2016\/10\/24\/valmont-de-milos-forman\/","title":{"rendered":"Valmont de Milos Forman"},"content":{"rendered":"<p>ARTE diffuse <em>Valmont <\/em>(1989) de Milos Forman dimanche 6 novembre \u00e0 20h50, en version restaur\u00e9e.<\/p>\n<p>Cette adaptation cin\u00e9matographique des <em>Liaisons dangereuses<\/em> de Laclos par Milos Forman et le sc\u00e9nariste Jean-Claude Carri\u00e8re souffrit au moment de sa sortie de la comparaison avec celle de Stephen Frears et Christopher Hampton distribu\u00e9e \u00e0 peine neuf mois plus t\u00f4t en France, avec un grand succ\u00e8s critique et public. Il n\u2019est pas certain que cette hi\u00e9rarchie soit encore maintenue aujourd\u2019hui, et le temps a r\u00e9par\u00e9 l\u2019injustice commise envers le tr\u00e8s beau film de Forman. Forman et Carri\u00e8re prennent certaines libert\u00e9s avec le roman \u00e9pistolaire de Laclos, inventent ce qui n\u2019est pas dans les lettres et choisissent de rajeunir les personnages. Mme de Tourvel (Meg Tilly) appara\u00eet l\u00e9g\u00e8rement en retrait tandis que C\u00e9cile de Volanges (Fairuza Balk), \u00e2g\u00e9e de quinze ans, prend de l\u2019importance dans le film de Forman. Le film dresse un splendide tableau de l\u2019aristocratie fran\u00e7aise du XVIII\u00e8me si\u00e8cle, soulignant le r\u00f4le des domestiques dans l\u2019ombre de leurs ma\u00eetres, les abus luxueux et l\u2019insouciance frivole de la noblesse \u00e0 la veille de la R\u00e9volution. Le vicomte de Valmont et la marquise de Merteuil sont des libertins qui souhaitent assouvir leurs envies et caprices avant toutes choses, outrepassant la morale et abusant de leurs privil\u00e8ges. La Merteuil, magnifiquement interpr\u00e9t\u00e9e par Annette Bening dont c\u2019\u00e9tait le premier grand r\u00f4le, redouble d\u2019intelligence et de machiav\u00e9lisme pour mener \u00e0 bien sa vengeance, jouir du malheur de ses ennemis et surtout affirmer sa sup\u00e9riorit\u00e9 sur les hommes dans une soci\u00e9t\u00e9 patriarcale o\u00f9 le pouvoir des femmes est minor\u00e9. <em>Valmont<\/em> distille ainsi un discours f\u00e9ministe et se refuse \u00e0 juger ses protagonistes, m\u00eame lorsqu\u2019ils font le mal par plaisir ou vanit\u00e9. Tout le monde a ses raisons semble dire Forman, en h\u00e9ritier direct de Renoir, et c\u2019est bien \u00e0 <em>La R\u00e8gle du jeu<\/em> que l\u2019on se surprend \u00e0 penser au cours de cette somptueuse m\u00e9ditation sur la libert\u00e9, dans un monde sur le point de s\u2019\u00e9vanouir.<\/p>\n<p>&nbsp;<\/p>\n<p>&nbsp;<\/p>\n","protected":false},"excerpt":{"rendered":"<p>ARTE diffuse Valmont (1989) de Milos Forman dimanche 6 novembre \u00e0 20h50, en version restaur\u00e9e. Cette adaptation cin\u00e9matographique des Liaisons\u2026<\/p>\n","protected":false},"author":116,"featured_media":0,"comment_status":"open","ping_status":"open","sticky":false,"template":"","format":"standard","meta":[],"categories":[8],"tags":[],"yoast_head":"<!-- This site is optimized with the Yoast SEO plugin v20.8 - https:\/\/yoast.com\/wordpress\/plugins\/seo\/ -->\n<title>Valmont de Milos Forman - Olivier P\u00e8re<\/title>\n<meta name=\"robots\" content=\"index, follow, max-snippet:-1, max-image-preview:large, max-video-preview:-1\" \/>\n<link rel=\"canonical\" href=\"https:\/\/www.arte.tv\/sites\/olivierpere\/2016\/10\/24\/valmont-de-milos-forman\/\" \/>\n<meta property=\"og:locale\" content=\"fr_FR\" \/>\n<meta property=\"og:type\" content=\"article\" \/>\n<meta property=\"og:title\" content=\"Valmont de Milos Forman - Olivier P\u00e8re\" \/>\n<meta property=\"og:description\" content=\"ARTE diffuse Valmont (1989) de Milos Forman dimanche 6 novembre \u00e0 20h50, en version restaur\u00e9e. Cette adaptation cin\u00e9matographique des Liaisons\u2026\" \/>\n<meta property=\"og:url\" content=\"https:\/\/www.arte.tv\/sites\/olivierpere\/2016\/10\/24\/valmont-de-milos-forman\/\" \/>\n<meta property=\"og:site_name\" content=\"Olivier P\u00e8re\" \/>\n<meta property=\"article:published_time\" content=\"2016-10-24T20:29:08+00:00\" \/>\n<meta property=\"article:modified_time\" content=\"2020-04-12T09:18:06+00:00\" \/>\n<meta name=\"author\" content=\"Olivier P\u00e8re\" \/>\n<meta name=\"twitter:label1\" content=\"\u00c9crit par\" \/>\n\t<meta name=\"twitter:data1\" content=\"Olivier P\u00e8re\" \/>\n\t<meta name=\"twitter:label2\" content=\"Dur\u00e9e de lecture estim\u00e9e\" \/>\n\t<meta name=\"twitter:data2\" content=\"2 minutes\" \/>\n<script type=\"application\/ld+json\" class=\"yoast-schema-graph\">{\"@context\":\"https:\/\/schema.org\",\"@graph\":[{\"@type\":\"WebPage\",\"@id\":\"https:\/\/www.arte.tv\/sites\/olivierpere\/2016\/10\/24\/valmont-de-milos-forman\/\",\"url\":\"https:\/\/www.arte.tv\/sites\/olivierpere\/2016\/10\/24\/valmont-de-milos-forman\/\",\"name\":\"Valmont de Milos Forman - Olivier P\u00e8re\",\"isPartOf\":{\"@id\":\"https:\/\/www.arte.tv\/sites\/olivierpere\/#website\"},\"datePublished\":\"2016-10-24T20:29:08+00:00\",\"dateModified\":\"2020-04-12T09:18:06+00:00\",\"author\":{\"@id\":\"https:\/\/www.arte.tv\/sites\/olivierpere\/#\/schema\/person\/dc32cd6c79be95e52d43b97a74182558\"},\"breadcrumb\":{\"@id\":\"https:\/\/www.arte.tv\/sites\/olivierpere\/2016\/10\/24\/valmont-de-milos-forman\/#breadcrumb\"},\"inLanguage\":\"fr-FR\",\"potentialAction\":[{\"@type\":\"ReadAction\",\"target\":[\"https:\/\/www.arte.tv\/sites\/olivierpere\/2016\/10\/24\/valmont-de-milos-forman\/\"]}]},{\"@type\":\"BreadcrumbList\",\"@id\":\"https:\/\/www.arte.tv\/sites\/olivierpere\/2016\/10\/24\/valmont-de-milos-forman\/#breadcrumb\",\"itemListElement\":[{\"@type\":\"ListItem\",\"position\":1,\"name\":\"Home\",\"item\":\"https:\/\/www.arte.tv\/sites\/olivierpere\/\"},{\"@type\":\"ListItem\",\"position\":2,\"name\":\"Valmont de Milos Forman\"}]},{\"@type\":\"WebSite\",\"@id\":\"https:\/\/www.arte.tv\/sites\/olivierpere\/#website\",\"url\":\"https:\/\/www.arte.tv\/sites\/olivierpere\/\",\"name\":\"Olivier P\u00e8re\",\"description\":\"\",\"potentialAction\":[{\"@type\":\"SearchAction\",\"target\":{\"@type\":\"EntryPoint\",\"urlTemplate\":\"https:\/\/www.arte.tv\/sites\/olivierpere\/?s={search_term_string}\"},\"query-input\":\"required name=search_term_string\"}],\"inLanguage\":\"fr-FR\"},{\"@type\":\"Person\",\"@id\":\"https:\/\/www.arte.tv\/sites\/olivierpere\/#\/schema\/person\/dc32cd6c79be95e52d43b97a74182558\",\"name\":\"Olivier P\u00e8re\",\"image\":{\"@type\":\"ImageObject\",\"inLanguage\":\"fr-FR\",\"@id\":\"https:\/\/www.arte.tv\/sites\/olivierpere\/#\/schema\/person\/image\/\",\"url\":\"https:\/\/secure.gravatar.com\/avatar\/bdea7b6a2c195e2c41772429a9694758?s=96&d=mm&r=g\",\"contentUrl\":\"https:\/\/secure.gravatar.com\/avatar\/bdea7b6a2c195e2c41772429a9694758?s=96&d=mm&r=g\",\"caption\":\"Olivier P\u00e8re\"},\"url\":\"https:\/\/www.arte.tv\/sites\/olivierpere\/author\/pereolivier\/\"}]}<\/script>\n<!-- \/ Yoast SEO plugin. -->","yoast_head_json":{"title":"Valmont de Milos Forman - Olivier P\u00e8re","robots":{"index":"index","follow":"follow","max-snippet":"max-snippet:-1","max-image-preview":"max-image-preview:large","max-video-preview":"max-video-preview:-1"},"canonical":"https:\/\/www.arte.tv\/sites\/olivierpere\/2016\/10\/24\/valmont-de-milos-forman\/","og_locale":"fr_FR","og_type":"article","og_title":"Valmont de Milos Forman - Olivier P\u00e8re","og_description":"ARTE diffuse Valmont (1989) de Milos Forman dimanche 6 novembre \u00e0 20h50, en version restaur\u00e9e. Cette adaptation cin\u00e9matographique des Liaisons\u2026","og_url":"https:\/\/www.arte.tv\/sites\/olivierpere\/2016\/10\/24\/valmont-de-milos-forman\/","og_site_name":"Olivier P\u00e8re","article_published_time":"2016-10-24T20:29:08+00:00","article_modified_time":"2020-04-12T09:18:06+00:00","author":"Olivier P\u00e8re","twitter_misc":{"\u00c9crit par":"Olivier P\u00e8re","Dur\u00e9e de lecture estim\u00e9e":"2 minutes"},"schema":{"@context":"https:\/\/schema.org","@graph":[{"@type":"WebPage","@id":"https:\/\/www.arte.tv\/sites\/olivierpere\/2016\/10\/24\/valmont-de-milos-forman\/","url":"https:\/\/www.arte.tv\/sites\/olivierpere\/2016\/10\/24\/valmont-de-milos-forman\/","name":"Valmont de Milos Forman - Olivier P\u00e8re","isPartOf":{"@id":"https:\/\/www.arte.tv\/sites\/olivierpere\/#website"},"datePublished":"2016-10-24T20:29:08+00:00","dateModified":"2020-04-12T09:18:06+00:00","author":{"@id":"https:\/\/www.arte.tv\/sites\/olivierpere\/#\/schema\/person\/dc32cd6c79be95e52d43b97a74182558"},"breadcrumb":{"@id":"https:\/\/www.arte.tv\/sites\/olivierpere\/2016\/10\/24\/valmont-de-milos-forman\/#breadcrumb"},"inLanguage":"fr-FR","potentialAction":[{"@type":"ReadAction","target":["https:\/\/www.arte.tv\/sites\/olivierpere\/2016\/10\/24\/valmont-de-milos-forman\/"]}]},{"@type":"BreadcrumbList","@id":"https:\/\/www.arte.tv\/sites\/olivierpere\/2016\/10\/24\/valmont-de-milos-forman\/#breadcrumb","itemListElement":[{"@type":"ListItem","position":1,"name":"Home","item":"https:\/\/www.arte.tv\/sites\/olivierpere\/"},{"@type":"ListItem","position":2,"name":"Valmont de Milos Forman"}]},{"@type":"WebSite","@id":"https:\/\/www.arte.tv\/sites\/olivierpere\/#website","url":"https:\/\/www.arte.tv\/sites\/olivierpere\/","name":"Olivier P\u00e8re","description":"","potentialAction":[{"@type":"SearchAction","target":{"@type":"EntryPoint","urlTemplate":"https:\/\/www.arte.tv\/sites\/olivierpere\/?s={search_term_string}"},"query-input":"required name=search_term_string"}],"inLanguage":"fr-FR"},{"@type":"Person","@id":"https:\/\/www.arte.tv\/sites\/olivierpere\/#\/schema\/person\/dc32cd6c79be95e52d43b97a74182558","name":"Olivier P\u00e8re","image":{"@type":"ImageObject","inLanguage":"fr-FR","@id":"https:\/\/www.arte.tv\/sites\/olivierpere\/#\/schema\/person\/image\/","url":"https:\/\/secure.gravatar.com\/avatar\/bdea7b6a2c195e2c41772429a9694758?s=96&d=mm&r=g","contentUrl":"https:\/\/secure.gravatar.com\/avatar\/bdea7b6a2c195e2c41772429a9694758?s=96&d=mm&r=g","caption":"Olivier P\u00e8re"},"url":"https:\/\/www.arte.tv\/sites\/olivierpere\/author\/pereolivier\/"}]}},"_links":{"self":[{"href":"https:\/\/www.arte.tv\/sites\/olivierpere\/wp-json\/wp\/v2\/posts\/19494"}],"collection":[{"href":"https:\/\/www.arte.tv\/sites\/olivierpere\/wp-json\/wp\/v2\/posts"}],"about":[{"href":"https:\/\/www.arte.tv\/sites\/olivierpere\/wp-json\/wp\/v2\/types\/post"}],"author":[{"embeddable":true,"href":"https:\/\/www.arte.tv\/sites\/olivierpere\/wp-json\/wp\/v2\/users\/116"}],"replies":[{"embeddable":true,"href":"https:\/\/www.arte.tv\/sites\/olivierpere\/wp-json\/wp\/v2\/comments?post=19494"}],"version-history":[{"count":3,"href":"https:\/\/www.arte.tv\/sites\/olivierpere\/wp-json\/wp\/v2\/posts\/19494\/revisions"}],"predecessor-version":[{"id":25316,"href":"https:\/\/www.arte.tv\/sites\/olivierpere\/wp-json\/wp\/v2\/posts\/19494\/revisions\/25316"}],"wp:attachment":[{"href":"https:\/\/www.arte.tv\/sites\/olivierpere\/wp-json\/wp\/v2\/media?parent=19494"}],"wp:term":[{"taxonomy":"category","embeddable":true,"href":"https:\/\/www.arte.tv\/sites\/olivierpere\/wp-json\/wp\/v2\/categories?post=19494"},{"taxonomy":"post_tag","embeddable":true,"href":"https:\/\/www.arte.tv\/sites\/olivierpere\/wp-json\/wp\/v2\/tags?post=19494"}],"curies":[{"name":"wp","href":"https:\/\/api.w.org\/{rel}","templated":true}]}}