{"id":19476,"date":"2016-10-20T14:13:32","date_gmt":"2016-10-20T13:13:32","guid":{"rendered":"https:\/\/www.arte.tv\/sites\/olivierpere\/?p=19476"},"modified":"2016-10-29T14:21:11","modified_gmt":"2016-10-29T13:21:11","slug":"monde-perdu-de-harry-o-hoyt","status":"publish","type":"post","link":"https:\/\/www.arte.tv\/sites\/olivierpere\/2016\/10\/20\/monde-perdu-de-harry-o-hoyt\/","title":{"rendered":"Le Monde perdu de Harry O. Hoyt"},"content":{"rendered":"<p>Sorti en 1925, <em>Le Monde perdu<\/em> (<em>The Lost World<\/em>) peut \u00eatre encore consid\u00e9r\u00e9 de nos jours comme l\u2019un des meilleurs films d\u2019aventures jamais r\u00e9alis\u00e9s. C\u2019est une adaptation fid\u00e8le du roman de Sir Arthur Conan Doyle paru en 1912, et la premi\u00e8re des nombreuses surprises du film, d\u00e8s le premier plan, consiste \u00e0 convoquer l\u2019\u00e9crivain en personne pour introduire le fantastique r\u00e9cit qui va suivre. Le roman de Conan Doyle demeure un merveilleux souvenir pour plusieurs g\u00e9n\u00e9rations d\u2019enfants ou jeunes adolescents amateurs d\u2019\u00e9vasion, qui l\u2019ont lus, avec les \u0153uvres de Verne, Wells et bien s\u00fbr les aventures de Sherlock Holmes. Le film est \u00e0 la hauteur du livre. Il b\u00e9n\u00e9ficia de moyens importants et rencontra un succ\u00e8s colossal et m\u00e9rit\u00e9. Il s\u2019agit du seul titre de gloire du r\u00e9alisateur Harry O. Hoyt, dont les histoires du cin\u00e9ma n\u2019ont gu\u00e8re retenu le nom. Le film est interpr\u00e9t\u00e9 notamment par l\u2019adorable Bessie Love et le bouillonnant Wallace Beery, deux grandes vedettes du cin\u00e9ma muet am\u00e9ricain. Mais le v\u00e9ritable artiste g\u00e9nial du film \u2013 et aujourd\u2019hui sa v\u00e9ritable star \u2013 est sans conteste Willis O\u2019Brien, responsable des effets sp\u00e9ciaux et pionnier de l\u2019animation image par image. D\u00e8s les ann\u00e9es 10, Willis O\u2019Brien invente l\u2019animation en volume en filmant des figurines en pate \u00e0 modeler dans des courts m\u00e9trages mettant en sc\u00e8ne, d\u00e9j\u00e0, des animaux pr\u00e9historiques ou des hommes des cavernes. Sa passion pour les dinosaures et le perfectionnisme de ses trucages trouvent leur aboutissement dans <em>Le Monde perdu<\/em>, o\u00f9 il donne vie \u00e0 la faune fantastique d\u2019un haut plateau en pleine foret amazonienne, oubli\u00e9 du temps et peupl\u00e9 de diff\u00e9rentes esp\u00e8ces de dinosaures. Les images et les p\u00e9rip\u00e9ties du <em>Monde perdu<\/em> sont fabuleuses, et le film maintient sans cesse l\u2019\u00e9quilibre entre aventure humaine, action et visions po\u00e9tiques. Il faudra attendre 1933 pour qu\u2019un film surpasse <em>Le Monde perdu<\/em> en mati\u00e8re d\u2019exotisme, d\u2019aventure et de monstres anim\u00e9s : le g\u00e9nial <em>King Kong<\/em>, port\u00e9 lui aussi par les cr\u00e9ations extraordinaires de Willis O\u2019Brien, dont le travail servira de r\u00e9f\u00e9rence \u00e0 tous les sp\u00e9cialistes des effets sp\u00e9ciaux jusque dans les ann\u00e9es 80, avant l\u2019arriv\u00e9e du num\u00e9rique et des CGI.<\/p>\n<div id=\"attachment_19477\" style=\"width: 3003px\" class=\"wp-caption alignnone\"><img aria-describedby=\"caption-attachment-19477\" decoding=\"async\" loading=\"lazy\" class=\"size-full wp-image-19477\" src=\"https:\/\/www.arte.tv\/sites\/olivierpere\/files\/hujbszpqtujpfb1omedhobrj-bc.jpg\" alt=\"Le Monde perdu\" width=\"2993\" height=\"2269\" srcset=\"https:\/\/www.arte.tv\/sites\/olivierpere\/files\/hujbszpqtujpfb1omedhobrj-bc.jpg 2993w, https:\/\/www.arte.tv\/sites\/olivierpere\/files\/hujbszpqtujpfb1omedhobrj-bc-369x280.jpg 369w, https:\/\/www.arte.tv\/sites\/olivierpere\/files\/hujbszpqtujpfb1omedhobrj-bc-768x582.jpg 768w, https:\/\/www.arte.tv\/sites\/olivierpere\/files\/hujbszpqtujpfb1omedhobrj-bc-1013x768.jpg 1013w, https:\/\/www.arte.tv\/sites\/olivierpere\/files\/hujbszpqtujpfb1omedhobrj-bc-580x440.jpg 580w\" sizes=\"(max-width: 2993px) 100vw, 2993px\" \/><p id=\"caption-attachment-19477\" class=\"wp-caption-text\">Le Monde perdu<\/p><\/div>\n<p><em>Le Monde perdu<\/em> a longtemps \u00e9t\u00e9 un film perdu, du moins dans sa version d\u2019origine. Le film a en effet \u00e9t\u00e9 retir\u00e9 assez rapidement (en 1929) de la circulation, malgr\u00e9 son immense succ\u00e8s commercial. D\u2019abord parce que l\u2019arriv\u00e9e du parlant l\u2019avait rendu obsol\u00e8te, \u00e0 l&rsquo;instar d&rsquo;autres productions de la fin du muet, mais surtout pour ne pas faire d\u2019ombre \u00e0 son successeur direct alors en pr\u00e9paration, <em>King Kong<\/em>. Les \u00e9l\u00e9ments positifs et n\u00e9gatifs furent d\u00e9truits, et le film ne circulait que dans des copies 16mm de mauvaise qualit\u00e9, avec un montage drastiquement raccourci. Dans les ann\u00e9es 90 puis 2000, des travaux de restauration et la d\u00e9couverte d\u2019\u00e9l\u00e9ments de conservation permirent de pr\u00e9senter \u00e0 nouveau le film dans une version proche de son montage original.<\/p>\n<p>Un DVD \u00e0 la vente depuis le 24 octobre propose une toute nouvelle restauration effectu\u00e9e en 2016 par Lobster films, avec des sc\u00e8nes suppl\u00e9mentaires retrouv\u00e9es depuis, les teintes et les intertitres d\u2019origine. Le film dure d\u00e9sormais 103 minutes, quasiment sa dur\u00e9e lors de sa sortie. Seule une attaque de cannibales dans la jungle semble perdue \u00e0 tout jamais.<\/p>\n<p><img decoding=\"async\" loading=\"lazy\" class=\"alignnone size-full wp-image-19478\" src=\"https:\/\/www.arte.tv\/sites\/olivierpere\/files\/the-lost-world-19-ow-card-3dd534c.jpg\" alt=\"\" width=\"1024\" height=\"1300\" srcset=\"https:\/\/www.arte.tv\/sites\/olivierpere\/files\/the-lost-world-19-ow-card-3dd534c.jpg 1024w, https:\/\/www.arte.tv\/sites\/olivierpere\/files\/the-lost-world-19-ow-card-3dd534c-221x280.jpg 221w, https:\/\/www.arte.tv\/sites\/olivierpere\/files\/the-lost-world-19-ow-card-3dd534c-768x975.jpg 768w, https:\/\/www.arte.tv\/sites\/olivierpere\/files\/the-lost-world-19-ow-card-3dd534c-605x768.jpg 605w, https:\/\/www.arte.tv\/sites\/olivierpere\/files\/the-lost-world-19-ow-card-3dd534c-580x736.jpg 580w\" sizes=\"(max-width: 1024px) 100vw, 1024px\" \/><\/p>\n<p>&nbsp;<\/p>\n","protected":false},"excerpt":{"rendered":"<p>Sorti en 1925, Le Monde perdu (The Lost World) peut \u00eatre encore consid\u00e9r\u00e9 de nos jours comme l\u2019un des meilleurs\u2026<\/p>\n","protected":false},"author":116,"featured_media":19475,"comment_status":"open","ping_status":"open","sticky":false,"template":"","format":"standard","meta":[],"categories":[9],"tags":[],"yoast_head":"<!-- This site is optimized with the Yoast SEO plugin v20.8 - https:\/\/yoast.com\/wordpress\/plugins\/seo\/ -->\n<title>Le Monde perdu de Harry O. Hoyt - Olivier P\u00e8re<\/title>\n<meta name=\"robots\" content=\"index, follow, max-snippet:-1, max-image-preview:large, max-video-preview:-1\" \/>\n<link rel=\"canonical\" href=\"https:\/\/www.arte.tv\/sites\/olivierpere\/2016\/10\/20\/monde-perdu-de-harry-o-hoyt\/\" \/>\n<meta property=\"og:locale\" content=\"fr_FR\" \/>\n<meta property=\"og:type\" content=\"article\" \/>\n<meta property=\"og:title\" content=\"Le Monde perdu de Harry O. Hoyt - Olivier P\u00e8re\" \/>\n<meta property=\"og:description\" content=\"Sorti en 1925, Le Monde perdu (The Lost World) peut \u00eatre encore consid\u00e9r\u00e9 de nos jours comme l\u2019un des meilleurs\u2026\" \/>\n<meta property=\"og:url\" content=\"https:\/\/www.arte.tv\/sites\/olivierpere\/2016\/10\/20\/monde-perdu-de-harry-o-hoyt\/\" \/>\n<meta property=\"og:site_name\" content=\"Olivier P\u00e8re\" \/>\n<meta property=\"article:published_time\" content=\"2016-10-20T13:13:32+00:00\" \/>\n<meta property=\"article:modified_time\" content=\"2016-10-29T13:21:11+00:00\" \/>\n<meta property=\"og:image\" content=\"https:\/\/www.arte.tv\/sites\/olivierpere\/files\/jadt4zt2ar_bt2nnukktw3gkh50.jpg\" \/>\n\t<meta property=\"og:image:width\" content=\"1600\" \/>\n\t<meta property=\"og:image:height\" content=\"1204\" \/>\n\t<meta property=\"og:image:type\" content=\"image\/jpeg\" \/>\n<meta name=\"author\" content=\"Olivier P\u00e8re\" \/>\n<meta name=\"twitter:label1\" content=\"\u00c9crit par\" \/>\n\t<meta name=\"twitter:data1\" content=\"Olivier P\u00e8re\" \/>\n\t<meta name=\"twitter:label2\" content=\"Dur\u00e9e de lecture estim\u00e9e\" \/>\n\t<meta name=\"twitter:data2\" content=\"3 minutes\" \/>\n<script type=\"application\/ld+json\" class=\"yoast-schema-graph\">{\"@context\":\"https:\/\/schema.org\",\"@graph\":[{\"@type\":\"WebPage\",\"@id\":\"https:\/\/www.arte.tv\/sites\/olivierpere\/2016\/10\/20\/monde-perdu-de-harry-o-hoyt\/\",\"url\":\"https:\/\/www.arte.tv\/sites\/olivierpere\/2016\/10\/20\/monde-perdu-de-harry-o-hoyt\/\",\"name\":\"Le Monde perdu de Harry O. Hoyt - Olivier P\u00e8re\",\"isPartOf\":{\"@id\":\"https:\/\/www.arte.tv\/sites\/olivierpere\/#website\"},\"datePublished\":\"2016-10-20T13:13:32+00:00\",\"dateModified\":\"2016-10-29T13:21:11+00:00\",\"author\":{\"@id\":\"https:\/\/www.arte.tv\/sites\/olivierpere\/#\/schema\/person\/dc32cd6c79be95e52d43b97a74182558\"},\"breadcrumb\":{\"@id\":\"https:\/\/www.arte.tv\/sites\/olivierpere\/2016\/10\/20\/monde-perdu-de-harry-o-hoyt\/#breadcrumb\"},\"inLanguage\":\"fr-FR\",\"potentialAction\":[{\"@type\":\"ReadAction\",\"target\":[\"https:\/\/www.arte.tv\/sites\/olivierpere\/2016\/10\/20\/monde-perdu-de-harry-o-hoyt\/\"]}]},{\"@type\":\"BreadcrumbList\",\"@id\":\"https:\/\/www.arte.tv\/sites\/olivierpere\/2016\/10\/20\/monde-perdu-de-harry-o-hoyt\/#breadcrumb\",\"itemListElement\":[{\"@type\":\"ListItem\",\"position\":1,\"name\":\"Home\",\"item\":\"https:\/\/www.arte.tv\/sites\/olivierpere\/\"},{\"@type\":\"ListItem\",\"position\":2,\"name\":\"Le Monde perdu de Harry O. Hoyt\"}]},{\"@type\":\"WebSite\",\"@id\":\"https:\/\/www.arte.tv\/sites\/olivierpere\/#website\",\"url\":\"https:\/\/www.arte.tv\/sites\/olivierpere\/\",\"name\":\"Olivier P\u00e8re\",\"description\":\"\",\"potentialAction\":[{\"@type\":\"SearchAction\",\"target\":{\"@type\":\"EntryPoint\",\"urlTemplate\":\"https:\/\/www.arte.tv\/sites\/olivierpere\/?s={search_term_string}\"},\"query-input\":\"required name=search_term_string\"}],\"inLanguage\":\"fr-FR\"},{\"@type\":\"Person\",\"@id\":\"https:\/\/www.arte.tv\/sites\/olivierpere\/#\/schema\/person\/dc32cd6c79be95e52d43b97a74182558\",\"name\":\"Olivier P\u00e8re\",\"image\":{\"@type\":\"ImageObject\",\"inLanguage\":\"fr-FR\",\"@id\":\"https:\/\/www.arte.tv\/sites\/olivierpere\/#\/schema\/person\/image\/\",\"url\":\"https:\/\/secure.gravatar.com\/avatar\/bdea7b6a2c195e2c41772429a9694758?s=96&d=mm&r=g\",\"contentUrl\":\"https:\/\/secure.gravatar.com\/avatar\/bdea7b6a2c195e2c41772429a9694758?s=96&d=mm&r=g\",\"caption\":\"Olivier P\u00e8re\"},\"url\":\"https:\/\/www.arte.tv\/sites\/olivierpere\/author\/pereolivier\/\"}]}<\/script>\n<!-- \/ Yoast SEO plugin. -->","yoast_head_json":{"title":"Le Monde perdu de Harry O. Hoyt - Olivier P\u00e8re","robots":{"index":"index","follow":"follow","max-snippet":"max-snippet:-1","max-image-preview":"max-image-preview:large","max-video-preview":"max-video-preview:-1"},"canonical":"https:\/\/www.arte.tv\/sites\/olivierpere\/2016\/10\/20\/monde-perdu-de-harry-o-hoyt\/","og_locale":"fr_FR","og_type":"article","og_title":"Le Monde perdu de Harry O. Hoyt - Olivier P\u00e8re","og_description":"Sorti en 1925, Le Monde perdu (The Lost World) peut \u00eatre encore consid\u00e9r\u00e9 de nos jours comme l\u2019un des meilleurs\u2026","og_url":"https:\/\/www.arte.tv\/sites\/olivierpere\/2016\/10\/20\/monde-perdu-de-harry-o-hoyt\/","og_site_name":"Olivier P\u00e8re","article_published_time":"2016-10-20T13:13:32+00:00","article_modified_time":"2016-10-29T13:21:11+00:00","og_image":[{"width":1600,"height":1204,"url":"https:\/\/www.arte.tv\/sites\/olivierpere\/files\/jadt4zt2ar_bt2nnukktw3gkh50.jpg","type":"image\/jpeg"}],"author":"Olivier P\u00e8re","twitter_misc":{"\u00c9crit par":"Olivier P\u00e8re","Dur\u00e9e de lecture estim\u00e9e":"3 minutes"},"schema":{"@context":"https:\/\/schema.org","@graph":[{"@type":"WebPage","@id":"https:\/\/www.arte.tv\/sites\/olivierpere\/2016\/10\/20\/monde-perdu-de-harry-o-hoyt\/","url":"https:\/\/www.arte.tv\/sites\/olivierpere\/2016\/10\/20\/monde-perdu-de-harry-o-hoyt\/","name":"Le Monde perdu de Harry O. Hoyt - Olivier P\u00e8re","isPartOf":{"@id":"https:\/\/www.arte.tv\/sites\/olivierpere\/#website"},"datePublished":"2016-10-20T13:13:32+00:00","dateModified":"2016-10-29T13:21:11+00:00","author":{"@id":"https:\/\/www.arte.tv\/sites\/olivierpere\/#\/schema\/person\/dc32cd6c79be95e52d43b97a74182558"},"breadcrumb":{"@id":"https:\/\/www.arte.tv\/sites\/olivierpere\/2016\/10\/20\/monde-perdu-de-harry-o-hoyt\/#breadcrumb"},"inLanguage":"fr-FR","potentialAction":[{"@type":"ReadAction","target":["https:\/\/www.arte.tv\/sites\/olivierpere\/2016\/10\/20\/monde-perdu-de-harry-o-hoyt\/"]}]},{"@type":"BreadcrumbList","@id":"https:\/\/www.arte.tv\/sites\/olivierpere\/2016\/10\/20\/monde-perdu-de-harry-o-hoyt\/#breadcrumb","itemListElement":[{"@type":"ListItem","position":1,"name":"Home","item":"https:\/\/www.arte.tv\/sites\/olivierpere\/"},{"@type":"ListItem","position":2,"name":"Le Monde perdu de Harry O. Hoyt"}]},{"@type":"WebSite","@id":"https:\/\/www.arte.tv\/sites\/olivierpere\/#website","url":"https:\/\/www.arte.tv\/sites\/olivierpere\/","name":"Olivier P\u00e8re","description":"","potentialAction":[{"@type":"SearchAction","target":{"@type":"EntryPoint","urlTemplate":"https:\/\/www.arte.tv\/sites\/olivierpere\/?s={search_term_string}"},"query-input":"required name=search_term_string"}],"inLanguage":"fr-FR"},{"@type":"Person","@id":"https:\/\/www.arte.tv\/sites\/olivierpere\/#\/schema\/person\/dc32cd6c79be95e52d43b97a74182558","name":"Olivier P\u00e8re","image":{"@type":"ImageObject","inLanguage":"fr-FR","@id":"https:\/\/www.arte.tv\/sites\/olivierpere\/#\/schema\/person\/image\/","url":"https:\/\/secure.gravatar.com\/avatar\/bdea7b6a2c195e2c41772429a9694758?s=96&d=mm&r=g","contentUrl":"https:\/\/secure.gravatar.com\/avatar\/bdea7b6a2c195e2c41772429a9694758?s=96&d=mm&r=g","caption":"Olivier P\u00e8re"},"url":"https:\/\/www.arte.tv\/sites\/olivierpere\/author\/pereolivier\/"}]}},"_links":{"self":[{"href":"https:\/\/www.arte.tv\/sites\/olivierpere\/wp-json\/wp\/v2\/posts\/19476"}],"collection":[{"href":"https:\/\/www.arte.tv\/sites\/olivierpere\/wp-json\/wp\/v2\/posts"}],"about":[{"href":"https:\/\/www.arte.tv\/sites\/olivierpere\/wp-json\/wp\/v2\/types\/post"}],"author":[{"embeddable":true,"href":"https:\/\/www.arte.tv\/sites\/olivierpere\/wp-json\/wp\/v2\/users\/116"}],"replies":[{"embeddable":true,"href":"https:\/\/www.arte.tv\/sites\/olivierpere\/wp-json\/wp\/v2\/comments?post=19476"}],"version-history":[{"count":1,"href":"https:\/\/www.arte.tv\/sites\/olivierpere\/wp-json\/wp\/v2\/posts\/19476\/revisions"}],"predecessor-version":[{"id":19479,"href":"https:\/\/www.arte.tv\/sites\/olivierpere\/wp-json\/wp\/v2\/posts\/19476\/revisions\/19479"}],"wp:featuredmedia":[{"embeddable":true,"href":"https:\/\/www.arte.tv\/sites\/olivierpere\/wp-json\/wp\/v2\/media\/19475"}],"wp:attachment":[{"href":"https:\/\/www.arte.tv\/sites\/olivierpere\/wp-json\/wp\/v2\/media?parent=19476"}],"wp:term":[{"taxonomy":"category","embeddable":true,"href":"https:\/\/www.arte.tv\/sites\/olivierpere\/wp-json\/wp\/v2\/categories?post=19476"},{"taxonomy":"post_tag","embeddable":true,"href":"https:\/\/www.arte.tv\/sites\/olivierpere\/wp-json\/wp\/v2\/tags?post=19476"}],"curies":[{"name":"wp","href":"https:\/\/api.w.org\/{rel}","templated":true}]}}